{"id":1083,"date":"2021-11-06T15:07:45","date_gmt":"2021-11-06T18:07:45","guid":{"rendered":"http:\/\/aarquiteta.com.br\/?p=1083"},"modified":"2022-06-15T13:05:14","modified_gmt":"2022-06-15T16:05:14","slug":"o-que-e-feng-shui","status":"publish","type":"post","link":"https:\/\/www.aarquiteta.com.br\/blog\/o-que-e-feng-shui\/","title":{"rendered":"O que \u00e9 Feng Shui &#8211; Como aplicar na minha casa?"},"content":{"rendered":"<p>O que \u00e9 Feng Shui &#8211; Como aplicar na minha casa?<\/p>\n<p>Voc\u00eas conhecem o\u00a0Feng Shui?<\/p>\n<p>&#8220;Feng&#8221; e &#8220;shui&#8221; chineses significam &#8220;vento&#8221; e &#8220;\u00e1gua&#8221;, respectivamente.<\/p>\n<p>Este conceito vem de um poema antigo, que conta a conex\u00e3o e o fluxo da vida humana com o ambiente circundante.<\/p>\n<h2>O que \u00e9 Feng Shui?<\/h2>\n<p><a href=\"https:\/\/www.aarquiteta.com.br\/blog\/wp-content\/uploads\/2013\/09\/Feng-Shui-Zen-Meditation-Incense-Stick-Holder.png\"><img decoding=\"async\" class=\"alignnone wp-image-35809 size-full\" title=\"feng shui\" src=\"https:\/\/www.aarquiteta.com.br\/blog\/wp-content\/uploads\/2013\/09\/Feng-Shui-Zen-Meditation-Incense-Stick-Holder.png\" alt=\"feng shui\" width=\"800\" height=\"800\" srcset=\"https:\/\/www.aarquiteta.com.br\/blog\/wp-content\/uploads\/2013\/09\/Feng-Shui-Zen-Meditation-Incense-Stick-Holder.png 800w, https:\/\/www.aarquiteta.com.br\/blog\/wp-content\/uploads\/2013\/09\/Feng-Shui-Zen-Meditation-Incense-Stick-Holder-696x696.png 696w, https:\/\/www.aarquiteta.com.br\/blog\/wp-content\/uploads\/2013\/09\/Feng-Shui-Zen-Meditation-Incense-Stick-Holder-96x96.png 96w, https:\/\/www.aarquiteta.com.br\/blog\/wp-content\/uploads\/2013\/09\/Feng-Shui-Zen-Meditation-Incense-Stick-Holder-150x150.png 150w\" sizes=\"(max-width: 800px) 100vw, 800px\" \/><\/a><\/p>\n<p>A filosofia do Feng Shui \u00e9 organizar fragmentos no espa\u00e7o de vida para manter o equil\u00edbrio com o mundo natural.<\/p>\n<p>O objetivo \u00e9 usar energia e construir harmonia entre o indiv\u00edduo e seu ambiente.<\/p>\n<p>Na cultura asi\u00e1tica, essa filosofia \u00e9 chamada de Tao, que significa &#8220;Tao&#8221;.<\/p>\n<p>O tao\u00edsmo \u00e9 o caminho da natureza e todos os princ\u00edpios b\u00e1sicos do Feng Shui refletem a natureza.<\/p>\n<p>Observe os princ\u00edpios b\u00e1sicos do Feng Shui: posi\u00e7\u00e3o de comando o bagua e os cinco elementos.<\/p>\n<h2>A posi\u00e7\u00e3o de comando<\/h2>\n<p><a href=\"https:\/\/www.aarquiteta.com.br\/blog\/wp-content\/uploads\/2013\/09\/feng-shui-posicao-de-comando.jpg\"><img decoding=\"async\" class=\"alignnone wp-image-35806 size-full\" title=\"feng shui\" src=\"https:\/\/www.aarquiteta.com.br\/blog\/wp-content\/uploads\/2013\/09\/feng-shui-posicao-de-comando.jpg\" alt=\"feng shui\" width=\"627\" height=\"418\" srcset=\"https:\/\/www.aarquiteta.com.br\/blog\/wp-content\/uploads\/2013\/09\/feng-shui-posicao-de-comando.jpg 627w, https:\/\/www.aarquiteta.com.br\/blog\/wp-content\/uploads\/2013\/09\/feng-shui-posicao-de-comando-150x100.jpg 150w\" sizes=\"(max-width: 627px) 100vw, 627px\" \/><\/a><\/p>\n<p>A posi\u00e7\u00e3o de comando \u00e9 a posi\u00e7\u00e3o na sala que est\u00e1 mais distante da porta e n\u00e3o alinhada com ela.<\/p>\n<p>Isso faz voc\u00ea ficar de frente para a porta. Idealmente, voc\u00ea deve ser capaz de ver a porta claramente.<\/p>\n<p>Quando voc\u00ea est\u00e1 naquela sala, deseja passar a maior parte do tempo nesta posi\u00e7\u00e3o.<\/p>\n<p>O Guia de Feng Shui recomenda que voc\u00ea determine essa posi\u00e7\u00e3o dominante na sala e, em seguida, coloque sua cama, escrivaninha ou fog\u00e3o na diagonal o m\u00e1ximo poss\u00edvel.<\/p>\n<p>Essas tr\u00eas partes da casa s\u00e3o cruciais porque cada parte representa uma parte essencial de sua vida.<\/p>\n<p>A cama representa voc\u00ea, a mesa \u00e9 uma extens\u00e3o de sua carreira e o fog\u00e3o representa sua riqueza e nutri\u00e7\u00e3o.<\/p>\n<h2>O mapa de Bagua do feng Shui<\/h2>\n<p>A Bagua \u00e9 um mapa de energia do Feng Shui sobreposto na planta baixa de sua casa.<\/p>\n<p>&#8220;Bagua&#8221; em chin\u00eas significa &#8220;oito distritos&#8221;.<\/p>\n<p>Cada uma dessas oito \u00e1reas est\u00e1 relacionada a um ambiente de vida diferente, como fam\u00edlia, riqueza ou carreira.<\/p>\n<p>Al\u00e9m disso, cada uma dessas \u00e1reas tem formas, cores, esta\u00e7\u00f5es, n\u00fameros e elementos de terra correspondentes.<\/p>\n<p>No centro da Bagua &#8211; a nona \u00e1rea &#8211; est\u00e1 voc\u00ea, representando sua sa\u00fade geral.<\/p>\n<p>Existem v\u00e1rias escolas de Feng Shui.<\/p>\n<p>Todos eles usam baguas para analisar sua casa; no entanto, algumas pessoas podem aplicar a fofoca de maneiras diferentes.<\/p>\n<p>As escolas ocidentais geralmente divulgam baguas para alinhar as \u00e1reas de conhecimento, ocupa\u00e7\u00e3o e pessoas \u00fateis com a porta da frente de casa.<\/p>\n<p>Fei Xing e outros g\u00eaneros cl\u00e1ssicos podem localizar a fofoca com base na energia do ano ou na b\u00fassola.<\/p>\n<p><a href=\"https:\/\/www.aarquiteta.com.br\/blog\/wp-content\/uploads\/2013\/09\/feng-shui-areas-vida.jpg\"><img decoding=\"async\" class=\"alignnone wp-image-35808 size-full\" title=\"feng shui\" src=\"https:\/\/www.aarquiteta.com.br\/blog\/wp-content\/uploads\/2013\/09\/feng-shui-areas-vida.jpg\" alt=\"feng shui\" width=\"627\" height=\"419\" srcset=\"https:\/\/www.aarquiteta.com.br\/blog\/wp-content\/uploads\/2013\/09\/feng-shui-areas-vida.jpg 627w, https:\/\/www.aarquiteta.com.br\/blog\/wp-content\/uploads\/2013\/09\/feng-shui-areas-vida-150x100.jpg 150w\" sizes=\"(max-width: 627px) 100vw, 627px\" \/><\/a><\/p>\n<h2>\u00c1reas de Bagua<\/h2>\n<h3>Fam\u00edlia (cidade)<\/h3>\n<p>Representante: Fam\u00edlia, um novo come\u00e7o<\/p>\n<p>Forma: colunar, retangular<\/p>\n<p>Cor: verde, azul, ciano<\/p>\n<p>Temporada: primavera<\/p>\n<p>N\u00famero: 4<\/p>\n<p>Elemento: Madeira Yang<\/p>\n<h3>Poplar Riqueza (Xun)<\/h3>\n<p>Representativo: riqueza, abund\u00e2ncia, prosperidade<\/p>\n<p>Forma: colunar, retangular<\/p>\n<p>Cor roxa<\/p>\n<p>Temporada: primavera<\/p>\n<p>N\u00famero: 5<\/p>\n<p>Elemento:Madeira Yin<\/p>\n<h3>Yin Wood Sa\u00fade (Tai Chi)<\/h3>\n<p>Representante: Sa\u00fade Hol\u00edstica<\/p>\n<p>Centro Forma: plana, quadrada<\/p>\n<p>Cor: marrom, laranja, amarelo<\/p>\n<p>Esta\u00e7\u00f5es: transi\u00e7\u00e3o entre esta\u00e7\u00f5es<\/p>\n<p>N\u00famero: 5<\/p>\n<p>Elemento: Terra<\/p>\n<h3>Terra Pessoa \u00fatil (dinheiro)<\/h3>\n<p>Representantes: pessoas \u00fateis, benfeitores, viagens<\/p>\n<p>Forma: redondo, esf\u00e9rico<\/p>\n<p>Cor: cinza, met\u00e1lico<\/p>\n<p>Temporada: outono<\/p>\n<p>N\u00famero: 6<\/p>\n<p>Elemento: Metal Yang<\/p>\n<h3>Metal positivo Filhos (sim)<\/h3>\n<p>Representante: crian\u00e7a, conclus\u00e3o, alegria<\/p>\n<p>Forma: redondo, esf\u00e9rico<\/p>\n<p>Cor: branco, met\u00e1lico<\/p>\n<p>Temporada: outono<\/p>\n<p>N\u00famero: 7<\/p>\n<p>Elemento: Metal Yin<\/p>\n<h3>Metal \u00e2nion Conhecimento (Gen)<\/h3>\n<p>Representativo: conhecimento, realiza\u00e7\u00e3o, habilidade<\/p>\n<p>Forma: plana, quadrada<\/p>\n<p>Cor: azul escuro<\/p>\n<p>Esta\u00e7\u00f5es: transi\u00e7\u00e3o entre esta\u00e7\u00f5es<\/p>\n<p>N\u00famero: 8<\/p>\n<p>Elemento: Terra Yang<\/p>\n<h3>Sol Terra Fama (li)<\/h3>\n<p>Representante: fama, reputa\u00e7\u00e3o, entusiasmo, popularidade<\/p>\n<p>Forma: tri\u00e2ngulo, pontiagudo<\/p>\n<p>Cor vermelha<\/p>\n<p>Temporada: ver\u00e3o<\/p>\n<p>N\u00famero: 9<\/p>\n<p>Elemento:Fogo<\/p>\n<h3>Fogo Carreira (Hum)<\/h3>\n<p>Representativo: carreira, trajet\u00f3ria de vida<\/p>\n<p>Forma: ondulado, curvo<\/p>\n<p>Cor: Preto<\/p>\n<p>Temporada: inverno<\/p>\n<p>N\u00famero 1<\/p>\n<p>Elemento: \u00c1gua<\/p>\n<h3>\u00c1gua Parceiro (Kun)<\/h3>\n<p>Representantes: parceria, casamento, autocuidado.<\/p>\n<p>Forma: plana, quadrada.<\/p>\n<p>Cor: rosa.<\/p>\n<p>Esta\u00e7\u00f5es: transi\u00e7\u00e3o entre as esta\u00e7\u00f5es.<\/p>\n<p>N\u00famero 2<\/p>\n<p>Elemento: Sombra<\/p>\n<h2>Os 5 elementos do Feng Shui<\/h2>\n<p><a href=\"https:\/\/www.aarquiteta.com.br\/blog\/wp-content\/uploads\/2013\/09\/feng-shui-5-elementos.jpg\"><img decoding=\"async\" class=\"alignnone wp-image-35807 size-full\" title=\"feng shui\" src=\"https:\/\/www.aarquiteta.com.br\/blog\/wp-content\/uploads\/2013\/09\/feng-shui-5-elementos.jpg\" alt=\"feng shui\" width=\"629\" height=\"421\" srcset=\"https:\/\/www.aarquiteta.com.br\/blog\/wp-content\/uploads\/2013\/09\/feng-shui-5-elementos.jpg 629w, https:\/\/www.aarquiteta.com.br\/blog\/wp-content\/uploads\/2013\/09\/feng-shui-5-elementos-150x100.jpg 150w\" sizes=\"(max-width: 629px) 100vw, 629px\" \/><\/a><\/p>\n<p>Os cinco elementos &#8211; terra, metal, \u00e1gua, madeira e fogo &#8211; v\u00eam das tradi\u00e7\u00f5es tao\u00edstas.<\/p>\n<p>Esses elementos s\u00e3o cinco est\u00e1gios inter-relacionados na vida e trabalham juntos para criar um sistema completo.<\/p>\n<p>Em circunst\u00e2ncias normais, a pr\u00e1tica do Feng Shui pode equilibrar esses cinco aspectos de sua casa e cada uma das \u00e1reas de sua vida ou de bagua.<\/p>\n<p>Para incorporar os elementos de sua vida e de seu lar, voc\u00ea deve decidir onde concentrar sua energia.<\/p>\n<p>Assim como o bagua, voc\u00ea pode escolher de uma a tr\u00eas \u00e1reas da vida que deseja melhorar.<\/p>\n<p>Voc\u00ea pode ent\u00e3o aumentar sua energia e a energia de sua casa adicionando cores ou formas sugeridas ao ambiente.<\/p>\n<p>Por exemplo, sua bagua indica que seu quarto est\u00e1 alinhado com sua sa\u00fade geral e onde voc\u00ea rejuvenesce.<\/p>\n<p>Est\u00e1 relacionado ao elemento terra.<\/p>\n<p>Considere maneiras de incorporar tons de terra, cer\u00e2mica ou cer\u00e2mica de barro, pedra ou cristal ao ambiente.<\/p>\n<p>Ap\u00f3s realizaras\u00a0 melhorias, concentre-se em alguns outros c\u00f4modos ou \u00e1reas de sua vida.<\/p>\n<p>Verifique os elementos correspondentes nessas salas e d\u00ea boas-vindas \u00e0s mudan\u00e7as positivas em sua vida adicionando esses elementos.<\/p>\n<p>Seu objetivo \u00e9 levar energia positiva para essas salas, essas \u00e1reas da sua vida e, finalmente, para toda a sua casa.<\/p>\n<h2>Os elementos a escolher do Feng Shui<\/h2>\n<h3>Feng Shui Terra<\/h3>\n<p>Qualidade: p\u00e9 no ch\u00e3o, autocuidado, est\u00e1vel.<\/p>\n<p>Forma: plana, quadrada.<\/p>\n<p>Cor: marrom, laranja, amarelo.<\/p>\n<p>Esta\u00e7\u00f5es: transi\u00e7\u00e3o entre esta\u00e7\u00f5es.<\/p>\n<p>\u00c1reas: sa\u00fade, conhecimento, parceria.<\/p>\n<h3>Feng Shui Metal<\/h3>\n<p>Qualidade: alta efici\u00eancia, necessidade, beleza.<\/p>\n<p>Forma: redondo, esf\u00e9rico.<\/p>\n<p>Cor: branco, met\u00e1lico.<\/p>\n<p>Temporada: outono<\/p>\n<p>Campo: Pessoas prestativas, crian\u00e7as.<\/p>\n<h3>Feng Shui \u00c1gua<\/h3>\n<p>Qualidade: descendente, fluindo, mudando.<\/p>\n<p>Forma: ondulado, curvo.<\/p>\n<p>Cor: Preto Temporada: inverno<\/p>\n<p>Campo: Ocupa\u00e7\u00e3o<\/p>\n<h3>Feng Shui Madeira<\/h3>\n<p>Qualidade: ampla, vigorosa, ascendente<\/p>\n<p>Forma: colunar, retangular<\/p>\n<p>Cor: verde, azul Temporada: primavera Campo: fam\u00edlia, riqueza<\/p>\n<h3>Feng Shui Fogo<\/h3>\n<p>Qualidade: paix\u00e3o, brilho, brilhante<\/p>\n<p>Forma: tri\u00e2ngulo, pontiagudo cor vermelha<\/p>\n<p>Temporada: ver\u00e3o<\/p>\n<p>Regi\u00e3o: Fama<\/p>\n<h2>E a\u00ed, gostou do artigo sobre Feng Shui?<\/h2>\n<p>Ent\u00e3o deslize a tela para baixo e<a href=\"https:\/\/br.pinterest.com\/aarquitetapinterest\/_created\/\" target=\"_blank\" rel=\"noopener\"> confira mais dicas<\/a> como esta e n\u00e3o se esque\u00e7a de compartilhar com os amigos!<\/p>\n<p>Quer mais dicas sobre o mundo da Arquitetura e Decora\u00e7\u00e3o? Ent\u00e3o decore f\u00e1cil sem mist\u00e9rios, confira alguns dos nossos artigos em:<\/p>\n<ul>\n<li style=\"list-style-type: none;\">\n<ul>\n<li><a href=\"https:\/\/www.aarquiteta.com.br\/blog\/paisagismo\/\" target=\"_blank\" rel=\"noopener\">Casa e Jardim<\/a><\/li>\n<li><a href=\"https:\/\/www.aarquiteta.com.br\/blog\/arquitetura\/mundo-arquitetura\/\" target=\"_blank\" rel=\"noopener\">Mundo Arquitetura<\/a><\/li>\n<li><a href=\"https:\/\/www.aarquiteta.com.br\/decoracao\/\" target=\"_blank\" rel=\"noopener\">Decora\u00e7\u00e3o<br \/>\n<\/a><\/li>\n<\/ul>\n<\/li>\n<\/ul>\n<p>&nbsp;<\/p>\n","protected":false},"excerpt":{"rendered":"<p>O que \u00e9 Feng Shui &#8211; Como aplicar na minha casa? Voc\u00eas conhecem o\u00a0Feng Shui? &#8220;Feng&#8221; e &#8220;shui&#8221; chineses significam &#8220;vento&#8221; e &#8220;\u00e1gua&#8221;, respectivamente. Este conceito vem de um poema antigo, que conta a conex\u00e3o e o fluxo da vida humana com o ambiente circundante. O que \u00e9 Feng Shui? A filosofia do Feng Shui [&hellip;]<\/p>\n","protected":false},"author":102,"featured_media":1085,"comment_status":"open","ping_status":"open","sticky":false,"template":"","format":"standard","meta":{"footnotes":""},"categories":[1484],"tags":[205,203,204],"class_list":["post-1083","post","type-post","status-publish","format-standard","has-post-thumbnail","category-decoracao","tag-decoracao-de-ambientes","tag-feng-shui","tag-sergio-carillo"],"_wp_attached_file":null,"_wp_attachment_metadata":null,"_wp_attachment_context":null,"_wp_attachment_is_custom_header":null,"geo_longitude":null,"geo_public":null,"geo_latitude":null,"_publicize_done_external":null,"_wpas_done_3897181":null,"publicize_twitter_user":null,"_wpas_done_3897175":null,"_wpas_skip_3897181":null,"_wpas_skip_3897175":null,"_wpas_skip_3924723":null,"_wpas_mess":null,"_wpas_done_3924723":null,"wps_subtitle":"\"Feng\" e \"shui\" chineses significam \"vento\" e \"\u00e1gua\", respectivamente. Venha aprender mais e saiba como aplic\u00e1-lo em sua casa!","_links":{"self":[{"href":"https:\/\/www.aarquiteta.com.br\/blog\/wp-json\/wp\/v2\/posts\/1083","targetHints":{"allow":["GET"]}}],"collection":[{"href":"https:\/\/www.aarquiteta.com.br\/blog\/wp-json\/wp\/v2\/posts"}],"about":[{"href":"https:\/\/www.aarquiteta.com.br\/blog\/wp-json\/wp\/v2\/types\/post"}],"author":[{"embeddable":true,"href":"https:\/\/www.aarquiteta.com.br\/blog\/wp-json\/wp\/v2\/users\/102"}],"replies":[{"embeddable":true,"href":"https:\/\/www.aarquiteta.com.br\/blog\/wp-json\/wp\/v2\/comments?post=1083"}],"version-history":[{"count":0,"href":"https:\/\/www.aarquiteta.com.br\/blog\/wp-json\/wp\/v2\/posts\/1083\/revisions"}],"wp:featuredmedia":[{"embeddable":true,"href":"https:\/\/www.aarquiteta.com.br\/blog\/wp-json\/wp\/v2\/media\/1085"}],"wp:attachment":[{"href":"https:\/\/www.aarquiteta.com.br\/blog\/wp-json\/wp\/v2\/media?parent=1083"}],"wp:term":[{"taxonomy":"category","embeddable":true,"href":"https:\/\/www.aarquiteta.com.br\/blog\/wp-json\/wp\/v2\/categories?post=1083"},{"taxonomy":"post_tag","embeddable":true,"href":"https:\/\/www.aarquiteta.com.br\/blog\/wp-json\/wp\/v2\/tags?post=1083"}],"curies":[{"name":"wp","href":"https:\/\/api.w.org\/{rel}","templated":true}]}}