{"id":107896,"date":"2024-03-09T16:30:52","date_gmt":"2024-03-09T19:30:52","guid":{"rendered":"http:\/\/aarquiteta.com.br\/quais-os-tipos-de-quadros-para-a-sala-de-estar-posso-usar\/"},"modified":"2024-07-03T14:23:22","modified_gmt":"2024-07-03T17:23:22","slug":"quais-os-tipos-de-quadros-para-a-sala-de-estar-posso-usar","status":"publish","type":"post","link":"https:\/\/www.aarquiteta.com.br\/blog\/quais-os-tipos-de-quadros-para-a-sala-de-estar-posso-usar\/","title":{"rendered":"Quais os tipos de quadros para a sala de estar posso usar?"},"content":{"rendered":"<p><body><\/p>\n<p>Quando penso na minha sala de estar, vejo mais do que um espa\u00e7o para relaxar ap\u00f3s um dia cansativo. Vejo uma tela em branco, pronta para ser preenchida com personalidade e estilo. E nada adiciona mais car\u00e1ter a esse c\u00f4modo do que os quadros certos. Afinal, eles s\u00e3o os olhos da parede, n\u00e3o \u00e9 mesmo? Ent\u00e3o, bora l\u00e1 mergulhar no mundo das molduras e tintas para encontrar aquele toque especial que vai fazer a sua sala dizer &#8220;Ei, esse \u00e9 o meu humano!&#8221;<\/p>\n<ul>\n<li><strong>Variedade de Estilos:<\/strong> Desde quadros emoldurados cl\u00e1ssicos at\u00e9 pe\u00e7as abstratas modernas, h\u00e1 um mundo de op\u00e7\u00f5es para refletir sua personalidade.<\/li>\n<li><strong>Harmonia e Contraste:<\/strong> A combina\u00e7\u00e3o ou o contraste dos quadros com a decora\u00e7\u00e3o existente pode transformar completamente a atmosfera da sala.<\/li>\n<li><strong>Express\u00e3o Art\u00edstica:<\/strong> A escolha de obras de artistas renomados ou mensagens inspiradoras pode criar um ponto focal interessante e conversas estimulantes.<\/li>\n<\/ul>\n<h2>Quadros que Falam: Escolhendo a Arte Certa para a Sala de Estar<\/h2>\n<h3>Quadros emoldurados<\/h3>\n<figure style=\"width: 1024px\" class=\"wp-caption aligncenter\"><img decoding=\"async\" src=\"https:\/\/www.aarquiteta.com.br\/blog\/wp-content\/uploads\/2024\/03\/Quais-os-tipos-de-quadros-para-a-sala-de-estar-posso-usar04.jpg\" alt=\"Quais os tipos de quadros para a sala de estar posso usar?\" width=\"1024\" height=\"1024\" title=\"\"><figcaption class=\"wp-caption-text\">Quais os tipos de quadros para a sala de estar posso usar?<\/figcaption><\/figure>\n<p>Os quadros emoldurados s\u00e3o como aquele pretinho b\u00e1sico que nunca sai de moda. Eles trazem um <strong>ar de sofistica\u00e7\u00e3o<\/strong> e podem ser encontrados em uma variedade de estilos, do barroco ao minimalista. A moldura certa pode fazer toda a diferen\u00e7a, ent\u00e3o escolha uma que converse com os m\u00f3veis e as cores da sua sala.<\/p>\n<h3>P\u00f4steres<\/h3>\n<p>Quem disse que p\u00f4ster \u00e9 coisa de adolescente? Um p\u00f4ster bem escolhido pode ser a cereja do bolo na sua decora\u00e7\u00e3o. Seja um filme cl\u00e1ssico ou uma banda que voc\u00ea adora, ele adiciona um <strong>toque de personalidade<\/strong> sem pesar no bolso.<\/p>\n<h3>Telas de pintura<\/h3>\n<style id=\"wp_carousel_dynamic_css104046\">.sp-wp-carousel-free-id-104046.wpcf-fancybox-wrapper .fancybox-bg{background: #0b0b0b;opacity: 0.8;}.sp-wp-carousel-free-id-104046.wpcf-fancybox-wrapper .fancybox-navigation .fancybox-button .wpcp-fancybox-nav-arrow i {color: #ccc;}.sp-wp-carousel-free-id-104046.wpcf-fancybox-wrapper .fancybox-navigation .fancybox-button .wpcp-fancybox-nav-arrow i:hover {color: #fff;}.sp-wp-carousel-free-id-104046.wpcf-fancybox-wrapper .fancybox-navigation .fancybox-button {background: #1e1e1e;}.sp-wp-carousel-free-id-104046.wpcf-fancybox-wrapper .fancybox-navigation .fancybox-button:hover {background: #1e1e1e;}#sp-wp-carousel-free-id-104046 .wpcp-swiper-dots {margin: 40px 0px 0px 0px;}.wpcp-wrapper-104046 .swiper-wrapper .swiper-slide-kenburn, .wpcp-wrapper-104046 .swiper-wrapper, .wpcp-wrapper-104046 .wpcpro-row{align-items: center;}#sp-wp-carousel-free-id-104046 .wpcp-single-item {box-shadow: 0px 0px 0px 0px #dddddd;transition: all .3s;margin: 0px;}#sp-wp-carousel-free-id-104046.swiper-flip .wpcp-single-item{margin: 0!important;}#sp-wp-carousel-free-id-104046 .wpcp-single-item:hover {box-shadow: 0px 0px 0px 0px #dddddd;}#sp-wp-carousel-free-id-104046.sp-wpcp-104046 .wpcp-single-item {border: 1px solid #dddddd;}#sp-wp-carousel-free-id-104046.sp-wpcp-104046 .swiper-button-prev,#sp-wp-carousel-free-id-104046.sp-wpcp-104046 .swiper-button-next,#sp-wp-carousel-free-id-104046.sp-wpcp-104046 .swiper-button-prev:hover,#sp-wp-carousel-free-id-104046.sp-wpcp-104046 .swiper-button-next:hover {background: none;border: none;font-size: 30px;}#sp-wp-carousel-free-id-104046.sp-wpcp-104046 .swiper-button-prev i,#sp-wp-carousel-free-id-104046.sp-wpcp-104046 .swiper-button-next i {color: #aaa;}#sp-wp-carousel-free-id-104046.sp-wpcp-104046 .swiper-button-prev i:hover,#sp-wp-carousel-free-id-104046.sp-wpcp-104046 .swiper-button-next i:hover {color: #178087;}#sp-wp-carousel-free-id-104046.sp-wpcp-104046 .wpcp-swiper-dots .swiper-pagination-bullet {background-color: #cccccc;}#sp-wp-carousel-free-id-104046.sp-wpcp-104046 .wpcp-swiper-dots .swiper-pagination-bullet.swiper-pagination-bullet-active {background-color: #178087;} #sp-wp-carousel-free-id-104046.sp-wpcp-104046.wpcp-image-carousel .wpcp-single-item:hover img, #sp-wp-carousel-free-id-104046.sp-wpcp-104046.wpcp-post-carousel .wpcp-single-item:hover img, #sp-wp-carousel-free-id-104046.sp-wpcp-104046.wpcp-product-carousel .wpcp-single-item:hover img{-webkit-transform: scale(1.2);-moz-transform: scale(1.2);transform: scale(1.2);}#sp-wp-carousel-free-id-104046 .wpcpro-row>[class*=\"wpcpro-col-\"] { padding: 0 10px; padding-bottom: 20px;} #sp-wp-carousel-free-id-104046 .swiper-slide .single-item-fade:not(:last-child) { margin-right: 20px;}@media (min-width: 480px) { .wpcpro-row .wpcpro-col-sm-1 { flex: 0 0 100%; max-width: 100%; } .wpcpro-row .wpcpro-col-sm-2 { flex: 0 0 50%; max-width: 50%; } .wpcpro-row .wpcpro-col-sm-2-5 { flex: 0 0 75%; max-width: 75%; } .wpcpro-row .wpcpro-col-sm-3 { flex: 0 0 33.333%; max-width: 33.333%; } .wpcpro-row .wpcpro-col-sm-4 { flex: 0 0 25%; max-width: 25%; } .wpcpro-row .wpcpro-col-sm-5 { flex: 0 0 20%; max-width: 20%; } .wpcpro-row .wpcpro-col-sm-6 { flex: 0 0 16.66666666666667%; max-width: 16.66666666666667%; } .wpcpro-row .wpcpro-col-sm-7 { flex: 0 0 14.28571428%; max-width: 14.28571428%; } .wpcpro-row .wpcpro-col-sm-8 { flex: 0 0 12.5%; max-width: 12.5%; } } @media (max-width: 480px) { .wpcpro-row .wpcpro-col-xs-1 { flex: 0 0 100%; max-width: 100%; } .wpcpro-row .wpcpro-col-xs-2 { flex: 0 0 50%; max-width: 50%; } .wpcpro-row .wpcpro-col-xs-3 { flex: 0 0 33.222%; max-width: 33.222%; } .wpcpro-row .wpcpro-col-xs-4 { flex: 0 0 25%; max-width: 25%; } .wpcpro-row .wpcpro-col-xs-5 { flex: 0 0 20%; max-width: 20%; } .wpcpro-row .wpcpro-col-xs-6 { flex: 0 0 16.6667%; max-width: 16.6667%; } .wpcpro-row .wpcpro-col-xs-7 { flex: 0 0 14.28571428%; max-width: 14.28571428%; } .wpcpro-row .wpcpro-col-xs-8 { flex: 0 0 12.5%; max-width: 12.5%; } } @media (min-width: 736px) { .wpcpro-row .wpcpro-col-md-1 { flex: 0 0 100%; max-width: 100%; } .wpcpro-row .wpcpro-col-md-2 { flex: 0 0 50%; max-width: 50%; } .wpcpro-row .wpcpro-col-md-2-5 { flex: 0 0 75%; max-width: 75%; } .wpcpro-row .wpcpro-col-md-3 { flex: 0 0 33.333%; max-width: 33.333%; } .wpcpro-row .wpcpro-col-md-4 { flex: 0 0 25%; max-width: 25%; } .wpcpro-row .wpcpro-col-md-5 { flex: 0 0 20%; max-width: 20%; } .wpcpro-row .wpcpro-col-md-6 { flex: 0 0 16.66666666666667%; max-width: 16.66666666666667%; } .wpcpro-row .wpcpro-col-md-7 { flex: 0 0 14.28571428%; max-width: 14.28571428%; } .wpcpro-row .wpcpro-col-md-8 { flex: 0 0 12.5%; max-width: 12.5%; } } @media (min-width: 980px) { .wpcpro-row .wpcpro-col-lg-1 { flex: 0 0 100%; max-width: 100%; } .wpcpro-row .wpcpro-col-lg-2 { flex: 0 0 50%; max-width: 50%; } .wpcpro-row .wpcpro-col-lg-3 { flex: 0 0 33.222%; max-width: 33.222%; } .wpcpro-row .wpcpro-col-lg-4 { flex: 0 0 25%; max-width: 25%; } .wpcpro-row .wpcpro-col-lg-5 { flex: 0 0 20%; max-width: 20%; } .wpcpro-row .wpcpro-col-lg-6 { flex: 0 0 16.6667%; max-width: 16.6667%; } .wpcpro-row .wpcpro-col-lg-7 { flex: 0 0 14.28571428%; max-width: 14.28571428%; } .wpcpro-row .wpcpro-col-lg-8 { flex: 0 0 12.5%; max-width: 12.5%; } } @media (min-width: 1200px) { .wpcpro-row .wpcpro-col-xl-1 { flex: 0 0 100%; max-width: 100%; } .wpcpro-row .wpcpro-col-xl-2 { flex: 0 0 50%; max-width: 50%; } .wpcpro-row .wpcpro-col-xl-3 { flex: 0 0 33.22222222%; max-width: 33.22222222%; } .wpcpro-row .wpcpro-col-xl-4 { flex: 0 0 25%; max-width: 25%; } .wpcpro-row .wpcpro-col-xl-5 { flex: 0 0 20%; max-width: 20%; } .wpcpro-row .wpcpro-col-xl-6 { flex: 0 0 16.66667%; max-width: 16.66667%; } .wpcpro-row .wpcpro-col-xl-7 { flex: 0 0 14.28571428%; max-width: 14.28571428%; } .wpcpro-row .wpcpro-col-xl-8 { flex: 0 0 12.5%; max-width: 12.5%; } }<\/style><div class=\"wpcp-carousel-wrapper wpcp-wrapper-104046\">\n\t<div id=\"wpcp-preloader-104046\" class=\"wpcp-carousel-preloader\"><img decoding=\"async\" src=\"https:\/\/www.aarquiteta.com.br\/blog\/wp-content\/plugins\/wp-carousel-free\/public\/css\/spinner.svg\" alt=\"Preloader Image\" title=\"\"><\/div>\t<div class=\"wpcp-carousel-content-wrapper\">\n\t<div id=\"sp-wp-carousel-free-id-104046\" class=\"wpcp-carousel-section sp-wpcp-104046  nav-vertical-center wpcp-image-carousel wpcp-preloader wpcp-standard\" data-swiper='{ &quot;pagination_type&quot;: &quot;dots&quot;,&quot;accessibility&quot;:true, &quot;spaceBetween&quot;:20, &quot;arrows&quot;:false, &quot;freeMode&quot;: false, &quot;autoplay&quot;:true, &quot;effect&quot;: &quot;&quot;, &quot;centerMode&quot;: false, &quot;autoplaySpeed&quot;:3000, &quot;dots&quot;:true, &quot;infinite&quot;:true, &quot;speed&quot;:600, &quot;pauseOnHover&quot;:true,\n\t\t\t&quot;slidesToShow&quot;:{&quot;lg_desktop&quot;:5, &quot;desktop&quot;: 4, &quot;laptop&quot;: 3, &quot;tablet&quot;: 2, &quot;mobile&quot;: 1}, &quot;responsive&quot;:{&quot;desktop&quot;:1200, &quot;laptop&quot;: 980, &quot;tablet&quot;: 736, &quot;mobile&quot;: 480}, &quot;rtl&quot;:false, &quot;lazyLoad&quot;: &quot;false&quot;, &quot;swipe&quot;: true, &quot;draggable&quot;: true, &quot;swipeToSlide&quot;:false }' dir=\"ltr\">\n\t\t<div class=\"swiper-wrapper\">\n\t\t<div class=\"swiper-slide\">\n\t<div class=\"wpcp-single-item\">\n\t\t\t<a class=\"wcp-light-box\" data-buttons='[\"close\"]' data-wpc_url='https:\/\/www.aarquiteta.com.br\/blog\/wp-content\/uploads\/2024\/01\/transformei-sala-estar-refugio-aconchegante02.jpg' href=\"https:\/\/www.aarquiteta.com.br\/blog\/wp-content\/uploads\/2024\/01\/transformei-sala-estar-refugio-aconchegante02.jpg\" data-fancybox=\"wpcp_view\">\n\t\t<figure>\n\t\t\t<img decoding=\"async\" class=\"skip-lazy\" src=\"https:\/\/www.aarquiteta.com.br\/blog\/wp-content\/uploads\/2024\/01\/transformei-sala-estar-refugio-aconchegante02.jpg\" alt=\"transformei-sala-estar-refugio-aconchegante\" width=\"1024\" height=\"1024\" title=\"\">\t\t<\/figure>\n\t<\/a>\n\t\t<\/div>\n<\/div>\n\t<div class=\"swiper-slide\">\n\t<div class=\"wpcp-single-item\">\n\t\t\t<a class=\"wcp-light-box\" data-buttons='[\"close\"]' data-wpc_url='https:\/\/www.aarquiteta.com.br\/blog\/wp-content\/uploads\/2023\/12\/plantas-na-sala-de-estar02.jpg' href=\"https:\/\/www.aarquiteta.com.br\/blog\/wp-content\/uploads\/2023\/12\/plantas-na-sala-de-estar02.jpg\" data-fancybox=\"wpcp_view\">\n\t\t<figure>\n\t\t\t<img decoding=\"async\" class=\"skip-lazy\" src=\"https:\/\/www.aarquiteta.com.br\/blog\/wp-content\/uploads\/2023\/12\/plantas-na-sala-de-estar02.jpg\" alt=\"plantas na sala de estar\" width=\"1024\" height=\"1024\" title=\"\">\t\t<\/figure>\n\t<\/a>\n\t\t<\/div>\n<\/div>\n\t<div class=\"swiper-slide\">\n\t<div class=\"wpcp-single-item\">\n\t\t\t<a class=\"wcp-light-box\" data-buttons='[\"close\"]' data-wpc_url='https:\/\/www.aarquiteta.com.br\/blog\/wp-content\/uploads\/2023\/12\/Elementos-em-Espacos-Modernos-da-Sala-de-Estar-e-Jantar-1.jpg' href=\"https:\/\/www.aarquiteta.com.br\/blog\/wp-content\/uploads\/2023\/12\/Elementos-em-Espacos-Modernos-da-Sala-de-Estar-e-Jantar-1.jpg\" data-fancybox=\"wpcp_view\">\n\t\t<figure>\n\t\t\t<img decoding=\"async\" class=\"skip-lazy\" src=\"https:\/\/www.aarquiteta.com.br\/blog\/wp-content\/uploads\/2023\/12\/Elementos-em-Espacos-Modernos-da-Sala-de-Estar-e-Jantar-1.jpg\" alt=\"Elementos em Espa\u00e7os Modernos da Sala de Estar e Jantar\" width=\"1024\" height=\"1024\" title=\"\">\t\t<\/figure>\n\t<\/a>\n\t\t<\/div>\n<\/div>\n\t<div class=\"swiper-slide\">\n\t<div class=\"wpcp-single-item\">\n\t\t\t<a class=\"wcp-light-box\" data-buttons='[\"close\"]' data-wpc_url='https:\/\/www.aarquiteta.com.br\/blog\/wp-content\/uploads\/2023\/11\/sala-de-estar-sofisticada02.jpg' href=\"https:\/\/www.aarquiteta.com.br\/blog\/wp-content\/uploads\/2023\/11\/sala-de-estar-sofisticada02.jpg\" data-fancybox=\"wpcp_view\">\n\t\t<figure>\n\t\t\t<img decoding=\"async\" class=\"skip-lazy\" src=\"https:\/\/www.aarquiteta.com.br\/blog\/wp-content\/uploads\/2023\/11\/sala-de-estar-sofisticada02.jpg\" alt=\"sala de estar sofisticada\" width=\"1024\" height=\"1024\" title=\"\">\t\t<\/figure>\n\t<\/a>\n\t\t<\/div>\n<\/div>\n\t<div class=\"swiper-slide\">\n\t<div class=\"wpcp-single-item\">\n\t\t\t<a class=\"wcp-light-box\" data-buttons='[\"close\"]' data-wpc_url='https:\/\/www.aarquiteta.com.br\/blog\/wp-content\/uploads\/2023\/11\/5-dicas-para-uma-mini-sala-de-estar-planejada04.jpg' href=\"https:\/\/www.aarquiteta.com.br\/blog\/wp-content\/uploads\/2023\/11\/5-dicas-para-uma-mini-sala-de-estar-planejada04.jpg\" data-fancybox=\"wpcp_view\">\n\t\t<figure>\n\t\t\t<img decoding=\"async\" class=\"skip-lazy\" src=\"https:\/\/www.aarquiteta.com.br\/blog\/wp-content\/uploads\/2023\/11\/5-dicas-para-uma-mini-sala-de-estar-planejada04.jpg\" alt=\"5 dicas para uma mini sala de estar planejada\" width=\"1024\" height=\"1024\" title=\"\">\t\t<\/figure>\n\t<\/a>\n\t\t<\/div>\n<\/div>\n\t<div class=\"swiper-slide\">\n\t<div class=\"wpcp-single-item\">\n\t\t\t<a class=\"wcp-light-box\" data-buttons='[\"close\"]' data-wpc_url='https:\/\/www.aarquiteta.com.br\/blog\/wp-content\/uploads\/2023\/11\/sala-de-estar-sofisticada04.jpg' href=\"https:\/\/www.aarquiteta.com.br\/blog\/wp-content\/uploads\/2023\/11\/sala-de-estar-sofisticada04.jpg\" data-fancybox=\"wpcp_view\">\n\t\t<figure>\n\t\t\t<img decoding=\"async\" class=\"skip-lazy\" src=\"https:\/\/www.aarquiteta.com.br\/blog\/wp-content\/uploads\/2023\/11\/sala-de-estar-sofisticada04.jpg\" alt=\"sala de estar sofisticada\" width=\"1024\" height=\"1024\" title=\"\">\t\t<\/figure>\n\t<\/a>\n\t\t<\/div>\n<\/div>\n\t<div class=\"swiper-slide\">\n\t<div class=\"wpcp-single-item\">\n\t\t\t<a class=\"wcp-light-box\" data-buttons='[\"close\"]' data-wpc_url='https:\/\/www.aarquiteta.com.br\/blog\/wp-content\/uploads\/2023\/11\/sala-de-estar-sofisticada03.jpg' href=\"https:\/\/www.aarquiteta.com.br\/blog\/wp-content\/uploads\/2023\/11\/sala-de-estar-sofisticada03.jpg\" data-fancybox=\"wpcp_view\">\n\t\t<figure>\n\t\t\t<img decoding=\"async\" class=\"skip-lazy\" src=\"https:\/\/www.aarquiteta.com.br\/blog\/wp-content\/uploads\/2023\/11\/sala-de-estar-sofisticada03.jpg\" alt=\"sala de estar sofisticada\" width=\"1024\" height=\"1024\" title=\"\">\t\t<\/figure>\n\t<\/a>\n\t\t<\/div>\n<\/div>\n\t<div class=\"swiper-slide\">\n\t<div class=\"wpcp-single-item\">\n\t\t\t<a class=\"wcp-light-box\" data-buttons='[\"close\"]' data-wpc_url='https:\/\/www.aarquiteta.com.br\/blog\/wp-content\/uploads\/2023\/11\/sala-de-estar-sofisticada04.jpg' href=\"https:\/\/www.aarquiteta.com.br\/blog\/wp-content\/uploads\/2023\/11\/sala-de-estar-sofisticada04.jpg\" data-fancybox=\"wpcp_view\">\n\t\t<figure>\n\t\t\t<img decoding=\"async\" class=\"skip-lazy\" src=\"https:\/\/www.aarquiteta.com.br\/blog\/wp-content\/uploads\/2023\/11\/sala-de-estar-sofisticada04.jpg\" alt=\"sala de estar sofisticada\" width=\"1024\" height=\"1024\" title=\"\">\t\t<\/figure>\n\t<\/a>\n\t\t<\/div>\n<\/div>\n\t<div class=\"swiper-slide\">\n\t<div class=\"wpcp-single-item\">\n\t\t\t<a class=\"wcp-light-box\" data-buttons='[\"close\"]' data-wpc_url='https:\/\/www.aarquiteta.com.br\/blog\/wp-content\/uploads\/2023\/10\/ideias-de-decoracao-para-sala-04.jpg' href=\"https:\/\/www.aarquiteta.com.br\/blog\/wp-content\/uploads\/2023\/10\/ideias-de-decoracao-para-sala-04.jpg\" data-fancybox=\"wpcp_view\">\n\t\t<figure>\n\t\t\t<img decoding=\"async\" class=\"skip-lazy\" src=\"https:\/\/www.aarquiteta.com.br\/blog\/wp-content\/uploads\/2023\/10\/ideias-de-decoracao-para-sala-04.jpg\" alt=\"Ideias e sugest\u00f5es para decora\u00e7\u00e3o de salas de estar\" width=\"1024\" height=\"1024\" title=\"\">\t\t<\/figure>\n\t<\/a>\n\t\t<\/div>\n<\/div>\n\t<div class=\"swiper-slide\">\n\t<div class=\"wpcp-single-item\">\n\t\t\t<a class=\"wcp-light-box\" data-buttons='[\"close\"]' data-wpc_url='https:\/\/www.aarquiteta.com.br\/blog\/wp-content\/uploads\/2023\/07\/espelhos-decorativos-2.png' href=\"https:\/\/www.aarquiteta.com.br\/blog\/wp-content\/uploads\/2023\/07\/espelhos-decorativos-2.png\" data-fancybox=\"wpcp_view\">\n\t\t<figure>\n\t\t\t<img decoding=\"async\" class=\"skip-lazy\" src=\"https:\/\/www.aarquiteta.com.br\/blog\/wp-content\/uploads\/2023\/07\/espelhos-decorativos-2.png\" alt=\"Reflexos de Beleza: Espelhos Decorativos que Transformam sua Sala de Estar!\" width=\"1024\" height=\"1024\" title=\"\">\t\t<\/figure>\n\t<\/a>\n\t\t<\/div>\n<\/div>\n\t<div class=\"swiper-slide\">\n\t<div class=\"wpcp-single-item\">\n\t\t\t<a class=\"wcp-light-box\" data-buttons='[\"close\"]' data-wpc_url='https:\/\/www.aarquiteta.com.br\/blog\/wp-content\/uploads\/2023\/07\/Decoracao-eficiente-dicas-para-maximizar-o-espaco-e-economizar-dinheiro.png' href=\"https:\/\/www.aarquiteta.com.br\/blog\/wp-content\/uploads\/2023\/07\/Decoracao-eficiente-dicas-para-maximizar-o-espaco-e-economizar-dinheiro.png\" data-fancybox=\"wpcp_view\">\n\t\t<figure>\n\t\t\t<img decoding=\"async\" class=\"skip-lazy\" src=\"https:\/\/www.aarquiteta.com.br\/blog\/wp-content\/uploads\/2023\/07\/Decoracao-eficiente-dicas-para-maximizar-o-espaco-e-economizar-dinheiro.png\" alt=\"Transforme sua Sala de Estar com Esses Projetos DIY\" width=\"1024\" height=\"1024\" title=\"\">\t\t<\/figure>\n\t<\/a>\n\t\t<\/div>\n<\/div>\n\t\t\t<\/div>\n\t\t\t\t\t<div class=\"wpcp-swiper-dots swiper-pagination\"><\/div>\n\t\t\t\t<!-- If we need navigation buttons -->\n\t\t\t<\/div>\n\t<\/div>\n<\/div>\n\n<p>Se voc\u00ea \u00e9 do tipo que gosta de sentir a textura da tinta sob os dedos (metaforicamente, claro), as telas de pintura s\u00e3o sua praia. Elas trazem um <strong>qu\u00ea de galeria de arte<\/strong> para o seu espa\u00e7o e s\u00e3o perfeitas para dar aquele ar de &#8220;eu aprecio as belas artes&#8221; sem precisar usar um monocle.<\/p>\n<h3>Fotografias<\/h3>\n<p>Uma imagem vale mais que mil palavras, e uma fotografia bem escolhida pode contar a hist\u00f3ria da sua vida. Seja uma paisagem deslumbrante ou um momento capturado, fotografias <strong>adicionam um toque pessoal<\/strong> e \u00fanico \u00e0 sua sala.<\/p>\n<h3>Quadros em conjunto<\/h3>\n<p>Por que ter um quadro quando voc\u00ea pode ter um conjunto? Agrupar quadros \u00e9 como montar um quebra-cabe\u00e7a na sua parede. Crie uma <strong>composi\u00e7\u00e3o harmoniosa<\/strong> ou uma colagem ecl\u00e9tica para capturar olhares e cora\u00e7\u00f5es.<\/p>\n<h3>Quadros abstratos<\/h3>\n<figure style=\"width: 1024px\" class=\"wp-caption aligncenter\"><img decoding=\"async\" src=\"https:\/\/www.aarquiteta.com.br\/blog\/wp-content\/uploads\/2024\/03\/Quais-os-tipos-de-quadros-para-a-sala-de-estar-posso-usar02.jpg\" alt=\"Quais os tipos de quadros para a sala de estar posso usar?\" width=\"1024\" height=\"1024\" title=\"\"><figcaption class=\"wp-caption-text\">Quais os tipos de quadros para a sala de estar posso usar?<\/figcaption><\/figure>\n<p>Para os amantes do mist\u00e9rio e da interpreta\u00e7\u00e3o, os quadros abstratos s\u00e3o um prato cheio. Eles adicionam cor e movimento \u00e0 sala e s\u00e3o \u00f3timos para iniciar aquele papo cabe\u00e7a sobre &#8220;o que o artista quis dizer&#8221;.<\/p>\n<h3>Quadros vintage<\/h3>\n<p>Um toque de nostalgia nunca fez mal a ningu\u00e9m, certo? Quadros vintage s\u00e3o como uma viagem no tempo, trazendo um <strong>charme retr\u00f4<\/strong> para a sua sala de estar moderna.<\/p>\n<h3>Quadros com molduras diferenciadas<\/h3>\n<figure style=\"width: 1024px\" class=\"wp-caption aligncenter\"><img decoding=\"async\" src=\"https:\/\/www.aarquiteta.com.br\/blog\/wp-content\/uploads\/2024\/03\/Quais-os-tipos-de-quadros-para-a-sala-de-estar-posso-usar01.jpg\" alt=\"Quais os tipos de quadros para a sala de estar posso usar?\" width=\"1024\" height=\"1024\" title=\"\"><figcaption class=\"wp-caption-text\">Quais os tipos de quadros para a sala de estar posso usar?<\/figcaption><\/figure>\n<p>\u00c0s vezes, a moldura \u00e9 a estrela do show. Molduras diferenciadas, seja em formato ou material, podem transformar um quadro simples em uma <strong>obra de arte ousada<\/strong> e inovadora.<\/p>\n<h3>Quadros com tem\u00e1tica espec\u00edfica<\/h3>\n<p>Se voc\u00ea \u00e9 apaixonado por algo, por que n\u00e3o mostrar isso na sua decora\u00e7\u00e3o? Quadros com tem\u00e1tica espec\u00edfica, seja natureza, esportes ou at\u00e9 mesmo super-her\u00f3is, <strong>refletem seus interesses<\/strong> e d\u00e3o vida \u00e0 sua paix\u00e3o.<\/p>\n<h3>Quadros de artistas renomados<\/h3>\n<figure style=\"width: 1024px\" class=\"wp-caption aligncenter\"><img decoding=\"async\" src=\"https:\/\/www.aarquiteta.com.br\/blog\/wp-content\/uploads\/2024\/03\/Quais-os-tipos-de-quadros-para-a-sala-de-estar-posso-usar03.jpg\" alt=\"Quais os tipos de quadros para a sala de estar posso usar?\" width=\"1024\" height=\"1024\" title=\"\"><figcaption class=\"wp-caption-text\">Quais os tipos de quadros para a sala de estar posso usar?<\/figcaption><\/figure>\n<p>Ter um Picasso na sala pode ser um pouco fora da realidade, mas quem disse que n\u00e3o podemos ter r\u00e9plicas ou obras de artistas contempor\u00e2neos? Eles adicionam um <strong>toque de classe<\/strong> e cultura sem precisar quebrar o cofrinho.<\/p>\n<h3>Quadros com mensagens ou frases<\/h3>\n<p>\u00c0s vezes, voc\u00ea s\u00f3 precisa de uma frase inspiradora para te dar aquele empurr\u00e3ozinho na segunda-feira de manh\u00e3. Quadros com mensagens ou frases podem ser <strong>fontes de inspira\u00e7\u00e3o di\u00e1ria<\/strong> e ainda decoram com estilo.<\/p>\n<h3>Quadros com ilustra\u00e7\u00f5es<\/h3>\n<h3><b>Assista ao v\u00eddeo abaixo agora mesmo e veja como tudo isso ganha vida! Descubra, aprenda e inspire-se com o conte\u00fado que preparamos especialmente para voc\u00ea. Venha saber mais sobre o tema do post e amplie seus horizontes conosco!<\/b><\/h3>\n<p>https:\/\/www.youtube.com\/watch?v=[Collection]\n<p>Espero que tenha achado o v\u00eddeo informativo e esclarecedor. <\/p>\n<p>Se gostou, convido-o a explorar mais recursos abaixo, repletos de dicas valiosas e conhecimentos profundos. <\/p>\n<p>Lembre-se, estamos sempre empenhados em ajud\u00e1-lo e inspirar!<\/p>\n<p>Ilustra\u00e7\u00f5es s\u00e3o a forma perfeita de adicionar um <strong>toque l\u00fadico e criativo<\/strong> \u00e0 sua sala. Seja um desenho infantil ou uma obra de arte conceitual, elas trazem cor e alegria para o ambiente.<\/p>\n<h3>Perguntas Frequentes<\/h3>\n<h3>Quais s\u00e3o os tipos de quadros mais indicados para uma sala de estar moderna?<\/h3>\n<p style=\"text-align: center;\">[amazon table=&#8221;88024&#8243;]\n<p>Para uma sala moderna, aposte em quadros abstratos, com molduras minimalistas ou at\u00e9 mesmo telas de pintura com um design contempor\u00e2neo. O importante \u00e9 manter a <strong>coer\u00eancia visual<\/strong> com o resto da decora\u00e7\u00e3o.<\/p>\n<h3>Como escolher o tamanho ideal dos quadros para a sala de estar?<\/h3>\n<p>O tamanho do quadro deve estar em propor\u00e7\u00e3o com a parede e os m\u00f3veis. Uma dica \u00e9 n\u00e3o deixar que o quadro ultrapasse mais de dois ter\u00e7os do tamanho do m\u00f3vel sobre o qual ele est\u00e1 pendurado. E lembre-se, \u00e0s vezes, <strong>menos \u00e9 mais<\/strong>.<\/p>\n<h3>Qual a melhor forma de dispor os quadros na parede da sala de estar?<\/h3>\n<p>Uma galeria de parede \u00e9 sempre uma boa pedida. Comece pelo maior quadro e v\u00e1 adicionando os menores ao redor, criando um equil\u00edbrio visual. E n\u00e3o tenha medo de misturar tamanhos e estilos, a <strong>diversidade<\/strong> pode ser muito charmosa.<\/p>\n<p>Escolher o quadro certo para a sala de estar \u00e9 como encontrar o par perfeito de sapatos para um look incr\u00edvel. \u00c9 uma quest\u00e3o de estilo, personalidade e, claro, um pouquinho de ousadia. Ent\u00e3o, divirta-se experimentando e lembre-se de que a sua sala \u00e9 um reflexo de quem voc\u00ea \u00e9. E a\u00ed, pronto para dar aquele up nas suas paredes?<\/p>\n<p>Curiosidade: Voc\u00ea sabia que a disposi\u00e7\u00e3o dos quadros em uma sala pode influenciar at\u00e9 mesmo o humor das pessoas? \u00c9 isso mesmo, a arte tem poder!<\/p>\n<p><\/body><\/p>\n","protected":false},"excerpt":{"rendered":"<p>Quando penso na minha sala de estar, vejo mais do que um espa\u00e7o para relaxar ap\u00f3s um dia cansativo. Vejo uma tela em branco, pronta para ser preenchida com personalidade e estilo. E nada adiciona mais car\u00e1ter a esse c\u00f4modo do que os quadros certos. Afinal, eles s\u00e3o os olhos da parede, n\u00e3o \u00e9 mesmo? [&hellip;]<\/p>\n","protected":false},"author":102,"featured_media":107893,"comment_status":"closed","ping_status":"closed","sticky":false,"template":"","format":"standard","meta":{"footnotes":""},"categories":[35414,1484,18766,35399,35420],"tags":[],"class_list":["post-107896","post","type-post","status-publish","format-standard","has-post-thumbnail","category-acessorios-para-decoracao","category-decoracao","category-produtos","category-quadros-e-posteres","category-quadros-e-posteres-acessorios-para-decoracao"],"_wp_attached_file":null,"_wp_attachment_metadata":null,"_wp_attachment_context":null,"_wp_attachment_is_custom_header":null,"geo_longitude":null,"geo_public":null,"geo_latitude":null,"_publicize_done_external":null,"_wpas_done_3897181":null,"publicize_twitter_user":null,"_wpas_done_3897175":null,"_wpas_skip_3897181":null,"_wpas_skip_3897175":null,"_wpas_skip_3924723":null,"_wpas_mess":null,"_wpas_done_3924723":null,"wps_subtitle":"","_links":{"self":[{"href":"https:\/\/www.aarquiteta.com.br\/blog\/wp-json\/wp\/v2\/posts\/107896","targetHints":{"allow":["GET"]}}],"collection":[{"href":"https:\/\/www.aarquiteta.com.br\/blog\/wp-json\/wp\/v2\/posts"}],"about":[{"href":"https:\/\/www.aarquiteta.com.br\/blog\/wp-json\/wp\/v2\/types\/post"}],"author":[{"embeddable":true,"href":"https:\/\/www.aarquiteta.com.br\/blog\/wp-json\/wp\/v2\/users\/102"}],"replies":[{"embeddable":true,"href":"https:\/\/www.aarquiteta.com.br\/blog\/wp-json\/wp\/v2\/comments?post=107896"}],"version-history":[{"count":0,"href":"https:\/\/www.aarquiteta.com.br\/blog\/wp-json\/wp\/v2\/posts\/107896\/revisions"}],"wp:featuredmedia":[{"embeddable":true,"href":"https:\/\/www.aarquiteta.com.br\/blog\/wp-json\/wp\/v2\/media\/107893"}],"wp:attachment":[{"href":"https:\/\/www.aarquiteta.com.br\/blog\/wp-json\/wp\/v2\/media?parent=107896"}],"wp:term":[{"taxonomy":"category","embeddable":true,"href":"https:\/\/www.aarquiteta.com.br\/blog\/wp-json\/wp\/v2\/categories?post=107896"},{"taxonomy":"post_tag","embeddable":true,"href":"https:\/\/www.aarquiteta.com.br\/blog\/wp-json\/wp\/v2\/tags?post=107896"}],"curies":[{"name":"wp","href":"https:\/\/api.w.org\/{rel}","templated":true}]}}