{"id":107825,"date":"2024-03-07T18:58:42","date_gmt":"2024-03-07T21:58:42","guid":{"rendered":"http:\/\/aarquiteta.com.br\/quarto-de-casal-projetado-ideias-e-dicas-para-nao-errar-no-seu\/"},"modified":"2024-03-07T18:58:42","modified_gmt":"2024-03-07T21:58:42","slug":"quarto-de-casal-projetado-ideias-e-dicas-para-nao-errar-no-seu","status":"publish","type":"post","link":"https:\/\/www.aarquiteta.com.br\/blog\/quarto-de-casal-projetado-ideias-e-dicas-para-nao-errar-no-seu\/","title":{"rendered":"Quarto de casal projetado: ideias e dicas para n\u00e3o errar no seu."},"content":{"rendered":"<p>Ah, o quarto de casal, aquele cantinho de paz e amor, onde cada detalhe conta uma hist\u00f3ria e cada escolha reflete um pedacinho da alma. Vamos embarcar juntos nessa jornada de transformar esse espa\u00e7o em um verdadeiro ninho de aconchego e estilo? Prepara o caf\u00e9 e vem comigo!<\/p>\n<p><b>Contexto Breve:<\/b><\/p>\n<ul>\n<li><b>Estilo e personalidade:<\/b> A escolha do estilo de decora\u00e7\u00e3o \u00e9 o ponto de partida para criar um ambiente que seja a cara do casal.<\/li>\n<li><b>Funcionalidade e conforto:<\/b> A disposi\u00e7\u00e3o dos m\u00f3veis e a escolha dos t\u00eaxteis s\u00e3o essenciais para garantir um espa\u00e7o pr\u00e1tico e acolhedor.<\/li>\n<li><b>Detalhes que fazem a diferen\u00e7a:<\/b> A ilumina\u00e7\u00e3o, os acess\u00f3rios e os toques pessoais s\u00e3o os ingredientes secretos para um quarto com personalidade.<\/li>\n<\/ul>\n<h2>Escolha do estilo de decora\u00e7\u00e3o<\/h2>\n<h3>Estilo moderno<\/h3>\n<figure style=\"width: 1024px\" class=\"wp-caption aligncenter\"><img decoding=\"async\" src=\"https:\/\/www.aarquiteta.com.br\/blog\/wp-content\/uploads\/2024\/03\/Quarto-de-casal-projetado-ideias-e-dicas-para-nao-errar-no-seu.04.jpg\" alt=\"Quarto de casal projetado: ideias e dicas para n\u00e3o errar no seu.\" width=\"1024\" height=\"1024\" title=\"\"><figcaption class=\"wp-caption-text\">Quarto de casal projetado: ideias e dicas para n\u00e3o errar no seu.<\/figcaption><\/figure>\n<p>Se voc\u00ea \u00e9 do tipo que adora uma novidade e n\u00e3o tem medo de ousar, o <b>estilo moderno<\/b> pode ser sua praia. Aqui, linhas retas e cores s\u00f3brias dan\u00e7am em harmonia, criando um ambiente que \u00e9 ao mesmo tempo chique e descomplicado.<\/p>\n<h3>Estilo r\u00fastico<\/h3>\n<p>Agora, se o seu cora\u00e7\u00e3o bate mais forte por uma vibe mais natural e acolhedora, o <b>estilo r\u00fastico<\/b> vai te abra\u00e7ar. Madeira, pedra e tecidos naturais se juntam para contar hist\u00f3rias de simplicidade e calor humano.<\/p>\n<h3>Estilo minimalista<\/h3>\n<style id=\"wp_carousel_dynamic_css102741\">.sp-wp-carousel-free-id-102741.wpcf-fancybox-wrapper .fancybox-bg{background: #0b0b0b;opacity: 0.8;}.sp-wp-carousel-free-id-102741.wpcf-fancybox-wrapper .fancybox-navigation .fancybox-button .wpcp-fancybox-nav-arrow i {color: #ccc;}.sp-wp-carousel-free-id-102741.wpcf-fancybox-wrapper .fancybox-navigation .fancybox-button .wpcp-fancybox-nav-arrow i:hover {color: #fff;}.sp-wp-carousel-free-id-102741.wpcf-fancybox-wrapper .fancybox-navigation .fancybox-button {background: #1e1e1e;}.sp-wp-carousel-free-id-102741.wpcf-fancybox-wrapper .fancybox-navigation .fancybox-button:hover {background: #1e1e1e;}#sp-wp-carousel-free-id-102741 .wpcp-swiper-dots {margin: 40px 0px 0px 0px;}.wpcp-wrapper-102741 .swiper-wrapper .swiper-slide-kenburn, .wpcp-wrapper-102741 .swiper-wrapper, .wpcp-wrapper-102741 .wpcpro-row{align-items: center;}#sp-wp-carousel-free-id-102741 .wpcp-single-item {box-shadow: 0px 0px 0px 0px #dddddd;transition: all .3s;margin: 0px;}#sp-wp-carousel-free-id-102741.swiper-flip .wpcp-single-item{margin: 0!important;}#sp-wp-carousel-free-id-102741 .wpcp-single-item:hover {box-shadow: 0px 0px 0px 0px #dddddd;}#sp-wp-carousel-free-id-102741.sp-wpcp-102741 .wpcp-single-item {border: 1px solid #dddddd;}#sp-wp-carousel-free-id-102741.sp-wpcp-102741 .swiper-button-prev,#sp-wp-carousel-free-id-102741.sp-wpcp-102741 .swiper-button-next,#sp-wp-carousel-free-id-102741.sp-wpcp-102741 .swiper-button-prev:hover,#sp-wp-carousel-free-id-102741.sp-wpcp-102741 .swiper-button-next:hover {background: none;border: none;font-size: 30px;}#sp-wp-carousel-free-id-102741.sp-wpcp-102741 .swiper-button-prev i,#sp-wp-carousel-free-id-102741.sp-wpcp-102741 .swiper-button-next i {color: #aaa;}#sp-wp-carousel-free-id-102741.sp-wpcp-102741 .swiper-button-prev i:hover,#sp-wp-carousel-free-id-102741.sp-wpcp-102741 .swiper-button-next i:hover {color: #178087;}#sp-wp-carousel-free-id-102741.sp-wpcp-102741 .wpcp-swiper-dots .swiper-pagination-bullet {background-color: #cccccc;}#sp-wp-carousel-free-id-102741.sp-wpcp-102741 .wpcp-swiper-dots .swiper-pagination-bullet.swiper-pagination-bullet-active {background-color: #178087;} #sp-wp-carousel-free-id-102741.sp-wpcp-102741.wpcp-image-carousel .wpcp-single-item:hover img, #sp-wp-carousel-free-id-102741.sp-wpcp-102741.wpcp-post-carousel .wpcp-single-item:hover img, #sp-wp-carousel-free-id-102741.sp-wpcp-102741.wpcp-product-carousel .wpcp-single-item:hover img{-webkit-transform: scale(1.2);-moz-transform: scale(1.2);transform: scale(1.2);}#sp-wp-carousel-free-id-102741 .wpcpro-row>[class*=\"wpcpro-col-\"] { padding: 0 10px; padding-bottom: 20px;} #sp-wp-carousel-free-id-102741 .swiper-slide .single-item-fade:not(:last-child) { margin-right: 20px;}@media (min-width: 480px) { .wpcpro-row .wpcpro-col-sm-1 { flex: 0 0 100%; max-width: 100%; } .wpcpro-row .wpcpro-col-sm-2 { flex: 0 0 50%; max-width: 50%; } .wpcpro-row .wpcpro-col-sm-2-5 { flex: 0 0 75%; max-width: 75%; } .wpcpro-row .wpcpro-col-sm-3 { flex: 0 0 33.333%; max-width: 33.333%; } .wpcpro-row .wpcpro-col-sm-4 { flex: 0 0 25%; max-width: 25%; } .wpcpro-row .wpcpro-col-sm-5 { flex: 0 0 20%; max-width: 20%; } .wpcpro-row .wpcpro-col-sm-6 { flex: 0 0 16.66666666666667%; max-width: 16.66666666666667%; } .wpcpro-row .wpcpro-col-sm-7 { flex: 0 0 14.28571428%; max-width: 14.28571428%; } .wpcpro-row .wpcpro-col-sm-8 { flex: 0 0 12.5%; max-width: 12.5%; } } @media (max-width: 480px) { .wpcpro-row .wpcpro-col-xs-1 { flex: 0 0 100%; max-width: 100%; } .wpcpro-row .wpcpro-col-xs-2 { flex: 0 0 50%; max-width: 50%; } .wpcpro-row .wpcpro-col-xs-3 { flex: 0 0 33.222%; max-width: 33.222%; } .wpcpro-row .wpcpro-col-xs-4 { flex: 0 0 25%; max-width: 25%; } .wpcpro-row .wpcpro-col-xs-5 { flex: 0 0 20%; max-width: 20%; } .wpcpro-row .wpcpro-col-xs-6 { flex: 0 0 16.6667%; max-width: 16.6667%; } .wpcpro-row .wpcpro-col-xs-7 { flex: 0 0 14.28571428%; max-width: 14.28571428%; } .wpcpro-row .wpcpro-col-xs-8 { flex: 0 0 12.5%; max-width: 12.5%; } } @media (min-width: 736px) { .wpcpro-row .wpcpro-col-md-1 { flex: 0 0 100%; max-width: 100%; } .wpcpro-row .wpcpro-col-md-2 { flex: 0 0 50%; max-width: 50%; } .wpcpro-row .wpcpro-col-md-2-5 { flex: 0 0 75%; max-width: 75%; } .wpcpro-row .wpcpro-col-md-3 { flex: 0 0 33.333%; max-width: 33.333%; } .wpcpro-row .wpcpro-col-md-4 { flex: 0 0 25%; max-width: 25%; } .wpcpro-row .wpcpro-col-md-5 { flex: 0 0 20%; max-width: 20%; } .wpcpro-row .wpcpro-col-md-6 { flex: 0 0 16.66666666666667%; max-width: 16.66666666666667%; } .wpcpro-row .wpcpro-col-md-7 { flex: 0 0 14.28571428%; max-width: 14.28571428%; } .wpcpro-row .wpcpro-col-md-8 { flex: 0 0 12.5%; max-width: 12.5%; } } @media (min-width: 980px) { .wpcpro-row .wpcpro-col-lg-1 { flex: 0 0 100%; max-width: 100%; } .wpcpro-row .wpcpro-col-lg-2 { flex: 0 0 50%; max-width: 50%; } .wpcpro-row .wpcpro-col-lg-3 { flex: 0 0 33.222%; max-width: 33.222%; } .wpcpro-row .wpcpro-col-lg-4 { flex: 0 0 25%; max-width: 25%; } .wpcpro-row .wpcpro-col-lg-5 { flex: 0 0 20%; max-width: 20%; } .wpcpro-row .wpcpro-col-lg-6 { flex: 0 0 16.6667%; max-width: 16.6667%; } .wpcpro-row .wpcpro-col-lg-7 { flex: 0 0 14.28571428%; max-width: 14.28571428%; } .wpcpro-row .wpcpro-col-lg-8 { flex: 0 0 12.5%; max-width: 12.5%; } } @media (min-width: 1200px) { .wpcpro-row .wpcpro-col-xl-1 { flex: 0 0 100%; max-width: 100%; } .wpcpro-row .wpcpro-col-xl-2 { flex: 0 0 50%; max-width: 50%; } .wpcpro-row .wpcpro-col-xl-3 { flex: 0 0 33.22222222%; max-width: 33.22222222%; } .wpcpro-row .wpcpro-col-xl-4 { flex: 0 0 25%; max-width: 25%; } .wpcpro-row .wpcpro-col-xl-5 { flex: 0 0 20%; max-width: 20%; } .wpcpro-row .wpcpro-col-xl-6 { flex: 0 0 16.66667%; max-width: 16.66667%; } .wpcpro-row .wpcpro-col-xl-7 { flex: 0 0 14.28571428%; max-width: 14.28571428%; } .wpcpro-row .wpcpro-col-xl-8 { flex: 0 0 12.5%; max-width: 12.5%; } }<\/style><div class=\"wpcp-carousel-wrapper wpcp-wrapper-102741\">\n\t<div id=\"wpcp-preloader-102741\" class=\"wpcp-carousel-preloader\"><img decoding=\"async\" src=\"https:\/\/www.aarquiteta.com.br\/blog\/wp-content\/plugins\/wp-carousel-free\/public\/css\/spinner.svg\" alt=\"Preloader Image\" title=\"\"><\/div>\t<div class=\"wpcp-carousel-content-wrapper\">\n\t<div id=\"sp-wp-carousel-free-id-102741\" class=\"wpcp-carousel-section sp-wpcp-102741  nav-vertical-center wpcp-image-carousel wpcp-preloader wpcp-standard\" data-swiper='{ &quot;pagination_type&quot;: &quot;dots&quot;,&quot;accessibility&quot;:true, &quot;spaceBetween&quot;:20, &quot;arrows&quot;:false, &quot;freeMode&quot;: false, &quot;autoplay&quot;:true, &quot;effect&quot;: &quot;&quot;, &quot;centerMode&quot;: false, &quot;autoplaySpeed&quot;:3000, &quot;dots&quot;:true, &quot;infinite&quot;:true, &quot;speed&quot;:600, &quot;pauseOnHover&quot;:true,\n\t\t\t&quot;slidesToShow&quot;:{&quot;lg_desktop&quot;:5, &quot;desktop&quot;: 4, &quot;laptop&quot;: 3, &quot;tablet&quot;: 2, &quot;mobile&quot;: 1}, &quot;responsive&quot;:{&quot;desktop&quot;:1200, &quot;laptop&quot;: 980, &quot;tablet&quot;: 736, &quot;mobile&quot;: 480}, &quot;rtl&quot;:false, &quot;lazyLoad&quot;: &quot;false&quot;, &quot;swipe&quot;: true, &quot;draggable&quot;: true, &quot;swipeToSlide&quot;:false }' dir=\"ltr\">\n\t\t<div class=\"swiper-wrapper\">\n\t\t<div class=\"swiper-slide\">\n\t<div class=\"wpcp-single-item\">\n\t\t\t<a class=\"wcp-light-box\" data-buttons='[\"close\"]' data-wpc_url='https:\/\/www.aarquiteta.com.br\/blog\/wp-content\/uploads\/2023\/12\/cortina-para-quarto-de-menino01.jpg' href=\"https:\/\/www.aarquiteta.com.br\/blog\/wp-content\/uploads\/2023\/12\/cortina-para-quarto-de-menino01.jpg\" data-fancybox=\"wpcp_view\">\n\t\t<figure>\n\t\t\t<img decoding=\"async\" class=\"skip-lazy\" src=\"https:\/\/www.aarquiteta.com.br\/blog\/wp-content\/uploads\/2023\/12\/cortina-para-quarto-de-menino01.jpg\" alt=\"cortina para quarto de menino\" width=\"1024\" height=\"1024\" title=\"\">\t\t<\/figure>\n\t<\/a>\n\t\t<\/div>\n<\/div>\n\t<div class=\"swiper-slide\">\n\t<div class=\"wpcp-single-item\">\n\t\t\t<a class=\"wcp-light-box\" data-buttons='[\"close\"]' data-wpc_url='https:\/\/www.aarquiteta.com.br\/blog\/wp-content\/uploads\/2023\/12\/cortinas-para-quarto01.jpg' href=\"https:\/\/www.aarquiteta.com.br\/blog\/wp-content\/uploads\/2023\/12\/cortinas-para-quarto01.jpg\" data-fancybox=\"wpcp_view\">\n\t\t<figure>\n\t\t\t<img decoding=\"async\" class=\"skip-lazy\" src=\"https:\/\/www.aarquiteta.com.br\/blog\/wp-content\/uploads\/2023\/12\/cortinas-para-quarto01.jpg\" alt=\"cortinas para quarto\" width=\"1024\" height=\"1024\" title=\"\">\t\t<\/figure>\n\t<\/a>\n\t\t<\/div>\n<\/div>\n\t<div class=\"swiper-slide\">\n\t<div class=\"wpcp-single-item\">\n\t\t\t<a class=\"wcp-light-box\" data-buttons='[\"close\"]' data-wpc_url='https:\/\/www.aarquiteta.com.br\/blog\/wp-content\/uploads\/2023\/11\/cabeceira-de-cama-ripada-4.jpg' href=\"https:\/\/www.aarquiteta.com.br\/blog\/wp-content\/uploads\/2023\/11\/cabeceira-de-cama-ripada-4.jpg\" data-fancybox=\"wpcp_view\">\n\t\t<figure>\n\t\t\t<img decoding=\"async\" class=\"skip-lazy\" src=\"https:\/\/www.aarquiteta.com.br\/blog\/wp-content\/uploads\/2023\/11\/cabeceira-de-cama-ripada-4.jpg\" alt=\"Cabeceira Ripada: 5 Ideias Para Modernizar e Aconchegar Seu Quarto.\" width=\"1200\" height=\"1200\" title=\"\">\t\t<\/figure>\n\t<\/a>\n\t\t<\/div>\n<\/div>\n\t<div class=\"swiper-slide\">\n\t<div class=\"wpcp-single-item\">\n\t\t\t<a class=\"wcp-light-box\" data-buttons='[\"close\"]' data-wpc_url='https:\/\/www.aarquiteta.com.br\/blog\/wp-content\/uploads\/2023\/10\/quarto-de-solteiro-decorado04.jpg' href=\"https:\/\/www.aarquiteta.com.br\/blog\/wp-content\/uploads\/2023\/10\/quarto-de-solteiro-decorado04.jpg\" data-fancybox=\"wpcp_view\">\n\t\t<figure>\n\t\t\t<img decoding=\"async\" class=\"skip-lazy\" src=\"https:\/\/www.aarquiteta.com.br\/blog\/wp-content\/uploads\/2023\/10\/quarto-de-solteiro-decorado04.jpg\" alt=\"quarto de solteiro decorado\" width=\"1024\" height=\"1024\" title=\"\">\t\t<\/figure>\n\t<\/a>\n\t\t<\/div>\n<\/div>\n\t<div class=\"swiper-slide\">\n\t<div class=\"wpcp-single-item\">\n\t\t\t<a class=\"wcp-light-box\" data-buttons='[\"close\"]' data-wpc_url='https:\/\/www.aarquiteta.com.br\/blog\/wp-content\/uploads\/2023\/10\/nichos-para-quarto03.jpg' href=\"https:\/\/www.aarquiteta.com.br\/blog\/wp-content\/uploads\/2023\/10\/nichos-para-quarto03.jpg\" data-fancybox=\"wpcp_view\">\n\t\t<figure>\n\t\t\t<img decoding=\"async\" class=\"skip-lazy\" src=\"https:\/\/www.aarquiteta.com.br\/blog\/wp-content\/uploads\/2023\/10\/nichos-para-quarto03.jpg\" alt=\"nichos para quarto\" width=\"1024\" height=\"1024\" title=\"\">\t\t<\/figure>\n\t<\/a>\n\t\t<\/div>\n<\/div>\n\t<div class=\"swiper-slide\">\n\t<div class=\"wpcp-single-item\">\n\t\t\t<a class=\"wcp-light-box\" data-buttons='[\"close\"]' data-wpc_url='https:\/\/www.aarquiteta.com.br\/blog\/wp-content\/uploads\/2023\/10\/cortina-para-quarto-de-bebe03.jpg' href=\"https:\/\/www.aarquiteta.com.br\/blog\/wp-content\/uploads\/2023\/10\/cortina-para-quarto-de-bebe03.jpg\" data-fancybox=\"wpcp_view\">\n\t\t<figure>\n\t\t\t<img decoding=\"async\" class=\"skip-lazy\" src=\"https:\/\/www.aarquiteta.com.br\/blog\/wp-content\/uploads\/2023\/10\/cortina-para-quarto-de-bebe03.jpg\" alt=\"cortina para quarto de beb\u00ea\" width=\"1024\" height=\"1024\" title=\"\">\t\t<\/figure>\n\t<\/a>\n\t\t<\/div>\n<\/div>\n\t<div class=\"swiper-slide\">\n\t<div class=\"wpcp-single-item\">\n\t\t\t<a class=\"wcp-light-box\" data-buttons='[\"close\"]' data-wpc_url='https:\/\/www.aarquiteta.com.br\/blog\/wp-content\/uploads\/2023\/10\/cortina-para-quarto-de-bebe01.jpg' href=\"https:\/\/www.aarquiteta.com.br\/blog\/wp-content\/uploads\/2023\/10\/cortina-para-quarto-de-bebe01.jpg\" data-fancybox=\"wpcp_view\">\n\t\t<figure>\n\t\t\t<img decoding=\"async\" class=\"skip-lazy\" src=\"https:\/\/www.aarquiteta.com.br\/blog\/wp-content\/uploads\/2023\/10\/cortina-para-quarto-de-bebe01.jpg\" alt=\"*Cortina para Quarto de Beb\u00ea: Encante e Proteja com Estilo*\" width=\"1024\" height=\"1024\" title=\"\">\t\t<\/figure>\n\t<\/a>\n\t\t<\/div>\n<\/div>\n\t<div class=\"swiper-slide\">\n\t<div class=\"wpcp-single-item\">\n\t\t\t<a class=\"wcp-light-box\" data-buttons='[\"close\"]' data-wpc_url='https:\/\/www.aarquiteta.com.br\/blog\/wp-content\/uploads\/2023\/10\/adesivos-de-parede-para-quarto01.jpg' href=\"https:\/\/www.aarquiteta.com.br\/blog\/wp-content\/uploads\/2023\/10\/adesivos-de-parede-para-quarto01.jpg\" data-fancybox=\"wpcp_view\">\n\t\t<figure>\n\t\t\t<img decoding=\"async\" class=\"skip-lazy\" src=\"https:\/\/www.aarquiteta.com.br\/blog\/wp-content\/uploads\/2023\/10\/adesivos-de-parede-para-quarto01.jpg\" alt=\"Descubra as melhores formas de adesivos de parede para quarto\" width=\"1024\" height=\"1024\" title=\"\">\t\t<\/figure>\n\t<\/a>\n\t\t<\/div>\n<\/div>\n\t<div class=\"swiper-slide\">\n\t<div class=\"wpcp-single-item\">\n\t\t\t<a class=\"wcp-light-box\" data-buttons='[\"close\"]' data-wpc_url='https:\/\/www.aarquiteta.com.br\/blog\/wp-content\/uploads\/2023\/10\/ideias-para-decoracao-de-quarto-04.jpg' href=\"https:\/\/www.aarquiteta.com.br\/blog\/wp-content\/uploads\/2023\/10\/ideias-para-decoracao-de-quarto-04.jpg\" data-fancybox=\"wpcp_view\">\n\t\t<figure>\n\t\t\t<img decoding=\"async\" class=\"skip-lazy\" src=\"https:\/\/www.aarquiteta.com.br\/blog\/wp-content\/uploads\/2023\/10\/ideias-para-decoracao-de-quarto-04.jpg\" alt=\"Sugest\u00f5es para decora\u00e7\u00e3o de quarto: encontre as melhores ideias online!\" width=\"1024\" height=\"1024\" title=\"\">\t\t<\/figure>\n\t<\/a>\n\t\t<\/div>\n<\/div>\n\t<div class=\"swiper-slide\">\n\t<div class=\"wpcp-single-item\">\n\t\t\t<a class=\"wcp-light-box\" data-buttons='[\"close\"]' data-wpc_url='https:\/\/www.aarquiteta.com.br\/blog\/wp-content\/uploads\/2023\/09\/Ideias-de-decoracao-para-quarto-pequeno-1.jpg' href=\"https:\/\/www.aarquiteta.com.br\/blog\/wp-content\/uploads\/2023\/09\/Ideias-de-decoracao-para-quarto-pequeno-1.jpg\" data-fancybox=\"wpcp_view\">\n\t\t<figure>\n\t\t\t<img decoding=\"async\" class=\"skip-lazy\" src=\"https:\/\/www.aarquiteta.com.br\/blog\/wp-content\/uploads\/2023\/09\/Ideias-de-decoracao-para-quarto-pequeno-1.jpg\" alt=\"Ideias de decora\u00e7\u00e3o para quarto pequeno\" width=\"1024\" height=\"1024\" title=\"\">\t\t<\/figure>\n\t<\/a>\n\t\t<\/div>\n<\/div>\n\t<div class=\"swiper-slide\">\n\t<div class=\"wpcp-single-item\">\n\t\t\t<a class=\"wcp-light-box\" data-buttons='[\"close\"]' data-wpc_url='https:\/\/www.aarquiteta.com.br\/blog\/wp-content\/uploads\/2023\/09\/ideias-para-decoracao-de-quarto-1.jpg' href=\"https:\/\/www.aarquiteta.com.br\/blog\/wp-content\/uploads\/2023\/09\/ideias-para-decoracao-de-quarto-1.jpg\" data-fancybox=\"wpcp_view\">\n\t\t<figure>\n\t\t\t<img decoding=\"async\" class=\"skip-lazy\" src=\"https:\/\/www.aarquiteta.com.br\/blog\/wp-content\/uploads\/2023\/09\/ideias-para-decoracao-de-quarto-1.jpg\" alt=\"ideias para decora\u00e7\u00e3o de quarto\" width=\"1024\" height=\"1024\" title=\"\">\t\t<\/figure>\n\t<\/a>\n\t\t<\/div>\n<\/div>\n\t<div class=\"swiper-slide\">\n\t<div class=\"wpcp-single-item\">\n\t\t\t<a class=\"wcp-light-box\" data-buttons='[\"close\"]' data-wpc_url='https:\/\/www.aarquiteta.com.br\/blog\/wp-content\/uploads\/2023\/09\/ideias-para-decoracao-de-quarto.jpg' href=\"https:\/\/www.aarquiteta.com.br\/blog\/wp-content\/uploads\/2023\/09\/ideias-para-decoracao-de-quarto.jpg\" data-fancybox=\"wpcp_view\">\n\t\t<figure>\n\t\t\t<img decoding=\"async\" class=\"skip-lazy\" src=\"https:\/\/www.aarquiteta.com.br\/blog\/wp-content\/uploads\/2023\/09\/ideias-para-decoracao-de-quarto.jpg\" alt=\"ideias para decora\u00e7\u00e3o de quarto\" width=\"1024\" height=\"1024\" title=\"\">\t\t<\/figure>\n\t<\/a>\n\t\t<\/div>\n<\/div>\n\t<div class=\"swiper-slide\">\n\t<div class=\"wpcp-single-item\">\n\t\t\t<a class=\"wcp-light-box\" data-buttons='[\"close\"]' data-wpc_url='https:\/\/www.aarquiteta.com.br\/blog\/wp-content\/uploads\/2023\/09\/ideias-decoracao-de-quarto-infantil-masculino-simples-e-barato-2.png' href=\"https:\/\/www.aarquiteta.com.br\/blog\/wp-content\/uploads\/2023\/09\/ideias-decoracao-de-quarto-infantil-masculino-simples-e-barato-2.png\" data-fancybox=\"wpcp_view\">\n\t\t<figure>\n\t\t\t<img decoding=\"async\" class=\"skip-lazy\" src=\"https:\/\/www.aarquiteta.com.br\/blog\/wp-content\/uploads\/2023\/09\/ideias-decoracao-de-quarto-infantil-masculino-simples-e-barato-2.png\" alt=\"ideias decora\u00e7\u00e3o de quarto infantil masculino simples e barato\" width=\"1024\" height=\"1024\" title=\"\">\t\t<\/figure>\n\t<\/a>\n\t\t<\/div>\n<\/div>\n\t<div class=\"swiper-slide\">\n\t<div class=\"wpcp-single-item\">\n\t\t\t<a class=\"wcp-light-box\" data-buttons='[\"close\"]' data-wpc_url='https:\/\/www.aarquiteta.com.br\/blog\/wp-content\/uploads\/2023\/09\/Quarto-Feminino.png' href=\"https:\/\/www.aarquiteta.com.br\/blog\/wp-content\/uploads\/2023\/09\/Quarto-Feminino.png\" data-fancybox=\"wpcp_view\">\n\t\t<figure>\n\t\t\t<img decoding=\"async\" class=\"skip-lazy\" src=\"https:\/\/www.aarquiteta.com.br\/blog\/wp-content\/uploads\/2023\/09\/Quarto-Feminino.png\" alt=\"Transforme seu Quarto Feminino: Ideias Inspiradoras para Uma Decora\u00e7\u00e3o Personalizada\" width=\"1024\" height=\"1024\" title=\"\">\t\t<\/figure>\n\t<\/a>\n\t\t<\/div>\n<\/div>\n\t<div class=\"swiper-slide\">\n\t<div class=\"wpcp-single-item\">\n\t\t\t<a class=\"wcp-light-box\" data-buttons='[\"close\"]' data-wpc_url='https:\/\/www.aarquiteta.com.br\/blog\/wp-content\/uploads\/2023\/08\/5-Estampas-para-Transformar-a-Decoracao-do-Seu-Quarto-1.png' href=\"https:\/\/www.aarquiteta.com.br\/blog\/wp-content\/uploads\/2023\/08\/5-Estampas-para-Transformar-a-Decoracao-do-Seu-Quarto-1.png\" data-fancybox=\"wpcp_view\">\n\t\t<figure>\n\t\t\t<img decoding=\"async\" class=\"skip-lazy\" src=\"https:\/\/www.aarquiteta.com.br\/blog\/wp-content\/uploads\/2023\/08\/5-Estampas-para-Transformar-a-Decoracao-do-Seu-Quarto-1.png\" alt=\"5 Estampas para Transformar a Decora\u00e7\u00e3o do Seu Quarto\" width=\"1024\" height=\"1024\" title=\"\">\t\t<\/figure>\n\t<\/a>\n\t\t<\/div>\n<\/div>\n\t<div class=\"swiper-slide\">\n\t<div class=\"wpcp-single-item\">\n\t\t\t<a class=\"wcp-light-box\" data-buttons='[\"close\"]' data-wpc_url='https:\/\/www.aarquiteta.com.br\/blog\/wp-content\/uploads\/2023\/08\/5-Estampas-para-Transformar-a-Decoracao-do-Seu-Quarto.png' href=\"https:\/\/www.aarquiteta.com.br\/blog\/wp-content\/uploads\/2023\/08\/5-Estampas-para-Transformar-a-Decoracao-do-Seu-Quarto.png\" data-fancybox=\"wpcp_view\">\n\t\t<figure>\n\t\t\t<img decoding=\"async\" class=\"skip-lazy\" src=\"https:\/\/www.aarquiteta.com.br\/blog\/wp-content\/uploads\/2023\/08\/5-Estampas-para-Transformar-a-Decoracao-do-Seu-Quarto.png\" alt=\"5 Estampas para Transformar a Decora\u00e7\u00e3o do Seu Quarto\" width=\"1024\" height=\"1024\" title=\"\">\t\t<\/figure>\n\t<\/a>\n\t\t<\/div>\n<\/div>\n\t<div class=\"swiper-slide\">\n\t<div class=\"wpcp-single-item\">\n\t\t\t<a class=\"wcp-light-box\" data-buttons='[\"close\"]' data-wpc_url='https:\/\/www.aarquiteta.com.br\/blog\/wp-content\/uploads\/2023\/08\/Dicas-de-Decoracao-para-um-Quarto-de-Casal-Aconchegante-1.png' href=\"https:\/\/www.aarquiteta.com.br\/blog\/wp-content\/uploads\/2023\/08\/Dicas-de-Decoracao-para-um-Quarto-de-Casal-Aconchegante-1.png\" data-fancybox=\"wpcp_view\">\n\t\t<figure>\n\t\t\t<img decoding=\"async\" class=\"skip-lazy\" src=\"https:\/\/www.aarquiteta.com.br\/blog\/wp-content\/uploads\/2023\/08\/Dicas-de-Decoracao-para-um-Quarto-de-Casal-Aconchegante-1.png\" alt=\"Dicas de Decora\u00e7\u00e3o para um Quarto de Casal Aconchegante.\" width=\"1024\" height=\"1024\" title=\"\">\t\t<\/figure>\n\t<\/a>\n\t\t<\/div>\n<\/div>\n\t<div class=\"swiper-slide\">\n\t<div class=\"wpcp-single-item\">\n\t\t\t<a class=\"wcp-light-box\" data-buttons='[\"close\"]' data-wpc_url='https:\/\/www.aarquiteta.com.br\/blog\/wp-content\/uploads\/2023\/08\/quarto-de-casal-pequeno-decorado-de-forma-economica-e-funcional.png' href=\"https:\/\/www.aarquiteta.com.br\/blog\/wp-content\/uploads\/2023\/08\/quarto-de-casal-pequeno-decorado-de-forma-economica-e-funcional.png\" data-fancybox=\"wpcp_view\">\n\t\t<figure>\n\t\t\t<img decoding=\"async\" class=\"skip-lazy\" src=\"https:\/\/www.aarquiteta.com.br\/blog\/wp-content\/uploads\/2023\/08\/quarto-de-casal-pequeno-decorado-de-forma-economica-e-funcional.png\" alt=\"Quarto de Casal Pequeno? Descubra Como Decorar Gastando Pouco!\" width=\"1024\" height=\"1024\" title=\"\">\t\t<\/figure>\n\t<\/a>\n\t\t<\/div>\n<\/div>\n\t\t\t<\/div>\n\t\t\t\t\t<div class=\"wpcp-swiper-dots swiper-pagination\"><\/div>\n\t\t\t\t<!-- If we need navigation buttons -->\n\t\t\t<\/div>\n\t<\/div>\n<\/div>\n\n<p>E para os amantes do &#8220;menos \u00e9 mais&#8221;, o <b>estilo minimalista<\/b> \u00e9 o verdadeiro o\u00e1sis de tranquilidade. Aqui, cada objeto tem seu lugar e prop\u00f3sito, e o espa\u00e7o respira com a leveza de quem sabe que na simplicidade mora a sofistica\u00e7\u00e3o.<\/p>\n<h2>Cores e paleta de cores<\/h2>\n<h3>Cores neutras<\/h3>\n<p>As <b>cores neutras<\/b> s\u00e3o aquelas amigas fi\u00e9is que nunca te deixam na m\u00e3o. Elas s\u00e3o a base perfeita para quem gosta de mudar os acess\u00f3rios sem ter que repintar as paredes a cada esta\u00e7\u00e3o.<\/p>\n<h3>Cores vibrantes<\/h3>\n<p>Se voc\u00ea \u00e9 daqueles que n\u00e3o tem medo de expressar paix\u00e3o, as <b>cores vibrantes<\/b> v\u00e3o colocar fogo no seu quarto de casal. Mas \u00f3, vai com calma na pincelada para n\u00e3o transformar o ref\u00fagio em palco de carnaval, combinado?<\/p>\n<h3>Combina\u00e7\u00e3o de cores<\/h3>\n<figure style=\"width: 1024px\" class=\"wp-caption aligncenter\"><img decoding=\"async\" src=\"https:\/\/www.aarquiteta.com.br\/blog\/wp-content\/uploads\/2024\/03\/Quarto-de-casal-projetado-ideias-e-dicas-para-nao-errar-no-seu.02.jpg\" alt=\"Quarto de casal projetado: ideias e dicas para n\u00e3o errar no seu.\" width=\"1024\" height=\"1024\" title=\"\"><figcaption class=\"wp-caption-text\">Quarto de casal projetado: ideias e dicas para n\u00e3o errar no seu.<\/figcaption><\/figure>\n<p>A <b>combina\u00e7\u00e3o de cores<\/b> \u00e9 como um casamento: tem que ter harmonia, mas tamb\u00e9m precisa de um pitaco de surpresa para manter a chama acesa. Encontre o equil\u00edbrio e veja a magia acontecer.<\/p>\n<h2>M\u00f3veis e layout<\/h2>\n<h3>Cama<\/h3>\n<p>A cama \u00e9 a rainha do quarto, n\u00e9? Ent\u00e3o, escolha uma que te fa\u00e7a sentir nas nuvens e que combine com o estilo escolhido. E lembre-se: posi\u00e7\u00e3o \u00e9 tudo! Deixe-a em um lugar que te permita ver o mundo deitado, mas sem atrapalhar o fluxo do amor.<\/p>\n<h3>Criados-mudos<\/h3>\n<figure style=\"width: 1024px\" class=\"wp-caption aligncenter\"><img decoding=\"async\" src=\"https:\/\/www.aarquiteta.com.br\/blog\/wp-content\/uploads\/2024\/03\/Quarto-de-casal-projetado-ideias-e-dicas-para-nao-errar-no-seu.01.jpg\" alt=\"Quarto de casal projetado: ideias e dicas para n\u00e3o errar no seu.\" width=\"1024\" height=\"1024\" title=\"\"><figcaption class=\"wp-caption-text\">Quarto de casal projetado: ideias e dicas para n\u00e3o errar no seu.<\/figcaption><\/figure>\n<p>Os <b>criados-mudos<\/b> s\u00e3o os melhores amigos da cama. Eles guardam segredos, livros e aquele copo d&#8217;\u00e1gua da madrugada. Escolha modelos que conversem com a cama, mas que tamb\u00e9m tenham sua pr\u00f3pria personalidade.<\/p>\n<h3>Guarda-roupa<\/h3>\n<p>O <b>guarda-roupa<\/b> n\u00e3o \u00e9 s\u00f3 um lugar para pendurar roupas, \u00e9 um santu\u00e1rio de estilo pessoal. Opte por um que seja espa\u00e7oso, mas que n\u00e3o roube a cena. Afinal, o quarto \u00e9 de casal, n\u00e3o do guarda-roupa.<\/p>\n<h2>Ilumina\u00e7\u00e3o adequada<\/h2>\n<h3>Lumin\u00e1rias de teto<\/h3>\n<figure style=\"width: 1024px\" class=\"wp-caption aligncenter\"><img decoding=\"async\" src=\"https:\/\/www.aarquiteta.com.br\/blog\/wp-content\/uploads\/2024\/03\/Quarto-de-casal-projetado-ideias-e-dicas-para-nao-errar-no-seu.03.jpg\" alt=\"Quarto de casal projetado: ideias e dicas para n\u00e3o errar no seu.\" width=\"1024\" height=\"1024\" title=\"\"><figcaption class=\"wp-caption-text\">Quarto de casal projetado: ideias e dicas para n\u00e3o errar no seu.<\/figcaption><\/figure>\n<p>As <b>lumin\u00e1rias de teto<\/b> s\u00e3o como o sol do seu quarto: elas iluminam e d\u00e3o vida ao espa\u00e7o. Escolha uma que seja funcional, mas que tamb\u00e9m adicione aquele toque de estilo ao ambiente.<\/p>\n<h3>Abajures<\/h3>\n<p>Os <b>abajures<\/b> s\u00e3o os sussurros de luz que criam o clima perfeito para relaxar ou para uma leitura tranquila. Eles s\u00e3o os detalhes que fazem toda a diferen\u00e7a na hora de decorar.<\/p>\n<h3>Fitas de LED<\/h3>\n<p>As <b>fitas de LED<\/b> s\u00e3o a cereja do bolo da ilumina\u00e7\u00e3o moderna. Elas criam efeitos incr\u00edveis e ainda ajudam a economizar na conta de luz. \u00c9 ou n\u00e3o \u00e9 para aplaudir de p\u00e9?<\/p>\n<h2>T\u00eaxteis e acess\u00f3rios<\/h2>\n<h3>Roupas de cama<\/h3>\n<p>As <b>roupas de cama<\/b> s\u00e3o o abra\u00e7o quente que a gente recebe ao fim do dia. Escolha tecidos que te fa\u00e7am querer cancelar todos os compromissos s\u00f3 para ficar mais cinco minutinhos na cama.<\/p>\n<h3>Almofadas<\/h3>\n<p style=\"text-align: center;\">[amazon table=&#8221;88203&#8243;]\n<p>As <b>almofadas<\/b> s\u00e3o as pequenas alegrias do quarto. Elas adicionam cor, textura e conforto. E o melhor: voc\u00ea pode troc\u00e1-las quando quiser para dar uma cara nova ao ambiente.<\/p>\n<h3>Tapetes<\/h3>\n<p>Os <b>tapetes<\/b> s\u00e3o o solo sagrado do quarto. Eles protegem seus p\u00e9s do frio e ainda d\u00e3o um toque de aconchego. Escolha um que seja gostoso de pisar e que combine com o resto da decora\u00e7\u00e3o.<\/p>\n<h2>Espa\u00e7os de armazenamento<\/h2>\n<h3>Prateleiras<\/h3>\n<p>As <b>prateleiras<\/b> s\u00e3o as guardi\u00e3s dos seus tesouros. Livros, fotos, lembran\u00e7as de viagens&#8230; tudo fica organizado e ao alcance dos olhos e das m\u00e3os.<\/p>\n<h3>Ba\u00fas<\/h3>\n<p>Os <b>ba\u00fas<\/b> s\u00e3o como as cavernas do Ali Bab\u00e1: escondem riquezas e ajudam a manter o quarto livre da bagun\u00e7a. Al\u00e9m disso, d\u00e3o um charme todo especial ao ambiente.<\/p>\n<h3>Gavetas embutidas<\/h3>\n<p>As <b>gavetas embutidas<\/b> s\u00e3o as espi\u00e3s da organiza\u00e7\u00e3o. Elas se misturam ao ambiente e guardam tudo o que voc\u00ea precisa sem fazer alarde. \u00c9 a solu\u00e7\u00e3o perfeita para quem gosta de manter o mist\u00e9rio.<\/p>\n<h2>Toques pessoais e elementos decorativos<\/h2>\n<h3>Quadros<\/h3>\n<p>Os <b>quadros<\/b> s\u00e3o as janelas da alma do quarto. Escolha obras que falem ao cora\u00e7\u00e3o e que adicionem aquele toque de cultura e sofistica\u00e7\u00e3o ao ambiente.<\/p>\n<h3>Plantas<\/h3>\n<p>As <b>plantas<\/b> s\u00e3o as companheiras verdes que trazem vida e frescor ao quarto. Elas purificam o ar e ainda d\u00e3o aquela sensa\u00e7\u00e3o de estar em um o\u00e1sis particular.<\/p>\n<h3>Espelhos<\/h3>\n<p>Os <b>espelhos<\/b> s\u00e3o os m\u00e1gicos do quarto. Eles ampliam o espa\u00e7o, refletem a luz e ainda te permitem dar aquela conferida no visual antes de sair para conquistar o mundo.<\/p>\n<h2>Uso inteligente do espa\u00e7o<\/h2>\n<h3>M\u00f3veis multifuncionais<\/h3>\n<p>Os <b>m\u00f3veis multifuncionais<\/b> s\u00e3o os her\u00f3is do quarto pequeno. Eles se transformam, se adaptam e ainda guardam seus segredos. \u00c9 a praticidade e a intelig\u00eancia a servi\u00e7o do amor.<\/p>\n<h3>Espelhos para ampliar o ambiente<\/h3>\n<p>J\u00e1 falei dos espelhos, mas eles merecem um bis. Al\u00e9m de tudo que j\u00e1 disse, eles s\u00e3o como po\u00e7\u00f5es m\u00e1gicas que dobram o tamanho do quarto sem precisar derrubar paredes.<\/p>\n<h3>Organizadores de closet<\/h3>\n<p>Os <b>organizadores de closet<\/b> s\u00e3o os maestros da orquestra da moda. Com eles, cada pe\u00e7a de roupa tem seu lugar, e voc\u00ea nunca mais vai perder tempo procurando aquela camisa que sumiu como por encanto.<\/p>\n<h2>Harmonia e equil\u00edbrio<\/h2>\n<h3>Simetria<\/h3>\n<p>A <b>simetria<\/b> \u00e9 a dan\u00e7a dos elementos em pares. Ela traz equil\u00edbrio e paz ao olhar, criando um ambiente onde tudo parece estar no lugar certo.<\/p>\n<h3>Propor\u00e7\u00e3o<\/h3>\n<p>A <b>propor\u00e7\u00e3o<\/b> \u00e9 a chave para que tudo no quarto converse entre si sem gritaria. \u00c9 o equil\u00edbrio perfeito entre o tamanho dos m\u00f3veis e o espa\u00e7o dispon\u00edvel.<\/p>\n<h3>Contraste<\/h3>\n<p>O <b>contraste<\/b> \u00e9 o tempero da decora\u00e7\u00e3o. Ele cria pontos de interesse e quebra a monotonia. Mas \u00f3, sem exageros, para n\u00e3o virar um quarto de briga, t\u00e1?<\/p>\n<h2>Conforto e aconchego<\/h2>\n<h3>Tapetes felpudos<\/h3>\n<p>Os <b>tapetes felpudos<\/b> s\u00e3o como nuvens no ch\u00e3o. Eles convidam os p\u00e9s para um passeio suave e ainda d\u00e3o aquele toque de luxo despretensioso.<\/p>\n<h3>Cortinas blackout<\/h3>\n<p>As <b>cortinas blackout<\/b> s\u00e3o as guardi\u00e3s do seu sono. Elas bloqueiam a luz quando voc\u00ea quer dormir at\u00e9 mais tarde e ainda ajudam a manter a temperatura do quarto sempre agrad\u00e1vel.<\/p>\n<h3>Cabeceira acolchoada<\/h3>\n","protected":false},"excerpt":{"rendered":"<p>Ah, o quarto de casal, aquele cantinho de paz e amor, onde cada detalhe conta uma hist\u00f3ria e cada escolha reflete um pedacinho da alma. Vamos embarcar juntos nessa jornada de transformar esse espa\u00e7o em um verdadeiro ninho de aconchego e estilo? Prepara o caf\u00e9 e vem comigo! Contexto Breve: Estilo e personalidade: A escolha [&hellip;]<\/p>\n","protected":false},"author":102,"featured_media":107822,"comment_status":"closed","ping_status":"closed","sticky":false,"template":"","format":"standard","meta":{"footnotes":""},"categories":[1484],"tags":[],"class_list":["post-107825","post","type-post","status-publish","format-standard","has-post-thumbnail","category-decoracao"],"_wp_attached_file":null,"_wp_attachment_metadata":null,"_wp_attachment_context":null,"_wp_attachment_is_custom_header":null,"geo_longitude":null,"geo_public":null,"geo_latitude":null,"_publicize_done_external":null,"_wpas_done_3897181":null,"publicize_twitter_user":null,"_wpas_done_3897175":null,"_wpas_skip_3897181":null,"_wpas_skip_3897175":null,"_wpas_skip_3924723":null,"_wpas_mess":null,"_wpas_done_3924723":null,"wps_subtitle":"","_links":{"self":[{"href":"https:\/\/www.aarquiteta.com.br\/blog\/wp-json\/wp\/v2\/posts\/107825","targetHints":{"allow":["GET"]}}],"collection":[{"href":"https:\/\/www.aarquiteta.com.br\/blog\/wp-json\/wp\/v2\/posts"}],"about":[{"href":"https:\/\/www.aarquiteta.com.br\/blog\/wp-json\/wp\/v2\/types\/post"}],"author":[{"embeddable":true,"href":"https:\/\/www.aarquiteta.com.br\/blog\/wp-json\/wp\/v2\/users\/102"}],"replies":[{"embeddable":true,"href":"https:\/\/www.aarquiteta.com.br\/blog\/wp-json\/wp\/v2\/comments?post=107825"}],"version-history":[{"count":0,"href":"https:\/\/www.aarquiteta.com.br\/blog\/wp-json\/wp\/v2\/posts\/107825\/revisions"}],"wp:featuredmedia":[{"embeddable":true,"href":"https:\/\/www.aarquiteta.com.br\/blog\/wp-json\/wp\/v2\/media\/107822"}],"wp:attachment":[{"href":"https:\/\/www.aarquiteta.com.br\/blog\/wp-json\/wp\/v2\/media?parent=107825"}],"wp:term":[{"taxonomy":"category","embeddable":true,"href":"https:\/\/www.aarquiteta.com.br\/blog\/wp-json\/wp\/v2\/categories?post=107825"},{"taxonomy":"post_tag","embeddable":true,"href":"https:\/\/www.aarquiteta.com.br\/blog\/wp-json\/wp\/v2\/tags?post=107825"}],"curies":[{"name":"wp","href":"https:\/\/api.w.org\/{rel}","templated":true}]}}