{"id":107785,"date":"2024-03-06T19:57:00","date_gmt":"2024-03-06T22:57:00","guid":{"rendered":"http:\/\/aarquiteta.com.br\/sala-boho-pequena\/"},"modified":"2024-07-03T12:38:57","modified_gmt":"2024-07-03T15:38:57","slug":"sala-boho-pequena","status":"publish","type":"post","link":"https:\/\/www.aarquiteta.com.br\/blog\/sala-boho-pequena\/","title":{"rendered":"Aconchego e Estilo: Como Criar uma Pequena Sala Boho Cheia de Personalidade"},"content":{"rendered":"<p><body><\/p>\n<p>Ol\u00e1! Hoje vou abrir as portas da minha sala e compartilhar com voc\u00eas como transformei meu cantinho apertado num o\u00e1sis boho cheio de personalidade. Sabe, o estilo boho \u00e9 aquele abra\u00e7o quentinho de uma manta colorida, \u00e9 a liberdade de misturar texturas e cores sem medo de ser feliz. E quando o espa\u00e7o \u00e9 pequeno, a criatividade precisa ser grande, n\u00e3o \u00e9 mesmo? Ent\u00e3o, bora l\u00e1 descobrir como fazer essa m\u00e1gica acontecer!<\/p>\n<ul>\n<li><strong>Estilo boho:<\/strong> Uma mistura ecl\u00e9tica de cores, padr\u00f5es e texturas que reflete uma vibe despojada e art\u00edstica.<\/li>\n<li><strong>Decora\u00e7\u00e3o funcional:<\/strong> M\u00f3veis multifuncionais e solu\u00e7\u00f5es de armazenamento inteligentes para otimizar o espa\u00e7o.<\/li>\n<li><strong>Personaliza\u00e7\u00e3o:<\/strong> Adicionar toques pessoais com objetos de viagem e artesanato local para criar um ambiente \u00fanico.<\/li>\n<\/ul>\n<h2>Escolha de Cores<\/h2>\n<h3>Cores vibrantes<\/h3>\n<figure style=\"width: 1024px\" class=\"wp-caption aligncenter\"><img decoding=\"async\" src=\"https:\/\/www.aarquiteta.com.br\/blog\/wp-content\/uploads\/2024\/03\/sala-boho-pequena04.jpg\" alt=\"sala boho pequena\" width=\"1024\" height=\"1024\" title=\"\"><figcaption class=\"wp-caption-text\">sala boho pequena<\/figcaption><\/figure>\n<p>Quem disse que sala pequena tem que ser sem gra\u00e7a? Eu adoro dar uma <strong>pitada de cor<\/strong> no meu espa\u00e7o. Um azul turquesa aqui, um amarelinho acol\u00e1, e pronto, o ambiente j\u00e1 ganha outra cara. Mas \u00f3, o segredo \u00e9 equilibrar para n\u00e3o ficar parecendo um arco-\u00edris que caiu do c\u00e9u, t\u00e1?<\/p>\n<h3>Cores neutras<\/h3>\n<p>Claro que, para n\u00e3o deixar a sala parecendo uma festa junina o ano todo, eu tamb\u00e9m uso cores neutras. Elas s\u00e3o como o arroz do feij\u00e3o tropeiro: fundamentais. Bege, cinza, branco&#8230; essas cores s\u00e3o a base que permite que os <strong>detalhes coloridos<\/strong> brilhem sem ofuscar o conjunto.<\/p>\n<h2>M\u00f3veis e Acess\u00f3rios<\/h2>\n<h3>M\u00f3veis multifuncionais<\/h3>\n<p>Sala boho pequena<br \/>\n<style id=\"wp_carousel_dynamic_css104046\">.sp-wp-carousel-free-id-104046.wpcf-fancybox-wrapper .fancybox-bg{background: #0b0b0b;opacity: 0.8;}.sp-wp-carousel-free-id-104046.wpcf-fancybox-wrapper .fancybox-navigation .fancybox-button .wpcp-fancybox-nav-arrow i {color: #ccc;}.sp-wp-carousel-free-id-104046.wpcf-fancybox-wrapper .fancybox-navigation .fancybox-button .wpcp-fancybox-nav-arrow i:hover {color: #fff;}.sp-wp-carousel-free-id-104046.wpcf-fancybox-wrapper .fancybox-navigation .fancybox-button {background: #1e1e1e;}.sp-wp-carousel-free-id-104046.wpcf-fancybox-wrapper .fancybox-navigation .fancybox-button:hover {background: #1e1e1e;}#sp-wp-carousel-free-id-104046 .wpcp-swiper-dots {margin: 40px 0px 0px 0px;}.wpcp-wrapper-104046 .swiper-wrapper .swiper-slide-kenburn, .wpcp-wrapper-104046 .swiper-wrapper, .wpcp-wrapper-104046 .wpcpro-row{align-items: center;}#sp-wp-carousel-free-id-104046 .wpcp-single-item {box-shadow: 0px 0px 0px 0px #dddddd;transition: all .3s;margin: 0px;}#sp-wp-carousel-free-id-104046.swiper-flip .wpcp-single-item{margin: 0!important;}#sp-wp-carousel-free-id-104046 .wpcp-single-item:hover {box-shadow: 0px 0px 0px 0px #dddddd;}#sp-wp-carousel-free-id-104046.sp-wpcp-104046 .wpcp-single-item {border: 1px solid #dddddd;}#sp-wp-carousel-free-id-104046.sp-wpcp-104046 .swiper-button-prev,#sp-wp-carousel-free-id-104046.sp-wpcp-104046 .swiper-button-next,#sp-wp-carousel-free-id-104046.sp-wpcp-104046 .swiper-button-prev:hover,#sp-wp-carousel-free-id-104046.sp-wpcp-104046 .swiper-button-next:hover {background: none;border: none;font-size: 30px;}#sp-wp-carousel-free-id-104046.sp-wpcp-104046 .swiper-button-prev i,#sp-wp-carousel-free-id-104046.sp-wpcp-104046 .swiper-button-next i {color: #aaa;}#sp-wp-carousel-free-id-104046.sp-wpcp-104046 .swiper-button-prev i:hover,#sp-wp-carousel-free-id-104046.sp-wpcp-104046 .swiper-button-next i:hover {color: #178087;}#sp-wp-carousel-free-id-104046.sp-wpcp-104046 .wpcp-swiper-dots .swiper-pagination-bullet {background-color: #cccccc;}#sp-wp-carousel-free-id-104046.sp-wpcp-104046 .wpcp-swiper-dots .swiper-pagination-bullet.swiper-pagination-bullet-active {background-color: #178087;} #sp-wp-carousel-free-id-104046.sp-wpcp-104046.wpcp-image-carousel .wpcp-single-item:hover img, #sp-wp-carousel-free-id-104046.sp-wpcp-104046.wpcp-post-carousel .wpcp-single-item:hover img, #sp-wp-carousel-free-id-104046.sp-wpcp-104046.wpcp-product-carousel .wpcp-single-item:hover img{-webkit-transform: scale(1.2);-moz-transform: scale(1.2);transform: scale(1.2);}#sp-wp-carousel-free-id-104046 .wpcpro-row>[class*=\"wpcpro-col-\"] { padding: 0 10px; padding-bottom: 20px;} #sp-wp-carousel-free-id-104046 .swiper-slide .single-item-fade:not(:last-child) { margin-right: 20px;}@media (min-width: 480px) { .wpcpro-row .wpcpro-col-sm-1 { flex: 0 0 100%; max-width: 100%; } .wpcpro-row .wpcpro-col-sm-2 { flex: 0 0 50%; max-width: 50%; } .wpcpro-row .wpcpro-col-sm-2-5 { flex: 0 0 75%; max-width: 75%; } .wpcpro-row .wpcpro-col-sm-3 { flex: 0 0 33.333%; max-width: 33.333%; } .wpcpro-row .wpcpro-col-sm-4 { flex: 0 0 25%; max-width: 25%; } .wpcpro-row .wpcpro-col-sm-5 { flex: 0 0 20%; max-width: 20%; } .wpcpro-row .wpcpro-col-sm-6 { flex: 0 0 16.66666666666667%; max-width: 16.66666666666667%; } .wpcpro-row .wpcpro-col-sm-7 { flex: 0 0 14.28571428%; max-width: 14.28571428%; } .wpcpro-row .wpcpro-col-sm-8 { flex: 0 0 12.5%; max-width: 12.5%; } } @media (max-width: 480px) { .wpcpro-row .wpcpro-col-xs-1 { flex: 0 0 100%; max-width: 100%; } .wpcpro-row .wpcpro-col-xs-2 { flex: 0 0 50%; max-width: 50%; } .wpcpro-row .wpcpro-col-xs-3 { flex: 0 0 33.222%; max-width: 33.222%; } .wpcpro-row .wpcpro-col-xs-4 { flex: 0 0 25%; max-width: 25%; } .wpcpro-row .wpcpro-col-xs-5 { flex: 0 0 20%; max-width: 20%; } .wpcpro-row .wpcpro-col-xs-6 { flex: 0 0 16.6667%; max-width: 16.6667%; } .wpcpro-row .wpcpro-col-xs-7 { flex: 0 0 14.28571428%; max-width: 14.28571428%; } .wpcpro-row .wpcpro-col-xs-8 { flex: 0 0 12.5%; max-width: 12.5%; } } @media (min-width: 736px) { .wpcpro-row .wpcpro-col-md-1 { flex: 0 0 100%; max-width: 100%; } .wpcpro-row .wpcpro-col-md-2 { flex: 0 0 50%; max-width: 50%; } .wpcpro-row .wpcpro-col-md-2-5 { flex: 0 0 75%; max-width: 75%; } .wpcpro-row .wpcpro-col-md-3 { flex: 0 0 33.333%; max-width: 33.333%; } .wpcpro-row .wpcpro-col-md-4 { flex: 0 0 25%; max-width: 25%; } .wpcpro-row .wpcpro-col-md-5 { flex: 0 0 20%; max-width: 20%; } .wpcpro-row .wpcpro-col-md-6 { flex: 0 0 16.66666666666667%; max-width: 16.66666666666667%; } .wpcpro-row .wpcpro-col-md-7 { flex: 0 0 14.28571428%; max-width: 14.28571428%; } .wpcpro-row .wpcpro-col-md-8 { flex: 0 0 12.5%; max-width: 12.5%; } } @media (min-width: 980px) { .wpcpro-row .wpcpro-col-lg-1 { flex: 0 0 100%; max-width: 100%; } .wpcpro-row .wpcpro-col-lg-2 { flex: 0 0 50%; max-width: 50%; } .wpcpro-row .wpcpro-col-lg-3 { flex: 0 0 33.222%; max-width: 33.222%; } .wpcpro-row .wpcpro-col-lg-4 { flex: 0 0 25%; max-width: 25%; } .wpcpro-row .wpcpro-col-lg-5 { flex: 0 0 20%; max-width: 20%; } .wpcpro-row .wpcpro-col-lg-6 { flex: 0 0 16.6667%; max-width: 16.6667%; } .wpcpro-row .wpcpro-col-lg-7 { flex: 0 0 14.28571428%; max-width: 14.28571428%; } .wpcpro-row .wpcpro-col-lg-8 { flex: 0 0 12.5%; max-width: 12.5%; } } @media (min-width: 1200px) { .wpcpro-row .wpcpro-col-xl-1 { flex: 0 0 100%; max-width: 100%; } .wpcpro-row .wpcpro-col-xl-2 { flex: 0 0 50%; max-width: 50%; } .wpcpro-row .wpcpro-col-xl-3 { flex: 0 0 33.22222222%; max-width: 33.22222222%; } .wpcpro-row .wpcpro-col-xl-4 { flex: 0 0 25%; max-width: 25%; } .wpcpro-row .wpcpro-col-xl-5 { flex: 0 0 20%; max-width: 20%; } .wpcpro-row .wpcpro-col-xl-6 { flex: 0 0 16.66667%; max-width: 16.66667%; } .wpcpro-row .wpcpro-col-xl-7 { flex: 0 0 14.28571428%; max-width: 14.28571428%; } .wpcpro-row .wpcpro-col-xl-8 { flex: 0 0 12.5%; max-width: 12.5%; } }<\/style><div class=\"wpcp-carousel-wrapper wpcp-wrapper-104046\">\n\t<div id=\"wpcp-preloader-104046\" class=\"wpcp-carousel-preloader\"><img decoding=\"async\" src=\"https:\/\/www.aarquiteta.com.br\/blog\/wp-content\/plugins\/wp-carousel-free\/public\/css\/spinner.svg\" alt=\"Preloader Image\" title=\"\"><\/div>\t<div class=\"wpcp-carousel-content-wrapper\">\n\t<div id=\"sp-wp-carousel-free-id-104046\" class=\"wpcp-carousel-section sp-wpcp-104046  nav-vertical-center wpcp-image-carousel wpcp-preloader wpcp-standard\" data-swiper='{ &quot;pagination_type&quot;: &quot;dots&quot;,&quot;accessibility&quot;:true, &quot;spaceBetween&quot;:20, &quot;arrows&quot;:false, &quot;freeMode&quot;: false, &quot;autoplay&quot;:true, &quot;effect&quot;: &quot;&quot;, &quot;centerMode&quot;: false, &quot;autoplaySpeed&quot;:3000, &quot;dots&quot;:true, &quot;infinite&quot;:true, &quot;speed&quot;:600, &quot;pauseOnHover&quot;:true,\n\t\t\t&quot;slidesToShow&quot;:{&quot;lg_desktop&quot;:5, &quot;desktop&quot;: 4, &quot;laptop&quot;: 3, &quot;tablet&quot;: 2, &quot;mobile&quot;: 1}, &quot;responsive&quot;:{&quot;desktop&quot;:1200, &quot;laptop&quot;: 980, &quot;tablet&quot;: 736, &quot;mobile&quot;: 480}, &quot;rtl&quot;:false, &quot;lazyLoad&quot;: &quot;false&quot;, &quot;swipe&quot;: true, &quot;draggable&quot;: true, &quot;swipeToSlide&quot;:false }' dir=\"ltr\">\n\t\t<div class=\"swiper-wrapper\">\n\t\t<div class=\"swiper-slide\">\n\t<div class=\"wpcp-single-item\">\n\t\t\t<a class=\"wcp-light-box\" data-buttons='[\"close\"]' data-wpc_url='https:\/\/www.aarquiteta.com.br\/blog\/wp-content\/uploads\/2024\/01\/transformei-sala-estar-refugio-aconchegante02.jpg' href=\"https:\/\/www.aarquiteta.com.br\/blog\/wp-content\/uploads\/2024\/01\/transformei-sala-estar-refugio-aconchegante02.jpg\" data-fancybox=\"wpcp_view\">\n\t\t<figure>\n\t\t\t<img decoding=\"async\" class=\"skip-lazy\" src=\"https:\/\/www.aarquiteta.com.br\/blog\/wp-content\/uploads\/2024\/01\/transformei-sala-estar-refugio-aconchegante02.jpg\" alt=\"transformei-sala-estar-refugio-aconchegante\" width=\"1024\" height=\"1024\" title=\"\">\t\t<\/figure>\n\t<\/a>\n\t\t<\/div>\n<\/div>\n\t<div class=\"swiper-slide\">\n\t<div class=\"wpcp-single-item\">\n\t\t\t<a class=\"wcp-light-box\" data-buttons='[\"close\"]' data-wpc_url='https:\/\/www.aarquiteta.com.br\/blog\/wp-content\/uploads\/2023\/12\/plantas-na-sala-de-estar02.jpg' href=\"https:\/\/www.aarquiteta.com.br\/blog\/wp-content\/uploads\/2023\/12\/plantas-na-sala-de-estar02.jpg\" data-fancybox=\"wpcp_view\">\n\t\t<figure>\n\t\t\t<img decoding=\"async\" class=\"skip-lazy\" src=\"https:\/\/www.aarquiteta.com.br\/blog\/wp-content\/uploads\/2023\/12\/plantas-na-sala-de-estar02.jpg\" alt=\"plantas na sala de estar\" width=\"1024\" height=\"1024\" title=\"\">\t\t<\/figure>\n\t<\/a>\n\t\t<\/div>\n<\/div>\n\t<div class=\"swiper-slide\">\n\t<div class=\"wpcp-single-item\">\n\t\t\t<a class=\"wcp-light-box\" data-buttons='[\"close\"]' data-wpc_url='https:\/\/www.aarquiteta.com.br\/blog\/wp-content\/uploads\/2023\/12\/Elementos-em-Espacos-Modernos-da-Sala-de-Estar-e-Jantar-1.jpg' href=\"https:\/\/www.aarquiteta.com.br\/blog\/wp-content\/uploads\/2023\/12\/Elementos-em-Espacos-Modernos-da-Sala-de-Estar-e-Jantar-1.jpg\" data-fancybox=\"wpcp_view\">\n\t\t<figure>\n\t\t\t<img decoding=\"async\" class=\"skip-lazy\" src=\"https:\/\/www.aarquiteta.com.br\/blog\/wp-content\/uploads\/2023\/12\/Elementos-em-Espacos-Modernos-da-Sala-de-Estar-e-Jantar-1.jpg\" alt=\"Elementos em Espa\u00e7os Modernos da Sala de Estar e Jantar\" width=\"1024\" height=\"1024\" title=\"\">\t\t<\/figure>\n\t<\/a>\n\t\t<\/div>\n<\/div>\n\t<div class=\"swiper-slide\">\n\t<div class=\"wpcp-single-item\">\n\t\t\t<a class=\"wcp-light-box\" data-buttons='[\"close\"]' data-wpc_url='https:\/\/www.aarquiteta.com.br\/blog\/wp-content\/uploads\/2023\/11\/sala-de-estar-sofisticada02.jpg' href=\"https:\/\/www.aarquiteta.com.br\/blog\/wp-content\/uploads\/2023\/11\/sala-de-estar-sofisticada02.jpg\" data-fancybox=\"wpcp_view\">\n\t\t<figure>\n\t\t\t<img decoding=\"async\" class=\"skip-lazy\" src=\"https:\/\/www.aarquiteta.com.br\/blog\/wp-content\/uploads\/2023\/11\/sala-de-estar-sofisticada02.jpg\" alt=\"sala de estar sofisticada\" width=\"1024\" height=\"1024\" title=\"\">\t\t<\/figure>\n\t<\/a>\n\t\t<\/div>\n<\/div>\n\t<div class=\"swiper-slide\">\n\t<div class=\"wpcp-single-item\">\n\t\t\t<a class=\"wcp-light-box\" data-buttons='[\"close\"]' data-wpc_url='https:\/\/www.aarquiteta.com.br\/blog\/wp-content\/uploads\/2023\/11\/5-dicas-para-uma-mini-sala-de-estar-planejada04.jpg' href=\"https:\/\/www.aarquiteta.com.br\/blog\/wp-content\/uploads\/2023\/11\/5-dicas-para-uma-mini-sala-de-estar-planejada04.jpg\" data-fancybox=\"wpcp_view\">\n\t\t<figure>\n\t\t\t<img decoding=\"async\" class=\"skip-lazy\" src=\"https:\/\/www.aarquiteta.com.br\/blog\/wp-content\/uploads\/2023\/11\/5-dicas-para-uma-mini-sala-de-estar-planejada04.jpg\" alt=\"5 dicas para uma mini sala de estar planejada\" width=\"1024\" height=\"1024\" title=\"\">\t\t<\/figure>\n\t<\/a>\n\t\t<\/div>\n<\/div>\n\t<div class=\"swiper-slide\">\n\t<div class=\"wpcp-single-item\">\n\t\t\t<a class=\"wcp-light-box\" data-buttons='[\"close\"]' data-wpc_url='https:\/\/www.aarquiteta.com.br\/blog\/wp-content\/uploads\/2023\/11\/sala-de-estar-sofisticada04.jpg' href=\"https:\/\/www.aarquiteta.com.br\/blog\/wp-content\/uploads\/2023\/11\/sala-de-estar-sofisticada04.jpg\" data-fancybox=\"wpcp_view\">\n\t\t<figure>\n\t\t\t<img decoding=\"async\" class=\"skip-lazy\" src=\"https:\/\/www.aarquiteta.com.br\/blog\/wp-content\/uploads\/2023\/11\/sala-de-estar-sofisticada04.jpg\" alt=\"sala de estar sofisticada\" width=\"1024\" height=\"1024\" title=\"\">\t\t<\/figure>\n\t<\/a>\n\t\t<\/div>\n<\/div>\n\t<div class=\"swiper-slide\">\n\t<div class=\"wpcp-single-item\">\n\t\t\t<a class=\"wcp-light-box\" data-buttons='[\"close\"]' data-wpc_url='https:\/\/www.aarquiteta.com.br\/blog\/wp-content\/uploads\/2023\/11\/sala-de-estar-sofisticada03.jpg' href=\"https:\/\/www.aarquiteta.com.br\/blog\/wp-content\/uploads\/2023\/11\/sala-de-estar-sofisticada03.jpg\" data-fancybox=\"wpcp_view\">\n\t\t<figure>\n\t\t\t<img decoding=\"async\" class=\"skip-lazy\" src=\"https:\/\/www.aarquiteta.com.br\/blog\/wp-content\/uploads\/2023\/11\/sala-de-estar-sofisticada03.jpg\" alt=\"sala de estar sofisticada\" width=\"1024\" height=\"1024\" title=\"\">\t\t<\/figure>\n\t<\/a>\n\t\t<\/div>\n<\/div>\n\t<div class=\"swiper-slide\">\n\t<div class=\"wpcp-single-item\">\n\t\t\t<a class=\"wcp-light-box\" data-buttons='[\"close\"]' data-wpc_url='https:\/\/www.aarquiteta.com.br\/blog\/wp-content\/uploads\/2023\/11\/sala-de-estar-sofisticada04.jpg' href=\"https:\/\/www.aarquiteta.com.br\/blog\/wp-content\/uploads\/2023\/11\/sala-de-estar-sofisticada04.jpg\" data-fancybox=\"wpcp_view\">\n\t\t<figure>\n\t\t\t<img decoding=\"async\" class=\"skip-lazy\" src=\"https:\/\/www.aarquiteta.com.br\/blog\/wp-content\/uploads\/2023\/11\/sala-de-estar-sofisticada04.jpg\" alt=\"sala de estar sofisticada\" width=\"1024\" height=\"1024\" title=\"\">\t\t<\/figure>\n\t<\/a>\n\t\t<\/div>\n<\/div>\n\t<div class=\"swiper-slide\">\n\t<div class=\"wpcp-single-item\">\n\t\t\t<a class=\"wcp-light-box\" data-buttons='[\"close\"]' data-wpc_url='https:\/\/www.aarquiteta.com.br\/blog\/wp-content\/uploads\/2023\/10\/ideias-de-decoracao-para-sala-04.jpg' href=\"https:\/\/www.aarquiteta.com.br\/blog\/wp-content\/uploads\/2023\/10\/ideias-de-decoracao-para-sala-04.jpg\" data-fancybox=\"wpcp_view\">\n\t\t<figure>\n\t\t\t<img decoding=\"async\" class=\"skip-lazy\" src=\"https:\/\/www.aarquiteta.com.br\/blog\/wp-content\/uploads\/2023\/10\/ideias-de-decoracao-para-sala-04.jpg\" alt=\"Ideias e sugest\u00f5es para decora\u00e7\u00e3o de salas de estar\" width=\"1024\" height=\"1024\" title=\"\">\t\t<\/figure>\n\t<\/a>\n\t\t<\/div>\n<\/div>\n\t<div class=\"swiper-slide\">\n\t<div class=\"wpcp-single-item\">\n\t\t\t<a class=\"wcp-light-box\" data-buttons='[\"close\"]' data-wpc_url='https:\/\/www.aarquiteta.com.br\/blog\/wp-content\/uploads\/2023\/07\/espelhos-decorativos-2.png' href=\"https:\/\/www.aarquiteta.com.br\/blog\/wp-content\/uploads\/2023\/07\/espelhos-decorativos-2.png\" data-fancybox=\"wpcp_view\">\n\t\t<figure>\n\t\t\t<img decoding=\"async\" class=\"skip-lazy\" src=\"https:\/\/www.aarquiteta.com.br\/blog\/wp-content\/uploads\/2023\/07\/espelhos-decorativos-2.png\" alt=\"Reflexos de Beleza: Espelhos Decorativos que Transformam sua Sala de Estar!\" width=\"1024\" height=\"1024\" title=\"\">\t\t<\/figure>\n\t<\/a>\n\t\t<\/div>\n<\/div>\n\t<div class=\"swiper-slide\">\n\t<div class=\"wpcp-single-item\">\n\t\t\t<a class=\"wcp-light-box\" data-buttons='[\"close\"]' data-wpc_url='https:\/\/www.aarquiteta.com.br\/blog\/wp-content\/uploads\/2023\/07\/Decoracao-eficiente-dicas-para-maximizar-o-espaco-e-economizar-dinheiro.png' href=\"https:\/\/www.aarquiteta.com.br\/blog\/wp-content\/uploads\/2023\/07\/Decoracao-eficiente-dicas-para-maximizar-o-espaco-e-economizar-dinheiro.png\" data-fancybox=\"wpcp_view\">\n\t\t<figure>\n\t\t\t<img decoding=\"async\" class=\"skip-lazy\" src=\"https:\/\/www.aarquiteta.com.br\/blog\/wp-content\/uploads\/2023\/07\/Decoracao-eficiente-dicas-para-maximizar-o-espaco-e-economizar-dinheiro.png\" alt=\"Transforme sua Sala de Estar com Esses Projetos DIY\" width=\"1024\" height=\"1024\" title=\"\">\t\t<\/figure>\n\t<\/a>\n\t\t<\/div>\n<\/div>\n\t\t\t<\/div>\n\t\t\t\t\t<div class=\"wpcp-swiper-dots swiper-pagination\"><\/div>\n\t\t\t\t<!-- If we need navigation buttons -->\n\t\t\t<\/div>\n\t<\/div>\n<\/div>\n\n<p>Numa sala pequena, cada cent\u00edmetro conta, n\u00e9? Por isso, eu aposto em m\u00f3veis que s\u00e3o verdadeiros transformers: sof\u00e1s-cama, mesas dobr\u00e1veis, pufes com armazenamento. Assim, eu consigo ter tudo o que preciso sem precisar de um <strong>abra\u00e7o de polvo<\/strong> para alcan\u00e7ar.<\/p>\n<h3>Tapetes e almofadas<\/h3>\n<p>Ah, os tapetes e almofadas&#8230; Eles s\u00e3o os verdadeiros <strong>her\u00f3is do aconchego<\/strong>. Al\u00e9m de delimitarem espa\u00e7os, trazem conforto e aquele toque boho irresist\u00edvel com suas estampas e texturas. \u00c9 como se cada almofada contasse uma hist\u00f3ria, sabe?<\/p>\n<h3>Plantas e elementos naturais<\/h3>\n<p>Se tem uma coisa que n\u00e3o pode faltar na minha sala boho s\u00e3o as plantinhas. Elas trazem vida, cor e at\u00e9 purificam o ar \u2013 olha que maravilha! E n\u00e3o esque\u00e7o dos elementos naturais, como madeira e vime, que d\u00e3o aquele <strong>toque r\u00fastico chique<\/strong>.<\/p>\n<h2>Ilumina\u00e7\u00e3o<\/h2>\n<h3>Lumin\u00e1rias de estilo boho<\/h3>\n<figure style=\"width: 1024px\" class=\"wp-caption aligncenter\"><img decoding=\"async\" src=\"https:\/\/www.aarquiteta.com.br\/blog\/wp-content\/uploads\/2024\/03\/sala-boho-pequena02.jpg\" alt=\"sala boho pequena\" width=\"1024\" height=\"1024\" title=\"\"><figcaption class=\"wp-caption-text\">sala boho pequena<\/figcaption><\/figure>\n<p>Uma boa ilumina\u00e7\u00e3o pode fazer toda a diferen\u00e7a, viu? Eu adoro lumin\u00e1rias de ch\u00e3o com c\u00fapulas de tecido estampado ou at\u00e9 mesmo aquelas feitas de fibras naturais. Elas espalham uma luz <strong>quentinha e convidativa<\/strong>, perfeita para relaxar depois de um dia daqueles.<\/p>\n<h3>Velas e lanternas<\/h3>\n<p>E para as noites em que eu quero um clima mais intimista, nada como velas e lanternas. Elas criam um jogo de luz e sombra que \u00e9 pura poesia. \u00c9 o detalhe que falta para uma <strong>noite de paz e boas energias<\/strong>.<\/p>\n<h2>Organiza\u00e7\u00e3o e Espa\u00e7o<\/h2>\n<h3>Prateleiras e nichos<\/h3>\n<figure style=\"width: 1024px\" class=\"wp-caption aligncenter\"><img decoding=\"async\" src=\"https:\/\/www.aarquiteta.com.br\/blog\/wp-content\/uploads\/2024\/03\/sala-boho-pequena01.jpg\" alt=\"sala boho pequena\" width=\"1024\" height=\"1024\" title=\"\"><figcaption class=\"wp-caption-text\">sala boho pequena<\/figcaption><\/figure>\n<p>Para manter tudo em ordem sem perder o estilo, eu uso prateleiras e nichos. Eles s\u00e3o \u00f3timos para expor meus livros, suculentas e at\u00e9 aquela cole\u00e7\u00e3o de miniaturas que eu tanto amo. Assim, eu consigo <strong>aproveitar as paredes<\/strong> ao m\u00e1ximo.<\/p>\n<h3>Cestos e caixas organizadoras<\/h3>\n<p>Cestos e caixas s\u00e3o meus aliados na hora de guardar as tralhas \u2013 ops, os tesouros! Eles s\u00e3o pr\u00e1ticos, estilosos e ajudam a manter a sala sempre <strong>arrumadinha e charmosa<\/strong>.<\/p>\n<h2>Toques Pessoais<\/h2>\n<h3>Objetos de viagem<\/h3>\n<figure style=\"width: 1024px\" class=\"wp-caption aligncenter\"><img decoding=\"async\" src=\"https:\/\/www.aarquiteta.com.br\/blog\/wp-content\/uploads\/2024\/03\/sala-boho-pequena03.jpg\" alt=\"sala boho pequena\" width=\"1024\" height=\"1024\" title=\"\"><figcaption class=\"wp-caption-text\">sala boho pequena<\/figcaption><\/figure>\n<p>Minha sala \u00e9 um di\u00e1rio de bordo das minhas aventuras. Cada objeto de viagem tem uma hist\u00f3ria para contar, e eu adoro quando as visitas perguntam sobre eles. \u00c9 uma forma de <strong>viajar sem sair do sof\u00e1<\/strong>.<\/p>\n<h3>Artesanato local<\/h3>\n<p>E claro, eu valorizo o trabalho dos artistas da minha terra. O artesanato local d\u00e1 aquele toque aut\u00eantico e cheio de amor. \u00c9 como ter um pedacinho da cultura local sempre comigo, um verdadeiro <strong>abra\u00e7o cultural<\/strong> na decora\u00e7\u00e3o.<\/p>\n<h2>Conclus\u00e3o<\/h2>\n<p>Decorar uma sala pequena no estilo boho \u00e9 como fazer uma poesia com cores e formas. \u00c9 deixar a criatividade fluir e transformar limita\u00e7\u00f5es em possibilidades. E o mais importante: \u00e9 criar um espa\u00e7o que conta a minha hist\u00f3ria, que \u00e9 aconchegante e que me faz feliz. Espero que minhas dicas ajudem voc\u00ea a fazer o mesmo no seu cantinho!<\/p>\n<h3>Perguntas Frequentes<\/h3>\n<h3>Como posso incorporar elementos boho em uma sala pequena sem sobrecarregar o ambiente?<\/h3>\n<p>\u00c9 tudo uma quest\u00e3o de equil\u00edbrio. Escolha alguns elementos-chave, como almofadas estampadas, uma manta colorida ou um tapete com textura, e combine-os com m\u00f3veis e paredes de cores mais neutras. Assim, voc\u00ea consegue um toque boho sem exagero.<\/p>\n<h3>Qual \u00e9 a diferen\u00e7a entre o estilo boho e o estilo boho chic?<\/h3>\n<p style=\"text-align: center;\">[amazon table=&#8221;88355&#8243;]\n<p>O estilo boho \u00e9 mais despojado e livre, enquanto o boho chic tem um toque de eleg\u00e2ncia e sofistica\u00e7\u00e3o a mais. No boho chic, voc\u00ea vai ver elementos boho combinados com pe\u00e7as mais refinadas e acabamentos de qualidade.<\/p>\n<h3>Quais s\u00e3o as principais tend\u00eancias de decora\u00e7\u00e3o boho para salas pequenas?<\/h3>\n<p>As tend\u00eancias atuais incluem o uso de plantas para trazer vida e frescor ao ambiente, m\u00f3veis multifuncionais para economizar espa\u00e7o e a mistura de texturas e materiais naturais para adicionar profundidade e interesse visual \u00e0 decora\u00e7\u00e3o.<\/p>\n<p>Decorar \u00e9 como contar uma hist\u00f3ria, e cada objeto \u00e9 uma palavra nessa narrativa. E a\u00ed, preparado para come\u00e7ar a escrever o pr\u00f3ximo cap\u00edtulo da sua sala? Lembre-se, o mais importante \u00e9 que ela seja a tradu\u00e7\u00e3o do seu mundo interior, um lugar onde voc\u00ea se sinta abra\u00e7ado pelos seus pr\u00f3prios sonhos e mem\u00f3rias. Boa sorte e m\u00e3os \u00e0 obra!<\/p>\n<p><em>Curiosidade: Voc\u00ea sabia que o termo &#8220;boho&#8221; vem de &#8220;bohemian&#8221;, que era como se referiam aos artistas e escritores do s\u00e9culo XIX que levavam um estilo de vida n\u00e3o convencional? Pois \u00e9, decorar ao estilo boho \u00e9 um pouquinho como homenagear esses esp\u00edritos livres e criativos!<\/em><\/p>\n<p><\/body><\/p>\n","protected":false},"excerpt":{"rendered":"<p>Ol\u00e1! Hoje vou abrir as portas da minha sala e compartilhar com voc\u00eas como transformei meu cantinho apertado num o\u00e1sis boho cheio de personalidade. Sabe, o estilo boho \u00e9 aquele abra\u00e7o quentinho de uma manta colorida, \u00e9 a liberdade de misturar texturas e cores sem medo de ser feliz. E quando o espa\u00e7o \u00e9 pequeno, [&hellip;]<\/p>\n","protected":false},"author":102,"featured_media":107782,"comment_status":"closed","ping_status":"closed","sticky":false,"template":"","format":"standard","meta":{"footnotes":""},"categories":[1484,35368,35364],"tags":[],"class_list":["post-107785","post","type-post","status-publish","format-standard","has-post-thumbnail","category-decoracao","category-estilo-boho-na-decoracao","category-estilos-de-decoracao-de-interiores"],"_wp_attached_file":null,"_wp_attachment_metadata":null,"_wp_attachment_context":null,"_wp_attachment_is_custom_header":null,"geo_longitude":null,"geo_public":null,"geo_latitude":null,"_publicize_done_external":null,"_wpas_done_3897181":null,"publicize_twitter_user":null,"_wpas_done_3897175":null,"_wpas_skip_3897181":null,"_wpas_skip_3897175":null,"_wpas_skip_3924723":null,"_wpas_mess":null,"_wpas_done_3924723":null,"wps_subtitle":"","_links":{"self":[{"href":"https:\/\/www.aarquiteta.com.br\/blog\/wp-json\/wp\/v2\/posts\/107785","targetHints":{"allow":["GET"]}}],"collection":[{"href":"https:\/\/www.aarquiteta.com.br\/blog\/wp-json\/wp\/v2\/posts"}],"about":[{"href":"https:\/\/www.aarquiteta.com.br\/blog\/wp-json\/wp\/v2\/types\/post"}],"author":[{"embeddable":true,"href":"https:\/\/www.aarquiteta.com.br\/blog\/wp-json\/wp\/v2\/users\/102"}],"replies":[{"embeddable":true,"href":"https:\/\/www.aarquiteta.com.br\/blog\/wp-json\/wp\/v2\/comments?post=107785"}],"version-history":[{"count":0,"href":"https:\/\/www.aarquiteta.com.br\/blog\/wp-json\/wp\/v2\/posts\/107785\/revisions"}],"wp:featuredmedia":[{"embeddable":true,"href":"https:\/\/www.aarquiteta.com.br\/blog\/wp-json\/wp\/v2\/media\/107782"}],"wp:attachment":[{"href":"https:\/\/www.aarquiteta.com.br\/blog\/wp-json\/wp\/v2\/media?parent=107785"}],"wp:term":[{"taxonomy":"category","embeddable":true,"href":"https:\/\/www.aarquiteta.com.br\/blog\/wp-json\/wp\/v2\/categories?post=107785"},{"taxonomy":"post_tag","embeddable":true,"href":"https:\/\/www.aarquiteta.com.br\/blog\/wp-json\/wp\/v2\/tags?post=107785"}],"curies":[{"name":"wp","href":"https:\/\/api.w.org\/{rel}","templated":true}]}}