{"id":107780,"date":"2024-03-06T19:13:07","date_gmt":"2024-03-06T22:13:07","guid":{"rendered":"http:\/\/aarquiteta.com.br\/jardineira-de-parede\/"},"modified":"2024-03-06T19:58:38","modified_gmt":"2024-03-06T22:58:38","slug":"jardineira-de-parede","status":"publish","type":"post","link":"https:\/\/www.aarquiteta.com.br\/blog\/jardineira-de-parede\/","title":{"rendered":"Transformando Espa\u00e7os: Descubra o Charme das Jardineiras de Parede"},"content":{"rendered":"<p>Ah, jardineiras de parede&#8230; Quem diria que um pedacinho de natureza pendurado poderia fazer tanta diferen\u00e7a no nosso lar, n\u00e3o \u00e9 mesmo? Eu c\u00e1 entre n\u00f3s, sou um entusiasta de tudo que \u00e9 verde e que traz um tiquinho de frescor para dentro de casa. Ent\u00e3o, bora l\u00e1 falar sobre como essas belezinhas podem transformar nossos espa\u00e7os!<\/p>\n<p>Antes de mergulharmos de cabe\u00e7a nesse mundo verdejante, deixa eu te dar um aperitivo do que vamos explorar:<\/p>\n<p>&#8211; **Economia de espa\u00e7o**: Jardineiras de parede s\u00e3o perfeitas para quem tem pouco espa\u00e7o, mas muita vontade de ter um jardim.<br \/>\n&#8211; **Variedade de materiais**: Madeira, metal, pl\u00e1stico, cer\u00e2mica&#8230; tem jardineira pra todo gosto e decora\u00e7\u00e3o!<br \/>\n&#8211; **Dicas de ouro**: Vou te contar como escolher, montar e cuidar da sua jardineira para que ela seja o destaque da sua casa.<\/p>\n<h2>Benef\u00edcios de ter uma jardineira de parede em casa<\/h2>\n<h3>Economiza espa\u00e7o<\/h3>\n<figure style=\"width: 1024px\" class=\"wp-caption aligncenter\"><img decoding=\"async\" src=\"https:\/\/www.aarquiteta.com.br\/blog\/wp-content\/uploads\/2024\/03\/jardineira-de-parede04.jpg\" alt=\"jardineira de parede\" width=\"1024\" height=\"1024\" title=\"\"><figcaption class=\"wp-caption-text\">jardineira de parede<\/figcaption><\/figure>\nPra quem mora em ap\u00ea ou tem um cantinho mais apertado, a jardineira de parede \u00e9 um verdadeiro achado. Ela <b>aproveita as paredes<\/b> que, vamos combinar, muitas vezes est\u00e3o a\u00ed sem gra\u00e7a, esperando por um toque de vida.<\/p>\n<h3>Cria um ambiente mais verde e acolhedor<\/h3>\n<p>N\u00e3o tem jeito, planta em casa \u00e9 sin\u00f4nimo de aconchego. E n\u00e3o sou s\u00f3 eu que digo, n\u00e3o! Tem estudo que mostra que <b>plantas melhoram nosso humor<\/b> e at\u00e9 a qualidade do ar.<\/p>\n<h3>Possibilita o cultivo de diferentes tipos de plantas<\/h3>\n<style id=\"wp_carousel_dynamic_css104049\">.sp-wp-carousel-free-id-104049.wpcf-fancybox-wrapper .fancybox-bg{background: #0b0b0b;opacity: 0.8;}.sp-wp-carousel-free-id-104049.wpcf-fancybox-wrapper .fancybox-navigation .fancybox-button .wpcp-fancybox-nav-arrow i {color: #ccc;}.sp-wp-carousel-free-id-104049.wpcf-fancybox-wrapper .fancybox-navigation .fancybox-button .wpcp-fancybox-nav-arrow i:hover {color: #fff;}.sp-wp-carousel-free-id-104049.wpcf-fancybox-wrapper .fancybox-navigation .fancybox-button {background: #1e1e1e;}.sp-wp-carousel-free-id-104049.wpcf-fancybox-wrapper .fancybox-navigation .fancybox-button:hover {background: #1e1e1e;}#sp-wp-carousel-free-id-104049 .wpcp-swiper-dots {margin: 40px 0px 0px 0px;}.wpcp-wrapper-104049 .swiper-wrapper .swiper-slide-kenburn, .wpcp-wrapper-104049 .swiper-wrapper, .wpcp-wrapper-104049 .wpcpro-row{align-items: center;}#sp-wp-carousel-free-id-104049 .wpcp-single-item {box-shadow: 0px 0px 0px 0px #dddddd;transition: all .3s;margin: 0px;}#sp-wp-carousel-free-id-104049.swiper-flip .wpcp-single-item{margin: 0!important;}#sp-wp-carousel-free-id-104049 .wpcp-single-item:hover {box-shadow: 0px 0px 0px 0px #dddddd;}#sp-wp-carousel-free-id-104049.sp-wpcp-104049 .wpcp-single-item {border: 1px solid #dddddd;}#sp-wp-carousel-free-id-104049.sp-wpcp-104049 .swiper-button-prev,#sp-wp-carousel-free-id-104049.sp-wpcp-104049 .swiper-button-next,#sp-wp-carousel-free-id-104049.sp-wpcp-104049 .swiper-button-prev:hover,#sp-wp-carousel-free-id-104049.sp-wpcp-104049 .swiper-button-next:hover {background: none;border: none;font-size: 30px;}#sp-wp-carousel-free-id-104049.sp-wpcp-104049 .swiper-button-prev i,#sp-wp-carousel-free-id-104049.sp-wpcp-104049 .swiper-button-next i {color: #aaa;}#sp-wp-carousel-free-id-104049.sp-wpcp-104049 .swiper-button-prev i:hover,#sp-wp-carousel-free-id-104049.sp-wpcp-104049 .swiper-button-next i:hover {color: #178087;}#sp-wp-carousel-free-id-104049.sp-wpcp-104049 .wpcp-swiper-dots .swiper-pagination-bullet {background-color: #cccccc;}#sp-wp-carousel-free-id-104049.sp-wpcp-104049 .wpcp-swiper-dots .swiper-pagination-bullet.swiper-pagination-bullet-active {background-color: #178087;} #sp-wp-carousel-free-id-104049.sp-wpcp-104049.wpcp-image-carousel .wpcp-single-item:hover img, #sp-wp-carousel-free-id-104049.sp-wpcp-104049.wpcp-post-carousel .wpcp-single-item:hover img, #sp-wp-carousel-free-id-104049.sp-wpcp-104049.wpcp-product-carousel .wpcp-single-item:hover img{-webkit-transform: scale(1.2);-moz-transform: scale(1.2);transform: scale(1.2);}#sp-wp-carousel-free-id-104049 .wpcpro-row>[class*=\"wpcpro-col-\"] { padding: 0 10px; padding-bottom: 20px;} #sp-wp-carousel-free-id-104049 .swiper-slide .single-item-fade:not(:last-child) { margin-right: 20px;}@media (min-width: 480px) { .wpcpro-row .wpcpro-col-sm-1 { flex: 0 0 100%; max-width: 100%; } .wpcpro-row .wpcpro-col-sm-2 { flex: 0 0 50%; max-width: 50%; } .wpcpro-row .wpcpro-col-sm-2-5 { flex: 0 0 75%; max-width: 75%; } .wpcpro-row .wpcpro-col-sm-3 { flex: 0 0 33.333%; max-width: 33.333%; } .wpcpro-row .wpcpro-col-sm-4 { flex: 0 0 25%; max-width: 25%; } .wpcpro-row .wpcpro-col-sm-5 { flex: 0 0 20%; max-width: 20%; } .wpcpro-row .wpcpro-col-sm-6 { flex: 0 0 16.66666666666667%; max-width: 16.66666666666667%; } .wpcpro-row .wpcpro-col-sm-7 { flex: 0 0 14.28571428%; max-width: 14.28571428%; } .wpcpro-row .wpcpro-col-sm-8 { flex: 0 0 12.5%; max-width: 12.5%; } } @media (max-width: 480px) { .wpcpro-row .wpcpro-col-xs-1 { flex: 0 0 100%; max-width: 100%; } .wpcpro-row .wpcpro-col-xs-2 { flex: 0 0 50%; max-width: 50%; } .wpcpro-row .wpcpro-col-xs-3 { flex: 0 0 33.222%; max-width: 33.222%; } .wpcpro-row .wpcpro-col-xs-4 { flex: 0 0 25%; max-width: 25%; } .wpcpro-row .wpcpro-col-xs-5 { flex: 0 0 20%; max-width: 20%; } .wpcpro-row .wpcpro-col-xs-6 { flex: 0 0 16.6667%; max-width: 16.6667%; } .wpcpro-row .wpcpro-col-xs-7 { flex: 0 0 14.28571428%; max-width: 14.28571428%; } .wpcpro-row .wpcpro-col-xs-8 { flex: 0 0 12.5%; max-width: 12.5%; } } @media (min-width: 736px) { .wpcpro-row .wpcpro-col-md-1 { flex: 0 0 100%; max-width: 100%; } .wpcpro-row .wpcpro-col-md-2 { flex: 0 0 50%; max-width: 50%; } .wpcpro-row .wpcpro-col-md-2-5 { flex: 0 0 75%; max-width: 75%; } .wpcpro-row .wpcpro-col-md-3 { flex: 0 0 33.333%; max-width: 33.333%; } .wpcpro-row .wpcpro-col-md-4 { flex: 0 0 25%; max-width: 25%; } .wpcpro-row .wpcpro-col-md-5 { flex: 0 0 20%; max-width: 20%; } .wpcpro-row .wpcpro-col-md-6 { flex: 0 0 16.66666666666667%; max-width: 16.66666666666667%; } .wpcpro-row .wpcpro-col-md-7 { flex: 0 0 14.28571428%; max-width: 14.28571428%; } .wpcpro-row .wpcpro-col-md-8 { flex: 0 0 12.5%; max-width: 12.5%; } } @media (min-width: 980px) { .wpcpro-row .wpcpro-col-lg-1 { flex: 0 0 100%; max-width: 100%; } .wpcpro-row .wpcpro-col-lg-2 { flex: 0 0 50%; max-width: 50%; } .wpcpro-row .wpcpro-col-lg-3 { flex: 0 0 33.222%; max-width: 33.222%; } .wpcpro-row .wpcpro-col-lg-4 { flex: 0 0 25%; max-width: 25%; } .wpcpro-row .wpcpro-col-lg-5 { flex: 0 0 20%; max-width: 20%; } .wpcpro-row .wpcpro-col-lg-6 { flex: 0 0 16.6667%; max-width: 16.6667%; } .wpcpro-row .wpcpro-col-lg-7 { flex: 0 0 14.28571428%; max-width: 14.28571428%; } .wpcpro-row .wpcpro-col-lg-8 { flex: 0 0 12.5%; max-width: 12.5%; } } @media (min-width: 1200px) { .wpcpro-row .wpcpro-col-xl-1 { flex: 0 0 100%; max-width: 100%; } .wpcpro-row .wpcpro-col-xl-2 { flex: 0 0 50%; max-width: 50%; } .wpcpro-row .wpcpro-col-xl-3 { flex: 0 0 33.22222222%; max-width: 33.22222222%; } .wpcpro-row .wpcpro-col-xl-4 { flex: 0 0 25%; max-width: 25%; } .wpcpro-row .wpcpro-col-xl-5 { flex: 0 0 20%; max-width: 20%; } .wpcpro-row .wpcpro-col-xl-6 { flex: 0 0 16.66667%; max-width: 16.66667%; } .wpcpro-row .wpcpro-col-xl-7 { flex: 0 0 14.28571428%; max-width: 14.28571428%; } .wpcpro-row .wpcpro-col-xl-8 { flex: 0 0 12.5%; max-width: 12.5%; } }<\/style><div class=\"wpcp-carousel-wrapper wpcp-wrapper-104049\">\n\t<div id=\"wpcp-preloader-104049\" class=\"wpcp-carousel-preloader\"><img decoding=\"async\" src=\"https:\/\/www.aarquiteta.com.br\/blog\/wp-content\/plugins\/wp-carousel-free\/public\/css\/spinner.svg\" alt=\"Preloader Image\" title=\"\"><\/div>\t<div class=\"wpcp-carousel-content-wrapper\">\n\t<div id=\"sp-wp-carousel-free-id-104049\" class=\"wpcp-carousel-section sp-wpcp-104049  nav-vertical-center wpcp-image-carousel wpcp-preloader wpcp-standard\" data-swiper='{ &quot;pagination_type&quot;: &quot;dots&quot;,&quot;accessibility&quot;:true, &quot;spaceBetween&quot;:20, &quot;arrows&quot;:false, &quot;freeMode&quot;: false, &quot;autoplay&quot;:true, &quot;effect&quot;: &quot;&quot;, &quot;centerMode&quot;: false, &quot;autoplaySpeed&quot;:3000, &quot;dots&quot;:true, &quot;infinite&quot;:true, &quot;speed&quot;:600, &quot;pauseOnHover&quot;:true,\n\t\t\t&quot;slidesToShow&quot;:{&quot;lg_desktop&quot;:5, &quot;desktop&quot;: 4, &quot;laptop&quot;: 3, &quot;tablet&quot;: 2, &quot;mobile&quot;: 1}, &quot;responsive&quot;:{&quot;desktop&quot;:1200, &quot;laptop&quot;: 980, &quot;tablet&quot;: 736, &quot;mobile&quot;: 480}, &quot;rtl&quot;:false, &quot;lazyLoad&quot;: &quot;false&quot;, &quot;swipe&quot;: true, &quot;draggable&quot;: true, &quot;swipeToSlide&quot;:false }' dir=\"ltr\">\n\t\t<div class=\"swiper-wrapper\">\n\t\t<div class=\"swiper-slide\">\n\t<div class=\"wpcp-single-item\">\n\t\t\t<a class=\"wcp-light-box\" data-buttons='[\"close\"]' data-wpc_url='https:\/\/www.aarquiteta.com.br\/blog\/wp-content\/uploads\/2023\/12\/transformacao-incrivel-parede-poucos-minutos-tecnica-inovadora01.jpg' href=\"https:\/\/www.aarquiteta.com.br\/blog\/wp-content\/uploads\/2023\/12\/transformacao-incrivel-parede-poucos-minutos-tecnica-inovadora01.jpg\" data-fancybox=\"wpcp_view\">\n\t\t<figure>\n\t\t\t<img decoding=\"async\" class=\"skip-lazy\" src=\"https:\/\/www.aarquiteta.com.br\/blog\/wp-content\/uploads\/2023\/12\/transformacao-incrivel-parede-poucos-minutos-tecnica-inovadora01.jpg\" alt=\"transformacao-incrivel-parede-poucos-minutos-tecnica-inovadora\" width=\"1024\" height=\"1024\" title=\"\">\t\t<\/figure>\n\t<\/a>\n\t\t<\/div>\n<\/div>\n\t<div class=\"swiper-slide\">\n\t<div class=\"wpcp-single-item\">\n\t\t\t<a class=\"wcp-light-box\" data-buttons='[\"close\"]' data-wpc_url='https:\/\/www.aarquiteta.com.br\/blog\/wp-content\/uploads\/2023\/12\/nichos-de-parede03.jpg' href=\"https:\/\/www.aarquiteta.com.br\/blog\/wp-content\/uploads\/2023\/12\/nichos-de-parede03.jpg\" data-fancybox=\"wpcp_view\">\n\t\t<figure>\n\t\t\t<img decoding=\"async\" class=\"skip-lazy\" src=\"https:\/\/www.aarquiteta.com.br\/blog\/wp-content\/uploads\/2023\/12\/nichos-de-parede03.jpg\" alt=\"nichos de parede\" width=\"1024\" height=\"1024\" title=\"\">\t\t<\/figure>\n\t<\/a>\n\t\t<\/div>\n<\/div>\n\t<div class=\"swiper-slide\">\n\t<div class=\"wpcp-single-item\">\n\t\t\t<a class=\"wcp-light-box\" data-buttons='[\"close\"]' data-wpc_url='https:\/\/www.aarquiteta.com.br\/blog\/wp-content\/uploads\/2023\/12\/nichos-de-parede02.jpg' href=\"https:\/\/www.aarquiteta.com.br\/blog\/wp-content\/uploads\/2023\/12\/nichos-de-parede02.jpg\" data-fancybox=\"wpcp_view\">\n\t\t<figure>\n\t\t\t<img decoding=\"async\" class=\"skip-lazy\" src=\"https:\/\/www.aarquiteta.com.br\/blog\/wp-content\/uploads\/2023\/12\/nichos-de-parede02.jpg\" alt=\"nichos de parede\" width=\"1024\" height=\"1024\" title=\"\">\t\t<\/figure>\n\t<\/a>\n\t\t<\/div>\n<\/div>\n\t<div class=\"swiper-slide\">\n\t<div class=\"wpcp-single-item\">\n\t\t\t<a class=\"wcp-light-box\" data-buttons='[\"close\"]' data-wpc_url='https:\/\/www.aarquiteta.com.br\/blog\/wp-content\/uploads\/2023\/12\/nichos-de-parede01.jpg' href=\"https:\/\/www.aarquiteta.com.br\/blog\/wp-content\/uploads\/2023\/12\/nichos-de-parede01.jpg\" data-fancybox=\"wpcp_view\">\n\t\t<figure>\n\t\t\t<img decoding=\"async\" class=\"skip-lazy\" src=\"https:\/\/www.aarquiteta.com.br\/blog\/wp-content\/uploads\/2023\/12\/nichos-de-parede01.jpg\" alt=\"nichos de parede\" width=\"1024\" height=\"1024\" title=\"\">\t\t<\/figure>\n\t<\/a>\n\t\t<\/div>\n<\/div>\n\t<div class=\"swiper-slide\">\n\t<div class=\"wpcp-single-item\">\n\t\t\t<a class=\"wcp-light-box\" data-buttons='[\"close\"]' data-wpc_url='https:\/\/www.aarquiteta.com.br\/blog\/wp-content\/uploads\/2023\/11\/decoracao-de-parede-da-sala03.jpg' href=\"https:\/\/www.aarquiteta.com.br\/blog\/wp-content\/uploads\/2023\/11\/decoracao-de-parede-da-sala03.jpg\" data-fancybox=\"wpcp_view\">\n\t\t<figure>\n\t\t\t<img decoding=\"async\" class=\"skip-lazy\" src=\"https:\/\/www.aarquiteta.com.br\/blog\/wp-content\/uploads\/2023\/11\/decoracao-de-parede-da-sala03.jpg\" alt=\"decora\u00e7\u00e3o de parede da sala\" width=\"1024\" height=\"1024\" title=\"\">\t\t<\/figure>\n\t<\/a>\n\t\t<\/div>\n<\/div>\n\t<div class=\"swiper-slide\">\n\t<div class=\"wpcp-single-item\">\n\t\t\t<a class=\"wcp-light-box\" data-buttons='[\"close\"]' data-wpc_url='https:\/\/www.aarquiteta.com.br\/blog\/wp-content\/uploads\/2023\/12\/como-pintar-parede01.jpg' href=\"https:\/\/www.aarquiteta.com.br\/blog\/wp-content\/uploads\/2023\/12\/como-pintar-parede01.jpg\" data-fancybox=\"wpcp_view\">\n\t\t<figure>\n\t\t\t<img decoding=\"async\" class=\"skip-lazy\" src=\"https:\/\/www.aarquiteta.com.br\/blog\/wp-content\/uploads\/2023\/12\/como-pintar-parede01.jpg\" alt=\"como pintar parede\" width=\"1024\" height=\"1024\" title=\"\">\t\t<\/figure>\n\t<\/a>\n\t\t<\/div>\n<\/div>\n\t<div class=\"swiper-slide\">\n\t<div class=\"wpcp-single-item\">\n\t\t\t<a class=\"wcp-light-box\" data-buttons='[\"close\"]' data-wpc_url='https:\/\/www.aarquiteta.com.br\/blog\/wp-content\/uploads\/2023\/12\/como-pintar-parede02.jpg' href=\"https:\/\/www.aarquiteta.com.br\/blog\/wp-content\/uploads\/2023\/12\/como-pintar-parede02.jpg\" data-fancybox=\"wpcp_view\">\n\t\t<figure>\n\t\t\t<img decoding=\"async\" class=\"skip-lazy\" src=\"https:\/\/www.aarquiteta.com.br\/blog\/wp-content\/uploads\/2023\/12\/como-pintar-parede02.jpg\" alt=\"como pintar parede\" width=\"1024\" height=\"1024\" title=\"\">\t\t<\/figure>\n\t<\/a>\n\t\t<\/div>\n<\/div>\n\t<div class=\"swiper-slide\">\n\t<div class=\"wpcp-single-item\">\n\t\t\t<a class=\"wcp-light-box\" data-buttons='[\"close\"]' data-wpc_url='https:\/\/www.aarquiteta.com.br\/blog\/wp-content\/uploads\/2023\/11\/decoracao-de-parede-da-sala02.jpg' href=\"https:\/\/www.aarquiteta.com.br\/blog\/wp-content\/uploads\/2023\/11\/decoracao-de-parede-da-sala02.jpg\" data-fancybox=\"wpcp_view\">\n\t\t<figure>\n\t\t\t<img decoding=\"async\" class=\"skip-lazy\" src=\"https:\/\/www.aarquiteta.com.br\/blog\/wp-content\/uploads\/2023\/11\/decoracao-de-parede-da-sala02.jpg\" alt=\"decora\u00e7\u00e3o de parede da sala\" width=\"1024\" height=\"1024\" title=\"\">\t\t<\/figure>\n\t<\/a>\n\t\t<\/div>\n<\/div>\n\t<div class=\"swiper-slide\">\n\t<div class=\"wpcp-single-item\">\n\t\t\t<a class=\"wcp-light-box\" data-buttons='[\"close\"]' data-wpc_url='https:\/\/www.aarquiteta.com.br\/blog\/wp-content\/uploads\/2023\/11\/decoracao-de-parede-da-sala01.jpg' href=\"https:\/\/www.aarquiteta.com.br\/blog\/wp-content\/uploads\/2023\/11\/decoracao-de-parede-da-sala01.jpg\" data-fancybox=\"wpcp_view\">\n\t\t<figure>\n\t\t\t<img decoding=\"async\" class=\"skip-lazy\" src=\"https:\/\/www.aarquiteta.com.br\/blog\/wp-content\/uploads\/2023\/11\/decoracao-de-parede-da-sala01.jpg\" alt=\"decora\u00e7\u00e3o de parede da sala\" width=\"1024\" height=\"1024\" title=\"\">\t\t<\/figure>\n\t<\/a>\n\t\t<\/div>\n<\/div>\n\t<div class=\"swiper-slide\">\n\t<div class=\"wpcp-single-item\">\n\t\t\t<a class=\"wcp-light-box\" data-buttons='[\"close\"]' data-wpc_url='https:\/\/www.aarquiteta.com.br\/blog\/wp-content\/uploads\/2023\/11\/5-dicas-para-decorar-as-paredes-da-sua-casa02.jpg' href=\"https:\/\/www.aarquiteta.com.br\/blog\/wp-content\/uploads\/2023\/11\/5-dicas-para-decorar-as-paredes-da-sua-casa02.jpg\" data-fancybox=\"wpcp_view\">\n\t\t<figure>\n\t\t\t<img decoding=\"async\" class=\"skip-lazy\" src=\"https:\/\/www.aarquiteta.com.br\/blog\/wp-content\/uploads\/2023\/11\/5-dicas-para-decorar-as-paredes-da-sua-casa02.jpg\" alt=\"5 dicas para decorar as paredes da sua casa\" width=\"1024\" height=\"1024\" title=\"\">\t\t<\/figure>\n\t<\/a>\n\t\t<\/div>\n<\/div>\n\t<div class=\"swiper-slide\">\n\t<div class=\"wpcp-single-item\">\n\t\t\t<a class=\"wcp-light-box\" data-buttons='[\"close\"]' data-wpc_url='https:\/\/www.aarquiteta.com.br\/blog\/wp-content\/uploads\/2023\/11\/revestimento-de-parede-externa04.jpg' href=\"https:\/\/www.aarquiteta.com.br\/blog\/wp-content\/uploads\/2023\/11\/revestimento-de-parede-externa04.jpg\" data-fancybox=\"wpcp_view\">\n\t\t<figure>\n\t\t\t<img decoding=\"async\" class=\"skip-lazy\" src=\"https:\/\/www.aarquiteta.com.br\/blog\/wp-content\/uploads\/2023\/11\/revestimento-de-parede-externa04.jpg\" alt=\"revestimento de parede externa\" width=\"1024\" height=\"1024\" title=\"\">\t\t<\/figure>\n\t<\/a>\n\t\t<\/div>\n<\/div>\n\t<div class=\"swiper-slide\">\n\t<div class=\"wpcp-single-item\">\n\t\t\t<a class=\"wcp-light-box\" data-buttons='[\"close\"]' data-wpc_url='https:\/\/www.aarquiteta.com.br\/blog\/wp-content\/uploads\/2023\/11\/revestimento-de-parede-externa03.jpg' href=\"https:\/\/www.aarquiteta.com.br\/blog\/wp-content\/uploads\/2023\/11\/revestimento-de-parede-externa03.jpg\" data-fancybox=\"wpcp_view\">\n\t\t<figure>\n\t\t\t<img decoding=\"async\" class=\"skip-lazy\" src=\"https:\/\/www.aarquiteta.com.br\/blog\/wp-content\/uploads\/2023\/11\/revestimento-de-parede-externa03.jpg\" alt=\"revestimento de parede externa\" width=\"1024\" height=\"1024\" title=\"\">\t\t<\/figure>\n\t<\/a>\n\t\t<\/div>\n<\/div>\n\t<div class=\"swiper-slide\">\n\t<div class=\"wpcp-single-item\">\n\t\t\t<a class=\"wcp-light-box\" data-buttons='[\"close\"]' data-wpc_url='https:\/\/www.aarquiteta.com.br\/blog\/wp-content\/uploads\/2023\/11\/revestimento-de-parede-externa01.jpg' href=\"https:\/\/www.aarquiteta.com.br\/blog\/wp-content\/uploads\/2023\/11\/revestimento-de-parede-externa01.jpg\" data-fancybox=\"wpcp_view\">\n\t\t<figure>\n\t\t\t<img decoding=\"async\" class=\"skip-lazy\" src=\"https:\/\/www.aarquiteta.com.br\/blog\/wp-content\/uploads\/2023\/11\/revestimento-de-parede-externa01.jpg\" alt=\"revestimento de parede externa\" width=\"1024\" height=\"1024\" title=\"\">\t\t<\/figure>\n\t<\/a>\n\t\t<\/div>\n<\/div>\n\t<div class=\"swiper-slide\">\n\t<div class=\"wpcp-single-item\">\n\t\t\t<a class=\"wcp-light-box\" data-buttons='[\"close\"]' data-wpc_url='https:\/\/www.aarquiteta.com.br\/blog\/wp-content\/uploads\/2023\/11\/parede-de-tijolo-aparente04.jpg' href=\"https:\/\/www.aarquiteta.com.br\/blog\/wp-content\/uploads\/2023\/11\/parede-de-tijolo-aparente04.jpg\" data-fancybox=\"wpcp_view\">\n\t\t<figure>\n\t\t\t<img decoding=\"async\" class=\"skip-lazy\" src=\"https:\/\/www.aarquiteta.com.br\/blog\/wp-content\/uploads\/2023\/11\/parede-de-tijolo-aparente04.jpg\" alt=\"parede de tijolo aparente\" width=\"1024\" height=\"1024\" title=\"\">\t\t<\/figure>\n\t<\/a>\n\t\t<\/div>\n<\/div>\n\t<div class=\"swiper-slide\">\n\t<div class=\"wpcp-single-item\">\n\t\t\t<a class=\"wcp-light-box\" data-buttons='[\"close\"]' data-wpc_url='https:\/\/www.aarquiteta.com.br\/blog\/wp-content\/uploads\/2023\/11\/do-clssico-ao-moderno-dicas-para-acertar-na-escolha-do-papel-de-parede-para-salavmqa.jpg' href=\"https:\/\/www.aarquiteta.com.br\/blog\/wp-content\/uploads\/2023\/11\/do-clssico-ao-moderno-dicas-para-acertar-na-escolha-do-papel-de-parede-para-salavmqa.jpg\" data-fancybox=\"wpcp_view\">\n\t\t<figure>\n\t\t\t<img decoding=\"async\" class=\"skip-lazy\" src=\"https:\/\/www.aarquiteta.com.br\/blog\/wp-content\/uploads\/2023\/11\/do-clssico-ao-moderno-dicas-para-acertar-na-escolha-do-papel-de-parede-para-salavmqa.jpg\" alt=\"Do Clssico ao Moderno Dicas para Acertar na Escolha do Papel de Parede para Sala\" width=\"1024\" height=\"768\" title=\"\">\t\t<\/figure>\n\t<\/a>\n\t\t<\/div>\n<\/div>\n\t<div class=\"swiper-slide\">\n\t<div class=\"wpcp-single-item\">\n\t\t\t<a class=\"wcp-light-box\" data-buttons='[\"close\"]' data-wpc_url='https:\/\/www.aarquiteta.com.br\/blog\/wp-content\/uploads\/2023\/11\/parede-de-tijolo-aparente01.jpg' href=\"https:\/\/www.aarquiteta.com.br\/blog\/wp-content\/uploads\/2023\/11\/parede-de-tijolo-aparente01.jpg\" data-fancybox=\"wpcp_view\">\n\t\t<figure>\n\t\t\t<img decoding=\"async\" class=\"skip-lazy\" src=\"https:\/\/www.aarquiteta.com.br\/blog\/wp-content\/uploads\/2023\/11\/parede-de-tijolo-aparente01.jpg\" alt=\"parede de tijolo aparente\" width=\"1024\" height=\"1024\" title=\"\">\t\t<\/figure>\n\t<\/a>\n\t\t<\/div>\n<\/div>\n\t<div class=\"swiper-slide\">\n\t<div class=\"wpcp-single-item\">\n\t\t\t<a class=\"wcp-light-box\" data-buttons='[\"close\"]' data-wpc_url='https:\/\/www.aarquiteta.com.br\/blog\/wp-content\/uploads\/2023\/11\/Artesanato-Criativo-7-Tendencias-de-Decoracao-de-Parede-para-2023-que-Vao-Revolucionar-Seu-Espaco03.jpg' href=\"https:\/\/www.aarquiteta.com.br\/blog\/wp-content\/uploads\/2023\/11\/Artesanato-Criativo-7-Tendencias-de-Decoracao-de-Parede-para-2023-que-Vao-Revolucionar-Seu-Espaco03.jpg\" data-fancybox=\"wpcp_view\">\n\t\t<figure>\n\t\t\t<img decoding=\"async\" class=\"skip-lazy\" src=\"https:\/\/www.aarquiteta.com.br\/blog\/wp-content\/uploads\/2023\/11\/Artesanato-Criativo-7-Tendencias-de-Decoracao-de-Parede-para-2023-que-Vao-Revolucionar-Seu-Espaco03.jpg\" alt=\"Artesanato Criativo: 7 Tend\u00eancias de Decora\u00e7\u00e3o de Parede para 2023 que V\u00e3o Revolucionar Seu Espa\u00e7o!\" width=\"1024\" height=\"1024\" title=\"\">\t\t<\/figure>\n\t<\/a>\n\t\t<\/div>\n<\/div>\n\t<div class=\"swiper-slide\">\n\t<div class=\"wpcp-single-item\">\n\t\t\t<a class=\"wcp-light-box\" data-buttons='[\"close\"]' data-wpc_url='https:\/\/www.aarquiteta.com.br\/blog\/wp-content\/uploads\/2023\/11\/como-decorar-a-parede-da-sua-casa-atras-do-sofa01.jpg' href=\"https:\/\/www.aarquiteta.com.br\/blog\/wp-content\/uploads\/2023\/11\/como-decorar-a-parede-da-sua-casa-atras-do-sofa01.jpg\" data-fancybox=\"wpcp_view\">\n\t\t<figure>\n\t\t\t<img decoding=\"async\" class=\"skip-lazy\" src=\"https:\/\/www.aarquiteta.com.br\/blog\/wp-content\/uploads\/2023\/11\/como-decorar-a-parede-da-sua-casa-atras-do-sofa01.jpg\" alt=\"como decorar a parede da sua casa atras do sof\u00e1?\" width=\"1024\" height=\"1024\" title=\"\">\t\t<\/figure>\n\t<\/a>\n\t\t<\/div>\n<\/div>\n\t<div class=\"swiper-slide\">\n\t<div class=\"wpcp-single-item\">\n\t\t\t<a class=\"wcp-light-box\" data-buttons='[\"close\"]' data-wpc_url='https:\/\/www.aarquiteta.com.br\/blog\/wp-content\/uploads\/2023\/11\/floreira-de-parede04.jpg' href=\"https:\/\/www.aarquiteta.com.br\/blog\/wp-content\/uploads\/2023\/11\/floreira-de-parede04.jpg\" data-fancybox=\"wpcp_view\">\n\t\t<figure>\n\t\t\t<img decoding=\"async\" class=\"skip-lazy\" src=\"https:\/\/www.aarquiteta.com.br\/blog\/wp-content\/uploads\/2023\/11\/floreira-de-parede04.jpg\" alt=\"floreira de parede\" width=\"1024\" height=\"1024\" title=\"\">\t\t<\/figure>\n\t<\/a>\n\t\t<\/div>\n<\/div>\n\t\t\t<\/div>\n\t\t\t\t\t<div class=\"wpcp-swiper-dots swiper-pagination\"><\/div>\n\t\t\t\t<!-- If we need navigation buttons -->\n\t\t\t<\/div>\n\t<\/div>\n<\/div>\n\nSe voc\u00ea pensa que jardineira de parede \u00e9 s\u00f3 pra suculenta, se enganou. D\u00e1 pra ter uma mini horta ou at\u00e9 um jardim vertical com v\u00e1rias esp\u00e9cies. \u00c9 s\u00f3 escolher as plantinhas certas!<\/p>\n<h3>Facilita a manuten\u00e7\u00e3o e cuidado com as plantas<\/h3>\n<p>Com tudo ali na altura dos olhos, fica mais f\u00e1cil perceber quando sua verdinha est\u00e1 precisando de \u00e1gua ou de um carinho extra. E vamos ser sinceros, <b>cuidar de plantas \u00e9 quase uma terapia<\/b>, n\u00e9?<\/p>\n<h2>Tipos de jardineiras de parede dispon\u00edveis no mercado<\/h2>\n<h3>Jardineiras de parede de madeira<\/h3>\n<p>Elas t\u00eam um charme r\u00fastico que \u00e9 dif\u00edcil de resistir. S\u00f3 n\u00e3o esque\u00e7a de verificar se a madeira \u00e9 tratada para aguentar a umidade, t\u00e1?<\/p>\n<h3>Jardineiras de parede de metal<\/h3>\n<figure style=\"width: 1024px\" class=\"wp-caption aligncenter\"><img decoding=\"async\" src=\"https:\/\/www.aarquiteta.com.br\/blog\/wp-content\/uploads\/2024\/03\/jardineira-de-parede02.jpg\" alt=\"jardineira de parede\" width=\"1024\" height=\"1024\" title=\"\"><figcaption class=\"wp-caption-text\">jardineira de parede<\/figcaption><\/figure>\nS\u00e3o resistentes e d\u00e3o um toque moderno ao ambiente. S\u00f3 fique de olho para que n\u00e3o enferrujem com a umidade.<\/p>\n<h3>Jardineiras de parede de pl\u00e1stico<\/h3>\n<p>Leves e pr\u00e1ticas, essas s\u00e3o f\u00e1ceis de instalar. E o melhor, tem de todo tipo de cor para combinar com a sua decora\u00e7\u00e3o.<\/p>\n<h3>Jardineiras de parede de cer\u00e2mica<\/h3>\n<figure style=\"width: 1024px\" class=\"wp-caption aligncenter\"><img decoding=\"async\" src=\"https:\/\/www.aarquiteta.com.br\/blog\/wp-content\/uploads\/2024\/03\/jardineira-de-parede01.jpg\" alt=\"jardineira de parede\" width=\"1024\" height=\"1024\" title=\"\"><figcaption class=\"wp-caption-text\">jardineira de parede<\/figcaption><\/figure>\nEssas s\u00e3o cl\u00e1ssicas e elegantes. S\u00f3 que s\u00e3o mais pesadas, ent\u00e3o certifique-se de que a parede aguenta o tranco.<\/p>\n<h2>Como escolher a jardineira de parede ideal para o seu espa\u00e7o<\/h2>\n<h3>Considere o estilo de decora\u00e7\u00e3o do ambiente<\/h3>\n<p>A jardineira tem que conversar com o seu espa\u00e7o. Se a sua casa \u00e9 toda moderninha, uma jardineira de metal pode ser a pedida. J\u00e1 se voc\u00ea curte um estilo mais natural, vai de madeira!<\/p>\n<h3>Verifique o tamanho e capacidade de plantio da jardineira<\/h3>\n<figure style=\"width: 1024px\" class=\"wp-caption aligncenter\"><img decoding=\"async\" src=\"https:\/\/www.aarquiteta.com.br\/blog\/wp-content\/uploads\/2024\/03\/jardineira-de-parede03.jpg\" alt=\"jardineira de parede\" width=\"1024\" height=\"1024\" title=\"\"><figcaption class=\"wp-caption-text\">jardineira de parede<\/figcaption><\/figure>\nN\u00e3o adianta querer plantar uma \u00e1rvore numa jardineira pequenininha, n\u00e9? Ent\u00e3o, <b>escolha o tamanho certo<\/b> para as plantas que voc\u00ea quer cultivar.<\/p>\n<h3>Avalie a resist\u00eancia e durabilidade do material<\/h3>\n<p>Pensa comigo, voc\u00ea n\u00e3o vai querer trocar de jardineira todo ano. Ent\u00e3o, escolha uma que seja resistente e que v\u00e1 durar bastante.<\/p>\n<h3>Pense na facilidade de instala\u00e7\u00e3o e manuten\u00e7\u00e3o<\/h3>\n<p>Se voc\u00ea n\u00e3o \u00e9 muito amigo da furadeira, talvez uma jardineira mais leve e f\u00e1cil de instalar seja a melhor op\u00e7\u00e3o.<\/p>\n<h2>Dicas de como montar e decorar sua jardineira de parede<\/h2>\n<h3>Escolha plantas que se adaptem bem ao ambiente interno ou externo<\/h3>\n<p>N\u00e3o \u00e9 toda planta que gosta de ficar dentro de casa, e nem toda planta aguenta o sol\u00e3o l\u00e1 fora. Ent\u00e3o, <b>escolha as esp\u00e9cies certas<\/b> para o local onde a jardineira vai ficar.<\/p>\n<h3>Utilize suportes e ganchos resistentes para fixar a jardineira<\/h3>\n<p style=\"text-align: center;\">[amazon table=&#8221;88350&#8243;]\n<p>A \u00faltima coisa que voc\u00ea quer \u00e9 sua jardineira dando um mergulho no ch\u00e3o, ent\u00e3o invista em bons suportes.<\/p>\n<h3>Aposte em diferentes alturas e tamanhos de plantas para um visual mais din\u00e2mico<\/h3>\n<p>Um pouco de altura aqui, uma plantinha rasteira ali, e pronto, sua jardineira j\u00e1 est\u00e1 parecendo um jardim de verdade.<\/p>\n<h3>Combine cores e texturas de plantas para criar um visual harmonioso<\/h3>\n<p>Verde \u00e9 lindo, mas um toque de cor aqui e ali faz toda a diferen\u00e7a. E n\u00e3o esque\u00e7a das texturas! Folhas lisas, peludinhas, grandes, pequenas&#8230; \u00e9 um festival para os olhos!<\/p>\n<h2>Conclus\u00e3o<\/h2>\n<p>Ter uma jardineira de parede em casa \u00e9 como ter um pedacinho da natureza s\u00f3 pra voc\u00ea. \u00c9 funcional, \u00e9 bonito e ainda por cima \u00e9 terap\u00eautico. Se joga nas possibilidades e cria um espa\u00e7o que \u00e9 a tua cara!<\/p>\n<h2>Perguntas Frequentes sobre Jardineiras de Parede<\/h2>\n<h3>Como regar as plantas em uma jardineira de parede?<\/h3>\n<p>Regar plantas em jardineiras de parede \u00e9 simples: use um regador com bico longo ou uma garrafa com um furinho na tampa para direcionar a \u00e1gua direitinho para a terra, sem fazer aquela lamban\u00e7a.<\/p>\n<h3>\u00c9 poss\u00edvel instalar uma jardineira de parede em ambientes internos?<\/h3>\n<p>Claro que sim! S\u00f3 escolha plantas que gostem de viver dentro de casa e se certifique de que o local escolhido recebe luz suficiente para elas.<\/p>\n<h3>Quais s\u00e3o os cuidados necess\u00e1rios para manter as plantas saud\u00e1veis em uma jardineira de parede?<\/h3>\n<p>Al\u00e9m de regar com regularidade, \u00e9 importante adubar as plantas de vez em quando e ficar de olho para ver se n\u00e3o est\u00e3o pegando alguma praga ou doen\u00e7a. E claro, um carinho e conversa com elas de vez em quando n\u00e3o faz mal a ningu\u00e9m!<\/p>\n<p>E a\u00ed, ficou com vontade de transformar aquela parede sem gra\u00e7a num cantinho cheio de vida? Espero que sim! Lembre-se que, al\u00e9m de embelezar, as plantas trazem uma energia boa que n\u00e3o tem pre\u00e7o. E quem sabe, sua jardineira de parede n\u00e3o vira o assunto preferido das visitas? Aposto que vai ter muita gente querendo copiar a ideia!<\/p>\n","protected":false},"excerpt":{"rendered":"<p>Ah, jardineiras de parede&#8230; Quem diria que um pedacinho de natureza pendurado poderia fazer tanta diferen\u00e7a no nosso lar, n\u00e3o \u00e9 mesmo? Eu c\u00e1 entre n\u00f3s, sou um entusiasta de tudo que \u00e9 verde e que traz um tiquinho de frescor para dentro de casa. Ent\u00e3o, bora l\u00e1 falar sobre como essas belezinhas podem transformar [&hellip;]<\/p>\n","protected":false},"author":102,"featured_media":107777,"comment_status":"closed","ping_status":"closed","sticky":false,"template":"","format":"standard","meta":{"footnotes":""},"categories":[10005,1484,9612],"tags":[],"class_list":["post-107780","post","type-post","status-publish","format-standard","has-post-thumbnail","category-casa-e-jardim","category-decoracao","category-jardinagem"],"_wp_attached_file":null,"_wp_attachment_metadata":null,"_wp_attachment_context":null,"_wp_attachment_is_custom_header":null,"geo_longitude":null,"geo_public":null,"geo_latitude":null,"_publicize_done_external":null,"_wpas_done_3897181":null,"publicize_twitter_user":null,"_wpas_done_3897175":null,"_wpas_skip_3897181":null,"_wpas_skip_3897175":null,"_wpas_skip_3924723":null,"_wpas_mess":null,"_wpas_done_3924723":null,"wps_subtitle":"","_links":{"self":[{"href":"https:\/\/www.aarquiteta.com.br\/blog\/wp-json\/wp\/v2\/posts\/107780","targetHints":{"allow":["GET"]}}],"collection":[{"href":"https:\/\/www.aarquiteta.com.br\/blog\/wp-json\/wp\/v2\/posts"}],"about":[{"href":"https:\/\/www.aarquiteta.com.br\/blog\/wp-json\/wp\/v2\/types\/post"}],"author":[{"embeddable":true,"href":"https:\/\/www.aarquiteta.com.br\/blog\/wp-json\/wp\/v2\/users\/102"}],"replies":[{"embeddable":true,"href":"https:\/\/www.aarquiteta.com.br\/blog\/wp-json\/wp\/v2\/comments?post=107780"}],"version-history":[{"count":0,"href":"https:\/\/www.aarquiteta.com.br\/blog\/wp-json\/wp\/v2\/posts\/107780\/revisions"}],"wp:featuredmedia":[{"embeddable":true,"href":"https:\/\/www.aarquiteta.com.br\/blog\/wp-json\/wp\/v2\/media\/107777"}],"wp:attachment":[{"href":"https:\/\/www.aarquiteta.com.br\/blog\/wp-json\/wp\/v2\/media?parent=107780"}],"wp:term":[{"taxonomy":"category","embeddable":true,"href":"https:\/\/www.aarquiteta.com.br\/blog\/wp-json\/wp\/v2\/categories?post=107780"},{"taxonomy":"post_tag","embeddable":true,"href":"https:\/\/www.aarquiteta.com.br\/blog\/wp-json\/wp\/v2\/tags?post=107780"}],"curies":[{"name":"wp","href":"https:\/\/api.w.org\/{rel}","templated":true}]}}