{"id":107694,"date":"2024-03-05T12:54:52","date_gmt":"2024-03-05T15:54:52","guid":{"rendered":"http:\/\/aarquiteta.com.br\/tendencias-de-pascoa-2024\/"},"modified":"2024-03-05T13:01:40","modified_gmt":"2024-03-05T16:01:40","slug":"tendencias-de-pascoa-2024","status":"publish","type":"post","link":"https:\/\/www.aarquiteta.com.br\/blog\/tendencias-de-pascoa-2024\/","title":{"rendered":"Conhe\u00e7a quais s\u00e3o as tend\u00eancias de P\u00e1scoa 2024."},"content":{"rendered":"<h2>Introdu\u00e7\u00e3o<\/h2>\n<p>Ah, a P\u00e1scoa! Esse per\u00edodo do ano em que a gente se permite afundar em um mar de chocolate sem sentir um pingo de culpa. Mas, n\u00e3o \u00e9 s\u00f3 de devorar ovos de P\u00e1scoa que vive o ser humano, n\u00e9? A gente tamb\u00e9m adora uma novidade, e em 2024, as tend\u00eancias para essa \u00e9poca est\u00e3o mais vibrantes do que nunca. Vou te contar tudo sobre o que esperar para surpreender a fam\u00edlia, os amigos e, claro, a si mesmo com as inova\u00e7\u00f5es pascais deste ano.<\/p>\n<ul>\n<li><strong>Cores da moda:<\/strong> Vamos mergulhar num arco-\u00edris de possibilidades que v\u00e3o desde os tons past\u00e9is at\u00e9 as cores vibrantes que prometem dominar as prateleiras.<\/li>\n<li><strong>Personaliza\u00e7\u00e3o:<\/strong> A era do &#8220;feito especialmente para voc\u00ea&#8221; chegou aos chocolates, com op\u00e7\u00f5es que v\u00e3o deixar o presente de P\u00e1scoa com a sua cara.<\/li>\n<li><strong>Sustentabilidade e sa\u00fade:<\/strong> Embalagens que respeitam o planeta e op\u00e7\u00f5es saud\u00e1veis para quem quer curtir a P\u00e1scoa sem sair da linha est\u00e3o em alta.<\/li>\n<\/ul>\n<h2>Principais tend\u00eancias para a P\u00e1scoa 2024<\/h2>\n<h3>Cores da moda<\/h3>\n<figure style=\"width: 1024px\" class=\"wp-caption aligncenter\"><img decoding=\"async\" src=\"https:\/\/www.aarquiteta.com.br\/blog\/wp-content\/uploads\/2024\/03\/tendencias-de-pascoa-202404.jpg\" alt=\"tend\u00eancias de p\u00e1scoa 2024\" width=\"1024\" height=\"1024\" title=\"\"><figcaption class=\"wp-caption-text\">tend\u00eancias de p\u00e1scoa 2024<\/figcaption><\/figure>\n<p>Este ano, a P\u00e1scoa vai ser um verdadeiro desfile de moda. As cores que est\u00e3o bombando nas passarelas v\u00e3o pintar os ovos de chocolate. Imagina s\u00f3, um ovo de P\u00e1scoa com aquele azul serenity ou um rosa millennial? Vai ser dif\u00edcil decidir se a gente come ou se posta no feed do Instagram!<\/p>\n<h3>Personaliza\u00e7\u00e3o dos produtos<\/h3>\n<p>Quem n\u00e3o gosta de sentir que algo foi feito pensando exatamente em si? Pois \u00e9, os ovos personalizados v\u00e3o fazer a cabe\u00e7a da galera. Com mensagens especiais, sabores escolhidos a dedo e at\u00e9 mesmo com a sua foto estampada na embalagem, vai ser um presente que ningu\u00e9m vai esquecer t\u00e3o cedo.<\/p>\n<h3>Op\u00e7\u00f5es veganas e saud\u00e1veis<\/h3>\n<style id=\"wp_carousel_dynamic_css104045\">.sp-wp-carousel-free-id-104045.wpcf-fancybox-wrapper .fancybox-bg{background: #0b0b0b;opacity: 0.8;}.sp-wp-carousel-free-id-104045.wpcf-fancybox-wrapper .fancybox-navigation .fancybox-button .wpcp-fancybox-nav-arrow i {color: #ccc;}.sp-wp-carousel-free-id-104045.wpcf-fancybox-wrapper .fancybox-navigation .fancybox-button .wpcp-fancybox-nav-arrow i:hover {color: #fff;}.sp-wp-carousel-free-id-104045.wpcf-fancybox-wrapper .fancybox-navigation .fancybox-button {background: #1e1e1e;}.sp-wp-carousel-free-id-104045.wpcf-fancybox-wrapper .fancybox-navigation .fancybox-button:hover {background: #1e1e1e;}#sp-wp-carousel-free-id-104045 .wpcp-swiper-dots {margin: 40px 0px 0px 0px;}.wpcp-wrapper-104045 .swiper-wrapper .swiper-slide-kenburn, .wpcp-wrapper-104045 .swiper-wrapper, .wpcp-wrapper-104045 .wpcpro-row{align-items: center;}#sp-wp-carousel-free-id-104045 .wpcp-single-item {box-shadow: 0px 0px 0px 0px #dddddd;transition: all .3s;margin: 0px;}#sp-wp-carousel-free-id-104045.swiper-flip .wpcp-single-item{margin: 0!important;}#sp-wp-carousel-free-id-104045 .wpcp-single-item:hover {box-shadow: 0px 0px 0px 0px #dddddd;}#sp-wp-carousel-free-id-104045.sp-wpcp-104045 .wpcp-single-item {border: 1px solid #dddddd;}#sp-wp-carousel-free-id-104045.sp-wpcp-104045 .swiper-button-prev,#sp-wp-carousel-free-id-104045.sp-wpcp-104045 .swiper-button-next,#sp-wp-carousel-free-id-104045.sp-wpcp-104045 .swiper-button-prev:hover,#sp-wp-carousel-free-id-104045.sp-wpcp-104045 .swiper-button-next:hover {background: none;border: none;font-size: 30px;}#sp-wp-carousel-free-id-104045.sp-wpcp-104045 .swiper-button-prev i,#sp-wp-carousel-free-id-104045.sp-wpcp-104045 .swiper-button-next i {color: #aaa;}#sp-wp-carousel-free-id-104045.sp-wpcp-104045 .swiper-button-prev i:hover,#sp-wp-carousel-free-id-104045.sp-wpcp-104045 .swiper-button-next i:hover {color: #178087;}#sp-wp-carousel-free-id-104045.sp-wpcp-104045 .wpcp-swiper-dots .swiper-pagination-bullet {background-color: #cccccc;}#sp-wp-carousel-free-id-104045.sp-wpcp-104045 .wpcp-swiper-dots .swiper-pagination-bullet.swiper-pagination-bullet-active {background-color: #178087;} #sp-wp-carousel-free-id-104045.sp-wpcp-104045.wpcp-image-carousel .wpcp-single-item:hover img, #sp-wp-carousel-free-id-104045.sp-wpcp-104045.wpcp-post-carousel .wpcp-single-item:hover img, #sp-wp-carousel-free-id-104045.sp-wpcp-104045.wpcp-product-carousel .wpcp-single-item:hover img{-webkit-transform: scale(1.2);-moz-transform: scale(1.2);transform: scale(1.2);}#sp-wp-carousel-free-id-104045 .wpcpro-row>[class*=\"wpcpro-col-\"] { padding: 0 10px; padding-bottom: 20px;} #sp-wp-carousel-free-id-104045 .swiper-slide .single-item-fade:not(:last-child) { margin-right: 20px;}@media (min-width: 480px) { .wpcpro-row .wpcpro-col-sm-1 { flex: 0 0 100%; max-width: 100%; } .wpcpro-row .wpcpro-col-sm-2 { flex: 0 0 50%; max-width: 50%; } .wpcpro-row .wpcpro-col-sm-2-5 { flex: 0 0 75%; max-width: 75%; } .wpcpro-row .wpcpro-col-sm-3 { flex: 0 0 33.333%; max-width: 33.333%; } .wpcpro-row .wpcpro-col-sm-4 { flex: 0 0 25%; max-width: 25%; } .wpcpro-row .wpcpro-col-sm-5 { flex: 0 0 20%; max-width: 20%; } .wpcpro-row .wpcpro-col-sm-6 { flex: 0 0 16.66666666666667%; max-width: 16.66666666666667%; } .wpcpro-row .wpcpro-col-sm-7 { flex: 0 0 14.28571428%; max-width: 14.28571428%; } .wpcpro-row .wpcpro-col-sm-8 { flex: 0 0 12.5%; max-width: 12.5%; } } @media (max-width: 480px) { .wpcpro-row .wpcpro-col-xs-1 { flex: 0 0 100%; max-width: 100%; } .wpcpro-row .wpcpro-col-xs-2 { flex: 0 0 50%; max-width: 50%; } .wpcpro-row .wpcpro-col-xs-3 { flex: 0 0 33.222%; max-width: 33.222%; } .wpcpro-row .wpcpro-col-xs-4 { flex: 0 0 25%; max-width: 25%; } .wpcpro-row .wpcpro-col-xs-5 { flex: 0 0 20%; max-width: 20%; } .wpcpro-row .wpcpro-col-xs-6 { flex: 0 0 16.6667%; max-width: 16.6667%; } .wpcpro-row .wpcpro-col-xs-7 { flex: 0 0 14.28571428%; max-width: 14.28571428%; } .wpcpro-row .wpcpro-col-xs-8 { flex: 0 0 12.5%; max-width: 12.5%; } } @media (min-width: 736px) { .wpcpro-row .wpcpro-col-md-1 { flex: 0 0 100%; max-width: 100%; } .wpcpro-row .wpcpro-col-md-2 { flex: 0 0 50%; max-width: 50%; } .wpcpro-row .wpcpro-col-md-2-5 { flex: 0 0 75%; max-width: 75%; } .wpcpro-row .wpcpro-col-md-3 { flex: 0 0 33.333%; max-width: 33.333%; } .wpcpro-row .wpcpro-col-md-4 { flex: 0 0 25%; max-width: 25%; } .wpcpro-row .wpcpro-col-md-5 { flex: 0 0 20%; max-width: 20%; } .wpcpro-row .wpcpro-col-md-6 { flex: 0 0 16.66666666666667%; max-width: 16.66666666666667%; } .wpcpro-row .wpcpro-col-md-7 { flex: 0 0 14.28571428%; max-width: 14.28571428%; } .wpcpro-row .wpcpro-col-md-8 { flex: 0 0 12.5%; max-width: 12.5%; } } @media (min-width: 980px) { .wpcpro-row .wpcpro-col-lg-1 { flex: 0 0 100%; max-width: 100%; } .wpcpro-row .wpcpro-col-lg-2 { flex: 0 0 50%; max-width: 50%; } .wpcpro-row .wpcpro-col-lg-3 { flex: 0 0 33.222%; max-width: 33.222%; } .wpcpro-row .wpcpro-col-lg-4 { flex: 0 0 25%; max-width: 25%; } .wpcpro-row .wpcpro-col-lg-5 { flex: 0 0 20%; max-width: 20%; } .wpcpro-row .wpcpro-col-lg-6 { flex: 0 0 16.6667%; max-width: 16.6667%; } .wpcpro-row .wpcpro-col-lg-7 { flex: 0 0 14.28571428%; max-width: 14.28571428%; } .wpcpro-row .wpcpro-col-lg-8 { flex: 0 0 12.5%; max-width: 12.5%; } } @media (min-width: 1200px) { .wpcpro-row .wpcpro-col-xl-1 { flex: 0 0 100%; max-width: 100%; } .wpcpro-row .wpcpro-col-xl-2 { flex: 0 0 50%; max-width: 50%; } .wpcpro-row .wpcpro-col-xl-3 { flex: 0 0 33.22222222%; max-width: 33.22222222%; } .wpcpro-row .wpcpro-col-xl-4 { flex: 0 0 25%; max-width: 25%; } .wpcpro-row .wpcpro-col-xl-5 { flex: 0 0 20%; max-width: 20%; } .wpcpro-row .wpcpro-col-xl-6 { flex: 0 0 16.66667%; max-width: 16.66667%; } .wpcpro-row .wpcpro-col-xl-7 { flex: 0 0 14.28571428%; max-width: 14.28571428%; } .wpcpro-row .wpcpro-col-xl-8 { flex: 0 0 12.5%; max-width: 12.5%; } }<\/style><div class=\"wpcp-carousel-wrapper wpcp-wrapper-104045\">\n\t<div id=\"wpcp-preloader-104045\" class=\"wpcp-carousel-preloader\"><img decoding=\"async\" src=\"https:\/\/www.aarquiteta.com.br\/blog\/wp-content\/plugins\/wp-carousel-free\/public\/css\/spinner.svg\" alt=\"Preloader Image\" title=\"\"><\/div>\t<div class=\"wpcp-carousel-content-wrapper\">\n\t<div id=\"sp-wp-carousel-free-id-104045\" class=\"wpcp-carousel-section sp-wpcp-104045  nav-vertical-center wpcp-image-carousel wpcp-preloader wpcp-standard\" data-swiper='{ &quot;pagination_type&quot;: &quot;dots&quot;,&quot;accessibility&quot;:true, &quot;spaceBetween&quot;:20, &quot;arrows&quot;:false, &quot;freeMode&quot;: false, &quot;autoplay&quot;:true, &quot;effect&quot;: &quot;&quot;, &quot;centerMode&quot;: false, &quot;autoplaySpeed&quot;:3000, &quot;dots&quot;:true, &quot;infinite&quot;:true, &quot;speed&quot;:600, &quot;pauseOnHover&quot;:true,\n\t\t\t&quot;slidesToShow&quot;:{&quot;lg_desktop&quot;:5, &quot;desktop&quot;: 4, &quot;laptop&quot;: 3, &quot;tablet&quot;: 2, &quot;mobile&quot;: 1}, &quot;responsive&quot;:{&quot;desktop&quot;:1200, &quot;laptop&quot;: 980, &quot;tablet&quot;: 736, &quot;mobile&quot;: 480}, &quot;rtl&quot;:false, &quot;lazyLoad&quot;: &quot;false&quot;, &quot;swipe&quot;: true, &quot;draggable&quot;: true, &quot;swipeToSlide&quot;:false }' dir=\"ltr\">\n\t\t<div class=\"swiper-wrapper\">\n\t\t<div class=\"swiper-slide\">\n\t<div class=\"wpcp-single-item\">\n\t\t\t<a class=\"wcp-light-box\" data-buttons='[\"close\"]' data-wpc_url='https:\/\/www.aarquiteta.com.br\/blog\/wp-content\/uploads\/2023\/12\/5-Itens-de-Decoracao-que-Viraram-Icones-em-Filmes-Famosos02.jpg' href=\"https:\/\/www.aarquiteta.com.br\/blog\/wp-content\/uploads\/2023\/12\/5-Itens-de-Decoracao-que-Viraram-Icones-em-Filmes-Famosos02.jpg\" data-fancybox=\"wpcp_view\">\n\t\t<figure>\n\t\t\t<img decoding=\"async\" class=\"skip-lazy\" src=\"https:\/\/www.aarquiteta.com.br\/blog\/wp-content\/uploads\/2023\/12\/5-Itens-de-Decoracao-que-Viraram-Icones-em-Filmes-Famosos02.jpg\" alt=\"5 Itens de Decora\u00e7\u00e3o que Viraram \u00cdcones em Filmes Famosos\" width=\"1024\" height=\"1024\" title=\"\">\t\t<\/figure>\n\t<\/a>\n\t\t<\/div>\n<\/div>\n\t<div class=\"swiper-slide\">\n\t<div class=\"wpcp-single-item\">\n\t\t\t<a class=\"wcp-light-box\" data-buttons='[\"close\"]' data-wpc_url='https:\/\/www.aarquiteta.com.br\/blog\/wp-content\/uploads\/2023\/12\/5-Itens-de-Decoracao-que-Viraram-Icones-em-Filmes-Famosos01.jpg' href=\"https:\/\/www.aarquiteta.com.br\/blog\/wp-content\/uploads\/2023\/12\/5-Itens-de-Decoracao-que-Viraram-Icones-em-Filmes-Famosos01.jpg\" data-fancybox=\"wpcp_view\">\n\t\t<figure>\n\t\t\t<img decoding=\"async\" class=\"skip-lazy\" src=\"https:\/\/www.aarquiteta.com.br\/blog\/wp-content\/uploads\/2023\/12\/5-Itens-de-Decoracao-que-Viraram-Icones-em-Filmes-Famosos01.jpg\" alt=\"5 Itens de Decora\u00e7\u00e3o que Viraram \u00cdcones em Filmes Famosos\" width=\"1024\" height=\"1024\" title=\"\">\t\t<\/figure>\n\t<\/a>\n\t\t<\/div>\n<\/div>\n\t<div class=\"swiper-slide\">\n\t<div class=\"wpcp-single-item\">\n\t\t\t<a class=\"wcp-light-box\" data-buttons='[\"close\"]' data-wpc_url='https:\/\/www.aarquiteta.com.br\/blog\/wp-content\/uploads\/2023\/12\/5-Itens-de-Decoracao-que-Viraram-Icones-em-Filmes-Famosos04.jpg' href=\"https:\/\/www.aarquiteta.com.br\/blog\/wp-content\/uploads\/2023\/12\/5-Itens-de-Decoracao-que-Viraram-Icones-em-Filmes-Famosos04.jpg\" data-fancybox=\"wpcp_view\">\n\t\t<figure>\n\t\t\t<img decoding=\"async\" class=\"skip-lazy\" src=\"https:\/\/www.aarquiteta.com.br\/blog\/wp-content\/uploads\/2023\/12\/5-Itens-de-Decoracao-que-Viraram-Icones-em-Filmes-Famosos04.jpg\" alt=\"5 Itens de Decora\u00e7\u00e3o que Viraram \u00cdcones em Filmes Famosos\" width=\"1024\" height=\"1024\" title=\"\">\t\t<\/figure>\n\t<\/a>\n\t\t<\/div>\n<\/div>\n\t<div class=\"swiper-slide\">\n\t<div class=\"wpcp-single-item\">\n\t\t\t<a class=\"wcp-light-box\" data-buttons='[\"close\"]' data-wpc_url='https:\/\/www.aarquiteta.com.br\/blog\/wp-content\/uploads\/2023\/12\/5-Itens-de-Decoracao-que-Viraram-Icones-em-Filmes-Famosos03.jpg' href=\"https:\/\/www.aarquiteta.com.br\/blog\/wp-content\/uploads\/2023\/12\/5-Itens-de-Decoracao-que-Viraram-Icones-em-Filmes-Famosos03.jpg\" data-fancybox=\"wpcp_view\">\n\t\t<figure>\n\t\t\t<img decoding=\"async\" class=\"skip-lazy\" src=\"https:\/\/www.aarquiteta.com.br\/blog\/wp-content\/uploads\/2023\/12\/5-Itens-de-Decoracao-que-Viraram-Icones-em-Filmes-Famosos03.jpg\" alt=\"5 Itens de Decora\u00e7\u00e3o que Viraram \u00cdcones em Filmes Famosos\" width=\"1024\" height=\"1024\" title=\"\">\t\t<\/figure>\n\t<\/a>\n\t\t<\/div>\n<\/div>\n\t<div class=\"swiper-slide\">\n\t<div class=\"wpcp-single-item\">\n\t\t\t<a class=\"wcp-light-box\" data-buttons='[\"close\"]' data-wpc_url='https:\/\/www.aarquiteta.com.br\/blog\/wp-content\/uploads\/2023\/12\/5-dicas-de-decoracao-para-mini-salas04.jpg' href=\"https:\/\/www.aarquiteta.com.br\/blog\/wp-content\/uploads\/2023\/12\/5-dicas-de-decoracao-para-mini-salas04.jpg\" data-fancybox=\"wpcp_view\">\n\t\t<figure>\n\t\t\t<img decoding=\"async\" class=\"skip-lazy\" src=\"https:\/\/www.aarquiteta.com.br\/blog\/wp-content\/uploads\/2023\/12\/5-dicas-de-decoracao-para-mini-salas04.jpg\" alt=\"5 dicas de decora\u00e7\u00e3o para mini salas\" width=\"1024\" height=\"1024\" title=\"\">\t\t<\/figure>\n\t<\/a>\n\t\t<\/div>\n<\/div>\n\t<div class=\"swiper-slide\">\n\t<div class=\"wpcp-single-item\">\n\t\t\t<a class=\"wcp-light-box\" data-buttons='[\"close\"]' data-wpc_url='https:\/\/www.aarquiteta.com.br\/blog\/wp-content\/uploads\/2023\/12\/5-dicas-de-decoracao-para-mini-salas03.jpg' href=\"https:\/\/www.aarquiteta.com.br\/blog\/wp-content\/uploads\/2023\/12\/5-dicas-de-decoracao-para-mini-salas03.jpg\" data-fancybox=\"wpcp_view\">\n\t\t<figure>\n\t\t\t<img decoding=\"async\" class=\"skip-lazy\" src=\"https:\/\/www.aarquiteta.com.br\/blog\/wp-content\/uploads\/2023\/12\/5-dicas-de-decoracao-para-mini-salas03.jpg\" alt=\"5 dicas de decora\u00e7\u00e3o para mini salas\" width=\"1024\" height=\"1024\" title=\"\">\t\t<\/figure>\n\t<\/a>\n\t\t<\/div>\n<\/div>\n\t<div class=\"swiper-slide\">\n\t<div class=\"wpcp-single-item\">\n\t\t\t<a class=\"wcp-light-box\" data-buttons='[\"close\"]' data-wpc_url='https:\/\/www.aarquiteta.com.br\/blog\/wp-content\/uploads\/2023\/12\/5-dicas-de-decoracao-para-mini-salas02.jpg' href=\"https:\/\/www.aarquiteta.com.br\/blog\/wp-content\/uploads\/2023\/12\/5-dicas-de-decoracao-para-mini-salas02.jpg\" data-fancybox=\"wpcp_view\">\n\t\t<figure>\n\t\t\t<img decoding=\"async\" class=\"skip-lazy\" src=\"https:\/\/www.aarquiteta.com.br\/blog\/wp-content\/uploads\/2023\/12\/5-dicas-de-decoracao-para-mini-salas02.jpg\" alt=\"5 dicas de decora\u00e7\u00e3o para mini salas\" width=\"1024\" height=\"1024\" title=\"\">\t\t<\/figure>\n\t<\/a>\n\t\t<\/div>\n<\/div>\n\t<div class=\"swiper-slide\">\n\t<div class=\"wpcp-single-item\">\n\t\t\t<a class=\"wcp-light-box\" data-buttons='[\"close\"]' data-wpc_url='https:\/\/www.aarquiteta.com.br\/blog\/wp-content\/uploads\/2023\/12\/5-dicas-de-decoracao-para-mini-salas01.jpg' href=\"https:\/\/www.aarquiteta.com.br\/blog\/wp-content\/uploads\/2023\/12\/5-dicas-de-decoracao-para-mini-salas01.jpg\" data-fancybox=\"wpcp_view\">\n\t\t<figure>\n\t\t\t<img decoding=\"async\" class=\"skip-lazy\" src=\"https:\/\/www.aarquiteta.com.br\/blog\/wp-content\/uploads\/2023\/12\/5-dicas-de-decoracao-para-mini-salas01.jpg\" alt=\"5 dicas de decora\u00e7\u00e3o para mini salas\" width=\"1024\" height=\"1024\" title=\"\">\t\t<\/figure>\n\t<\/a>\n\t\t<\/div>\n<\/div>\n\t<div class=\"swiper-slide\">\n\t<div class=\"wpcp-single-item\">\n\t\t\t<a class=\"wcp-light-box\" data-buttons='[\"close\"]' data-wpc_url='https:\/\/www.aarquiteta.com.br\/blog\/wp-content\/uploads\/2023\/12\/5-dicas-de-Como-Modernizar-a-Decoracao-e-Evitar-Elementos-que-Envelhecem-sua-Casa-2.jpg' href=\"https:\/\/www.aarquiteta.com.br\/blog\/wp-content\/uploads\/2023\/12\/5-dicas-de-Como-Modernizar-a-Decoracao-e-Evitar-Elementos-que-Envelhecem-sua-Casa-2.jpg\" data-fancybox=\"wpcp_view\">\n\t\t<figure>\n\t\t\t<img decoding=\"async\" class=\"skip-lazy\" src=\"https:\/\/www.aarquiteta.com.br\/blog\/wp-content\/uploads\/2023\/12\/5-dicas-de-Como-Modernizar-a-Decoracao-e-Evitar-Elementos-que-Envelhecem-sua-Casa-2.jpg\" alt=\"5 dicas de Como Modernizar a Decora\u00e7\u00e3o e Evitar Elementos que Envelhecem sua Casa\" width=\"1024\" height=\"1024\" title=\"\">\t\t<\/figure>\n\t<\/a>\n\t\t<\/div>\n<\/div>\n\t<div class=\"swiper-slide\">\n\t<div class=\"wpcp-single-item\">\n\t\t\t<a class=\"wcp-light-box\" data-buttons='[\"close\"]' data-wpc_url='https:\/\/www.aarquiteta.com.br\/blog\/wp-content\/uploads\/2023\/12\/5-dicas-de-Como-Modernizar-a-Decoracao-e-Evitar-Elementos-que-Envelhecem-sua-Casa-3.jpg' href=\"https:\/\/www.aarquiteta.com.br\/blog\/wp-content\/uploads\/2023\/12\/5-dicas-de-Como-Modernizar-a-Decoracao-e-Evitar-Elementos-que-Envelhecem-sua-Casa-3.jpg\" data-fancybox=\"wpcp_view\">\n\t\t<figure>\n\t\t\t<img decoding=\"async\" class=\"skip-lazy\" src=\"https:\/\/www.aarquiteta.com.br\/blog\/wp-content\/uploads\/2023\/12\/5-dicas-de-Como-Modernizar-a-Decoracao-e-Evitar-Elementos-que-Envelhecem-sua-Casa-3.jpg\" alt=\"5 dicas de Como Modernizar a Decora\u00e7\u00e3o e Evitar Elementos que Envelhecem sua Casa\" width=\"1024\" height=\"1024\" title=\"\">\t\t<\/figure>\n\t<\/a>\n\t\t<\/div>\n<\/div>\n\t<div class=\"swiper-slide\">\n\t<div class=\"wpcp-single-item\">\n\t\t\t<a class=\"wcp-light-box\" data-buttons='[\"close\"]' data-wpc_url='https:\/\/www.aarquiteta.com.br\/blog\/wp-content\/uploads\/2023\/12\/10-Erros-Comuns-de-Decoracao-que-Voce-Deve-Evitar-em-Sua-Casa.jpg' href=\"https:\/\/www.aarquiteta.com.br\/blog\/wp-content\/uploads\/2023\/12\/10-Erros-Comuns-de-Decoracao-que-Voce-Deve-Evitar-em-Sua-Casa.jpg\" data-fancybox=\"wpcp_view\">\n\t\t<figure>\n\t\t\t<img decoding=\"async\" class=\"skip-lazy\" src=\"https:\/\/www.aarquiteta.com.br\/blog\/wp-content\/uploads\/2023\/12\/10-Erros-Comuns-de-Decoracao-que-Voce-Deve-Evitar-em-Sua-Casa.jpg\" alt=\"10 Erros Comuns de Decora\u00e7\u00e3o que Voc\u00ea Deve Evitar em Sua Casa\" width=\"1024\" height=\"1024\" title=\"\">\t\t<\/figure>\n\t<\/a>\n\t\t<\/div>\n<\/div>\n\t<div class=\"swiper-slide\">\n\t<div class=\"wpcp-single-item\">\n\t\t\t<a class=\"wcp-light-box\" data-buttons='[\"close\"]' data-wpc_url='https:\/\/www.aarquiteta.com.br\/blog\/wp-content\/uploads\/2023\/12\/Transforme-Sua-Casa-com-Elegancia-10-Dicas-Incriveis-para-uma-Decoracao-Chique-e-Economica.jpg' href=\"https:\/\/www.aarquiteta.com.br\/blog\/wp-content\/uploads\/2023\/12\/Transforme-Sua-Casa-com-Elegancia-10-Dicas-Incriveis-para-uma-Decoracao-Chique-e-Economica.jpg\" data-fancybox=\"wpcp_view\">\n\t\t<figure>\n\t\t\t<img decoding=\"async\" class=\"skip-lazy\" src=\"https:\/\/www.aarquiteta.com.br\/blog\/wp-content\/uploads\/2023\/12\/Transforme-Sua-Casa-com-Elegancia-10-Dicas-Incriveis-para-uma-Decoracao-Chique-e-Economica.jpg\" alt=\"Transforme Sua Casa com Eleg\u00e2ncia 10 Dicas Incr\u00edveis para uma Decora\u00e7\u00e3o Chique e Econ\u00f4mica\" width=\"1024\" height=\"1024\" title=\"\">\t\t<\/figure>\n\t<\/a>\n\t\t<\/div>\n<\/div>\n\t<div class=\"swiper-slide\">\n\t<div class=\"wpcp-single-item\">\n\t\t\t<a class=\"wcp-light-box\" data-buttons='[\"close\"]' data-wpc_url='https:\/\/www.aarquiteta.com.br\/blog\/wp-content\/uploads\/2023\/12\/decoracaoa-chique-1.jpg' href=\"https:\/\/www.aarquiteta.com.br\/blog\/wp-content\/uploads\/2023\/12\/decoracaoa-chique-1.jpg\" data-fancybox=\"wpcp_view\">\n\t\t<figure>\n\t\t\t<img decoding=\"async\" class=\"skip-lazy\" src=\"https:\/\/www.aarquiteta.com.br\/blog\/wp-content\/uploads\/2023\/12\/decoracaoa-chique-1.jpg\" alt=\"Transforme Sua Casa com Eleg\u00e2ncia 10 Dicas Incr\u00edveis para uma Decora\u00e7\u00e3o Chique e Econ\u00f4mica\" width=\"923\" height=\"928\" title=\"\">\t\t<\/figure>\n\t<\/a>\n\t\t<\/div>\n<\/div>\n\t<div class=\"swiper-slide\">\n\t<div class=\"wpcp-single-item\">\n\t\t\t<a class=\"wcp-light-box\" data-buttons='[\"close\"]' data-wpc_url='https:\/\/www.aarquiteta.com.br\/blog\/wp-content\/uploads\/2023\/12\/Decoracao-Desatualizada-10-Itens-que-Voce-Deve-Evitar-para-Manter-sua-Casa-Moderna-e-Atraente-2.jpg' href=\"https:\/\/www.aarquiteta.com.br\/blog\/wp-content\/uploads\/2023\/12\/Decoracao-Desatualizada-10-Itens-que-Voce-Deve-Evitar-para-Manter-sua-Casa-Moderna-e-Atraente-2.jpg\" data-fancybox=\"wpcp_view\">\n\t\t<figure>\n\t\t\t<img decoding=\"async\" class=\"skip-lazy\" src=\"https:\/\/www.aarquiteta.com.br\/blog\/wp-content\/uploads\/2023\/12\/Decoracao-Desatualizada-10-Itens-que-Voce-Deve-Evitar-para-Manter-sua-Casa-Moderna-e-Atraente-2.jpg\" alt=\"Decora\u00e7\u00e3o Desatualizada 10 Itens que Voc\u00ea Deve Evitar para Manter sua Casa Moderna e Atraente\" width=\"925\" height=\"925\" title=\"\">\t\t<\/figure>\n\t<\/a>\n\t\t<\/div>\n<\/div>\n\t<div class=\"swiper-slide\">\n\t<div class=\"wpcp-single-item\">\n\t\t\t<a class=\"wcp-light-box\" data-buttons='[\"close\"]' data-wpc_url='https:\/\/www.aarquiteta.com.br\/blog\/wp-content\/uploads\/2023\/12\/Decoracao-Desatualizada-10-Itens-que-Voce-Deve-Evitar-para-Manter-sua-Casa-Moderna-e-Atraente-1.jpg' href=\"https:\/\/www.aarquiteta.com.br\/blog\/wp-content\/uploads\/2023\/12\/Decoracao-Desatualizada-10-Itens-que-Voce-Deve-Evitar-para-Manter-sua-Casa-Moderna-e-Atraente-1.jpg\" data-fancybox=\"wpcp_view\">\n\t\t<figure>\n\t\t\t<img decoding=\"async\" class=\"skip-lazy\" src=\"https:\/\/www.aarquiteta.com.br\/blog\/wp-content\/uploads\/2023\/12\/Decoracao-Desatualizada-10-Itens-que-Voce-Deve-Evitar-para-Manter-sua-Casa-Moderna-e-Atraente-1.jpg\" alt=\"Decora\u00e7\u00e3o Desatualizada 10 Itens que Voc\u00ea Deve Evitar para Manter sua Casa Moderna e Atraente\" width=\"1024\" height=\"1024\" title=\"\">\t\t<\/figure>\n\t<\/a>\n\t\t<\/div>\n<\/div>\n\t<div class=\"swiper-slide\">\n\t<div class=\"wpcp-single-item\">\n\t\t\t<a class=\"wcp-light-box\" data-buttons='[\"close\"]' data-wpc_url='https:\/\/www.aarquiteta.com.br\/blog\/wp-content\/uploads\/2023\/11\/principais-tendencias-de-decoracao-para-2024-02.jpg' href=\"https:\/\/www.aarquiteta.com.br\/blog\/wp-content\/uploads\/2023\/11\/principais-tendencias-de-decoracao-para-2024-02.jpg\" data-fancybox=\"wpcp_view\">\n\t\t<figure>\n\t\t\t<img decoding=\"async\" class=\"skip-lazy\" src=\"https:\/\/www.aarquiteta.com.br\/blog\/wp-content\/uploads\/2023\/11\/principais-tendencias-de-decoracao-para-2024-02.jpg\" alt=\"principais tendencias de decora\u00e7\u00e3o para 2024\" width=\"920\" height=\"920\" title=\"\">\t\t<\/figure>\n\t<\/a>\n\t\t<\/div>\n<\/div>\n\t\t\t<\/div>\n\t\t\t\t\t<div class=\"wpcp-swiper-dots swiper-pagination\"><\/div>\n\t\t\t\t<!-- If we need navigation buttons -->\n\t\t\t<\/div>\n\t<\/div>\n<\/div>\n\n<p>Para a turma que ama chocolate, mas n\u00e3o quer deixar de lado a alimenta\u00e7\u00e3o balanceada, as op\u00e7\u00f5es veganas e saud\u00e1veis v\u00e3o ser um verdadeiro o\u00e1sis. Chocolates com ingredientes org\u00e2nicos, sem lactose ou a\u00e7\u00facar adicionado, v\u00e3o fazer a alegria de quem quer comer sem pesar na consci\u00eancia.<\/p>\n<h3>Embalagens sustent\u00e1veis<\/h3>\n<p>O planeta agradece, e a gente tamb\u00e9m! As embalagens sustent\u00e1veis est\u00e3o com tudo, e al\u00e9m de serem super estilosas, ainda ajudam a reduzir o impacto ambiental. \u00c9 a combina\u00e7\u00e3o perfeita de beleza e consci\u00eancia ecol\u00f3gica.<\/p>\n<h3>Experi\u00eancias sensoriais<\/h3>\n<p>Prepare-se para uma viagem de sabores, texturas e aromas. Os ovos de P\u00e1scoa deste ano prometem ser uma experi\u00eancia sensorial completa, com combina\u00e7\u00f5es inusitadas que v\u00e3o desde o crocante at\u00e9 o efervescente. \u00c9 para deixar qualquer um com \u00e1gua na boca!<\/p>\n<h3>Inova\u00e7\u00f5es tecnol\u00f3gicas<\/h3>\n<figure style=\"width: 1024px\" class=\"wp-caption aligncenter\"><img decoding=\"async\" src=\"https:\/\/www.aarquiteta.com.br\/blog\/wp-content\/uploads\/2024\/03\/tendencias-de-pascoa-202402.jpg\" alt=\"tend\u00eancias de p\u00e1scoa 2024\" width=\"1024\" height=\"1024\" title=\"\"><figcaption class=\"wp-caption-text\">tend\u00eancias de p\u00e1scoa 2024<\/figcaption><\/figure>\n<p>E quem disse que tecnologia e chocolate n\u00e3o combinam? Este ano, vamos ver muita inova\u00e7\u00e3o, com realidade aumentada e aplicativos que v\u00e3o transformar a ca\u00e7a aos ovos em uma aventura digital. A P\u00e1scoa nunca foi t\u00e3o high-tech!<\/p>\n<h3>Colabora\u00e7\u00f5es exclusivas<\/h3>\n<p>As parcerias entre marcas famosas e chocolatarias est\u00e3o criando ovos de P\u00e1scoa que s\u00e3o verdadeiras obras de arte. Imagine saborear uma cria\u00e7\u00e3o que une o melhor do mundo da moda com o do chocolate? \u00c9 para colecionar!<\/p>\n<h3>Ovos de P\u00e1scoa gigantes<\/h3>\n<figure style=\"width: 1024px\" class=\"wp-caption aligncenter\"><img decoding=\"async\" src=\"https:\/\/www.aarquiteta.com.br\/blog\/wp-content\/uploads\/2024\/03\/tendencias-de-pascoa-202401.jpg\" alt=\"tend\u00eancias de p\u00e1scoa 2024\" width=\"1024\" height=\"1024\" title=\"\"><figcaption class=\"wp-caption-text\">tend\u00eancias de p\u00e1scoa 2024<\/figcaption><\/figure>\n<p>Para quem acha que tamanho \u00e9 documento, os ovos gigantes v\u00e3o ser o hit da temporada. Eles s\u00e3o t\u00e3o grandes que voc\u00ea vai precisar de ajuda para carregar. Mas, \u00f3, sem briga na hora de dividir, hein?<\/p>\n<h3>Tem\u00e1ticas diferenciadas<\/h3>\n<p>Esque\u00e7a os coelhinhos tradicionais, este ano a P\u00e1scoa vem com tem\u00e1ticas que v\u00e3o desde o universo geek at\u00e9 as s\u00e9ries de sucesso. \u00c9 a chance de mostrar todo o seu fandom enquanto se delicia com um chocolate tem\u00e1tico.<\/p>\n<h3>Produtos gourmet<\/h3>\n<figure style=\"width: 1024px\" class=\"wp-caption aligncenter\"><img decoding=\"async\" src=\"https:\/\/www.aarquiteta.com.br\/blog\/wp-content\/uploads\/2024\/03\/tendencias-de-pascoa-202403.jpg\" alt=\"tend\u00eancias de p\u00e1scoa 2024\" width=\"1024\" height=\"1024\" title=\"\"><figcaption class=\"wp-caption-text\">tend\u00eancias de p\u00e1scoa 2024<\/figcaption><\/figure>\n<p>Os choc\u00f3latras de plant\u00e3o que se preparem, porque os produtos gourmet v\u00e3o elevar o n\u00edvel da P\u00e1scoa. Com ingredientes ex\u00f3ticos e cria\u00e7\u00f5es de chefs renomados, esses chocolates s\u00e3o para degustar com calma e apreciar cada mordida.<\/p>\n<h3>Brindes e brinquedos inclusos<\/h3>\n<p>E para a crian\u00e7ada (e os adultos tamb\u00e9m, vai), os brindes e brinquedos que acompanham os ovos est\u00e3o mais criativos do que nunca. S\u00e3o jogos, quebra-cabe\u00e7as e at\u00e9 itens colecion\u00e1veis que v\u00e3o fazer a alegria da fam\u00edlia inteira.<\/p>\n<h3>Celebridades e influenciadores como garotos-propaganda<\/h3>\n<p>As celebridades e influenciadores digitais est\u00e3o dando o ar da gra\u00e7a nas campanhas de P\u00e1scoa. Com eles na jogada, a expectativa \u00e9 que os produtos voem das prateleiras mais r\u00e1pido do que coelho fugindo de cachorro.<\/p>\n<h2>Conclus\u00e3o<\/h2>\n<p>Ent\u00e3o \u00e9 isso, pessoal! As tend\u00eancias para a P\u00e1scoa 2024 est\u00e3o mais diversificadas do que cesta de ovos. Tem para todos os gostos e estilos, e o mais importante \u00e9 curtir esse momento delicioso e cheio de significado. Agora que voc\u00ea j\u00e1 sabe o que esperar, \u00e9 s\u00f3 se jogar nas novidades e fazer desta P\u00e1scoa uma festa inesquec\u00edvel.<\/p>\n<h3>Perguntas Frequentes<\/h3>\n<h3>Quais s\u00e3o as cores em destaque para os produtos de P\u00e1scoa em 2024?<\/h3>\n<p style=\"text-align: center;\">[amazon table=&#8221;90234&#8243;]\n<p>As cores que est\u00e3o fazendo sucesso s\u00e3o aquelas que refletem otimismo e alegria. Tons past\u00e9is suaves, como lavanda e menta, est\u00e3o em alta, mas tamb\u00e9m h\u00e1 espa\u00e7o para cores vibrantes como coral e turquesa. \u00c9 um verdadeiro festival de cores!<\/p>\n<h3>Como as marcas est\u00e3o se adaptando para oferecer op\u00e7\u00f5es veganas e saud\u00e1veis?<\/h3>\n<p>As marcas est\u00e3o investindo pesado em pesquisa para criar chocolates que mantenham o sabor delicioso sem abrir m\u00e3o dos princ\u00edpios veganos e saud\u00e1veis. Est\u00e3o utilizando substitutos do leite, como leite de am\u00eandoas, e ado\u00e7antes naturais para garantir que todos possam aproveitar a P\u00e1scoa sem restri\u00e7\u00f5es.<\/p>\n<h3>Quais s\u00e3o as principais parcerias e colabora\u00e7\u00f5es esperadas para a P\u00e1scoa deste ano?<\/h3>\n<p>Este ano, estamos vendo colabora\u00e7\u00f5es entre grandes marcas de moda e designers com chocolatarias artesanais. Tamb\u00e9m h\u00e1 parcerias com artistas e franquias de filmes para criar ovos tem\u00e1ticos que s\u00e3o verdadeiros itens de colecionador.<\/p>\n<p>Para encerrar com chave de ouro, que tal uma curiosidade? Voc\u00ea sabia que o maior ovo de P\u00e1scoa do mundo foi criado na It\u00e1lia e pesava mais de 7 toneladas? Imagina s\u00f3 a quantidade de chocolate&#8230; Bom, agora \u00e9 hora de correr atr\u00e1s do seu ovo de P\u00e1scoa, mas sem precisar bater esse recorde, t\u00e1 bom?<\/p>\n","protected":false},"excerpt":{"rendered":"<p>Introdu\u00e7\u00e3o Ah, a P\u00e1scoa! Esse per\u00edodo do ano em que a gente se permite afundar em um mar de chocolate sem sentir um pingo de culpa. Mas, n\u00e3o \u00e9 s\u00f3 de devorar ovos de P\u00e1scoa que vive o ser humano, n\u00e9? A gente tamb\u00e9m adora uma novidade, e em 2024, as tend\u00eancias para essa \u00e9poca [&hellip;]<\/p>\n","protected":false},"author":102,"featured_media":107691,"comment_status":"closed","ping_status":"closed","sticky":false,"template":"","format":"standard","meta":{"footnotes":""},"categories":[1484],"tags":[],"class_list":["post-107694","post","type-post","status-publish","format-standard","has-post-thumbnail","category-decoracao"],"_wp_attached_file":null,"_wp_attachment_metadata":null,"_wp_attachment_context":null,"_wp_attachment_is_custom_header":null,"geo_longitude":null,"geo_public":null,"geo_latitude":null,"_publicize_done_external":null,"_wpas_done_3897181":null,"publicize_twitter_user":null,"_wpas_done_3897175":null,"_wpas_skip_3897181":null,"_wpas_skip_3897175":null,"_wpas_skip_3924723":null,"_wpas_mess":null,"_wpas_done_3924723":null,"wps_subtitle":"","_links":{"self":[{"href":"https:\/\/www.aarquiteta.com.br\/blog\/wp-json\/wp\/v2\/posts\/107694","targetHints":{"allow":["GET"]}}],"collection":[{"href":"https:\/\/www.aarquiteta.com.br\/blog\/wp-json\/wp\/v2\/posts"}],"about":[{"href":"https:\/\/www.aarquiteta.com.br\/blog\/wp-json\/wp\/v2\/types\/post"}],"author":[{"embeddable":true,"href":"https:\/\/www.aarquiteta.com.br\/blog\/wp-json\/wp\/v2\/users\/102"}],"replies":[{"embeddable":true,"href":"https:\/\/www.aarquiteta.com.br\/blog\/wp-json\/wp\/v2\/comments?post=107694"}],"version-history":[{"count":0,"href":"https:\/\/www.aarquiteta.com.br\/blog\/wp-json\/wp\/v2\/posts\/107694\/revisions"}],"wp:featuredmedia":[{"embeddable":true,"href":"https:\/\/www.aarquiteta.com.br\/blog\/wp-json\/wp\/v2\/media\/107691"}],"wp:attachment":[{"href":"https:\/\/www.aarquiteta.com.br\/blog\/wp-json\/wp\/v2\/media?parent=107694"}],"wp:term":[{"taxonomy":"category","embeddable":true,"href":"https:\/\/www.aarquiteta.com.br\/blog\/wp-json\/wp\/v2\/categories?post=107694"},{"taxonomy":"post_tag","embeddable":true,"href":"https:\/\/www.aarquiteta.com.br\/blog\/wp-json\/wp\/v2\/tags?post=107694"}],"curies":[{"name":"wp","href":"https:\/\/api.w.org\/{rel}","templated":true}]}}