{"id":107669,"date":"2024-03-05T09:25:52","date_gmt":"2024-03-05T12:25:52","guid":{"rendered":"http:\/\/aarquiteta.com.br\/porta-de-correr-area-de-servico\/"},"modified":"2024-03-05T12:04:20","modified_gmt":"2024-03-05T15:04:20","slug":"porta-de-correr-area-de-servico","status":"publish","type":"post","link":"https:\/\/www.aarquiteta.com.br\/blog\/porta-de-correr-area-de-servico\/","title":{"rendered":"Como usar uma porta de correr na area de servi\u00e7o?"},"content":{"rendered":"<p>Ah, a \u00e1rea de servi\u00e7o! Esse cantinho que muitas vezes a gente esquece, mas que \u00e9 essencial no nosso dia a dia, n\u00e9? E olha, se tem uma coisa que eu aprendi \u00e9 que cada cent\u00edmetro conta, principalmente em apartamentos menores. Por isso, hoje eu vou falar sobre uma solu\u00e7\u00e3o que pode ser um verdadeiro game-changer: a porta de correr para a \u00e1rea de servi\u00e7o. Vamos nessa?<\/p><p><b>Contexto Breve:<\/b><\/p><ul><li><b>Economia de espa\u00e7o:<\/b> Uma porta de correr \u00e9 perfeita para otimizar o espa\u00e7o, j\u00e1 que n\u00e3o precisa daquele balan\u00e7o pra abrir e fechar.<\/li><li><b>Estilo e funcionalidade:<\/b> Al\u00e9m de pr\u00e1ticas, essas portas podem dar um toque todo especial na decora\u00e7\u00e3o da sua casa.<\/li><li><b>Escolha inteligente:<\/b> Com as dicas certas, voc\u00ea vai poder escolher a porta de correr ideal para a sua \u00e1rea de servi\u00e7o, sem dor de cabe\u00e7a.<\/li><\/ul><h2>Por que escolher uma porta de correr para a \u00e1rea de servi\u00e7o?<\/h2><h3>Economia de espa\u00e7o<\/h3><figure style=\"width: 1024px\" class=\"wp-caption aligncenter\"><img decoding=\"async\" src=\"https:\/\/www.aarquiteta.com.br\/blog\/wp-content\/uploads\/2024\/03\/porta-de-correr-area-de-servico04.jpg\" alt=\"porta de correr area de servi\u00e7o\" width=\"1024\" height=\"1024\" title=\"\"><figcaption class=\"wp-caption-text\">porta de correr <a href=\"https:\/\/www.aarquiteta.com.br\/blog\/decoracao\/ambientes-na-decoracao\/decoracao-de-area-de-servico\/\" class=\"ilj-generated-link\">area de servi\u00e7o<\/a><\/figcaption><\/figure><p>Sabe aquele espa\u00e7o que a porta tradicional ocupa quando abre e fecha? Com a porta de correr, isso \u00e9 coisa do passado. Ela desliza suavemente pela parede, deixando mais espa\u00e7o livre para voc\u00ea se movimentar ou at\u00e9 para colocar um m\u00f3vel extra.<\/p><h3>Facilidade de acesso<\/h3><p>Quando estou com as m\u00e3os ocupadas, cheias de roupas para lavar, nada como uma porta que abre com um simples empurr\u00e3ozinho. A porta de correr \u00e9 sin\u00f4nimo de <b>conveni\u00eancia<\/b> nesses momentos.<\/p><h3>Estilo e design<\/h3><style id=\"wp_carousel_dynamic_css104053\">.sp-wp-carousel-free-id-104053.wpcf-fancybox-wrapper .fancybox-bg{background: #0b0b0b;opacity: 0.8;}.sp-wp-carousel-free-id-104053.wpcf-fancybox-wrapper .fancybox-navigation .fancybox-button .wpcp-fancybox-nav-arrow i {color: #ccc;}.sp-wp-carousel-free-id-104053.wpcf-fancybox-wrapper .fancybox-navigation .fancybox-button .wpcp-fancybox-nav-arrow i:hover {color: #fff;}.sp-wp-carousel-free-id-104053.wpcf-fancybox-wrapper .fancybox-navigation .fancybox-button {background: #1e1e1e;}.sp-wp-carousel-free-id-104053.wpcf-fancybox-wrapper .fancybox-navigation .fancybox-button:hover {background: #1e1e1e;}#sp-wp-carousel-free-id-104053 .wpcp-swiper-dots {margin: 40px 0px 0px 0px;}.wpcp-wrapper-104053 .swiper-wrapper .swiper-slide-kenburn, .wpcp-wrapper-104053 .swiper-wrapper, .wpcp-wrapper-104053 .wpcpro-row{align-items: center;}#sp-wp-carousel-free-id-104053 .wpcp-single-item {box-shadow: 0px 0px 0px 0px #dddddd;transition: all .3s;margin: 0px;}#sp-wp-carousel-free-id-104053.swiper-flip .wpcp-single-item{margin: 0!important;}#sp-wp-carousel-free-id-104053 .wpcp-single-item:hover {box-shadow: 0px 0px 0px 0px #dddddd;}#sp-wp-carousel-free-id-104053.sp-wpcp-104053 .wpcp-single-item {border: 1px solid #dddddd;}#sp-wp-carousel-free-id-104053.sp-wpcp-104053 .swiper-button-prev,#sp-wp-carousel-free-id-104053.sp-wpcp-104053 .swiper-button-next,#sp-wp-carousel-free-id-104053.sp-wpcp-104053 .swiper-button-prev:hover,#sp-wp-carousel-free-id-104053.sp-wpcp-104053 .swiper-button-next:hover {background: none;border: none;font-size: 30px;}#sp-wp-carousel-free-id-104053.sp-wpcp-104053 .swiper-button-prev i,#sp-wp-carousel-free-id-104053.sp-wpcp-104053 .swiper-button-next i {color: #aaa;}#sp-wp-carousel-free-id-104053.sp-wpcp-104053 .swiper-button-prev i:hover,#sp-wp-carousel-free-id-104053.sp-wpcp-104053 .swiper-button-next i:hover {color: #178087;}#sp-wp-carousel-free-id-104053.sp-wpcp-104053 .wpcp-swiper-dots .swiper-pagination-bullet {background-color: #cccccc;}#sp-wp-carousel-free-id-104053.sp-wpcp-104053 .wpcp-swiper-dots .swiper-pagination-bullet.swiper-pagination-bullet-active {background-color: #178087;} #sp-wp-carousel-free-id-104053.sp-wpcp-104053.wpcp-image-carousel .wpcp-single-item:hover img, #sp-wp-carousel-free-id-104053.sp-wpcp-104053.wpcp-post-carousel .wpcp-single-item:hover img, #sp-wp-carousel-free-id-104053.sp-wpcp-104053.wpcp-product-carousel .wpcp-single-item:hover img{-webkit-transform: scale(1.2);-moz-transform: scale(1.2);transform: scale(1.2);}#sp-wp-carousel-free-id-104053 .wpcpro-row>[class*=\"wpcpro-col-\"] { padding: 0 10px; padding-bottom: 20px;} #sp-wp-carousel-free-id-104053 .swiper-slide .single-item-fade:not(:last-child) { margin-right: 20px;}@media (min-width: 480px) { .wpcpro-row .wpcpro-col-sm-1 { flex: 0 0 100%; max-width: 100%; } .wpcpro-row .wpcpro-col-sm-2 { flex: 0 0 50%; max-width: 50%; } .wpcpro-row .wpcpro-col-sm-2-5 { flex: 0 0 75%; max-width: 75%; } .wpcpro-row .wpcpro-col-sm-3 { flex: 0 0 33.333%; max-width: 33.333%; } .wpcpro-row .wpcpro-col-sm-4 { flex: 0 0 25%; max-width: 25%; } .wpcpro-row .wpcpro-col-sm-5 { flex: 0 0 20%; max-width: 20%; } .wpcpro-row .wpcpro-col-sm-6 { flex: 0 0 16.66666666666667%; max-width: 16.66666666666667%; } .wpcpro-row .wpcpro-col-sm-7 { flex: 0 0 14.28571428%; max-width: 14.28571428%; } .wpcpro-row .wpcpro-col-sm-8 { flex: 0 0 12.5%; max-width: 12.5%; } } @media (max-width: 480px) { .wpcpro-row .wpcpro-col-xs-1 { flex: 0 0 100%; max-width: 100%; } .wpcpro-row .wpcpro-col-xs-2 { flex: 0 0 50%; max-width: 50%; } .wpcpro-row .wpcpro-col-xs-3 { flex: 0 0 33.222%; max-width: 33.222%; } .wpcpro-row .wpcpro-col-xs-4 { flex: 0 0 25%; max-width: 25%; } .wpcpro-row .wpcpro-col-xs-5 { flex: 0 0 20%; max-width: 20%; } .wpcpro-row .wpcpro-col-xs-6 { flex: 0 0 16.6667%; max-width: 16.6667%; } .wpcpro-row .wpcpro-col-xs-7 { flex: 0 0 14.28571428%; max-width: 14.28571428%; } .wpcpro-row .wpcpro-col-xs-8 { flex: 0 0 12.5%; max-width: 12.5%; } } @media (min-width: 736px) { .wpcpro-row .wpcpro-col-md-1 { flex: 0 0 100%; max-width: 100%; } .wpcpro-row .wpcpro-col-md-2 { flex: 0 0 50%; max-width: 50%; } .wpcpro-row .wpcpro-col-md-2-5 { flex: 0 0 75%; max-width: 75%; } .wpcpro-row .wpcpro-col-md-3 { flex: 0 0 33.333%; max-width: 33.333%; } .wpcpro-row .wpcpro-col-md-4 { flex: 0 0 25%; max-width: 25%; } .wpcpro-row .wpcpro-col-md-5 { flex: 0 0 20%; max-width: 20%; } .wpcpro-row .wpcpro-col-md-6 { flex: 0 0 16.66666666666667%; max-width: 16.66666666666667%; } .wpcpro-row .wpcpro-col-md-7 { flex: 0 0 14.28571428%; max-width: 14.28571428%; } .wpcpro-row .wpcpro-col-md-8 { flex: 0 0 12.5%; max-width: 12.5%; } } @media (min-width: 980px) { .wpcpro-row .wpcpro-col-lg-1 { flex: 0 0 100%; max-width: 100%; } .wpcpro-row .wpcpro-col-lg-2 { flex: 0 0 50%; max-width: 50%; } .wpcpro-row .wpcpro-col-lg-3 { flex: 0 0 33.222%; max-width: 33.222%; } .wpcpro-row .wpcpro-col-lg-4 { flex: 0 0 25%; max-width: 25%; } .wpcpro-row .wpcpro-col-lg-5 { flex: 0 0 20%; max-width: 20%; } .wpcpro-row .wpcpro-col-lg-6 { flex: 0 0 16.6667%; max-width: 16.6667%; } .wpcpro-row .wpcpro-col-lg-7 { flex: 0 0 14.28571428%; max-width: 14.28571428%; } .wpcpro-row .wpcpro-col-lg-8 { flex: 0 0 12.5%; max-width: 12.5%; } } @media (min-width: 1200px) { .wpcpro-row .wpcpro-col-xl-1 { flex: 0 0 100%; max-width: 100%; } .wpcpro-row .wpcpro-col-xl-2 { flex: 0 0 50%; max-width: 50%; } .wpcpro-row .wpcpro-col-xl-3 { flex: 0 0 33.22222222%; max-width: 33.22222222%; } .wpcpro-row .wpcpro-col-xl-4 { flex: 0 0 25%; max-width: 25%; } .wpcpro-row .wpcpro-col-xl-5 { flex: 0 0 20%; max-width: 20%; } .wpcpro-row .wpcpro-col-xl-6 { flex: 0 0 16.66667%; max-width: 16.66667%; } .wpcpro-row .wpcpro-col-xl-7 { flex: 0 0 14.28571428%; max-width: 14.28571428%; } .wpcpro-row .wpcpro-col-xl-8 { flex: 0 0 12.5%; max-width: 12.5%; } }<\/style><div class=\"wpcp-carousel-wrapper wpcp-wrapper-104053\">\t<div id=\"wpcp-preloader-104053\" class=\"wpcp-carousel-preloader\"><img decoding=\"async\" src=\"https:\/\/www.aarquiteta.com.br\/blog\/wp-content\/plugins\/wp-carousel-free\/public\/css\/spinner.svg\" alt=\"Preloader Image\" title=\"\"><\/div>\t<div class=\"wpcp-carousel-content-wrapper\">\t<div id=\"sp-wp-carousel-free-id-104053\" class=\"wpcp-carousel-section sp-wpcp-104053  nav-vertical-center wpcp-image-carousel wpcp-preloader wpcp-standard\" data-swiper='{ &quot;pagination_type&quot;: &quot;dots&quot;,&quot;accessibility&quot;:true, &quot;spaceBetween&quot;:20, &quot;arrows&quot;:false, &quot;freeMode&quot;: false, &quot;autoplay&quot;:true, &quot;effect&quot;: &quot;&quot;, &quot;centerMode&quot;: false, &quot;autoplaySpeed&quot;:3000, &quot;dots&quot;:true, &quot;infinite&quot;:true, &quot;speed&quot;:600, &quot;pauseOnHover&quot;:true,\n\t\t\t&quot;slidesToShow&quot;:{&quot;lg_desktop&quot;:5, &quot;desktop&quot;: 4, &quot;laptop&quot;: 3, &quot;tablet&quot;: 2, &quot;mobile&quot;: 1}, &quot;responsive&quot;:{&quot;desktop&quot;:1200, &quot;laptop&quot;: 980, &quot;tablet&quot;: 736, &quot;mobile&quot;: 480}, &quot;rtl&quot;:false, &quot;lazyLoad&quot;: &quot;false&quot;, &quot;swipe&quot;: true, &quot;draggable&quot;: true, &quot;swipeToSlide&quot;:false }' dir=\"ltr\">\t\t<div class=\"swiper-wrapper\">\t\t<div class=\"swiper-slide\">\t<div class=\"wpcp-single-item\">\t\t\t<a class=\"wcp-light-box\" data-buttons='[\"close\"]' data-wpc_url='https:\/\/www.aarquiteta.com.br\/blog\/wp-content\/uploads\/2023\/12\/prateleira-para-lavanderia04.jpg' href=\"https:\/\/www.aarquiteta.com.br\/blog\/wp-content\/uploads\/2023\/12\/prateleira-para-lavanderia04.jpg\" data-fancybox=\"wpcp_view\">\n\t\t<figure>\n\t\t\t<img decoding=\"async\" class=\"skip-lazy\" src=\"https:\/\/www.aarquiteta.com.br\/blog\/wp-content\/uploads\/2023\/12\/prateleira-para-lavanderia04.jpg\" alt=\"prateleira para lavanderia\" width=\"1024\" height=\"1024\" title=\"\">\t\t<\/figure>\n\t<\/a>\t\t<\/div><\/div>\t<div class=\"swiper-slide\">\t<div class=\"wpcp-single-item\">\t\t\t<a class=\"wcp-light-box\" data-buttons='[\"close\"]' data-wpc_url='https:\/\/www.aarquiteta.com.br\/blog\/wp-content\/uploads\/2023\/12\/prateleira-para-lavanderia03.jpg' href=\"https:\/\/www.aarquiteta.com.br\/blog\/wp-content\/uploads\/2023\/12\/prateleira-para-lavanderia03.jpg\" data-fancybox=\"wpcp_view\">\n\t\t<figure>\n\t\t\t<img decoding=\"async\" class=\"skip-lazy\" src=\"https:\/\/www.aarquiteta.com.br\/blog\/wp-content\/uploads\/2023\/12\/prateleira-para-lavanderia03.jpg\" alt=\"prateleira para lavanderia\" width=\"1024\" height=\"1024\" title=\"\">\t\t<\/figure>\n\t<\/a>\t\t<\/div><\/div>\t<div class=\"swiper-slide\">\t<div class=\"wpcp-single-item\">\t\t\t<a class=\"wcp-light-box\" data-buttons='[\"close\"]' data-wpc_url='https:\/\/www.aarquiteta.com.br\/blog\/wp-content\/uploads\/2023\/11\/Varanda-com-lavanderia-5-dicas-de-como-ter-e-usar-a-sua.03.jpg' href=\"https:\/\/www.aarquiteta.com.br\/blog\/wp-content\/uploads\/2023\/11\/Varanda-com-lavanderia-5-dicas-de-como-ter-e-usar-a-sua.03.jpg\" data-fancybox=\"wpcp_view\">\n\t\t<figure>\n\t\t\t<img decoding=\"async\" class=\"skip-lazy\" src=\"https:\/\/www.aarquiteta.com.br\/blog\/wp-content\/uploads\/2023\/11\/Varanda-com-lavanderia-5-dicas-de-como-ter-e-usar-a-sua.03.jpg\" alt=\"Varanda com lavanderia: 5 dicas de como ter e usar a sua.\" width=\"1024\" height=\"1024\" title=\"\">\t\t<\/figure>\n\t<\/a>\t\t<\/div><\/div>\t<div class=\"swiper-slide\">\t<div class=\"wpcp-single-item\">\t\t\t<a class=\"wcp-light-box\" data-buttons='[\"close\"]' data-wpc_url='https:\/\/www.aarquiteta.com.br\/blog\/wp-content\/uploads\/2023\/11\/lavanderia-externa03.jpg' href=\"https:\/\/www.aarquiteta.com.br\/blog\/wp-content\/uploads\/2023\/11\/lavanderia-externa03.jpg\" data-fancybox=\"wpcp_view\">\n\t\t<figure>\n\t\t\t<img decoding=\"async\" class=\"skip-lazy\" src=\"https:\/\/www.aarquiteta.com.br\/blog\/wp-content\/uploads\/2023\/11\/lavanderia-externa03.jpg\" alt=\"lavanderia externa\" width=\"1024\" height=\"1024\" title=\"\">\t\t<\/figure>\n\t<\/a>\t\t<\/div><\/div>\t<div class=\"swiper-slide\">\t<div class=\"wpcp-single-item\">\t\t\t<a class=\"wcp-light-box\" data-buttons='[\"close\"]' data-wpc_url='https:\/\/www.aarquiteta.com.br\/blog\/wp-content\/uploads\/2023\/11\/lavanderia-externa02.jpg' href=\"https:\/\/www.aarquiteta.com.br\/blog\/wp-content\/uploads\/2023\/11\/lavanderia-externa02.jpg\" data-fancybox=\"wpcp_view\">\n\t\t<figure>\n\t\t\t<img decoding=\"async\" class=\"skip-lazy\" src=\"https:\/\/www.aarquiteta.com.br\/blog\/wp-content\/uploads\/2023\/11\/lavanderia-externa02.jpg\" alt=\"lavanderia externa\" width=\"1024\" height=\"1024\" title=\"\">\t\t<\/figure>\n\t<\/a>\t\t<\/div><\/div>\t<div class=\"swiper-slide\">\t<div class=\"wpcp-single-item\">\t\t\t<a class=\"wcp-light-box\" data-buttons='[\"close\"]' data-wpc_url='https:\/\/www.aarquiteta.com.br\/blog\/wp-content\/uploads\/2023\/05\/cozinha-pequena-com-lavanderia-3.png' href=\"https:\/\/www.aarquiteta.com.br\/blog\/wp-content\/uploads\/2023\/05\/cozinha-pequena-com-lavanderia-3.png\" data-fancybox=\"wpcp_view\">\n\t\t<figure>\n\t\t\t<img decoding=\"async\" class=\"skip-lazy\" src=\"https:\/\/www.aarquiteta.com.br\/blog\/wp-content\/uploads\/2023\/05\/cozinha-pequena-com-lavanderia-3.png\" alt=\"cozinha pequena com lavanderia\" width=\"1456\" height=\"816\" title=\"\">\t\t<\/figure>\n\t<\/a>\t\t<\/div><\/div>\t<div class=\"swiper-slide\">\t<div class=\"wpcp-single-item\">\t\t\t<a class=\"wcp-light-box\" data-buttons='[\"close\"]' data-wpc_url='https:\/\/www.aarquiteta.com.br\/blog\/wp-content\/uploads\/2023\/04\/Lavanderia-Pequena-grandes-Ideias-Dicas-para-Transformar-seu-Espaco.png' href=\"https:\/\/www.aarquiteta.com.br\/blog\/wp-content\/uploads\/2023\/04\/Lavanderia-Pequena-grandes-Ideias-Dicas-para-Transformar-seu-Espaco.png\" data-fancybox=\"wpcp_view\">\n\t\t<figure>\n\t\t\t<img decoding=\"async\" class=\"skip-lazy\" src=\"https:\/\/www.aarquiteta.com.br\/blog\/wp-content\/uploads\/2023\/04\/Lavanderia-Pequena-grandes-Ideias-Dicas-para-Transformar-seu-Espaco.png\" alt=\"Lavanderia Pequena, grandes Ideias: Dicas para Transformar seu Espa\u00e7o\" width=\"1024\" height=\"1024\" title=\"\">\t\t<\/figure>\n\t<\/a>\t\t<\/div><\/div>\t<div class=\"swiper-slide\">\t<div class=\"wpcp-single-item\">\t\t\t<a class=\"wcp-light-box\" data-buttons='[\"close\"]' data-wpc_url='https:\/\/www.aarquiteta.com.br\/blog\/wp-content\/uploads\/2023\/04\/lavanderiafuncional6.jpg' href=\"https:\/\/www.aarquiteta.com.br\/blog\/wp-content\/uploads\/2023\/04\/lavanderiafuncional6.jpg\" data-fancybox=\"wpcp_view\">\n\t\t<figure>\n\t\t\t<img decoding=\"async\" class=\"skip-lazy\" src=\"https:\/\/www.aarquiteta.com.br\/blog\/wp-content\/uploads\/2023\/04\/lavanderiafuncional6.jpg\" alt=\"lavanderiafuncional6\" width=\"618\" height=\"416\" title=\"\">\t\t<\/figure>\n\t<\/a>\t\t<\/div><\/div>\t<div class=\"swiper-slide\">\t<div class=\"wpcp-single-item\">\t\t\t<a class=\"wcp-light-box\" data-buttons='[\"close\"]' data-wpc_url='https:\/\/www.aarquiteta.com.br\/blog\/wp-content\/uploads\/2023\/04\/lavanderiafuncional4.jpg' href=\"https:\/\/www.aarquiteta.com.br\/blog\/wp-content\/uploads\/2023\/04\/lavanderiafuncional4.jpg\" data-fancybox=\"wpcp_view\">\n\t\t<figure>\n\t\t\t<img decoding=\"async\" class=\"skip-lazy\" src=\"https:\/\/www.aarquiteta.com.br\/blog\/wp-content\/uploads\/2023\/04\/lavanderiafuncional4.jpg\" alt=\"lavanderiafuncional4\" width=\"611\" height=\"474\" title=\"\">\t\t<\/figure>\n\t<\/a>\t\t<\/div><\/div>\t<div class=\"swiper-slide\">\t<div class=\"wpcp-single-item\">\t\t\t<a class=\"wcp-light-box\" data-buttons='[\"close\"]' data-wpc_url='https:\/\/www.aarquiteta.com.br\/blog\/wp-content\/uploads\/2023\/04\/lavanderia12.jpg' href=\"https:\/\/www.aarquiteta.com.br\/blog\/wp-content\/uploads\/2023\/04\/lavanderia12.jpg\" data-fancybox=\"wpcp_view\">\n\t\t<figure>\n\t\t\t<img decoding=\"async\" class=\"skip-lazy\" src=\"https:\/\/www.aarquiteta.com.br\/blog\/wp-content\/uploads\/2023\/04\/lavanderia12.jpg\" alt=\"lavanderia12\" width=\"615\" height=\"412\" title=\"\">\t\t<\/figure>\n\t<\/a>\t\t<\/div><\/div>\t<div class=\"swiper-slide\">\t<div class=\"wpcp-single-item\">\t\t\t<a class=\"wcp-light-box\" data-buttons='[\"close\"]' data-wpc_url='https:\/\/www.aarquiteta.com.br\/blog\/wp-content\/uploads\/2023\/04\/lavanderia9.jpg' href=\"https:\/\/www.aarquiteta.com.br\/blog\/wp-content\/uploads\/2023\/04\/lavanderia9.jpg\" data-fancybox=\"wpcp_view\">\n\t\t<figure>\n\t\t\t<img decoding=\"async\" class=\"skip-lazy\" src=\"https:\/\/www.aarquiteta.com.br\/blog\/wp-content\/uploads\/2023\/04\/lavanderia9.jpg\" alt=\"lavanderia9\" width=\"609\" height=\"410\" title=\"\">\t\t<\/figure>\n\t<\/a>\t\t<\/div><\/div>\t<div class=\"swiper-slide\">\t<div class=\"wpcp-single-item\">\t\t\t<a class=\"wcp-light-box\" data-buttons='[\"close\"]' data-wpc_url='https:\/\/www.aarquiteta.com.br\/blog\/wp-content\/uploads\/2023\/04\/lavanderia3.webp' href=\"https:\/\/www.aarquiteta.com.br\/blog\/wp-content\/uploads\/2023\/04\/lavanderia3.webp\" data-fancybox=\"wpcp_view\">\n\t\t<figure>\n\t\t\t<img decoding=\"async\" class=\"skip-lazy\" src=\"https:\/\/www.aarquiteta.com.br\/blog\/wp-content\/uploads\/2023\/04\/lavanderia3.webp\" alt=\"lavanderia3\" width=\"600\" height=\"901\" title=\"\">\t\t<\/figure>\n\t<\/a>\t\t<\/div><\/div>\t<div class=\"swiper-slide\">\t<div class=\"wpcp-single-item\">\t\t\t<a class=\"wcp-light-box\" data-buttons='[\"close\"]' data-wpc_url='https:\/\/www.aarquiteta.com.br\/blog\/wp-content\/uploads\/2022\/03\/cropped-Dicas-para-organizar-a-lavanderia-da-sua-casa..jpg' href=\"https:\/\/www.aarquiteta.com.br\/blog\/wp-content\/uploads\/2022\/03\/cropped-Dicas-para-organizar-a-lavanderia-da-sua-casa..jpg\" data-fancybox=\"wpcp_view\">\n\t\t<figure>\n\t\t\t<img decoding=\"async\" class=\"skip-lazy\" src=\"https:\/\/www.aarquiteta.com.br\/blog\/wp-content\/uploads\/2022\/03\/cropped-Dicas-para-organizar-a-lavanderia-da-sua-casa..jpg\" alt=\"cropped-Dicas-para-organizar-a-lavanderia-da-sua-casa..jpg\" width=\"640\" height=\"853\" title=\"\">\t\t<\/figure>\n\t<\/a>\t\t<\/div><\/div>\t<div class=\"swiper-slide\">\t<div class=\"wpcp-single-item\">\t\t\t<a class=\"wcp-light-box\" data-buttons='[\"close\"]' data-wpc_url='https:\/\/www.aarquiteta.com.br\/blog\/wp-content\/uploads\/2022\/03\/cropped-Dicas-para-organizar-a-lavanderia-da-sua-casa.2.jpg' href=\"https:\/\/www.aarquiteta.com.br\/blog\/wp-content\/uploads\/2022\/03\/cropped-Dicas-para-organizar-a-lavanderia-da-sua-casa.2.jpg\" data-fancybox=\"wpcp_view\">\n\t\t<figure>\n\t\t\t<img decoding=\"async\" class=\"skip-lazy\" src=\"https:\/\/www.aarquiteta.com.br\/blog\/wp-content\/uploads\/2022\/03\/cropped-Dicas-para-organizar-a-lavanderia-da-sua-casa.2.jpg\" alt=\"cropped-Dicas-para-organizar-a-lavanderia-da-sua-casa.2.jpg\" width=\"640\" height=\"853\" title=\"\">\t\t<\/figure>\n\t<\/a>\t\t<\/div><\/div>\t<div class=\"swiper-slide\">\t<div class=\"wpcp-single-item\">\t\t\t<a class=\"wcp-light-box\" data-buttons='[\"close\"]' data-wpc_url='https:\/\/www.aarquiteta.com.br\/blog\/wp-content\/uploads\/2022\/03\/Dicas-para-organizar-a-lavanderia-da-sua-casa.2.jpg' href=\"https:\/\/www.aarquiteta.com.br\/blog\/wp-content\/uploads\/2022\/03\/Dicas-para-organizar-a-lavanderia-da-sua-casa.2.jpg\" data-fancybox=\"wpcp_view\">\n\t\t<figure>\n\t\t\t<img decoding=\"async\" class=\"skip-lazy\" src=\"https:\/\/www.aarquiteta.com.br\/blog\/wp-content\/uploads\/2022\/03\/Dicas-para-organizar-a-lavanderia-da-sua-casa.2.jpg\" alt=\"Dicas para organizar a lavanderia da sua casa.\" width=\"700\" height=\"400\" title=\"\">\t\t<\/figure>\n\t<\/a>\t\t<\/div><\/div>\t<div class=\"swiper-slide\">\t<div class=\"wpcp-single-item\">\t\t\t<a class=\"wcp-light-box\" data-buttons='[\"close\"]' data-wpc_url='https:\/\/www.aarquiteta.com.br\/blog\/wp-content\/uploads\/2022\/03\/Dicas-para-organizar-a-lavanderia-da-sua-casa..jpg' href=\"https:\/\/www.aarquiteta.com.br\/blog\/wp-content\/uploads\/2022\/03\/Dicas-para-organizar-a-lavanderia-da-sua-casa..jpg\" data-fancybox=\"wpcp_view\">\n\t\t<figure>\n\t\t\t<img decoding=\"async\" class=\"skip-lazy\" src=\"https:\/\/www.aarquiteta.com.br\/blog\/wp-content\/uploads\/2022\/03\/Dicas-para-organizar-a-lavanderia-da-sua-casa..jpg\" alt=\"Organizar a lavanderia da sua casa\" width=\"700\" height=\"400\" title=\"\">\t\t<\/figure>\n\t<\/a>\t\t<\/div><\/div>\t\t\t<\/div>\t\t\t\t\t<div class=\"wpcp-swiper-dots swiper-pagination\"><\/div>\t\t\t\t<!-- If we need navigation buttons -->\t\t\t<\/div>\t<\/div><\/div><p>Quem disse que \u00e1rea de servi\u00e7o precisa ser sem gra\u00e7a? Uma porta de correr com um design bacana pode dar aquele <b>up<\/b> no visual do ambiente.<\/p><h3>Versatilidade de materiais<\/h3><p>Tem porta de correr de vidro, de madeira, de alum\u00ednio&#8230; ou seja, op\u00e7\u00f5es n\u00e3o faltam para combinar com o estilo da sua casa.<\/p><h3>Seguran\u00e7a e privacidade<\/h3><p>E claro, a porta de correr tamb\u00e9m pode vir com trincos e fechaduras para garantir a sua <b>privacidade<\/b> e seguran\u00e7a.<\/p><h2>Como escolher o modelo ideal de porta de correr para a \u00e1rea de servi\u00e7o?<\/h2><h3>Tamanho do espa\u00e7o dispon\u00edvel<\/h3><figure style=\"width: 1024px\" class=\"wp-caption aligncenter\"><img decoding=\"async\" src=\"https:\/\/www.aarquiteta.com.br\/blog\/wp-content\/uploads\/2024\/03\/porta-de-correr-area-de-servico02.jpg\" alt=\"porta de correr area de servi\u00e7o\" width=\"1024\" height=\"1024\" title=\"\"><figcaption class=\"wp-caption-text\">porta de correr area de servi\u00e7o<\/figcaption><\/figure><p>Antes de mais nada, \u00e9 preciso medir o espa\u00e7o. Uma porta muito grande ou muito pequena pode acabar sendo um elefante branco na sua \u00e1rea de servi\u00e7o.<\/p><h3>Material mais adequado<\/h3><p>Se tem muita umidade, talvez uma porta de correr de vidro temperado seja a melhor pedida. Agora, se voc\u00ea quer um toque mais r\u00fastico, a madeira pode ser a escolha certa.<\/p><h3>Tipo de abertura<\/h3><figure style=\"width: 1024px\" class=\"wp-caption aligncenter\"><img decoding=\"async\" src=\"https:\/\/www.aarquiteta.com.br\/blog\/wp-content\/uploads\/2024\/03\/porta-de-correr-area-de-servico01.jpg\" alt=\"porta de correr area de servi\u00e7o\" width=\"1024\" height=\"1024\" title=\"\"><figcaption class=\"wp-caption-text\">porta de correr area de servi\u00e7o<\/figcaption><\/figure><p>Tem porta que abre para um lado s\u00f3, tem porta que abre para os dois lados&#8230; \u00e9 s\u00f3 escolher o que funciona melhor para voc\u00ea.<\/p><h3>Acabamentos e detalhes<\/h3><p>Uma ma\u00e7aneta bonita ou um trilho aparente podem fazer toda a diferen\u00e7a no acabamento da sua porta de correr.<\/p><h3>Or\u00e7amento dispon\u00edvel<\/h3><figure style=\"width: 1024px\" class=\"wp-caption aligncenter\"><img decoding=\"async\" src=\"https:\/\/www.aarquiteta.com.br\/blog\/wp-content\/uploads\/2024\/03\/porta-de-correr-area-de-servico03.jpg\" alt=\"porta de correr area de servi\u00e7o\" width=\"1024\" height=\"1024\" title=\"\"><figcaption class=\"wp-caption-text\">porta de correr area de servi\u00e7o<\/figcaption><\/figure><p>E claro, a gente n\u00e3o pode esquecer do <b>or\u00e7amento<\/b>. Mas \u00f3, investir em uma boa porta de correr pode ser um excelente custo-benef\u00edcio a longo prazo.<\/p><h2>Quais s\u00e3o as vantagens de instalar uma porta de correr na \u00e1rea de servi\u00e7o?<\/h2><h3>Otimiza\u00e7\u00e3o do espa\u00e7o<\/h3><p>Com uma porta de correr, voc\u00ea ganha aquele espa\u00e7o extra que pode ser a diferen\u00e7a entre uma \u00e1rea de servi\u00e7o apertada e uma bem resolvida.<\/p><h3>Maior praticidade no dia a dia<\/h3><p>Na correria do dia a dia, uma porta que n\u00e3o atrapalha j\u00e1 \u00e9 meio caminho andado para uma rotina mais <b>pr\u00e1tica<\/b> e menos estressante.<\/p><h3>Moderniza\u00e7\u00e3o do ambiente<\/h3><p>Al\u00e9m de todas as vantagens pr\u00e1ticas, uma porta de correr d\u00e1 um toque moderno e sofisticado para a sua \u00e1rea de servi\u00e7o.<\/p><h2>Conclus\u00e3o<\/h2><h3>Invista em uma porta de correr para a \u00e1rea de servi\u00e7o e aproveite todos os benef\u00edcios que esse item pode proporcionar!<\/h3><p style=\"text-align: center;\">[amazon table=&#8221;95674&#8243;]<p>Ent\u00e3o \u00e9 isso! Uma porta de correr pode ser um investimento que vai trazer mais praticidade, beleza e funcionalidade para a sua \u00e1rea de servi\u00e7o. Vale a pena considerar!<\/p><h2>Perguntas Frequentes sobre porta de correr para \u00e1rea de servi\u00e7o<\/h2><h3>Portas de correr exigem manuten\u00e7\u00e3o frequente?<\/h3><p>N\u00e3o necessariamente. Claro que uma limpezinha nos trilhos de vez em quando \u00e9 bem-vinda, mas nada que d\u00ea muito trabalho.<\/p><h3>Posso personalizar minha porta de correr?<\/h3><p>Com certeza! Voc\u00ea pode escolher o material, a cor, o tipo de vidro&#8230; as op\u00e7\u00f5es s\u00e3o muitas para deixar a porta com a sua cara.<\/p><h3>Portas de correr s\u00e3o uma boa op\u00e7\u00e3o para casas com crian\u00e7as ou pets?<\/h3><p>Sim, s\u00e3o uma \u00f3tima op\u00e7\u00e3o. S\u00f3 \u00e9 bom ficar de olho para escolher um modelo com travas de seguran\u00e7a, para evitar acidentes.<\/p><p>Para finalizar, lembre-se que a porta de correr para a \u00e1rea de servi\u00e7o n\u00e3o \u00e9 s\u00f3 uma quest\u00e3o de est\u00e9tica, mas tamb\u00e9m de intelig\u00eancia no uso do espa\u00e7o. E olha, falar em intelig\u00eancia, voc\u00ea sabia que o conceito de portas de correr vem da arquitetura japonesa? Eles j\u00e1 sabiam das vantagens de otimizar espa\u00e7os h\u00e1 s\u00e9culos! Ent\u00e3o, que tal trazer um pouquinho dessa sabedoria milenar para a sua casa?<\/p>","protected":false},"excerpt":{"rendered":"<p>Ah, a \u00e1rea de servi\u00e7o! Esse cantinho que muitas vezes a gente esquece, mas que \u00e9 essencial no nosso dia a dia, n\u00e9? E olha, se tem uma coisa que eu aprendi \u00e9 que cada cent\u00edmetro conta, principalmente em apartamentos menores. Por isso, hoje eu vou falar sobre uma solu\u00e7\u00e3o que pode ser um verdadeiro [&hellip;]<\/p>\n","protected":false},"author":102,"featured_media":107666,"comment_status":"closed","ping_status":"closed","sticky":false,"template":"","format":"standard","meta":{"footnotes":""},"categories":[1484],"tags":[],"class_list":["post-107669","post","type-post","status-publish","format-standard","has-post-thumbnail","category-decoracao"],"_wp_attached_file":null,"_wp_attachment_metadata":null,"_wp_attachment_context":null,"_wp_attachment_is_custom_header":null,"geo_longitude":null,"geo_public":null,"geo_latitude":null,"_publicize_done_external":null,"_wpas_done_3897181":null,"publicize_twitter_user":null,"_wpas_done_3897175":null,"_wpas_skip_3897181":null,"_wpas_skip_3897175":null,"_wpas_skip_3924723":null,"_wpas_mess":null,"_wpas_done_3924723":null,"wps_subtitle":"","_links":{"self":[{"href":"https:\/\/www.aarquiteta.com.br\/blog\/wp-json\/wp\/v2\/posts\/107669","targetHints":{"allow":["GET"]}}],"collection":[{"href":"https:\/\/www.aarquiteta.com.br\/blog\/wp-json\/wp\/v2\/posts"}],"about":[{"href":"https:\/\/www.aarquiteta.com.br\/blog\/wp-json\/wp\/v2\/types\/post"}],"author":[{"embeddable":true,"href":"https:\/\/www.aarquiteta.com.br\/blog\/wp-json\/wp\/v2\/users\/102"}],"replies":[{"embeddable":true,"href":"https:\/\/www.aarquiteta.com.br\/blog\/wp-json\/wp\/v2\/comments?post=107669"}],"version-history":[{"count":0,"href":"https:\/\/www.aarquiteta.com.br\/blog\/wp-json\/wp\/v2\/posts\/107669\/revisions"}],"wp:featuredmedia":[{"embeddable":true,"href":"https:\/\/www.aarquiteta.com.br\/blog\/wp-json\/wp\/v2\/media\/107666"}],"wp:attachment":[{"href":"https:\/\/www.aarquiteta.com.br\/blog\/wp-json\/wp\/v2\/media?parent=107669"}],"wp:term":[{"taxonomy":"category","embeddable":true,"href":"https:\/\/www.aarquiteta.com.br\/blog\/wp-json\/wp\/v2\/categories?post=107669"},{"taxonomy":"post_tag","embeddable":true,"href":"https:\/\/www.aarquiteta.com.br\/blog\/wp-json\/wp\/v2\/tags?post=107669"}],"curies":[{"name":"wp","href":"https:\/\/api.w.org\/{rel}","templated":true}]}}