{"id":107608,"date":"2024-03-04T12:54:47","date_gmt":"2024-03-04T15:54:47","guid":{"rendered":"http:\/\/aarquiteta.com.br\/solucao-elegante-painel-ripado-de-madeira-para-quartos-modernos\/"},"modified":"2024-03-04T12:54:47","modified_gmt":"2024-03-04T15:54:47","slug":"solucao-elegante-painel-ripado-de-madeira-para-quartos-modernos","status":"publish","type":"post","link":"https:\/\/www.aarquiteta.com.br\/blog\/solucao-elegante-painel-ripado-de-madeira-para-quartos-modernos\/","title":{"rendered":"Solu\u00e7\u00e3o Elegante: Painel Ripado de Madeira para Quartos Modernos"},"content":{"rendered":"<h2>Introdu\u00e7\u00e3o<\/h2>\n<p>Quem diria que um dia eu estaria aqui, falando sobre como um <b>painel ripado de madeira<\/b> pode transformar o quarto em um santu\u00e1rio de estilo e conforto? Mas \u00e9 isso mesmo, essa tend\u00eancia que vem ganhando o cora\u00e7\u00e3o dos amantes de decora\u00e7\u00e3o moderna e minimalista \u00e9 um verdadeiro charme. E n\u00e3o \u00e9 s\u00f3 uma quest\u00e3o de est\u00e9tica n\u00e3o, viu? Tem muito mais nesse peda\u00e7o de madeira do que se pode imaginar.<\/p>\n<ul>\n<li><b>O que \u00e9 um painel ripado de madeira?<\/b>: Uma explica\u00e7\u00e3o sobre essa pe\u00e7a chave na decora\u00e7\u00e3o moderna.<\/li>\n<li><b>Por que escolher um painel ripado de madeira para o quarto?<\/b>: Os motivos que fazem essa escolha ser t\u00e3o acertada.<\/li>\n<li><b>Tipos de madeira e dicas de manuten\u00e7\u00e3o<\/b>: Um guia para escolher a madeira certa e como mant\u00ea-la sempre bonita.<\/li>\n<\/ul>\n<h3>O que \u00e9 um painel ripado de madeira?<\/h3>\n<figure style=\"width: 1024px\" class=\"wp-caption aligncenter\"><img decoding=\"async\" src=\"https:\/\/www.aarquiteta.com.br\/blog\/wp-content\/uploads\/2024\/03\/Solucao-Elegante-Painel-Ripado-de-Madeira-para-Quartos-Modernos04.jpg\" alt=\"Solu\u00e7\u00e3o Elegante: Painel Ripado de Madeira para Quartos Modernos\" width=\"1024\" height=\"1024\" title=\"\"><figcaption class=\"wp-caption-text\">Solu\u00e7\u00e3o Elegante: Painel Ripado de Madeira para Quartos Modernos<\/figcaption><\/figure>\n<p>Ent\u00e3o, vamos l\u00e1: um painel ripado \u00e9 basicamente uma s\u00e9rie de t\u00e1buas de madeira, alinhadas lado a lado, com um espacinho entre elas, sabe? Essa estrutura cria um jogo de sombras e texturas que \u00e9 um verdadeiro col\u00edrio para os olhos. E n\u00e3o \u00e9 s\u00f3 bonito n\u00e3o, tamb\u00e9m \u00e9 vers\u00e1til! Pode ser usado como cabeceira de cama, divis\u00f3ria de ambientes ou at\u00e9 mesmo como um detalhe decorativo na parede.<\/p>\n<h3>Por que escolher um painel ripado de madeira para o quarto?<\/h3>\n<p>Ah, s\u00e3o tantos motivos que fica at\u00e9 dif\u00edcil escolher por onde come\u00e7ar. Mas vamos l\u00e1: um painel desses traz uma <b>sensa\u00e7\u00e3o de aconchego<\/b> que \u00e9 uma del\u00edcia. Al\u00e9m disso, ele ajuda a melhorar a ac\u00fastica do ambiente e ainda esconde aquelas imperfei\u00e7\u00f5es da parede que a gente finge que n\u00e3o v\u00ea.<\/p>\n<h3>Tipos de madeira mais utilizados nos pain\u00e9is ripados<\/h3>\n<style id=\"wp_carousel_dynamic_css104054\">.sp-wp-carousel-free-id-104054.wpcf-fancybox-wrapper .fancybox-bg{background: #0b0b0b;opacity: 0.8;}.sp-wp-carousel-free-id-104054.wpcf-fancybox-wrapper .fancybox-navigation .fancybox-button .wpcp-fancybox-nav-arrow i {color: #ccc;}.sp-wp-carousel-free-id-104054.wpcf-fancybox-wrapper .fancybox-navigation .fancybox-button .wpcp-fancybox-nav-arrow i:hover {color: #fff;}.sp-wp-carousel-free-id-104054.wpcf-fancybox-wrapper .fancybox-navigation .fancybox-button {background: #1e1e1e;}.sp-wp-carousel-free-id-104054.wpcf-fancybox-wrapper .fancybox-navigation .fancybox-button:hover {background: #1e1e1e;}#sp-wp-carousel-free-id-104054 .wpcp-swiper-dots {margin: 40px 0px 0px 0px;}.wpcp-wrapper-104054 .swiper-wrapper .swiper-slide-kenburn, .wpcp-wrapper-104054 .swiper-wrapper, .wpcp-wrapper-104054 .wpcpro-row{align-items: center;}#sp-wp-carousel-free-id-104054 .wpcp-single-item {box-shadow: 0px 0px 0px 0px #dddddd;transition: all .3s;margin: 0px;}#sp-wp-carousel-free-id-104054.swiper-flip .wpcp-single-item{margin: 0!important;}#sp-wp-carousel-free-id-104054 .wpcp-single-item:hover {box-shadow: 0px 0px 0px 0px #dddddd;}#sp-wp-carousel-free-id-104054.sp-wpcp-104054 .wpcp-single-item {border: 1px solid #dddddd;}#sp-wp-carousel-free-id-104054.sp-wpcp-104054 .swiper-button-prev,#sp-wp-carousel-free-id-104054.sp-wpcp-104054 .swiper-button-next,#sp-wp-carousel-free-id-104054.sp-wpcp-104054 .swiper-button-prev:hover,#sp-wp-carousel-free-id-104054.sp-wpcp-104054 .swiper-button-next:hover {background: none;border: none;font-size: 30px;}#sp-wp-carousel-free-id-104054.sp-wpcp-104054 .swiper-button-prev i,#sp-wp-carousel-free-id-104054.sp-wpcp-104054 .swiper-button-next i {color: #aaa;}#sp-wp-carousel-free-id-104054.sp-wpcp-104054 .swiper-button-prev i:hover,#sp-wp-carousel-free-id-104054.sp-wpcp-104054 .swiper-button-next i:hover {color: #178087;}#sp-wp-carousel-free-id-104054.sp-wpcp-104054 .wpcp-swiper-dots .swiper-pagination-bullet {background-color: #cccccc;}#sp-wp-carousel-free-id-104054.sp-wpcp-104054 .wpcp-swiper-dots .swiper-pagination-bullet.swiper-pagination-bullet-active {background-color: #178087;} #sp-wp-carousel-free-id-104054.sp-wpcp-104054.wpcp-image-carousel .wpcp-single-item:hover img, #sp-wp-carousel-free-id-104054.sp-wpcp-104054.wpcp-post-carousel .wpcp-single-item:hover img, #sp-wp-carousel-free-id-104054.sp-wpcp-104054.wpcp-product-carousel .wpcp-single-item:hover img{-webkit-transform: scale(1.2);-moz-transform: scale(1.2);transform: scale(1.2);}#sp-wp-carousel-free-id-104054 .wpcpro-row>[class*=\"wpcpro-col-\"] { padding: 0 10px; padding-bottom: 20px;} #sp-wp-carousel-free-id-104054 .swiper-slide .single-item-fade:not(:last-child) { margin-right: 20px;}@media (min-width: 480px) { .wpcpro-row .wpcpro-col-sm-1 { flex: 0 0 100%; max-width: 100%; } .wpcpro-row .wpcpro-col-sm-2 { flex: 0 0 50%; max-width: 50%; } .wpcpro-row .wpcpro-col-sm-2-5 { flex: 0 0 75%; max-width: 75%; } .wpcpro-row .wpcpro-col-sm-3 { flex: 0 0 33.333%; max-width: 33.333%; } .wpcpro-row .wpcpro-col-sm-4 { flex: 0 0 25%; max-width: 25%; } .wpcpro-row .wpcpro-col-sm-5 { flex: 0 0 20%; max-width: 20%; } .wpcpro-row .wpcpro-col-sm-6 { flex: 0 0 16.66666666666667%; max-width: 16.66666666666667%; } .wpcpro-row .wpcpro-col-sm-7 { flex: 0 0 14.28571428%; max-width: 14.28571428%; } .wpcpro-row .wpcpro-col-sm-8 { flex: 0 0 12.5%; max-width: 12.5%; } } @media (max-width: 480px) { .wpcpro-row .wpcpro-col-xs-1 { flex: 0 0 100%; max-width: 100%; } .wpcpro-row .wpcpro-col-xs-2 { flex: 0 0 50%; max-width: 50%; } .wpcpro-row .wpcpro-col-xs-3 { flex: 0 0 33.222%; max-width: 33.222%; } .wpcpro-row .wpcpro-col-xs-4 { flex: 0 0 25%; max-width: 25%; } .wpcpro-row .wpcpro-col-xs-5 { flex: 0 0 20%; max-width: 20%; } .wpcpro-row .wpcpro-col-xs-6 { flex: 0 0 16.6667%; max-width: 16.6667%; } .wpcpro-row .wpcpro-col-xs-7 { flex: 0 0 14.28571428%; max-width: 14.28571428%; } .wpcpro-row .wpcpro-col-xs-8 { flex: 0 0 12.5%; max-width: 12.5%; } } @media (min-width: 736px) { .wpcpro-row .wpcpro-col-md-1 { flex: 0 0 100%; max-width: 100%; } .wpcpro-row .wpcpro-col-md-2 { flex: 0 0 50%; max-width: 50%; } .wpcpro-row .wpcpro-col-md-2-5 { flex: 0 0 75%; max-width: 75%; } .wpcpro-row .wpcpro-col-md-3 { flex: 0 0 33.333%; max-width: 33.333%; } .wpcpro-row .wpcpro-col-md-4 { flex: 0 0 25%; max-width: 25%; } .wpcpro-row .wpcpro-col-md-5 { flex: 0 0 20%; max-width: 20%; } .wpcpro-row .wpcpro-col-md-6 { flex: 0 0 16.66666666666667%; max-width: 16.66666666666667%; } .wpcpro-row .wpcpro-col-md-7 { flex: 0 0 14.28571428%; max-width: 14.28571428%; } .wpcpro-row .wpcpro-col-md-8 { flex: 0 0 12.5%; max-width: 12.5%; } } @media (min-width: 980px) { .wpcpro-row .wpcpro-col-lg-1 { flex: 0 0 100%; max-width: 100%; } .wpcpro-row .wpcpro-col-lg-2 { flex: 0 0 50%; max-width: 50%; } .wpcpro-row .wpcpro-col-lg-3 { flex: 0 0 33.222%; max-width: 33.222%; } .wpcpro-row .wpcpro-col-lg-4 { flex: 0 0 25%; max-width: 25%; } .wpcpro-row .wpcpro-col-lg-5 { flex: 0 0 20%; max-width: 20%; } .wpcpro-row .wpcpro-col-lg-6 { flex: 0 0 16.6667%; max-width: 16.6667%; } .wpcpro-row .wpcpro-col-lg-7 { flex: 0 0 14.28571428%; max-width: 14.28571428%; } .wpcpro-row .wpcpro-col-lg-8 { flex: 0 0 12.5%; max-width: 12.5%; } } @media (min-width: 1200px) { .wpcpro-row .wpcpro-col-xl-1 { flex: 0 0 100%; max-width: 100%; } .wpcpro-row .wpcpro-col-xl-2 { flex: 0 0 50%; max-width: 50%; } .wpcpro-row .wpcpro-col-xl-3 { flex: 0 0 33.22222222%; max-width: 33.22222222%; } .wpcpro-row .wpcpro-col-xl-4 { flex: 0 0 25%; max-width: 25%; } .wpcpro-row .wpcpro-col-xl-5 { flex: 0 0 20%; max-width: 20%; } .wpcpro-row .wpcpro-col-xl-6 { flex: 0 0 16.66667%; max-width: 16.66667%; } .wpcpro-row .wpcpro-col-xl-7 { flex: 0 0 14.28571428%; max-width: 14.28571428%; } .wpcpro-row .wpcpro-col-xl-8 { flex: 0 0 12.5%; max-width: 12.5%; } }<\/style><div class=\"wpcp-carousel-wrapper wpcp-wrapper-104054\">\n\t<div id=\"wpcp-preloader-104054\" class=\"wpcp-carousel-preloader\"><img decoding=\"async\" src=\"https:\/\/www.aarquiteta.com.br\/blog\/wp-content\/plugins\/wp-carousel-free\/public\/css\/spinner.svg\" alt=\"Preloader Image\" title=\"\"><\/div>\t<div class=\"wpcp-carousel-content-wrapper\">\n\t<div id=\"sp-wp-carousel-free-id-104054\" class=\"wpcp-carousel-section sp-wpcp-104054  nav-vertical-center wpcp-image-carousel wpcp-preloader wpcp-standard\" data-swiper='{ &quot;pagination_type&quot;: &quot;dots&quot;,&quot;accessibility&quot;:true, &quot;spaceBetween&quot;:20, &quot;arrows&quot;:false, &quot;freeMode&quot;: false, &quot;autoplay&quot;:true, &quot;effect&quot;: &quot;&quot;, &quot;centerMode&quot;: false, &quot;autoplaySpeed&quot;:3000, &quot;dots&quot;:true, &quot;infinite&quot;:true, &quot;speed&quot;:600, &quot;pauseOnHover&quot;:true,\n\t\t\t&quot;slidesToShow&quot;:{&quot;lg_desktop&quot;:5, &quot;desktop&quot;: 4, &quot;laptop&quot;: 3, &quot;tablet&quot;: 2, &quot;mobile&quot;: 1}, &quot;responsive&quot;:{&quot;desktop&quot;:1200, &quot;laptop&quot;: 980, &quot;tablet&quot;: 736, &quot;mobile&quot;: 480}, &quot;rtl&quot;:false, &quot;lazyLoad&quot;: &quot;false&quot;, &quot;swipe&quot;: true, &quot;draggable&quot;: true, &quot;swipeToSlide&quot;:false }' dir=\"ltr\">\n\t\t<div class=\"swiper-wrapper\">\n\t\t<div class=\"swiper-slide\">\n\t<div class=\"wpcp-single-item\">\n\t\t\t<a class=\"wcp-light-box\" data-buttons='[\"close\"]' data-wpc_url='https:\/\/www.aarquiteta.com.br\/blog\/wp-content\/uploads\/2023\/12\/escubra-como-Transformar-Sua-Casa-com-o-Incrivel-Efeito-Madeira-Usando-Apenas-Argamassa.jpg' href=\"https:\/\/www.aarquiteta.com.br\/blog\/wp-content\/uploads\/2023\/12\/escubra-como-Transformar-Sua-Casa-com-o-Incrivel-Efeito-Madeira-Usando-Apenas-Argamassa.jpg\" data-fancybox=\"wpcp_view\">\n\t\t<figure>\n\t\t\t<img decoding=\"async\" class=\"skip-lazy\" src=\"https:\/\/www.aarquiteta.com.br\/blog\/wp-content\/uploads\/2023\/12\/escubra-como-Transformar-Sua-Casa-com-o-Incrivel-Efeito-Madeira-Usando-Apenas-Argamassa.jpg\" alt=\"Descubra como Transformar Sua Casa com o Incr\u00edvel Efeito Madeira Usando Apenas Argamassa\" width=\"1024\" height=\"1024\" title=\"\">\t\t<\/figure>\n\t<\/a>\n\t\t<\/div>\n<\/div>\n\t<div class=\"swiper-slide\">\n\t<div class=\"wpcp-single-item\">\n\t\t\t<a class=\"wcp-light-box\" data-buttons='[\"close\"]' data-wpc_url='https:\/\/www.aarquiteta.com.br\/blog\/wp-content\/uploads\/2023\/12\/pisos-que-imitam-madeira04.jpg' href=\"https:\/\/www.aarquiteta.com.br\/blog\/wp-content\/uploads\/2023\/12\/pisos-que-imitam-madeira04.jpg\" data-fancybox=\"wpcp_view\">\n\t\t<figure>\n\t\t\t<img decoding=\"async\" class=\"skip-lazy\" src=\"https:\/\/www.aarquiteta.com.br\/blog\/wp-content\/uploads\/2023\/12\/pisos-que-imitam-madeira04.jpg\" alt=\"pisos que imitam madeira\" width=\"1024\" height=\"1024\" title=\"\">\t\t<\/figure>\n\t<\/a>\n\t\t<\/div>\n<\/div>\n\t<div class=\"swiper-slide\">\n\t<div class=\"wpcp-single-item\">\n\t\t\t<a class=\"wcp-light-box\" data-buttons='[\"close\"]' data-wpc_url='https:\/\/www.aarquiteta.com.br\/blog\/wp-content\/uploads\/2024\/01\/poltrona-de-madeira02.jpg' href=\"https:\/\/www.aarquiteta.com.br\/blog\/wp-content\/uploads\/2024\/01\/poltrona-de-madeira02.jpg\" data-fancybox=\"wpcp_view\">\n\t\t<figure>\n\t\t\t<img decoding=\"async\" class=\"skip-lazy\" src=\"https:\/\/www.aarquiteta.com.br\/blog\/wp-content\/uploads\/2024\/01\/poltrona-de-madeira02.jpg\" alt=\"poltrona de madeira\" width=\"1024\" height=\"1024\" title=\"\">\t\t<\/figure>\n\t<\/a>\n\t\t<\/div>\n<\/div>\n\t<div class=\"swiper-slide\">\n\t<div class=\"wpcp-single-item\">\n\t\t\t<a class=\"wcp-light-box\" data-buttons='[\"close\"]' data-wpc_url='https:\/\/www.aarquiteta.com.br\/blog\/wp-content\/uploads\/2023\/12\/pisos-que-imitam-madeira01.jpg' href=\"https:\/\/www.aarquiteta.com.br\/blog\/wp-content\/uploads\/2023\/12\/pisos-que-imitam-madeira01.jpg\" data-fancybox=\"wpcp_view\">\n\t\t<figure>\n\t\t\t<img decoding=\"async\" class=\"skip-lazy\" src=\"https:\/\/www.aarquiteta.com.br\/blog\/wp-content\/uploads\/2023\/12\/pisos-que-imitam-madeira01.jpg\" alt=\"pisos que imitam madeira\" width=\"1024\" height=\"1024\" title=\"\">\t\t<\/figure>\n\t<\/a>\n\t\t<\/div>\n<\/div>\n\t<div class=\"swiper-slide\">\n\t<div class=\"wpcp-single-item\">\n\t\t\t<a class=\"wcp-light-box\" data-buttons='[\"close\"]' data-wpc_url='https:\/\/www.aarquiteta.com.br\/blog\/wp-content\/uploads\/2023\/12\/cabeceira-de-madeira04.jpg' href=\"https:\/\/www.aarquiteta.com.br\/blog\/wp-content\/uploads\/2023\/12\/cabeceira-de-madeira04.jpg\" data-fancybox=\"wpcp_view\">\n\t\t<figure>\n\t\t\t<img decoding=\"async\" class=\"skip-lazy\" src=\"https:\/\/www.aarquiteta.com.br\/blog\/wp-content\/uploads\/2023\/12\/cabeceira-de-madeira04.jpg\" alt=\"cabeceira de madeira\" width=\"1024\" height=\"1024\" title=\"\">\t\t<\/figure>\n\t<\/a>\n\t\t<\/div>\n<\/div>\n\t<div class=\"swiper-slide\">\n\t<div class=\"wpcp-single-item\">\n\t\t\t<a class=\"wcp-light-box\" data-buttons='[\"close\"]' data-wpc_url='https:\/\/www.aarquiteta.com.br\/blog\/wp-content\/uploads\/2023\/12\/divisoria-de-madeira01.jpg' href=\"https:\/\/www.aarquiteta.com.br\/blog\/wp-content\/uploads\/2023\/12\/divisoria-de-madeira01.jpg\" data-fancybox=\"wpcp_view\">\n\t\t<figure>\n\t\t\t<img decoding=\"async\" class=\"skip-lazy\" src=\"https:\/\/www.aarquiteta.com.br\/blog\/wp-content\/uploads\/2023\/12\/divisoria-de-madeira01.jpg\" alt=\"divis\u00f3ria de madeira\" width=\"1024\" height=\"1024\" title=\"\">\t\t<\/figure>\n\t<\/a>\n\t\t<\/div>\n<\/div>\n\t<div class=\"swiper-slide\">\n\t<div class=\"wpcp-single-item\">\n\t\t\t<a class=\"wcp-light-box\" data-buttons='[\"close\"]' data-wpc_url='https:\/\/www.aarquiteta.com.br\/blog\/wp-content\/uploads\/2023\/12\/rack-de-madeira03.jpg' href=\"https:\/\/www.aarquiteta.com.br\/blog\/wp-content\/uploads\/2023\/12\/rack-de-madeira03.jpg\" data-fancybox=\"wpcp_view\">\n\t\t<figure>\n\t\t\t<img decoding=\"async\" class=\"skip-lazy\" src=\"https:\/\/www.aarquiteta.com.br\/blog\/wp-content\/uploads\/2023\/12\/rack-de-madeira03.jpg\" alt=\"rack de madeira\" width=\"1024\" height=\"1024\" title=\"\">\t\t<\/figure>\n\t<\/a>\n\t\t<\/div>\n<\/div>\n\t<div class=\"swiper-slide\">\n\t<div class=\"wpcp-single-item\">\n\t\t\t<a class=\"wcp-light-box\" data-buttons='[\"close\"]' data-wpc_url='https:\/\/www.aarquiteta.com.br\/blog\/wp-content\/uploads\/2023\/12\/cabeceira-de-madeira02.jpg' href=\"https:\/\/www.aarquiteta.com.br\/blog\/wp-content\/uploads\/2023\/12\/cabeceira-de-madeira02.jpg\" data-fancybox=\"wpcp_view\">\n\t\t<figure>\n\t\t\t<img decoding=\"async\" class=\"skip-lazy\" src=\"https:\/\/www.aarquiteta.com.br\/blog\/wp-content\/uploads\/2023\/12\/cabeceira-de-madeira02.jpg\" alt=\"cabeceira de madeira\" width=\"1024\" height=\"1024\" title=\"\">\t\t<\/figure>\n\t<\/a>\n\t\t<\/div>\n<\/div>\n\t<div class=\"swiper-slide\">\n\t<div class=\"wpcp-single-item\">\n\t\t\t<a class=\"wcp-light-box\" data-buttons='[\"close\"]' data-wpc_url='https:\/\/www.aarquiteta.com.br\/blog\/wp-content\/uploads\/2023\/11\/escadas-de-madeira04.jpg' href=\"https:\/\/www.aarquiteta.com.br\/blog\/wp-content\/uploads\/2023\/11\/escadas-de-madeira04.jpg\" data-fancybox=\"wpcp_view\">\n\t\t<figure>\n\t\t\t<img decoding=\"async\" class=\"skip-lazy\" src=\"https:\/\/www.aarquiteta.com.br\/blog\/wp-content\/uploads\/2023\/11\/escadas-de-madeira04.jpg\" alt=\"escadas de madeira\" width=\"1024\" height=\"1024\" title=\"\">\t\t<\/figure>\n\t<\/a>\n\t\t<\/div>\n<\/div>\n\t<div class=\"swiper-slide\">\n\t<div class=\"wpcp-single-item\">\n\t\t\t<a class=\"wcp-light-box\" data-buttons='[\"close\"]' data-wpc_url='https:\/\/www.aarquiteta.com.br\/blog\/wp-content\/uploads\/2023\/11\/escadas-de-madeira01.jpg' href=\"https:\/\/www.aarquiteta.com.br\/blog\/wp-content\/uploads\/2023\/11\/escadas-de-madeira01.jpg\" data-fancybox=\"wpcp_view\">\n\t\t<figure>\n\t\t\t<img decoding=\"async\" class=\"skip-lazy\" src=\"https:\/\/www.aarquiteta.com.br\/blog\/wp-content\/uploads\/2023\/11\/escadas-de-madeira01.jpg\" alt=\"escadas de madeira\" width=\"1024\" height=\"1024\" title=\"\">\t\t<\/figure>\n\t<\/a>\n\t\t<\/div>\n<\/div>\n\t<div class=\"swiper-slide\">\n\t<div class=\"wpcp-single-item\">\n\t\t\t<a class=\"wcp-light-box\" data-buttons='[\"close\"]' data-wpc_url='https:\/\/www.aarquiteta.com.br\/blog\/wp-content\/uploads\/2023\/11\/carpete-de-madeira04.jpg' href=\"https:\/\/www.aarquiteta.com.br\/blog\/wp-content\/uploads\/2023\/11\/carpete-de-madeira04.jpg\" data-fancybox=\"wpcp_view\">\n\t\t<figure>\n\t\t\t<img decoding=\"async\" class=\"skip-lazy\" src=\"https:\/\/www.aarquiteta.com.br\/blog\/wp-content\/uploads\/2023\/11\/carpete-de-madeira04.jpg\" alt=\"carpete de madeira\" width=\"1024\" height=\"1024\" title=\"\">\t\t<\/figure>\n\t<\/a>\n\t\t<\/div>\n<\/div>\n\t<div class=\"swiper-slide\">\n\t<div class=\"wpcp-single-item\">\n\t\t\t<a class=\"wcp-light-box\" data-buttons='[\"close\"]' data-wpc_url='https:\/\/www.aarquiteta.com.br\/blog\/wp-content\/uploads\/2023\/11\/O-que-e-e-como-usar-a-brise-de-madeira02.jpg' href=\"https:\/\/www.aarquiteta.com.br\/blog\/wp-content\/uploads\/2023\/11\/O-que-e-e-como-usar-a-brise-de-madeira02.jpg\" data-fancybox=\"wpcp_view\">\n\t\t<figure>\n\t\t\t<img decoding=\"async\" class=\"skip-lazy\" src=\"https:\/\/www.aarquiteta.com.br\/blog\/wp-content\/uploads\/2023\/11\/O-que-e-e-como-usar-a-brise-de-madeira02.jpg\" alt=\"O que \u00e9 e como usar a brise de madeira\" width=\"1024\" height=\"1024\" title=\"\">\t\t<\/figure>\n\t<\/a>\n\t\t<\/div>\n<\/div>\n\t<div class=\"swiper-slide\">\n\t<div class=\"wpcp-single-item\">\n\t\t\t<a class=\"wcp-light-box\" data-buttons='[\"close\"]' data-wpc_url='https:\/\/www.aarquiteta.com.br\/blog\/wp-content\/uploads\/2023\/10\/tinta-para-madeira02.jpg' href=\"https:\/\/www.aarquiteta.com.br\/blog\/wp-content\/uploads\/2023\/10\/tinta-para-madeira02.jpg\" data-fancybox=\"wpcp_view\">\n\t\t<figure>\n\t\t\t<img decoding=\"async\" class=\"skip-lazy\" src=\"https:\/\/www.aarquiteta.com.br\/blog\/wp-content\/uploads\/2023\/10\/tinta-para-madeira02.jpg\" alt=\"tinta para madeira\" width=\"1024\" height=\"1024\" title=\"\">\t\t<\/figure>\n\t<\/a>\n\t\t<\/div>\n<\/div>\n\t<div class=\"swiper-slide\">\n\t<div class=\"wpcp-single-item\">\n\t\t\t<a class=\"wcp-light-box\" data-buttons='[\"close\"]' data-wpc_url='https:\/\/www.aarquiteta.com.br\/blog\/wp-content\/uploads\/2023\/10\/mesa-de-madeira-rustica04.jpg' href=\"https:\/\/www.aarquiteta.com.br\/blog\/wp-content\/uploads\/2023\/10\/mesa-de-madeira-rustica04.jpg\" data-fancybox=\"wpcp_view\">\n\t\t<figure>\n\t\t\t<img decoding=\"async\" class=\"skip-lazy\" src=\"https:\/\/www.aarquiteta.com.br\/blog\/wp-content\/uploads\/2023\/10\/mesa-de-madeira-rustica04.jpg\" alt=\"mesa de madeira r\u00fastica\" width=\"1024\" height=\"1024\" title=\"\">\t\t<\/figure>\n\t<\/a>\n\t\t<\/div>\n<\/div>\n\t<div class=\"swiper-slide\">\n\t<div class=\"wpcp-single-item\">\n\t\t\t<a class=\"wcp-light-box\" data-buttons='[\"close\"]' data-wpc_url='https:\/\/www.aarquiteta.com.br\/blog\/wp-content\/uploads\/2023\/08\/pergolados-de-madeira-1.png' href=\"https:\/\/www.aarquiteta.com.br\/blog\/wp-content\/uploads\/2023\/08\/pergolados-de-madeira-1.png\" data-fancybox=\"wpcp_view\">\n\t\t<figure>\n\t\t\t<img decoding=\"async\" class=\"skip-lazy\" src=\"https:\/\/www.aarquiteta.com.br\/blog\/wp-content\/uploads\/2023\/08\/pergolados-de-madeira-1.png\" alt=\"Os 5 Tipos de Pergolados Mais Populares para Transformar seu Espa\u00e7o com Estilo e Conforto\" width=\"1024\" height=\"1024\" title=\"\">\t\t<\/figure>\n\t<\/a>\n\t\t<\/div>\n<\/div>\n\t<div class=\"swiper-slide\">\n\t<div class=\"wpcp-single-item\">\n\t\t\t<a class=\"wcp-light-box\" data-buttons='[\"close\"]' data-wpc_url='https:\/\/www.aarquiteta.com.br\/blog\/wp-content\/uploads\/2023\/08\/pergolados-de-madeira.png' href=\"https:\/\/www.aarquiteta.com.br\/blog\/wp-content\/uploads\/2023\/08\/pergolados-de-madeira.png\" data-fancybox=\"wpcp_view\">\n\t\t<figure>\n\t\t\t<img decoding=\"async\" class=\"skip-lazy\" src=\"https:\/\/www.aarquiteta.com.br\/blog\/wp-content\/uploads\/2023\/08\/pergolados-de-madeira.png\" alt=\"pergolados de madeira\" width=\"1024\" height=\"1024\" title=\"\">\t\t<\/figure>\n\t<\/a>\n\t\t<\/div>\n<\/div>\n\t<div class=\"swiper-slide\">\n\t<div class=\"wpcp-single-item\">\n\t\t\t<a class=\"wcp-light-box\" data-buttons='[\"close\"]' data-wpc_url='https:\/\/www.aarquiteta.com.br\/blog\/wp-content\/uploads\/2023\/05\/pergolado-de-madeira-3.png' href=\"https:\/\/www.aarquiteta.com.br\/blog\/wp-content\/uploads\/2023\/05\/pergolado-de-madeira-3.png\" data-fancybox=\"wpcp_view\">\n\t\t<figure>\n\t\t\t<img decoding=\"async\" class=\"skip-lazy\" src=\"https:\/\/www.aarquiteta.com.br\/blog\/wp-content\/uploads\/2023\/05\/pergolado-de-madeira-3.png\" alt=\"\" width=\"1456\" height=\"816\" title=\"\">\t\t<\/figure>\n\t<\/a>\n\t\t<\/div>\n<\/div>\n\t<div class=\"swiper-slide\">\n\t<div class=\"wpcp-single-item\">\n\t\t\t<a class=\"wcp-light-box\" data-buttons='[\"close\"]' data-wpc_url='https:\/\/www.aarquiteta.com.br\/blog\/wp-content\/uploads\/2023\/06\/piso-laminado-de-madeira-2.png' href=\"https:\/\/www.aarquiteta.com.br\/blog\/wp-content\/uploads\/2023\/06\/piso-laminado-de-madeira-2.png\" data-fancybox=\"wpcp_view\">\n\t\t<figure>\n\t\t\t<img decoding=\"async\" class=\"skip-lazy\" src=\"https:\/\/www.aarquiteta.com.br\/blog\/wp-content\/uploads\/2023\/06\/piso-laminado-de-madeira-2.png\" alt=\"piso laminado de madeira\" width=\"1456\" height=\"816\" title=\"\">\t\t<\/figure>\n\t<\/a>\n\t\t<\/div>\n<\/div>\n\t<div class=\"swiper-slide\">\n\t<div class=\"wpcp-single-item\">\n\t\t\t<a class=\"wcp-light-box\" data-buttons='[\"close\"]' data-wpc_url='https:\/\/www.aarquiteta.com.br\/blog\/wp-content\/uploads\/2023\/05\/piso-vinilico-7.jpg' href=\"https:\/\/www.aarquiteta.com.br\/blog\/wp-content\/uploads\/2023\/05\/piso-vinilico-7.jpg\" data-fancybox=\"wpcp_view\">\n\t\t<figure>\n\t\t\t<img decoding=\"async\" class=\"skip-lazy\" src=\"https:\/\/www.aarquiteta.com.br\/blog\/wp-content\/uploads\/2023\/05\/piso-vinilico-7.jpg\" alt=\"A ascens\u00e3o do Piso Vin\u00edlico - O piso que est\u00e1 derrotando a Madeira!\" width=\"1200\" height=\"800\" title=\"\">\t\t<\/figure>\n\t<\/a>\n\t\t<\/div>\n<\/div>\n\t<div class=\"swiper-slide\">\n\t<div class=\"wpcp-single-item\">\n\t\t\t<a class=\"wcp-light-box\" data-buttons='[\"close\"]' data-wpc_url='https:\/\/www.aarquiteta.com.br\/blog\/wp-content\/uploads\/2023\/05\/piso-vinilico-6.jpg' href=\"https:\/\/www.aarquiteta.com.br\/blog\/wp-content\/uploads\/2023\/05\/piso-vinilico-6.jpg\" data-fancybox=\"wpcp_view\">\n\t\t<figure>\n\t\t\t<img decoding=\"async\" class=\"skip-lazy\" src=\"https:\/\/www.aarquiteta.com.br\/blog\/wp-content\/uploads\/2023\/05\/piso-vinilico-6.jpg\" alt=\"A ascens\u00e3o do Piso Vin\u00edlico - O piso que est\u00e1 derrotando a Madeira!\" width=\"1200\" height=\"800\" title=\"\">\t\t<\/figure>\n\t<\/a>\n\t\t<\/div>\n<\/div>\n\t<div class=\"swiper-slide\">\n\t<div class=\"wpcp-single-item\">\n\t\t\t<a class=\"wcp-light-box\" data-buttons='[\"close\"]' data-wpc_url='https:\/\/www.aarquiteta.com.br\/blog\/wp-content\/uploads\/2023\/05\/casa-de-madeira-4.png' href=\"https:\/\/www.aarquiteta.com.br\/blog\/wp-content\/uploads\/2023\/05\/casa-de-madeira-4.png\" data-fancybox=\"wpcp_view\">\n\t\t<figure>\n\t\t\t<img decoding=\"async\" class=\"skip-lazy\" src=\"https:\/\/www.aarquiteta.com.br\/blog\/wp-content\/uploads\/2023\/05\/casa-de-madeira-4.png\" alt=\"casa de madeira\" width=\"1456\" height=\"816\" title=\"\">\t\t<\/figure>\n\t<\/a>\n\t\t<\/div>\n<\/div>\n\t<div class=\"swiper-slide\">\n\t<div class=\"wpcp-single-item\">\n\t\t\t<a class=\"wcp-light-box\" data-buttons='[\"close\"]' data-wpc_url='https:\/\/www.aarquiteta.com.br\/blog\/wp-content\/uploads\/2023\/05\/Painel-Ripado-de-madeira-3.png' href=\"https:\/\/www.aarquiteta.com.br\/blog\/wp-content\/uploads\/2023\/05\/Painel-Ripado-de-madeira-3.png\" data-fancybox=\"wpcp_view\">\n\t\t<figure>\n\t\t\t<img decoding=\"async\" class=\"skip-lazy\" src=\"https:\/\/www.aarquiteta.com.br\/blog\/wp-content\/uploads\/2023\/05\/Painel-Ripado-de-madeira-3.png\" alt=\"sala de tv planejada painel ripado\" width=\"1664\" height=\"960\" title=\"\">\t\t<\/figure>\n\t<\/a>\n\t\t<\/div>\n<\/div>\n\t\t\t<\/div>\n\t\t\t\t\t<div class=\"wpcp-swiper-dots swiper-pagination\"><\/div>\n\t\t\t\t<!-- If we need navigation buttons -->\n\t\t\t<\/div>\n\t<\/div>\n<\/div>\n\n<p>Escolher a madeira certa \u00e9 como encontrar o par perfeito: quando acerta, \u00e9 harmonia pura. Vamos conhecer alguns tipos?<\/p>\n<h4>Carvalho<\/h4>\n<p>O carvalho \u00e9 aquele tipo confi\u00e1vel, sabe? Forte, dur\u00e1vel e com uma beleza atemporal. Se voc\u00ea quer algo que vai durar mais que novela das oito, essa \u00e9 a escolha.<\/p>\n<h4>Pinus<\/h4>\n<p>O pinus \u00e9 o queridinho do momento. Al\u00e9m de ser mais em conta, tem uma vibe mais r\u00fastica que d\u00e1 um toque todo especial ao ambiente.<\/p>\n<h4>Cedro<\/h4>\n<p>E o cedro, ah, o cedro! Al\u00e9m de lindo, tem um cheirinho que \u00e9 uma maravilha. \u00c9 como ter um aromatizador natural no quarto.<\/p>\n<h3>Vantagens de utilizar um painel ripado de madeira<\/h3>\n<p>Se voc\u00ea ainda n\u00e3o est\u00e1 convencido, segura essa: o painel ripado \u00e9 f\u00e1cil de instalar e super <b>vers\u00e1til<\/b>. Sem falar que \u00e9 um jeito f\u00e1cil de dar um up no visual do quarto sem precisar de uma reforma completa.<\/p>\n<h3>Como incorporar o painel ripado de madeira na decora\u00e7\u00e3o do quarto<\/h3>\n<p>Olha, usar um painel ripado \u00e9 como colocar aquele tempero secreto na comida: ele pode ser o ponto focal do quarto ou um complemento sutil. Voc\u00ea pode coloc\u00e1-lo atr\u00e1s da cama, usar para destacar uma parede ou at\u00e9 mesmo criar um cantinho de leitura aconchegante.<\/p>\n<h3>Cores e acabamentos para pain\u00e9is ripados de madeira<\/h3>\n<figure style=\"width: 1024px\" class=\"wp-caption aligncenter\"><img decoding=\"async\" src=\"https:\/\/www.aarquiteta.com.br\/blog\/wp-content\/uploads\/2024\/03\/Solucao-Elegante-Painel-Ripado-de-Madeira-para-Quartos-Modernos02.jpg\" alt=\"Solu\u00e7\u00e3o Elegante: Painel Ripado de Madeira para Quartos Modernos\" width=\"1024\" height=\"1024\" title=\"\"><figcaption class=\"wp-caption-text\">Solu\u00e7\u00e3o Elegante: Painel Ripado de Madeira para Quartos Modernos<\/figcaption><\/figure>\n<p>Quando o assunto \u00e9 cor e acabamento, o c\u00e9u \u00e9 o limite. Mas vamos falar de algumas op\u00e7\u00f5es que s\u00e3o sucesso garantido.<\/p>\n<h4>Tons neutros<\/h4>\n<p>Os tons neutros s\u00e3o aqueles que nunca saem de moda. Eles s\u00e3o como aquele amigo que combina com todo mundo, sabe? Sempre uma boa escolha.<\/p>\n<h4>Acabamento envernizado<\/h4>\n<p>O acabamento envernizado \u00e9 aquele que deixa a madeira com cara de nova por muito tempo. \u00c9 como passar protetor solar: protege e ainda d\u00e1 um brilho.<\/p>\n<h4>Pintura colorida<\/h4>\n<p>E para os mais ousados, uma pintura colorida pode ser o toque de personalidade que faltava. \u00c9 como colocar uma roupa de festa no seu quarto.<\/p>\n<h3>Dicas para manter o painel ripado de madeira sempre bonito<\/h3>\n<p>Manter o painel bonit\u00e3o \u00e9 mais f\u00e1cil que aprender a dan\u00e7ar valsa. Uma limpezinha aqui, um cuidado ali e ele fica sempre como novo.<\/p>\n<h3>Inspira\u00e7\u00f5es de quartos modernos com painel ripado de madeira<\/h3>\n<figure style=\"width: 1024px\" class=\"wp-caption aligncenter\"><img decoding=\"async\" src=\"https:\/\/www.aarquiteta.com.br\/blog\/wp-content\/uploads\/2024\/03\/Solucao-Elegante-Painel-Ripado-de-Madeira-para-Quartos-Modernos01.jpg\" alt=\"Solu\u00e7\u00e3o Elegante: Painel Ripado de Madeira para Quartos Modernos\" width=\"1024\" height=\"1024\" title=\"\"><figcaption class=\"wp-caption-text\">Solu\u00e7\u00e3o Elegante: Painel Ripado de Madeira para Quartos Modernos<\/figcaption><\/figure>\n<p>Se voc\u00ea est\u00e1 precisando de uma luz na hora de decorar, n\u00e3o se preocupe. A internet est\u00e1 cheia de ideias que v\u00e3o fazer sua cabe\u00e7a. \u00c9 s\u00f3 dar uma espiadinha no Pinterest ou no Instagram para se inspirar.<\/p>\n<h3>Onde comprar pain\u00e9is ripados de madeira para quartos<\/h3>\n<p>Hoje em dia, encontrar pain\u00e9is ripados \u00e9 mais f\u00e1cil que achar s\u00e9rie nova para maratonar. Tem em lojas de decora\u00e7\u00e3o, marcenarias e at\u00e9 online. \u00c9 s\u00f3 escolher o que mais combina com voc\u00ea e mandar ver.<\/p>\n<h2>Conclus\u00e3o<\/h2>\n<p>Ent\u00e3o \u00e9 isso, pessoal. Um painel ripado de madeira pode ser aquele toque de mestre que faltava no seu quarto. \u00c9 estiloso, \u00e9 moderno e ainda por cima \u00e9 pr\u00e1tico. Agora que voc\u00ea j\u00e1 sabe tudo sobre eles, que tal dar uma renovada no seu cantinho?<\/p>\n<h3>Perguntas Frequentes<\/h3>\n<figure style=\"width: 1024px\" class=\"wp-caption aligncenter\"><img decoding=\"async\" src=\"https:\/\/www.aarquiteta.com.br\/blog\/wp-content\/uploads\/2024\/03\/Solucao-Elegante-Painel-Ripado-de-Madeira-para-Quartos-Modernos03.jpg\" alt=\"Solu\u00e7\u00e3o Elegante: Painel Ripado de Madeira para Quartos Modernos\" width=\"1024\" height=\"1024\" title=\"\"><figcaption class=\"wp-caption-text\">Solu\u00e7\u00e3o Elegante: Painel Ripado de Madeira para Quartos Modernos<\/figcaption><\/figure>\n<h4>Como instalar um painel ripado de madeira no quarto?<\/h4>\n<p>Instalar um painel ripado \u00e9 mais f\u00e1cil que montar um quebra-cabe\u00e7a de crian\u00e7a. Geralmente, eles v\u00eam com um sistema de encaixe ou suportes para fixar na parede. Mas se bricolagem n\u00e3o \u00e9 o seu forte, chamar um profissional pode ser uma boa ideia.<\/p>\n<h4>O painel ripado de madeira \u00e9 uma op\u00e7\u00e3o sustent\u00e1vel?<\/h4>\n<p>Olha, se voc\u00ea escolher madeira de fontes sustent\u00e1veis e com selo de certifica\u00e7\u00e3o, est\u00e1 no caminho certo. Al\u00e9m disso, a madeira \u00e9 um material natural e renov\u00e1vel, ent\u00e3o ponto para a sustentabilidade!<\/p>\n<h4>Qual \u00e9 o custo m\u00e9dio de um painel ripado de madeira para quartos modernos?<\/h4>\n<p>O pre\u00e7o de um painel ripado pode variar mais que humor de adolescente. Depende do tipo de madeira, do tamanho e do acabamento. Mas pensa comigo: \u00e9 um investimento naquele upgrade no seu ref\u00fagio particular, ent\u00e3o vale cada centavo.<\/p>\n<p>Por fim, lembre-se que um painel ripado de madeira \u00e9 como uma tela em branco: ele reflete a sua personalidade e estilo. Ent\u00e3o, solte a imagina\u00e7\u00e3o e crie um espa\u00e7o que \u00e9 a sua cara. E a\u00ed, j\u00e1 est\u00e1 visualizando o seu quarto dos sonhos?<\/p>\n<p style=\"text-align: center;\">[amazon table=&#8221;88348&#8243;]\n","protected":false},"excerpt":{"rendered":"<p>Introdu\u00e7\u00e3o Quem diria que um dia eu estaria aqui, falando sobre como um painel ripado de madeira pode transformar o quarto em um santu\u00e1rio de estilo e conforto? Mas \u00e9 isso mesmo, essa tend\u00eancia que vem ganhando o cora\u00e7\u00e3o dos amantes de decora\u00e7\u00e3o moderna e minimalista \u00e9 um verdadeiro charme. E n\u00e3o \u00e9 s\u00f3 uma [&hellip;]<\/p>\n","protected":false},"author":102,"featured_media":107605,"comment_status":"closed","ping_status":"closed","sticky":false,"template":"","format":"standard","meta":{"footnotes":""},"categories":[1484],"tags":[],"class_list":["post-107608","post","type-post","status-publish","format-standard","has-post-thumbnail","category-decoracao"],"_wp_attached_file":null,"_wp_attachment_metadata":null,"_wp_attachment_context":null,"_wp_attachment_is_custom_header":null,"geo_longitude":null,"geo_public":null,"geo_latitude":null,"_publicize_done_external":null,"_wpas_done_3897181":null,"publicize_twitter_user":null,"_wpas_done_3897175":null,"_wpas_skip_3897181":null,"_wpas_skip_3897175":null,"_wpas_skip_3924723":null,"_wpas_mess":null,"_wpas_done_3924723":null,"wps_subtitle":"","_links":{"self":[{"href":"https:\/\/www.aarquiteta.com.br\/blog\/wp-json\/wp\/v2\/posts\/107608","targetHints":{"allow":["GET"]}}],"collection":[{"href":"https:\/\/www.aarquiteta.com.br\/blog\/wp-json\/wp\/v2\/posts"}],"about":[{"href":"https:\/\/www.aarquiteta.com.br\/blog\/wp-json\/wp\/v2\/types\/post"}],"author":[{"embeddable":true,"href":"https:\/\/www.aarquiteta.com.br\/blog\/wp-json\/wp\/v2\/users\/102"}],"replies":[{"embeddable":true,"href":"https:\/\/www.aarquiteta.com.br\/blog\/wp-json\/wp\/v2\/comments?post=107608"}],"version-history":[{"count":0,"href":"https:\/\/www.aarquiteta.com.br\/blog\/wp-json\/wp\/v2\/posts\/107608\/revisions"}],"wp:featuredmedia":[{"embeddable":true,"href":"https:\/\/www.aarquiteta.com.br\/blog\/wp-json\/wp\/v2\/media\/107605"}],"wp:attachment":[{"href":"https:\/\/www.aarquiteta.com.br\/blog\/wp-json\/wp\/v2\/media?parent=107608"}],"wp:term":[{"taxonomy":"category","embeddable":true,"href":"https:\/\/www.aarquiteta.com.br\/blog\/wp-json\/wp\/v2\/categories?post=107608"},{"taxonomy":"post_tag","embeddable":true,"href":"https:\/\/www.aarquiteta.com.br\/blog\/wp-json\/wp\/v2\/tags?post=107608"}],"curies":[{"name":"wp","href":"https:\/\/api.w.org\/{rel}","templated":true}]}}