{"id":107590,"date":"2024-03-04T12:41:24","date_gmt":"2024-03-04T15:41:24","guid":{"rendered":"http:\/\/aarquiteta.com.br\/adesivos-para-banheiro-box\/"},"modified":"2024-06-15T13:13:27","modified_gmt":"2024-06-15T16:13:27","slug":"adesivos-para-banheiro-box","status":"publish","type":"post","link":"https:\/\/www.aarquiteta.com.br\/blog\/adesivos-para-banheiro-box\/","title":{"rendered":"Como usar os adesivos para banheiro de box? Veja as dicas."},"content":{"rendered":"<h2>Transformando o Banheiro com Adesivos para Box<\/h2>\n<p>Quem disse que banheiro \u00e9 s\u00f3 um cantinho pra gente se arrumar ou tomar aquele banho relaxante? Pois \u00e9, esse espa\u00e7o da casa tamb\u00e9m merece uma decora\u00e7\u00e3o que fa\u00e7a a gente se sentir bem. E olha que n\u00e3o precisa de reforma n\u00e3o, viu? Com adesivos para box de banheiro, a gente pode dar uma cara nova pro nosso cantinho de refresco sem quebrar nada e ainda economizando uma graninha.<\/p>\n<ul>\n<li><strong>Variedade de estilos:<\/strong> Tem adesivo pra todo gosto, desde os mais discretos at\u00e9 os mais extravagantes.<\/li>\n<li><strong>Facilidade de aplica\u00e7\u00e3o:<\/strong> Colar um adesivo \u00e9 moleza, e d\u00e1 pra fazer sem ajuda profissional.<\/li>\n<li><strong>Manuten\u00e7\u00e3o simples:<\/strong> Uma esponjinha e um pouco de \u00e1gua bastam pra manter os adesivos brilhando.<\/li>\n<\/ul>\n<h3>Vantagens dos adesivos para banheiro box<\/h3>\n<figure style=\"width: 1024px\" class=\"wp-caption aligncenter\"><img decoding=\"async\" src=\"https:\/\/www.aarquiteta.com.br\/blog\/wp-content\/uploads\/2024\/03\/adesivos-para-banheiro-box04.jpg\" alt=\"adesivos para banheiro box\" width=\"1024\" height=\"1024\" title=\"\"><figcaption class=\"wp-caption-text\">adesivos para banheiro box<\/figcaption><\/figure>\n<p>Al\u00e9m de serem <strong>pr\u00e1ticos e econ\u00f4micos<\/strong>, os adesivos s\u00e3o \u00f3timos pra quem gosta de mudar a decora\u00e7\u00e3o de vez em quando. Eles n\u00e3o s\u00e3o como aquele azulejo que, uma vez colado, s\u00f3 sai com obra. Com adesivo, \u00e9 s\u00f3 descolar e trocar por outro quando der na telha.<\/p>\n<h3>Tipos de adesivos dispon\u00edveis<\/h3>\n<p>Tem adesivo que imita azulejo, tem os que t\u00eam frases inspiradoras, e at\u00e9 uns com desenhos que parecem que v\u00e3o pular pra fora do vidro. A variedade \u00e9 tanta que a gente fica at\u00e9 zonzo de escolher.<\/p>\n<h3>Como escolher o adesivo ideal<\/h3>\n<style id=\"wp_carousel_dynamic_css104047\">.sp-wp-carousel-free-id-104047.wpcf-fancybox-wrapper .fancybox-bg{background: #0b0b0b;opacity: 0.8;}.sp-wp-carousel-free-id-104047.wpcf-fancybox-wrapper .fancybox-navigation .fancybox-button .wpcp-fancybox-nav-arrow i {color: #ccc;}.sp-wp-carousel-free-id-104047.wpcf-fancybox-wrapper .fancybox-navigation .fancybox-button .wpcp-fancybox-nav-arrow i:hover {color: #fff;}.sp-wp-carousel-free-id-104047.wpcf-fancybox-wrapper .fancybox-navigation .fancybox-button {background: #1e1e1e;}.sp-wp-carousel-free-id-104047.wpcf-fancybox-wrapper .fancybox-navigation .fancybox-button:hover {background: #1e1e1e;}#sp-wp-carousel-free-id-104047 .wpcp-swiper-dots {margin: 40px 0px 0px 0px;}.wpcp-wrapper-104047 .swiper-wrapper .swiper-slide-kenburn, .wpcp-wrapper-104047 .swiper-wrapper, .wpcp-wrapper-104047 .wpcpro-row{align-items: center;}#sp-wp-carousel-free-id-104047 .wpcp-single-item {box-shadow: 0px 0px 0px 0px #dddddd;transition: all .3s;margin: 0px;}#sp-wp-carousel-free-id-104047.swiper-flip .wpcp-single-item{margin: 0!important;}#sp-wp-carousel-free-id-104047 .wpcp-single-item:hover {box-shadow: 0px 0px 0px 0px #dddddd;}#sp-wp-carousel-free-id-104047.sp-wpcp-104047 .wpcp-single-item {border: 1px solid #dddddd;}#sp-wp-carousel-free-id-104047.sp-wpcp-104047 .swiper-button-prev,#sp-wp-carousel-free-id-104047.sp-wpcp-104047 .swiper-button-next,#sp-wp-carousel-free-id-104047.sp-wpcp-104047 .swiper-button-prev:hover,#sp-wp-carousel-free-id-104047.sp-wpcp-104047 .swiper-button-next:hover {background: none;border: none;font-size: 30px;}#sp-wp-carousel-free-id-104047.sp-wpcp-104047 .swiper-button-prev i,#sp-wp-carousel-free-id-104047.sp-wpcp-104047 .swiper-button-next i {color: #aaa;}#sp-wp-carousel-free-id-104047.sp-wpcp-104047 .swiper-button-prev i:hover,#sp-wp-carousel-free-id-104047.sp-wpcp-104047 .swiper-button-next i:hover {color: #178087;}#sp-wp-carousel-free-id-104047.sp-wpcp-104047 .wpcp-swiper-dots .swiper-pagination-bullet {background-color: #cccccc;}#sp-wp-carousel-free-id-104047.sp-wpcp-104047 .wpcp-swiper-dots .swiper-pagination-bullet.swiper-pagination-bullet-active {background-color: #178087;} #sp-wp-carousel-free-id-104047.sp-wpcp-104047.wpcp-image-carousel .wpcp-single-item:hover img, #sp-wp-carousel-free-id-104047.sp-wpcp-104047.wpcp-post-carousel .wpcp-single-item:hover img, #sp-wp-carousel-free-id-104047.sp-wpcp-104047.wpcp-product-carousel .wpcp-single-item:hover img{-webkit-transform: scale(1.2);-moz-transform: scale(1.2);transform: scale(1.2);}#sp-wp-carousel-free-id-104047 .wpcpro-row>[class*=\"wpcpro-col-\"] { padding: 0 10px; padding-bottom: 20px;} #sp-wp-carousel-free-id-104047 .swiper-slide .single-item-fade:not(:last-child) { margin-right: 20px;}@media (min-width: 480px) { .wpcpro-row .wpcpro-col-sm-1 { flex: 0 0 100%; max-width: 100%; } .wpcpro-row .wpcpro-col-sm-2 { flex: 0 0 50%; max-width: 50%; } .wpcpro-row .wpcpro-col-sm-2-5 { flex: 0 0 75%; max-width: 75%; } .wpcpro-row .wpcpro-col-sm-3 { flex: 0 0 33.333%; max-width: 33.333%; } .wpcpro-row .wpcpro-col-sm-4 { flex: 0 0 25%; max-width: 25%; } .wpcpro-row .wpcpro-col-sm-5 { flex: 0 0 20%; max-width: 20%; } .wpcpro-row .wpcpro-col-sm-6 { flex: 0 0 16.66666666666667%; max-width: 16.66666666666667%; } .wpcpro-row .wpcpro-col-sm-7 { flex: 0 0 14.28571428%; max-width: 14.28571428%; } .wpcpro-row .wpcpro-col-sm-8 { flex: 0 0 12.5%; max-width: 12.5%; } } @media (max-width: 480px) { .wpcpro-row .wpcpro-col-xs-1 { flex: 0 0 100%; max-width: 100%; } .wpcpro-row .wpcpro-col-xs-2 { flex: 0 0 50%; max-width: 50%; } .wpcpro-row .wpcpro-col-xs-3 { flex: 0 0 33.222%; max-width: 33.222%; } .wpcpro-row .wpcpro-col-xs-4 { flex: 0 0 25%; max-width: 25%; } .wpcpro-row .wpcpro-col-xs-5 { flex: 0 0 20%; max-width: 20%; } .wpcpro-row .wpcpro-col-xs-6 { flex: 0 0 16.6667%; max-width: 16.6667%; } .wpcpro-row .wpcpro-col-xs-7 { flex: 0 0 14.28571428%; max-width: 14.28571428%; } .wpcpro-row .wpcpro-col-xs-8 { flex: 0 0 12.5%; max-width: 12.5%; } } @media (min-width: 736px) { .wpcpro-row .wpcpro-col-md-1 { flex: 0 0 100%; max-width: 100%; } .wpcpro-row .wpcpro-col-md-2 { flex: 0 0 50%; max-width: 50%; } .wpcpro-row .wpcpro-col-md-2-5 { flex: 0 0 75%; max-width: 75%; } .wpcpro-row .wpcpro-col-md-3 { flex: 0 0 33.333%; max-width: 33.333%; } .wpcpro-row .wpcpro-col-md-4 { flex: 0 0 25%; max-width: 25%; } .wpcpro-row .wpcpro-col-md-5 { flex: 0 0 20%; max-width: 20%; } .wpcpro-row .wpcpro-col-md-6 { flex: 0 0 16.66666666666667%; max-width: 16.66666666666667%; } .wpcpro-row .wpcpro-col-md-7 { flex: 0 0 14.28571428%; max-width: 14.28571428%; } .wpcpro-row .wpcpro-col-md-8 { flex: 0 0 12.5%; max-width: 12.5%; } } @media (min-width: 980px) { .wpcpro-row .wpcpro-col-lg-1 { flex: 0 0 100%; max-width: 100%; } .wpcpro-row .wpcpro-col-lg-2 { flex: 0 0 50%; max-width: 50%; } .wpcpro-row .wpcpro-col-lg-3 { flex: 0 0 33.222%; max-width: 33.222%; } .wpcpro-row .wpcpro-col-lg-4 { flex: 0 0 25%; max-width: 25%; } .wpcpro-row .wpcpro-col-lg-5 { flex: 0 0 20%; max-width: 20%; } .wpcpro-row .wpcpro-col-lg-6 { flex: 0 0 16.6667%; max-width: 16.6667%; } .wpcpro-row .wpcpro-col-lg-7 { flex: 0 0 14.28571428%; max-width: 14.28571428%; } .wpcpro-row .wpcpro-col-lg-8 { flex: 0 0 12.5%; max-width: 12.5%; } } @media (min-width: 1200px) { .wpcpro-row .wpcpro-col-xl-1 { flex: 0 0 100%; max-width: 100%; } .wpcpro-row .wpcpro-col-xl-2 { flex: 0 0 50%; max-width: 50%; } .wpcpro-row .wpcpro-col-xl-3 { flex: 0 0 33.22222222%; max-width: 33.22222222%; } .wpcpro-row .wpcpro-col-xl-4 { flex: 0 0 25%; max-width: 25%; } .wpcpro-row .wpcpro-col-xl-5 { flex: 0 0 20%; max-width: 20%; } .wpcpro-row .wpcpro-col-xl-6 { flex: 0 0 16.66667%; max-width: 16.66667%; } .wpcpro-row .wpcpro-col-xl-7 { flex: 0 0 14.28571428%; max-width: 14.28571428%; } .wpcpro-row .wpcpro-col-xl-8 { flex: 0 0 12.5%; max-width: 12.5%; } }<\/style><div class=\"wpcp-carousel-wrapper wpcp-wrapper-104047\">\n\t<div id=\"wpcp-preloader-104047\" class=\"wpcp-carousel-preloader\"><img decoding=\"async\" src=\"https:\/\/www.aarquiteta.com.br\/blog\/wp-content\/plugins\/wp-carousel-free\/public\/css\/spinner.svg\" alt=\"Preloader Image\" title=\"\"><\/div>\t<div class=\"wpcp-carousel-content-wrapper\">\n\t<div id=\"sp-wp-carousel-free-id-104047\" class=\"wpcp-carousel-section sp-wpcp-104047  nav-vertical-center wpcp-image-carousel wpcp-preloader wpcp-standard\" data-swiper='{ &quot;pagination_type&quot;: &quot;dots&quot;,&quot;accessibility&quot;:true, &quot;spaceBetween&quot;:20, &quot;arrows&quot;:false, &quot;freeMode&quot;: false, &quot;autoplay&quot;:true, &quot;effect&quot;: &quot;&quot;, &quot;centerMode&quot;: false, &quot;autoplaySpeed&quot;:3000, &quot;dots&quot;:true, &quot;infinite&quot;:true, &quot;speed&quot;:600, &quot;pauseOnHover&quot;:true,\n\t\t\t&quot;slidesToShow&quot;:{&quot;lg_desktop&quot;:5, &quot;desktop&quot;: 4, &quot;laptop&quot;: 3, &quot;tablet&quot;: 2, &quot;mobile&quot;: 1}, &quot;responsive&quot;:{&quot;desktop&quot;:1200, &quot;laptop&quot;: 980, &quot;tablet&quot;: 736, &quot;mobile&quot;: 480}, &quot;rtl&quot;:false, &quot;lazyLoad&quot;: &quot;false&quot;, &quot;swipe&quot;: true, &quot;draggable&quot;: true, &quot;swipeToSlide&quot;:false }' dir=\"ltr\">\n\t\t<div class=\"swiper-wrapper\">\n\t\t<div class=\"swiper-slide\">\n\t<div class=\"wpcp-single-item\">\n\t\t\t<a class=\"wcp-light-box\" data-buttons='[\"close\"]' data-wpc_url='https:\/\/www.aarquiteta.com.br\/blog\/wp-content\/uploads\/2023\/12\/transforme-seu-banheiro-em-um-espaco-charmoso01.jpg' href=\"https:\/\/www.aarquiteta.com.br\/blog\/wp-content\/uploads\/2023\/12\/transforme-seu-banheiro-em-um-espaco-charmoso01.jpg\" data-fancybox=\"wpcp_view\">\n\t\t<figure>\n\t\t\t<img decoding=\"async\" class=\"skip-lazy\" src=\"https:\/\/www.aarquiteta.com.br\/blog\/wp-content\/uploads\/2023\/12\/transforme-seu-banheiro-em-um-espaco-charmoso01.jpg\" alt=\"transforme-seu-banheiro-em-um-espaco-charmoso\" width=\"1024\" height=\"1024\" title=\"\">\t\t<\/figure>\n\t<\/a>\n\t\t<\/div>\n<\/div>\n\t<div class=\"swiper-slide\">\n\t<div class=\"wpcp-single-item\">\n\t\t\t<a class=\"wcp-light-box\" data-buttons='[\"close\"]' data-wpc_url='https:\/\/www.aarquiteta.com.br\/blog\/wp-content\/uploads\/2023\/12\/5-ideias-para-ter-um-banheiro-planejado-funcional-e-bonito04.jpg' href=\"https:\/\/www.aarquiteta.com.br\/blog\/wp-content\/uploads\/2023\/12\/5-ideias-para-ter-um-banheiro-planejado-funcional-e-bonito04.jpg\" data-fancybox=\"wpcp_view\">\n\t\t<figure>\n\t\t\t<img decoding=\"async\" class=\"skip-lazy\" src=\"https:\/\/www.aarquiteta.com.br\/blog\/wp-content\/uploads\/2023\/12\/5-ideias-para-ter-um-banheiro-planejado-funcional-e-bonito04.jpg\" alt=\"5 ideias para ter um banheiro planejado funcional e bonito\" width=\"1024\" height=\"1024\" title=\"\">\t\t<\/figure>\n\t<\/a>\n\t\t<\/div>\n<\/div>\n\t<div class=\"swiper-slide\">\n\t<div class=\"wpcp-single-item\">\n\t\t\t<a class=\"wcp-light-box\" data-buttons='[\"close\"]' data-wpc_url='https:\/\/www.aarquiteta.com.br\/blog\/wp-content\/uploads\/2023\/12\/5-ideias-para-ter-um-banheiro-planejado-funcional-e-bonito01.jpg' href=\"https:\/\/www.aarquiteta.com.br\/blog\/wp-content\/uploads\/2023\/12\/5-ideias-para-ter-um-banheiro-planejado-funcional-e-bonito01.jpg\" data-fancybox=\"wpcp_view\">\n\t\t<figure>\n\t\t\t<img decoding=\"async\" class=\"skip-lazy\" src=\"https:\/\/www.aarquiteta.com.br\/blog\/wp-content\/uploads\/2023\/12\/5-ideias-para-ter-um-banheiro-planejado-funcional-e-bonito01.jpg\" alt=\"5 ideias para ter um banheiro planejado funcional e bonito\" width=\"1024\" height=\"1024\" title=\"\">\t\t<\/figure>\n\t<\/a>\n\t\t<\/div>\n<\/div>\n\t<div class=\"swiper-slide\">\n\t<div class=\"wpcp-single-item\">\n\t\t\t<a class=\"wcp-light-box\" data-buttons='[\"close\"]' data-wpc_url='https:\/\/www.aarquiteta.com.br\/blog\/wp-content\/uploads\/2023\/11\/piso-para-banheiro04.jpg' href=\"https:\/\/www.aarquiteta.com.br\/blog\/wp-content\/uploads\/2023\/11\/piso-para-banheiro04.jpg\" data-fancybox=\"wpcp_view\">\n\t\t<figure>\n\t\t\t<img decoding=\"async\" class=\"skip-lazy\" src=\"https:\/\/www.aarquiteta.com.br\/blog\/wp-content\/uploads\/2023\/11\/piso-para-banheiro04.jpg\" alt=\"piso para banheiro\" width=\"1024\" height=\"1024\" title=\"\">\t\t<\/figure>\n\t<\/a>\n\t\t<\/div>\n<\/div>\n\t<div class=\"swiper-slide\">\n\t<div class=\"wpcp-single-item\">\n\t\t\t<a class=\"wcp-light-box\" data-buttons='[\"close\"]' data-wpc_url='https:\/\/www.aarquiteta.com.br\/blog\/wp-content\/uploads\/2023\/11\/plantas-para-banheiro03.jpg' href=\"https:\/\/www.aarquiteta.com.br\/blog\/wp-content\/uploads\/2023\/11\/plantas-para-banheiro03.jpg\" data-fancybox=\"wpcp_view\">\n\t\t<figure>\n\t\t\t<img decoding=\"async\" class=\"skip-lazy\" src=\"https:\/\/www.aarquiteta.com.br\/blog\/wp-content\/uploads\/2023\/11\/plantas-para-banheiro03.jpg\" alt=\"plantas para banheiro\" width=\"1024\" height=\"1024\" title=\"\">\t\t<\/figure>\n\t<\/a>\n\t\t<\/div>\n<\/div>\n\t<div class=\"swiper-slide\">\n\t<div class=\"wpcp-single-item\">\n\t\t\t<a class=\"wcp-light-box\" data-buttons='[\"close\"]' data-wpc_url='https:\/\/www.aarquiteta.com.br\/blog\/wp-content\/uploads\/2023\/10\/Banheiro-compacto-solucoes-inovadoras-para-otimizar-seu-espaco03.jpg' href=\"https:\/\/www.aarquiteta.com.br\/blog\/wp-content\/uploads\/2023\/10\/Banheiro-compacto-solucoes-inovadoras-para-otimizar-seu-espaco03.jpg\" data-fancybox=\"wpcp_view\">\n\t\t<figure>\n\t\t\t<img decoding=\"async\" class=\"skip-lazy\" src=\"https:\/\/www.aarquiteta.com.br\/blog\/wp-content\/uploads\/2023\/10\/Banheiro-compacto-solucoes-inovadoras-para-otimizar-seu-espaco03.jpg\" alt=\"Banheiro compacto: solu\u00e7\u00f5es inovadoras para otimizar seu espa\u00e7o\" width=\"1024\" height=\"1024\" title=\"\">\t\t<\/figure>\n\t<\/a>\n\t\t<\/div>\n<\/div>\n\t<div class=\"swiper-slide\">\n\t<div class=\"wpcp-single-item\">\n\t\t\t<a class=\"wcp-light-box\" data-buttons='[\"close\"]' data-wpc_url='https:\/\/www.aarquiteta.com.br\/blog\/wp-content\/uploads\/2023\/10\/Como-Escolher-o-Armario-de-Banheiro-Ideal-para-Espacos-Pequenos01.jpg' href=\"https:\/\/www.aarquiteta.com.br\/blog\/wp-content\/uploads\/2023\/10\/Como-Escolher-o-Armario-de-Banheiro-Ideal-para-Espacos-Pequenos01.jpg\" data-fancybox=\"wpcp_view\">\n\t\t<figure>\n\t\t\t<img decoding=\"async\" class=\"skip-lazy\" src=\"https:\/\/www.aarquiteta.com.br\/blog\/wp-content\/uploads\/2023\/10\/Como-Escolher-o-Armario-de-Banheiro-Ideal-para-Espacos-Pequenos01.jpg\" alt=\"Como Escolher o Arm\u00e1rio de Banheiro Ideal para Espa\u00e7os Pequenos\" width=\"1024\" height=\"1024\" title=\"\">\t\t<\/figure>\n\t<\/a>\n\t\t<\/div>\n<\/div>\n\t<div class=\"swiper-slide\">\n\t<div class=\"wpcp-single-item\">\n\t\t\t<a class=\"wcp-light-box\" data-buttons='[\"close\"]' data-wpc_url='https:\/\/www.aarquiteta.com.br\/blog\/wp-content\/uploads\/2023\/10\/espelho-no-banheiro03.jpg' href=\"https:\/\/www.aarquiteta.com.br\/blog\/wp-content\/uploads\/2023\/10\/espelho-no-banheiro03.jpg\" data-fancybox=\"wpcp_view\">\n\t\t<figure>\n\t\t\t<img decoding=\"async\" class=\"skip-lazy\" src=\"https:\/\/www.aarquiteta.com.br\/blog\/wp-content\/uploads\/2023\/10\/espelho-no-banheiro03.jpg\" alt=\"espelho no banheiro\" width=\"1024\" height=\"1024\" title=\"\">\t\t<\/figure>\n\t<\/a>\n\t\t<\/div>\n<\/div>\n\t<div class=\"swiper-slide\">\n\t<div class=\"wpcp-single-item\">\n\t\t\t<a class=\"wcp-light-box\" data-buttons='[\"close\"]' data-wpc_url='https:\/\/www.aarquiteta.com.br\/blog\/wp-content\/uploads\/2023\/10\/espelho-no-banheiro02.jpg' href=\"https:\/\/www.aarquiteta.com.br\/blog\/wp-content\/uploads\/2023\/10\/espelho-no-banheiro02.jpg\" data-fancybox=\"wpcp_view\">\n\t\t<figure>\n\t\t\t<img decoding=\"async\" class=\"skip-lazy\" src=\"https:\/\/www.aarquiteta.com.br\/blog\/wp-content\/uploads\/2023\/10\/espelho-no-banheiro02.jpg\" alt=\"espelho no banheiro\" width=\"1024\" height=\"1024\" title=\"\">\t\t<\/figure>\n\t<\/a>\n\t\t<\/div>\n<\/div>\n\t<div class=\"swiper-slide\">\n\t<div class=\"wpcp-single-item\">\n\t\t\t<a class=\"wcp-light-box\" data-buttons='[\"close\"]' data-wpc_url='https:\/\/www.aarquiteta.com.br\/blog\/wp-content\/uploads\/2023\/10\/closet-com-banheiro01.jpg' href=\"https:\/\/www.aarquiteta.com.br\/blog\/wp-content\/uploads\/2023\/10\/closet-com-banheiro01.jpg\" data-fancybox=\"wpcp_view\">\n\t\t<figure>\n\t\t\t<img decoding=\"async\" class=\"skip-lazy\" src=\"https:\/\/www.aarquiteta.com.br\/blog\/wp-content\/uploads\/2023\/10\/closet-com-banheiro01.jpg\" alt=\"closet com banheiro\" width=\"1024\" height=\"1024\" title=\"\">\t\t<\/figure>\n\t<\/a>\n\t\t<\/div>\n<\/div>\n\t<div class=\"swiper-slide\">\n\t<div class=\"wpcp-single-item\">\n\t\t\t<a class=\"wcp-light-box\" data-buttons='[\"close\"]' data-wpc_url='https:\/\/www.aarquiteta.com.br\/blog\/wp-content\/uploads\/2023\/10\/ideias-de-decoracao-para-banheiro-02.jpg' href=\"https:\/\/www.aarquiteta.com.br\/blog\/wp-content\/uploads\/2023\/10\/ideias-de-decoracao-para-banheiro-02.jpg\" data-fancybox=\"wpcp_view\">\n\t\t<figure>\n\t\t\t<img decoding=\"async\" class=\"skip-lazy\" src=\"https:\/\/www.aarquiteta.com.br\/blog\/wp-content\/uploads\/2023\/10\/ideias-de-decoracao-para-banheiro-02.jpg\" alt=\"Ideias de Decora\u00e7\u00e3o para Banheiro: Sugest\u00f5es Criativas e Inspiradoras\" width=\"1024\" height=\"1024\" title=\"\">\t\t<\/figure>\n\t<\/a>\n\t\t<\/div>\n<\/div>\n\t<div class=\"swiper-slide\">\n\t<div class=\"wpcp-single-item\">\n\t\t\t<a class=\"wcp-light-box\" data-buttons='[\"close\"]' data-wpc_url='https:\/\/www.aarquiteta.com.br\/blog\/wp-content\/uploads\/2023\/10\/ideias-para-decorar-banheiro-02.jpg' href=\"https:\/\/www.aarquiteta.com.br\/blog\/wp-content\/uploads\/2023\/10\/ideias-para-decorar-banheiro-02.jpg\" data-fancybox=\"wpcp_view\">\n\t\t<figure>\n\t\t\t<img decoding=\"async\" class=\"skip-lazy\" src=\"https:\/\/www.aarquiteta.com.br\/blog\/wp-content\/uploads\/2023\/10\/ideias-para-decorar-banheiro-02.jpg\" alt=\"Ideias para Decorar Banheiro: Instru\u00e7\u00f5es e Sugest\u00f5es para Ambientes Aconchegantes e Modernos\" width=\"1024\" height=\"1024\" title=\"\">\t\t<\/figure>\n\t<\/a>\n\t\t<\/div>\n<\/div>\n\t<div class=\"swiper-slide\">\n\t<div class=\"wpcp-single-item\">\n\t\t\t<a class=\"wcp-light-box\" data-buttons='[\"close\"]' data-wpc_url='https:\/\/www.aarquiteta.com.br\/blog\/wp-content\/uploads\/2023\/09\/ideias-de-decoracao-para-banheiro-1.jpg' href=\"https:\/\/www.aarquiteta.com.br\/blog\/wp-content\/uploads\/2023\/09\/ideias-de-decoracao-para-banheiro-1.jpg\" data-fancybox=\"wpcp_view\">\n\t\t<figure>\n\t\t\t<img decoding=\"async\" class=\"skip-lazy\" src=\"https:\/\/www.aarquiteta.com.br\/blog\/wp-content\/uploads\/2023\/09\/ideias-de-decoracao-para-banheiro-1.jpg\" alt=\"ideias de decoracao para banheiro\" width=\"1024\" height=\"1024\" title=\"\">\t\t<\/figure>\n\t<\/a>\n\t\t<\/div>\n<\/div>\n\t<div class=\"swiper-slide\">\n\t<div class=\"wpcp-single-item\">\n\t\t\t<a class=\"wcp-light-box\" data-buttons='[\"close\"]' data-wpc_url='https:\/\/www.aarquiteta.com.br\/blog\/wp-content\/uploads\/2023\/09\/banheiro-simples-pequeno-e-barato-1.png' href=\"https:\/\/www.aarquiteta.com.br\/blog\/wp-content\/uploads\/2023\/09\/banheiro-simples-pequeno-e-barato-1.png\" data-fancybox=\"wpcp_view\">\n\t\t<figure>\n\t\t\t<img decoding=\"async\" class=\"skip-lazy\" src=\"https:\/\/www.aarquiteta.com.br\/blog\/wp-content\/uploads\/2023\/09\/banheiro-simples-pequeno-e-barato-1.png\" alt=\"Banheiro Pequeno e barato: 5 dicas para Transformar seu Espa\u00e7o sem gastar muito.\" width=\"1024\" height=\"1024\" title=\"\">\t\t<\/figure>\n\t<\/a>\n\t\t<\/div>\n<\/div>\n\t\t\t<\/div>\n\t\t\t\t\t<div class=\"wpcp-swiper-dots swiper-pagination\"><\/div>\n\t\t\t\t<!-- If we need navigation buttons -->\n\t\t\t<\/div>\n\t<\/div>\n<\/div>\n\n<p>Primeiro, a gente tem que pensar no <strong>estilo do banheiro<\/strong> e no que a gente quer transmitir. Quer um clima de praia? Vai de adesivo com conchas. Quer modernidade? Linhas geom\u00e9tricas neles!<\/p>\n<h3>Passo a passo para aplica\u00e7\u00e3o dos adesivos<\/h3>\n<p>Limpar o vidro \u00e9 o primeiro passo. Depois, \u00e9 s\u00f3 tirar o papel protetor do adesivo, colar com cuidado pra n\u00e3o ficar bolha, e voil\u00e0! Banheiro de cara nova.<\/p>\n<h3>Cuidados e manuten\u00e7\u00e3o dos adesivos<\/h3>\n<p>Para manter o adesivo bonit\u00e3o, \u00e9 s\u00f3 passar um pano \u00famido de vez em quando. Nada de produtos abrasivos, hein? Sen\u00e3o, o adesivo vai ficar mais judiado que joelho de crian\u00e7a que caiu da bicicleta.<\/p>\n<h3>Adesivos personalizados: uma op\u00e7\u00e3o criativa<\/h3>\n<figure style=\"width: 1024px\" class=\"wp-caption aligncenter\"><img decoding=\"async\" src=\"https:\/\/www.aarquiteta.com.br\/blog\/wp-content\/uploads\/2024\/03\/adesivos-para-banheiro-box02.jpg\" alt=\"adesivos para banheiro box\" width=\"1024\" height=\"1024\" title=\"\"><figcaption class=\"wp-caption-text\">adesivos para banheiro box<\/figcaption><\/figure>\n<p>Se voc\u00ea n\u00e3o achar um adesivo que seja a sua cara, que tal criar um? Tem empresas que fazem adesivos personalizados. \u00c9 s\u00f3 mandar o desenho e eles fazem a m\u00e1gica acontecer.<\/p>\n<h3>Adesivos tem\u00e1ticos: banheiro infantil<\/h3>\n<p>Para a crian\u00e7ada, tem adesivo de bichinho, super-her\u00f3i, princesa&#8230; Com esses adesivos, o banho dos pequenos vai ser uma aventura todo dia.<\/p>\n<h3>Adesivos para banheiro box pequeno: dicas de uso<\/h3>\n<figure style=\"width: 1024px\" class=\"wp-caption aligncenter\"><img decoding=\"async\" src=\"https:\/\/www.aarquiteta.com.br\/blog\/wp-content\/uploads\/2024\/03\/adesivos-para-banheiro-box01.jpg\" alt=\"adesivos para banheiro box\" width=\"1024\" height=\"1024\" title=\"\"><figcaption class=\"wp-caption-text\">adesivos para banheiro box<\/figcaption><\/figure>\n<p>Em banheiro pequeno, adesivos claros e com linhas simples ajudam a dar uma <strong>sensa\u00e7\u00e3o de amplitude<\/strong>. Nada de exagerar na quantidade, sen\u00e3o o banheiro encolhe mais que roupa de algod\u00e3o na \u00e1gua quente.<\/p>\n<h3>Adesivos antiderrapantes: seguran\u00e7a em primeiro lugar<\/h3>\n<p>Al\u00e9m de bonitos, alguns adesivos s\u00e3o antiderrapantes. \u00c9 seguran\u00e7a e beleza no mesmo pacote. Quem diria que um simples adesivo poderia evitar um tombo, n\u00e9?<\/p>\n<h3>Adesivos para box de vidro: eleg\u00e2ncia e privacidade<\/h3>\n<figure style=\"width: 1024px\" class=\"wp-caption aligncenter\"><img decoding=\"async\" src=\"https:\/\/www.aarquiteta.com.br\/blog\/wp-content\/uploads\/2024\/03\/adesivos-para-banheiro-box03.jpg\" alt=\"adesivos para banheiro box\" width=\"1024\" height=\"1024\" title=\"\"><figcaption class=\"wp-caption-text\">adesivos para banheiro box<\/figcaption><\/figure>\n<p>Adesivos foscos ou com texturas d\u00e3o um toque de eleg\u00e2ncia e ainda garantem privacidade. \u00c9 como ter uma cortina de vidro, s\u00f3 que mais chique.<\/p>\n<h3>Adesivos para banheiro box em acr\u00edlico: durabilidade e resist\u00eancia<\/h3>\n<p>Se o seu box \u00e9 de acr\u00edlico, sem problemas. Tem adesivo espec\u00edfico pra esse material tamb\u00e9m, que aguenta o tranco do dia a dia.<\/p>\n<h3>Adesivos para box de canto: solu\u00e7\u00f5es pr\u00e1ticas e decorativas<\/h3>\n<p>Box de canto pode ser um desafio na hora de decorar, mas com adesivos, a gente consegue dar um up no visual sem muito esfor\u00e7o.<\/p>\n<h3>Perguntas Frequentes sobre Adesivos para Banheiro Box<\/h3>\n<h3>Como remover adesivos do box sem danificar o material?<\/h3>\n<p style=\"text-align: center;\">[amazon table=&#8221;95728&#8243;]\n<p>\u00c9 s\u00f3 esquentar um pouquinho com um secador de cabelo e puxar com cuidado. Se sobrar cola, um pouco de \u00e1lcool isoprop\u00edlico resolve.<\/p>\n<h3>Os adesivos para banheiro box s\u00e3o resistentes \u00e0 umidade?<\/h3>\n<p>Sim, s\u00e3o feitos pra aguentar o tranco do chuveiro. Mas \u00f3, nada de esfregar com for\u00e7a na hora da limpeza, t\u00e1?<\/p>\n<h3>\u00c9 poss\u00edvel reaplicar adesivos removidos anteriormente?<\/h3>\n<p>Depende do adesivo. Alguns s\u00e3o reutiliz\u00e1veis, mas outros s\u00e3o de uso \u00fanico. Melhor conferir na embalagem antes de descolar.<\/p>\n<p>Ent\u00e3o \u00e9 isso, pessoal. Com essas dicas, espero que voc\u00eas consigam dar aquele tapa no visual do banheiro sem precisar chamar o pedreiro. E lembrem-se: o banheiro \u00e9 pequeno, mas as possibilidades s\u00e3o enormes. Agora, m\u00e3os \u00e0 obra e vamos deixar esse banheiro um brinco!<\/p>\n<p>Curiosidade do dia: voc\u00ea sabia que os adesivos decorativos come\u00e7aram a ganhar popularidade nos anos 60, com a onda do &#8220;fa\u00e7a voc\u00ea mesmo&#8221;? Pois \u00e9, desde aquela \u00e9poca, a galera j\u00e1 estava atr\u00e1s de solu\u00e7\u00f5es pr\u00e1ticas e baratas pra deixar a casa com a sua cara. E olha que de l\u00e1 pra c\u00e1, a coisa s\u00f3 melhorou!<\/p>\n","protected":false},"excerpt":{"rendered":"<p>Transformando o Banheiro com Adesivos para Box Quem disse que banheiro \u00e9 s\u00f3 um cantinho pra gente se arrumar ou tomar aquele banho relaxante? Pois \u00e9, esse espa\u00e7o da casa tamb\u00e9m merece uma decora\u00e7\u00e3o que fa\u00e7a a gente se sentir bem. E olha que n\u00e3o precisa de reforma n\u00e3o, viu? Com adesivos para box de [&hellip;]<\/p>\n","protected":false},"author":102,"featured_media":107587,"comment_status":"closed","ping_status":"closed","sticky":false,"template":"","format":"standard","meta":{"footnotes":""},"categories":[1484],"tags":[],"class_list":["post-107590","post","type-post","status-publish","format-standard","has-post-thumbnail","category-decoracao"],"_wp_attached_file":null,"_wp_attachment_metadata":null,"_wp_attachment_context":null,"_wp_attachment_is_custom_header":null,"geo_longitude":null,"geo_public":null,"geo_latitude":null,"_publicize_done_external":null,"_wpas_done_3897181":null,"publicize_twitter_user":null,"_wpas_done_3897175":null,"_wpas_skip_3897181":null,"_wpas_skip_3897175":null,"_wpas_skip_3924723":null,"_wpas_mess":null,"_wpas_done_3924723":null,"wps_subtitle":"","_links":{"self":[{"href":"https:\/\/www.aarquiteta.com.br\/blog\/wp-json\/wp\/v2\/posts\/107590","targetHints":{"allow":["GET"]}}],"collection":[{"href":"https:\/\/www.aarquiteta.com.br\/blog\/wp-json\/wp\/v2\/posts"}],"about":[{"href":"https:\/\/www.aarquiteta.com.br\/blog\/wp-json\/wp\/v2\/types\/post"}],"author":[{"embeddable":true,"href":"https:\/\/www.aarquiteta.com.br\/blog\/wp-json\/wp\/v2\/users\/102"}],"replies":[{"embeddable":true,"href":"https:\/\/www.aarquiteta.com.br\/blog\/wp-json\/wp\/v2\/comments?post=107590"}],"version-history":[{"count":0,"href":"https:\/\/www.aarquiteta.com.br\/blog\/wp-json\/wp\/v2\/posts\/107590\/revisions"}],"wp:featuredmedia":[{"embeddable":true,"href":"https:\/\/www.aarquiteta.com.br\/blog\/wp-json\/wp\/v2\/media\/107587"}],"wp:attachment":[{"href":"https:\/\/www.aarquiteta.com.br\/blog\/wp-json\/wp\/v2\/media?parent=107590"}],"wp:term":[{"taxonomy":"category","embeddable":true,"href":"https:\/\/www.aarquiteta.com.br\/blog\/wp-json\/wp\/v2\/categories?post=107590"},{"taxonomy":"post_tag","embeddable":true,"href":"https:\/\/www.aarquiteta.com.br\/blog\/wp-json\/wp\/v2\/tags?post=107590"}],"curies":[{"name":"wp","href":"https:\/\/api.w.org\/{rel}","templated":true}]}}