{"id":107022,"date":"2024-06-03T08:15:34","date_gmt":"2024-06-03T11:15:34","guid":{"rendered":"http:\/\/aarquiteta.com.br\/?p=107022"},"modified":"2024-06-03T08:15:34","modified_gmt":"2024-06-03T11:15:34","slug":"coracoes-emaranhados","status":"publish","type":"post","link":"https:\/\/www.aarquiteta.com.br\/blog\/coracoes-emaranhados\/","title":{"rendered":"Cora\u00e7\u00f5es Emaranhados: Dicas e Cuidados para Esta Planta \u00danica"},"content":{"rendered":"<p><body><\/p>\n<p>Quando pensamos em <strong>cora\u00e7\u00f5es emaranhados<\/strong>, logo nos vem \u00e0 mente imagens de amor e paix\u00e3o, mas ser\u00e1 que \u00e9 s\u00f3 isso? Vamos desvendar juntos os mist\u00e9rios e as belezas por tr\u00e1s desse s\u00edmbolo que vai muito al\u00e9m de um simples entrela\u00e7ar de linhas. Prepare-se para uma viagem que passa pela hist\u00f3ria, cultura, moda e at\u00e9 pela natureza, onde cada emaranhado tem sua pr\u00f3pria hist\u00f3ria para contar.<\/p>\n<h3>1. Origem dos Cora\u00e7\u00f5es Emaranhados<\/h3>\n<figure style=\"width: 1024px\" class=\"wp-caption aligncenter\"><img decoding=\"async\" src=\"https:\/\/www.aarquiteta.com.br\/blog\/wp-content\/uploads\/2024\/02\/coracoes-emaranhados04.jpg\" alt=\"cora\u00e7\u00f5es emaranhados\" width=\"1024\" height=\"1024\" title=\"\"><figcaption class=\"wp-caption-text\">cora\u00e7\u00f5es emaranhados<\/figcaption><\/figure>\n<p>A hist\u00f3ria dos <b>cora\u00e7\u00f5es emaranhados<\/b> \u00e9 t\u00e3o antiga quanto o pr\u00f3prio conceito de amor. Desde tempos imemoriais, o cora\u00e7\u00e3o \u00e9 visto como o lar das emo\u00e7\u00f5es, e o ato de entrela\u00e7ar dois cora\u00e7\u00f5es simboliza a uni\u00e3o indissol\u00favel entre duas almas.<\/p>\n<h3>2. Significado dos Cora\u00e7\u00f5es Emaranhados<\/h3>\n<p>O significado dos cora\u00e7\u00f5es emaranhados vai al\u00e9m do amor rom\u00e2ntico. Eles representam tamb\u00e9m a <b>complexidade das rela\u00e7\u00f5es humanas<\/b>, a interconex\u00e3o e a ideia de que, uma vez unidos, os cora\u00e7\u00f5es n\u00e3o podem ser facilmente separados.<\/p>\n<h3>3. Cora\u00e7\u00f5es Emaranhados na Cultura Popular<\/h3>\n<figure style=\"width: 1024px\" class=\"wp-caption aligncenter\"><img decoding=\"async\" src=\"https:\/\/www.aarquiteta.com.br\/blog\/wp-content\/uploads\/2024\/02\/coracoes-emaranhados03.jpg\" alt=\"cora\u00e7\u00f5es emaranhados\" width=\"1024\" height=\"1024\" title=\"\"><figcaption class=\"wp-caption-text\">cora\u00e7\u00f5es emaranhados<\/figcaption><\/figure>\n<p>Na cultura popular, os cora\u00e7\u00f5es emaranhados aparecem em can\u00e7\u00f5es, filmes e livros, muitas vezes como um s\u00edmbolo de amor eterno e <b>destinos entrela\u00e7ados<\/b>.<\/p>\n<h3>4. Cora\u00e7\u00f5es Emaranhados na Moda<\/h3>\n<p>A moda frequentemente adota os cora\u00e7\u00f5es emaranhados em joias, roupas e acess\u00f3rios, transformando-os em uma tend\u00eancia que expressa <b>romantismo e estilo<\/b>.<\/p>\n<h3>5. Tatuagens de Cora\u00e7\u00f5es Emaranhados<\/h3>\n<p>As tatuagens de cora\u00e7\u00f5es emaranhados s\u00e3o escolhas populares para representar amor, amizade e a conex\u00e3o <b>profunda entre pessoas<\/b>.<\/p>\n<h3>6. Cora\u00e7\u00f5es Emaranhados na Decora\u00e7\u00e3o<\/h3>\n<figure style=\"width: 1024px\" class=\"wp-caption aligncenter\"><img decoding=\"async\" src=\"https:\/\/www.aarquiteta.com.br\/blog\/wp-content\/uploads\/2024\/02\/coracoes-emaranhados02.jpg\" alt=\"cora\u00e7\u00f5es emaranhados\" width=\"1024\" height=\"1024\" title=\"\"><figcaption class=\"wp-caption-text\">cora\u00e7\u00f5es emaranhados<\/figcaption><\/figure>\n<p>Na decora\u00e7\u00e3o, esses cora\u00e7\u00f5es trazem um toque de aconchego e simbolizam o amor que preenche o lar, tornando-se um <b>elemento decorativo cheio de significado<\/b>.<\/p>\n<h3>7. Cora\u00e7\u00f5es Emaranhados como S\u00edmbolo de Amor<\/h3>\n<p>Como s\u00edmbolo de amor, os cora\u00e7\u00f5es emaranhados s\u00e3o um lembrete visual da for\u00e7a e da <b>resili\u00eancia dos la\u00e7os afetivos<\/b>.<\/p>\n<h3>8. Cora\u00e7\u00f5es Emaranhados como Representa\u00e7\u00e3o de Conex\u00e3o<\/h3>\n<figure style=\"width: 1024px\" class=\"wp-caption aligncenter\"><img decoding=\"async\" src=\"https:\/\/www.aarquiteta.com.br\/blog\/wp-content\/uploads\/2024\/02\/coracoes-emaranhados01.jpg\" alt=\"cora\u00e7\u00f5es emaranhados\" width=\"1024\" height=\"1024\" title=\"\"><figcaption class=\"wp-caption-text\">cora\u00e7\u00f5es emaranhados<\/figcaption><\/figure>\n<p>Esses cora\u00e7\u00f5es tamb\u00e9m representam a conex\u00e3o entre pessoas, ideias e at\u00e9 mesmo culturas, mostrando que <b>estamos todos ligados<\/b> de alguma forma.<\/p>\n<h3>9. Cora\u00e7\u00f5es Emaranhados como Express\u00e3o de Emo\u00e7\u00f5es Complexas<\/h3>\n<p>As emo\u00e7\u00f5es humanas s\u00e3o complexas e muitas vezes contradit\u00f3rias. Os cora\u00e7\u00f5es emaranhados capturam essa complexidade, simbolizando a <b>beleza e a dor<\/b> do amor.<\/p>\n<h3>10. Cora\u00e7\u00f5es Emaranhados na Arte<\/h3>\n<p>Na arte, os cora\u00e7\u00f5es emaranhados s\u00e3o usados para explorar temas de amor, perda e conex\u00e3o, muitas vezes com uma abordagem que desafia o <b>convencional<\/b>.<\/p>\n<h3>11. Cora\u00e7\u00f5es Emaranhados na Natureza<\/h3>\n<p>At\u00e9 mesmo na natureza podemos encontrar cora\u00e7\u00f5es emaranhados, em padr\u00f5es de folhas e flores, mostrando que o amor est\u00e1 <b>presente em todo lugar<\/b>.<\/p>\n<h3>12. Cora\u00e7\u00f5es Emaranhados na Psicologia<\/h3>\n<p>Na psicologia, os cora\u00e7\u00f5es emaranhados podem simbolizar a necessidade humana de conex\u00e3o e o impacto das rela\u00e7\u00f5es na nossa <b>sa\u00fade mental<\/b>.<\/p>\n<h3>Conclus\u00e3o<\/h3>\n<p>Os cora\u00e7\u00f5es emaranhados s\u00e3o um verdadeiro tesouro de significados. Eles nos lembram que, apesar das dificuldades, o amor e a conex\u00e3o s\u00e3o for\u00e7as poderosas que nos mant\u00eam unidos. E, como um bom emaranhado, quanto mais tentamos entender, mais nos envolvemos em sua beleza intrincada.<\/p>\n<h3>Perguntas Frequentes sobre Cora\u00e7\u00f5es Emaranhados<\/h3>\n<p style=\"text-align: center;\">[amazon table=&#8221;83002&#8243;]\n<ol>\n<li><b>Como os cora\u00e7\u00f5es emaranhados podem influenciar nossas emo\u00e7\u00f5es?<\/b><br \/>\n  Os cora\u00e7\u00f5es emaranhados, com sua simbologia de uni\u00e3o e conex\u00e3o, podem evocar sentimentos de amor, pertencimento e at\u00e9 mesmo uma sensa\u00e7\u00e3o de seguran\u00e7a emocional.<\/li>\n<li><b>Existe alguma cultura espec\u00edfica que deu origem aos cora\u00e7\u00f5es emaranhados?<\/b><br \/>\n  N\u00e3o h\u00e1 uma cultura espec\u00edfica que possa reivindicar a origem dos cora\u00e7\u00f5es emaranhados; eles s\u00e3o um s\u00edmbolo universal de amor e conex\u00e3o que transcende fronteiras culturais.<\/li>\n<li><b>Os cora\u00e7\u00f5es emaranhados s\u00e3o sempre um s\u00edmbolo positivo?<\/b><br \/>\n  Embora geralmente sejam vistos como positivos, os cora\u00e7\u00f5es emaranhados tamb\u00e9m podem representar a complexidade e os desafios das rela\u00e7\u00f5es, mostrando que nem tudo \u00e9 simples quando se trata de amor.<\/li>\n<\/ol>\n<p>Curiosidade: Voc\u00ea sabia que os cora\u00e7\u00f5es emaranhados tamb\u00e9m podem ser encontrados em padr\u00f5es matem\u00e1ticos, como na teoria dos n\u00f3s? Isso mesmo, at\u00e9 a matem\u00e1tica pode ser rom\u00e2ntica!<\/p>\n<p><\/body><\/p>\n","protected":false},"excerpt":{"rendered":"<p>Quer revolucionar seu jardim? Saiba mais sobre cora\u00e7\u00f5es emaranhados. Tudo para um jardim perfeito!<\/p>\n","protected":false},"author":102,"featured_media":107019,"comment_status":"closed","ping_status":"closed","sticky":false,"template":"","format":"standard","meta":{"footnotes":""},"categories":[10005,9612],"tags":[35225],"class_list":["post-107022","post","type-post","status-publish","format-standard","has-post-thumbnail","category-casa-e-jardim","category-jardinagem","tag-cultivo-de-coracoes-emaranhados-coracoes-emaranhados"],"_wp_attached_file":null,"_wp_attachment_metadata":null,"_wp_attachment_context":null,"_wp_attachment_is_custom_header":null,"geo_longitude":null,"geo_public":null,"geo_latitude":null,"_publicize_done_external":null,"_wpas_done_3897181":null,"publicize_twitter_user":null,"_wpas_done_3897175":null,"_wpas_skip_3897181":null,"_wpas_skip_3897175":null,"_wpas_skip_3924723":null,"_wpas_mess":null,"_wpas_done_3924723":null,"wps_subtitle":"","_links":{"self":[{"href":"https:\/\/www.aarquiteta.com.br\/blog\/wp-json\/wp\/v2\/posts\/107022","targetHints":{"allow":["GET"]}}],"collection":[{"href":"https:\/\/www.aarquiteta.com.br\/blog\/wp-json\/wp\/v2\/posts"}],"about":[{"href":"https:\/\/www.aarquiteta.com.br\/blog\/wp-json\/wp\/v2\/types\/post"}],"author":[{"embeddable":true,"href":"https:\/\/www.aarquiteta.com.br\/blog\/wp-json\/wp\/v2\/users\/102"}],"replies":[{"embeddable":true,"href":"https:\/\/www.aarquiteta.com.br\/blog\/wp-json\/wp\/v2\/comments?post=107022"}],"version-history":[{"count":0,"href":"https:\/\/www.aarquiteta.com.br\/blog\/wp-json\/wp\/v2\/posts\/107022\/revisions"}],"wp:featuredmedia":[{"embeddable":true,"href":"https:\/\/www.aarquiteta.com.br\/blog\/wp-json\/wp\/v2\/media\/107019"}],"wp:attachment":[{"href":"https:\/\/www.aarquiteta.com.br\/blog\/wp-json\/wp\/v2\/media?parent=107022"}],"wp:term":[{"taxonomy":"category","embeddable":true,"href":"https:\/\/www.aarquiteta.com.br\/blog\/wp-json\/wp\/v2\/categories?post=107022"},{"taxonomy":"post_tag","embeddable":true,"href":"https:\/\/www.aarquiteta.com.br\/blog\/wp-json\/wp\/v2\/tags?post=107022"}],"curies":[{"name":"wp","href":"https:\/\/api.w.org\/{rel}","templated":true}]}}