{"id":106982,"date":"2024-02-27T12:40:45","date_gmt":"2024-02-27T15:40:45","guid":{"rendered":"http:\/\/aarquiteta.com.br\/espelhos-decorativos-para-hall-de-entrada-5-estilos-que-encantam-2\/"},"modified":"2024-07-03T16:15:59","modified_gmt":"2024-07-03T19:15:59","slug":"espelhos-decorativos-para-hall-de-entrada-5-estilos-que-encantam-2","status":"publish","type":"post","link":"https:\/\/www.aarquiteta.com.br\/blog\/espelhos-decorativos-para-hall-de-entrada-5-estilos-que-encantam-2\/","title":{"rendered":"Espelhos Decorativos para Hall de Entrada: 5 Estilos que Encantam"},"content":{"rendered":"<p><body><\/p>\n<p>Quando se trata de <strong>decorar o hall de entrada<\/strong>, os espelhos n\u00e3o s\u00e3o apenas um elemento funcional, mas tamb\u00e9m um poderoso aliado est\u00e9tico. Eles t\u00eam o dom de <strong>ampliar espa\u00e7os<\/strong>, refletir a luz e, claro, conferir aquele \u00faltimo retoque no visual antes de sair de casa. Mas, com tantos estilos dispon\u00edveis, como escolher o espelho perfeito para causar uma boa impress\u00e3o logo na entrada? Vamos explorar 5 estilos de espelhos que podem transformar seu hall de entrada em um espa\u00e7o encantador e acolhedor.<\/p>\n<h3>1. Espelho Veneziano<\/h3>\n<figure style=\"width: 1024px\" class=\"wp-caption aligncenter\"><img decoding=\"async\" src=\"https:\/\/www.aarquiteta.com.br\/blog\/wp-content\/uploads\/2024\/02\/Espelhos-Decorativos-para-Hall-de-Entrada-5-Estilos-que-Encantam04.jpg\" alt=\"Espelhos Decorativos para Hall de Entrada: 5 Estilos que Encantam\" width=\"1024\" height=\"1024\" title=\"\"><figcaption class=\"wp-caption-text\">Espelhos Decorativos para Hall de Entrada: 5 Estilos que Encantam<\/figcaption><\/figure>\n<p>O <strong>espelho veneziano<\/strong> \u00e9 a personifica\u00e7\u00e3o da eleg\u00e2ncia e do charme. Com seus detalhes intricados e bordas trabalhadas, ele traz um toque de sofistica\u00e7\u00e3o renascentista para o ambiente. Ideal para quem deseja adicionar um <strong>ar de refinamento<\/strong> e hist\u00f3ria ao hall de entrada.<\/p>\n<h3>2. Espelho Redondo<\/h3>\n<p>Se a busca \u00e9 por simplicidade com um toque contempor\u00e2neo, o <strong>espelho redondo<\/strong> \u00e9 a escolha certa. Ele pode vir com uma moldura fina ou sem moldura, criando uma sensa\u00e7\u00e3o de leveza e fluidez. \u00c9 perfeito para <strong>complementar decora\u00e7\u00f5es minimalistas<\/strong> ou para quebrar a rigidez de linhas retas no espa\u00e7o.<\/p>\n<h3>3. Espelho com Moldura R\u00fastica<\/h3>\n<style id=\"wp_carousel_dynamic_css104058\">.sp-wp-carousel-free-id-104058.wpcf-fancybox-wrapper .fancybox-bg{background: #0b0b0b;opacity: 0.8;}.sp-wp-carousel-free-id-104058.wpcf-fancybox-wrapper .fancybox-navigation .fancybox-button .wpcp-fancybox-nav-arrow i {color: #ccc;}.sp-wp-carousel-free-id-104058.wpcf-fancybox-wrapper .fancybox-navigation .fancybox-button .wpcp-fancybox-nav-arrow i:hover {color: #fff;}.sp-wp-carousel-free-id-104058.wpcf-fancybox-wrapper .fancybox-navigation .fancybox-button {background: #1e1e1e;}.sp-wp-carousel-free-id-104058.wpcf-fancybox-wrapper .fancybox-navigation .fancybox-button:hover {background: #1e1e1e;}#sp-wp-carousel-free-id-104058 .wpcp-swiper-dots {margin: 40px 0px 0px 0px;}.wpcp-wrapper-104058 .swiper-wrapper .swiper-slide-kenburn, .wpcp-wrapper-104058 .swiper-wrapper, .wpcp-wrapper-104058 .wpcpro-row{align-items: center;}#sp-wp-carousel-free-id-104058 .wpcp-single-item {box-shadow: 0px 0px 0px 0px #dddddd;transition: all .3s;margin: 0px;}#sp-wp-carousel-free-id-104058.swiper-flip .wpcp-single-item{margin: 0!important;}#sp-wp-carousel-free-id-104058 .wpcp-single-item:hover {box-shadow: 0px 0px 0px 0px #dddddd;}#sp-wp-carousel-free-id-104058.sp-wpcp-104058 .wpcp-single-item {border: 1px solid #dddddd;}#sp-wp-carousel-free-id-104058.sp-wpcp-104058 .swiper-button-prev,#sp-wp-carousel-free-id-104058.sp-wpcp-104058 .swiper-button-next,#sp-wp-carousel-free-id-104058.sp-wpcp-104058 .swiper-button-prev:hover,#sp-wp-carousel-free-id-104058.sp-wpcp-104058 .swiper-button-next:hover {background: none;border: none;font-size: 30px;}#sp-wp-carousel-free-id-104058.sp-wpcp-104058 .swiper-button-prev i,#sp-wp-carousel-free-id-104058.sp-wpcp-104058 .swiper-button-next i {color: #aaa;}#sp-wp-carousel-free-id-104058.sp-wpcp-104058 .swiper-button-prev i:hover,#sp-wp-carousel-free-id-104058.sp-wpcp-104058 .swiper-button-next i:hover {color: #178087;}#sp-wp-carousel-free-id-104058.sp-wpcp-104058 .wpcp-swiper-dots .swiper-pagination-bullet {background-color: #cccccc;}#sp-wp-carousel-free-id-104058.sp-wpcp-104058 .wpcp-swiper-dots .swiper-pagination-bullet.swiper-pagination-bullet-active {background-color: #178087;} #sp-wp-carousel-free-id-104058.sp-wpcp-104058.wpcp-image-carousel .wpcp-single-item:hover img, #sp-wp-carousel-free-id-104058.sp-wpcp-104058.wpcp-post-carousel .wpcp-single-item:hover img, #sp-wp-carousel-free-id-104058.sp-wpcp-104058.wpcp-product-carousel .wpcp-single-item:hover img{-webkit-transform: scale(1.2);-moz-transform: scale(1.2);transform: scale(1.2);}#sp-wp-carousel-free-id-104058 .wpcpro-row>[class*=\"wpcpro-col-\"] { padding: 0 10px; padding-bottom: 20px;} #sp-wp-carousel-free-id-104058 .swiper-slide .single-item-fade:not(:last-child) { margin-right: 20px;}@media (min-width: 480px) { .wpcpro-row .wpcpro-col-sm-1 { flex: 0 0 100%; max-width: 100%; } .wpcpro-row .wpcpro-col-sm-2 { flex: 0 0 50%; max-width: 50%; } .wpcpro-row .wpcpro-col-sm-2-5 { flex: 0 0 75%; max-width: 75%; } .wpcpro-row .wpcpro-col-sm-3 { flex: 0 0 33.333%; max-width: 33.333%; } .wpcpro-row .wpcpro-col-sm-4 { flex: 0 0 25%; max-width: 25%; } .wpcpro-row .wpcpro-col-sm-5 { flex: 0 0 20%; max-width: 20%; } .wpcpro-row .wpcpro-col-sm-6 { flex: 0 0 16.66666666666667%; max-width: 16.66666666666667%; } .wpcpro-row .wpcpro-col-sm-7 { flex: 0 0 14.28571428%; max-width: 14.28571428%; } .wpcpro-row .wpcpro-col-sm-8 { flex: 0 0 12.5%; max-width: 12.5%; } } @media (max-width: 480px) { .wpcpro-row .wpcpro-col-xs-1 { flex: 0 0 100%; max-width: 100%; } .wpcpro-row .wpcpro-col-xs-2 { flex: 0 0 50%; max-width: 50%; } .wpcpro-row .wpcpro-col-xs-3 { flex: 0 0 33.222%; max-width: 33.222%; } .wpcpro-row .wpcpro-col-xs-4 { flex: 0 0 25%; max-width: 25%; } .wpcpro-row .wpcpro-col-xs-5 { flex: 0 0 20%; max-width: 20%; } .wpcpro-row .wpcpro-col-xs-6 { flex: 0 0 16.6667%; max-width: 16.6667%; } .wpcpro-row .wpcpro-col-xs-7 { flex: 0 0 14.28571428%; max-width: 14.28571428%; } .wpcpro-row .wpcpro-col-xs-8 { flex: 0 0 12.5%; max-width: 12.5%; } } @media (min-width: 736px) { .wpcpro-row .wpcpro-col-md-1 { flex: 0 0 100%; max-width: 100%; } .wpcpro-row .wpcpro-col-md-2 { flex: 0 0 50%; max-width: 50%; } .wpcpro-row .wpcpro-col-md-2-5 { flex: 0 0 75%; max-width: 75%; } .wpcpro-row .wpcpro-col-md-3 { flex: 0 0 33.333%; max-width: 33.333%; } .wpcpro-row .wpcpro-col-md-4 { flex: 0 0 25%; max-width: 25%; } .wpcpro-row .wpcpro-col-md-5 { flex: 0 0 20%; max-width: 20%; } .wpcpro-row .wpcpro-col-md-6 { flex: 0 0 16.66666666666667%; max-width: 16.66666666666667%; } .wpcpro-row .wpcpro-col-md-7 { flex: 0 0 14.28571428%; max-width: 14.28571428%; } .wpcpro-row .wpcpro-col-md-8 { flex: 0 0 12.5%; max-width: 12.5%; } } @media (min-width: 980px) { .wpcpro-row .wpcpro-col-lg-1 { flex: 0 0 100%; max-width: 100%; } .wpcpro-row .wpcpro-col-lg-2 { flex: 0 0 50%; max-width: 50%; } .wpcpro-row .wpcpro-col-lg-3 { flex: 0 0 33.222%; max-width: 33.222%; } .wpcpro-row .wpcpro-col-lg-4 { flex: 0 0 25%; max-width: 25%; } .wpcpro-row .wpcpro-col-lg-5 { flex: 0 0 20%; max-width: 20%; } .wpcpro-row .wpcpro-col-lg-6 { flex: 0 0 16.6667%; max-width: 16.6667%; } .wpcpro-row .wpcpro-col-lg-7 { flex: 0 0 14.28571428%; max-width: 14.28571428%; } .wpcpro-row .wpcpro-col-lg-8 { flex: 0 0 12.5%; max-width: 12.5%; } } @media (min-width: 1200px) { .wpcpro-row .wpcpro-col-xl-1 { flex: 0 0 100%; max-width: 100%; } .wpcpro-row .wpcpro-col-xl-2 { flex: 0 0 50%; max-width: 50%; } .wpcpro-row .wpcpro-col-xl-3 { flex: 0 0 33.22222222%; max-width: 33.22222222%; } .wpcpro-row .wpcpro-col-xl-4 { flex: 0 0 25%; max-width: 25%; } .wpcpro-row .wpcpro-col-xl-5 { flex: 0 0 20%; max-width: 20%; } .wpcpro-row .wpcpro-col-xl-6 { flex: 0 0 16.66667%; max-width: 16.66667%; } .wpcpro-row .wpcpro-col-xl-7 { flex: 0 0 14.28571428%; max-width: 14.28571428%; } .wpcpro-row .wpcpro-col-xl-8 { flex: 0 0 12.5%; max-width: 12.5%; } }<\/style><div class=\"wpcp-carousel-wrapper wpcp-wrapper-104058\">\n\t<div id=\"wpcp-preloader-104058\" class=\"wpcp-carousel-preloader\"><img decoding=\"async\" src=\"https:\/\/www.aarquiteta.com.br\/blog\/wp-content\/plugins\/wp-carousel-free\/public\/css\/spinner.svg\" alt=\"Preloader Image\" title=\"\"><\/div>\t<div class=\"wpcp-carousel-content-wrapper\">\n\t<div id=\"sp-wp-carousel-free-id-104058\" class=\"wpcp-carousel-section sp-wpcp-104058  nav-vertical-center wpcp-image-carousel wpcp-preloader wpcp-standard\" data-swiper='{ &quot;pagination_type&quot;: &quot;dots&quot;,&quot;accessibility&quot;:true, &quot;spaceBetween&quot;:20, &quot;arrows&quot;:false, &quot;freeMode&quot;: false, &quot;autoplay&quot;:true, &quot;effect&quot;: &quot;&quot;, &quot;centerMode&quot;: false, &quot;autoplaySpeed&quot;:3000, &quot;dots&quot;:true, &quot;infinite&quot;:true, &quot;speed&quot;:600, &quot;pauseOnHover&quot;:true,\n\t\t\t&quot;slidesToShow&quot;:{&quot;lg_desktop&quot;:5, &quot;desktop&quot;: 4, &quot;laptop&quot;: 3, &quot;tablet&quot;: 2, &quot;mobile&quot;: 1}, &quot;responsive&quot;:{&quot;desktop&quot;:1200, &quot;laptop&quot;: 980, &quot;tablet&quot;: 736, &quot;mobile&quot;: 480}, &quot;rtl&quot;:false, &quot;lazyLoad&quot;: &quot;false&quot;, &quot;swipe&quot;: true, &quot;draggable&quot;: true, &quot;swipeToSlide&quot;:false }' dir=\"ltr\">\n\t\t<div class=\"swiper-wrapper\">\n\t\t<div class=\"swiper-slide\">\n\t<div class=\"wpcp-single-item\">\n\t\t\t<a class=\"wcp-light-box\" data-buttons='[\"close\"]' data-wpc_url='https:\/\/www.aarquiteta.com.br\/blog\/wp-content\/uploads\/2024\/01\/casa-em-terreno-estreito01.jpg' href=\"https:\/\/www.aarquiteta.com.br\/blog\/wp-content\/uploads\/2024\/01\/casa-em-terreno-estreito01.jpg\" data-fancybox=\"wpcp_view\">\n\t\t<figure>\n\t\t\t<img decoding=\"async\" class=\"skip-lazy\" src=\"https:\/\/www.aarquiteta.com.br\/blog\/wp-content\/uploads\/2024\/01\/casa-em-terreno-estreito01.jpg\" alt=\"casa em terreno estreito\" width=\"1024\" height=\"1024\" title=\"\">\t\t<\/figure>\n\t<\/a>\n\t\t<\/div>\n<\/div>\n\t<div class=\"swiper-slide\">\n\t<div class=\"wpcp-single-item\">\n\t\t\t<a class=\"wcp-light-box\" data-buttons='[\"close\"]' data-wpc_url='https:\/\/www.aarquiteta.com.br\/blog\/wp-content\/uploads\/2023\/12\/designer-inovador-transforma-materias-primas-casa-ultramoderna02.jpg' href=\"https:\/\/www.aarquiteta.com.br\/blog\/wp-content\/uploads\/2023\/12\/designer-inovador-transforma-materias-primas-casa-ultramoderna02.jpg\" data-fancybox=\"wpcp_view\">\n\t\t<figure>\n\t\t\t<img decoding=\"async\" class=\"skip-lazy\" src=\"https:\/\/www.aarquiteta.com.br\/blog\/wp-content\/uploads\/2023\/12\/designer-inovador-transforma-materias-primas-casa-ultramoderna02.jpg\" alt=\"designer-inovador-transforma-materias-primas-casa-ultramoderna\" width=\"1024\" height=\"1024\" title=\"\">\t\t<\/figure>\n\t<\/a>\n\t\t<\/div>\n<\/div>\n\t<div class=\"swiper-slide\">\n\t<div class=\"wpcp-single-item\">\n\t\t\t<a class=\"wcp-light-box\" data-buttons='[\"close\"]' data-wpc_url='https:\/\/www.aarquiteta.com.br\/blog\/wp-content\/uploads\/2023\/12\/fachadas-de-casas-simples04.jpg' href=\"https:\/\/www.aarquiteta.com.br\/blog\/wp-content\/uploads\/2023\/12\/fachadas-de-casas-simples04.jpg\" data-fancybox=\"wpcp_view\">\n\t\t<figure>\n\t\t\t<img decoding=\"async\" class=\"skip-lazy\" src=\"https:\/\/www.aarquiteta.com.br\/blog\/wp-content\/uploads\/2023\/12\/fachadas-de-casas-simples04.jpg\" alt=\"fachadas de casas simples\" width=\"1024\" height=\"1024\" title=\"\">\t\t<\/figure>\n\t<\/a>\n\t\t<\/div>\n<\/div>\n\t<div class=\"swiper-slide\">\n\t<div class=\"wpcp-single-item\">\n\t\t\t<a class=\"wcp-light-box\" data-buttons='[\"close\"]' data-wpc_url='https:\/\/www.aarquiteta.com.br\/blog\/wp-content\/uploads\/2023\/12\/fachadas-de-casas-simples01.jpg' href=\"https:\/\/www.aarquiteta.com.br\/blog\/wp-content\/uploads\/2023\/12\/fachadas-de-casas-simples01.jpg\" data-fancybox=\"wpcp_view\">\n\t\t<figure>\n\t\t\t<img decoding=\"async\" class=\"skip-lazy\" src=\"https:\/\/www.aarquiteta.com.br\/blog\/wp-content\/uploads\/2023\/12\/fachadas-de-casas-simples01.jpg\" alt=\"fachadas de casas simples\" width=\"1024\" height=\"1024\" title=\"\">\t\t<\/figure>\n\t<\/a>\n\t\t<\/div>\n<\/div>\n\t<div class=\"swiper-slide\">\n\t<div class=\"wpcp-single-item\">\n\t\t\t<a class=\"wcp-light-box\" data-buttons='[\"close\"]' data-wpc_url='https:\/\/www.aarquiteta.com.br\/blog\/wp-content\/uploads\/2023\/12\/Casas-pre-fabricadas-custos-e-vantagens-para-sua-obra04.jpg' href=\"https:\/\/www.aarquiteta.com.br\/blog\/wp-content\/uploads\/2023\/12\/Casas-pre-fabricadas-custos-e-vantagens-para-sua-obra04.jpg\" data-fancybox=\"wpcp_view\">\n\t\t<figure>\n\t\t\t<img decoding=\"async\" class=\"skip-lazy\" src=\"https:\/\/www.aarquiteta.com.br\/blog\/wp-content\/uploads\/2023\/12\/Casas-pre-fabricadas-custos-e-vantagens-para-sua-obra04.jpg\" alt=\"Casas pr\u00e9-fabricadas: custos e vantagens para sua obra\" width=\"1024\" height=\"1024\" title=\"\">\t\t<\/figure>\n\t<\/a>\n\t\t<\/div>\n<\/div>\n\t<div class=\"swiper-slide\">\n\t<div class=\"wpcp-single-item\">\n\t\t\t<a class=\"wcp-light-box\" data-buttons='[\"close\"]' data-wpc_url='https:\/\/www.aarquiteta.com.br\/blog\/wp-content\/uploads\/2023\/11\/como-aumentar-o-valor-da-sua-casa01.jpg' href=\"https:\/\/www.aarquiteta.com.br\/blog\/wp-content\/uploads\/2023\/11\/como-aumentar-o-valor-da-sua-casa01.jpg\" data-fancybox=\"wpcp_view\">\n\t\t<figure>\n\t\t\t<img decoding=\"async\" class=\"skip-lazy\" src=\"https:\/\/www.aarquiteta.com.br\/blog\/wp-content\/uploads\/2023\/11\/como-aumentar-o-valor-da-sua-casa01.jpg\" alt=\"como aumentar o valor da sua casa\" width=\"1024\" height=\"1024\" title=\"\">\t\t<\/figure>\n\t<\/a>\n\t\t<\/div>\n<\/div>\n\t<div class=\"swiper-slide\">\n\t<div class=\"wpcp-single-item\">\n\t\t\t<a class=\"wcp-light-box\" data-buttons='[\"close\"]' data-wpc_url='https:\/\/www.aarquiteta.com.br\/blog\/wp-content\/uploads\/2023\/11\/casa-de-fazenda03.jpg' href=\"https:\/\/www.aarquiteta.com.br\/blog\/wp-content\/uploads\/2023\/11\/casa-de-fazenda03.jpg\" data-fancybox=\"wpcp_view\">\n\t\t<figure>\n\t\t\t<img decoding=\"async\" class=\"skip-lazy\" src=\"https:\/\/www.aarquiteta.com.br\/blog\/wp-content\/uploads\/2023\/11\/casa-de-fazenda03.jpg\" alt=\"casa de fazenda\" width=\"1024\" height=\"1024\" title=\"\">\t\t<\/figure>\n\t<\/a>\n\t\t<\/div>\n<\/div>\n\t<div class=\"swiper-slide\">\n\t<div class=\"wpcp-single-item\">\n\t\t\t<a class=\"wcp-light-box\" data-buttons='[\"close\"]' data-wpc_url='https:\/\/www.aarquiteta.com.br\/blog\/wp-content\/uploads\/2023\/11\/arquitetura-sustentvel-dicas-para-criar-uma-casa-container-modernarumt.jpg' href=\"https:\/\/www.aarquiteta.com.br\/blog\/wp-content\/uploads\/2023\/11\/arquitetura-sustentvel-dicas-para-criar-uma-casa-container-modernarumt.jpg\" data-fancybox=\"wpcp_view\">\n\t\t<figure>\n\t\t\t<img decoding=\"async\" class=\"skip-lazy\" src=\"https:\/\/www.aarquiteta.com.br\/blog\/wp-content\/uploads\/2023\/11\/arquitetura-sustentvel-dicas-para-criar-uma-casa-container-modernarumt.jpg\" alt=\"Arquitetura Sustentvel Dicas para Criar uma Casa Container Moderna\" width=\"1024\" height=\"768\" title=\"\">\t\t<\/figure>\n\t<\/a>\n\t\t<\/div>\n<\/div>\n\t<div class=\"swiper-slide\">\n\t<div class=\"wpcp-single-item\">\n\t\t\t<a class=\"wcp-light-box\" data-buttons='[\"close\"]' data-wpc_url='https:\/\/www.aarquiteta.com.br\/blog\/wp-content\/uploads\/2023\/11\/modelos-de-casa02.jpg' href=\"https:\/\/www.aarquiteta.com.br\/blog\/wp-content\/uploads\/2023\/11\/modelos-de-casa02.jpg\" data-fancybox=\"wpcp_view\">\n\t\t<figure>\n\t\t\t<img decoding=\"async\" class=\"skip-lazy\" src=\"https:\/\/www.aarquiteta.com.br\/blog\/wp-content\/uploads\/2023\/11\/modelos-de-casa02.jpg\" alt=\"modelos de casa\" width=\"1024\" height=\"1024\" title=\"\">\t\t<\/figure>\n\t<\/a>\n\t\t<\/div>\n<\/div>\n\t<div class=\"swiper-slide\">\n\t<div class=\"wpcp-single-item\">\n\t\t\t<a class=\"wcp-light-box\" data-buttons='[\"close\"]' data-wpc_url='https:\/\/www.aarquiteta.com.br\/blog\/wp-content\/uploads\/2023\/11\/casa-simples-arrumada01.jpg' href=\"https:\/\/www.aarquiteta.com.br\/blog\/wp-content\/uploads\/2023\/11\/casa-simples-arrumada01.jpg\" data-fancybox=\"wpcp_view\">\n\t\t<figure>\n\t\t\t<img decoding=\"async\" class=\"skip-lazy\" src=\"https:\/\/www.aarquiteta.com.br\/blog\/wp-content\/uploads\/2023\/11\/casa-simples-arrumada01.jpg\" alt=\"casa simples arrumada\" width=\"1024\" height=\"1024\" title=\"\">\t\t<\/figure>\n\t<\/a>\n\t\t<\/div>\n<\/div>\n\t<div class=\"swiper-slide\">\n\t<div class=\"wpcp-single-item\">\n\t\t\t<a class=\"wcp-light-box\" data-buttons='[\"close\"]' data-wpc_url='https:\/\/www.aarquiteta.com.br\/blog\/wp-content\/uploads\/2023\/11\/modelos-de-casa04.jpg' href=\"https:\/\/www.aarquiteta.com.br\/blog\/wp-content\/uploads\/2023\/11\/modelos-de-casa04.jpg\" data-fancybox=\"wpcp_view\">\n\t\t<figure>\n\t\t\t<img decoding=\"async\" class=\"skip-lazy\" src=\"https:\/\/www.aarquiteta.com.br\/blog\/wp-content\/uploads\/2023\/11\/modelos-de-casa04.jpg\" alt=\"modelos de casa\" width=\"1024\" height=\"1024\" title=\"\">\t\t<\/figure>\n\t<\/a>\n\t\t<\/div>\n<\/div>\n\t<div class=\"swiper-slide\">\n\t<div class=\"wpcp-single-item\">\n\t\t\t<a class=\"wcp-light-box\" data-buttons='[\"close\"]' data-wpc_url='https:\/\/www.aarquiteta.com.br\/blog\/wp-content\/uploads\/2023\/10\/muros-modernos-ecologicos5-dicas-para-usar-na-fachada-da-sua-casa.02.jpg' href=\"https:\/\/www.aarquiteta.com.br\/blog\/wp-content\/uploads\/2023\/10\/muros-modernos-ecologicos5-dicas-para-usar-na-fachada-da-sua-casa.02.jpg\" data-fancybox=\"wpcp_view\">\n\t\t<figure>\n\t\t\t<img decoding=\"async\" class=\"skip-lazy\" src=\"https:\/\/www.aarquiteta.com.br\/blog\/wp-content\/uploads\/2023\/10\/muros-modernos-ecologicos5-dicas-para-usar-na-fachada-da-sua-casa.02.jpg\" alt=\"muros modernos ecol\u00f3gicos:5 dicas para usar na fachada da sua casa.\" width=\"1024\" height=\"1024\" title=\"\">\t\t<\/figure>\n\t<\/a>\n\t\t<\/div>\n<\/div>\n\t<div class=\"swiper-slide\">\n\t<div class=\"wpcp-single-item\">\n\t\t\t<a class=\"wcp-light-box\" data-buttons='[\"close\"]' data-wpc_url='https:\/\/www.aarquiteta.com.br\/blog\/wp-content\/uploads\/2023\/10\/casa-na-arvore-moderna.jpg' href=\"https:\/\/www.aarquiteta.com.br\/blog\/wp-content\/uploads\/2023\/10\/casa-na-arvore-moderna.jpg\" data-fancybox=\"wpcp_view\">\n\t\t<figure>\n\t\t\t<img decoding=\"async\" class=\"skip-lazy\" src=\"https:\/\/www.aarquiteta.com.br\/blog\/wp-content\/uploads\/2023\/10\/casa-na-arvore-moderna.jpg\" alt=\"Integra\u00e7\u00e3o com a Natureza: Os Melhores Projetos de Casas em \u00c1reas Verdes!\" width=\"1200\" height=\"800\" title=\"\">\t\t<\/figure>\n\t<\/a>\n\t\t<\/div>\n<\/div>\n\t<div class=\"swiper-slide\">\n\t<div class=\"wpcp-single-item\">\n\t\t\t<a class=\"wcp-light-box\" data-buttons='[\"close\"]' data-wpc_url='https:\/\/www.aarquiteta.com.br\/blog\/wp-content\/uploads\/2023\/10\/casas-pre-fabricadas02.jpg' href=\"https:\/\/www.aarquiteta.com.br\/blog\/wp-content\/uploads\/2023\/10\/casas-pre-fabricadas02.jpg\" data-fancybox=\"wpcp_view\">\n\t\t<figure>\n\t\t\t<img decoding=\"async\" class=\"skip-lazy\" src=\"https:\/\/www.aarquiteta.com.br\/blog\/wp-content\/uploads\/2023\/10\/casas-pre-fabricadas02.jpg\" alt=\"casas pr\u00e9 fabricadas\" width=\"1024\" height=\"1024\" title=\"\">\t\t<\/figure>\n\t<\/a>\n\t\t<\/div>\n<\/div>\n\t<div class=\"swiper-slide\">\n\t<div class=\"wpcp-single-item\">\n\t\t\t<a class=\"wcp-light-box\" data-buttons='[\"close\"]' data-wpc_url='https:\/\/www.aarquiteta.com.br\/blog\/wp-content\/uploads\/2023\/10\/muros-de-casas01.jpg' href=\"https:\/\/www.aarquiteta.com.br\/blog\/wp-content\/uploads\/2023\/10\/muros-de-casas01.jpg\" data-fancybox=\"wpcp_view\">\n\t\t<figure>\n\t\t\t<img decoding=\"async\" class=\"skip-lazy\" src=\"https:\/\/www.aarquiteta.com.br\/blog\/wp-content\/uploads\/2023\/10\/muros-de-casas01.jpg\" alt=\"Muros de Casas: Ideias Criativas para Transformar a Apar\u00eancia de sua Resid\u00eancia.\" width=\"1024\" height=\"1024\" title=\"\">\t\t<\/figure>\n\t<\/a>\n\t\t<\/div>\n<\/div>\n\t\t\t<\/div>\n\t\t\t\t\t<div class=\"wpcp-swiper-dots swiper-pagination\"><\/div>\n\t\t\t\t<!-- If we need navigation buttons -->\n\t\t\t<\/div>\n\t<\/div>\n<\/div>\n\n<p>Para quem ama um estilo mais natural ou campestre, o <strong>espelho com moldura r\u00fastica<\/strong> \u00e9 um verdadeiro achado. Feito geralmente de madeira, com acabamento que ressalta a textura natural, ele traz calor e aconchego ao hall de entrada, criando um ambiente <strong>acolhedor e convidativo<\/strong>.<\/p>\n<h3>4. Espelho Geom\u00e9trico<\/h3>\n<p>O <strong>espelho geom\u00e9trico<\/strong> \u00e9 a escolha ideal para quem gosta de um design mais ousado e moderno. Com formas que podem variar de simples hex\u00e1gonos a composi\u00e7\u00f5es mais complexas, ele adiciona um elemento de interesse visual e pode se tornar o <strong>foco do seu hall de entrada<\/strong>.<\/p>\n<h3>5. Espelho Sol<\/h3>\n<p>O espelho sol, com seus raios a emanar do centro, n\u00e3o \u00e9 apenas um espelho, mas uma <strong>obra de arte<\/strong>. Ele pode variar do estilo vintage ao moderno e \u00e9 capaz de <strong>iluminar e energizar<\/strong> qualquer espa\u00e7o, trazendo um toque de alegria e vitalidade ao seu hall de entrada.<\/p>\n<h3>Perguntas Frequentes<\/h3>\n<figure style=\"width: 1024px\" class=\"wp-caption aligncenter\"><img decoding=\"async\" src=\"https:\/\/www.aarquiteta.com.br\/blog\/wp-content\/uploads\/2024\/02\/Espelhos-Decorativos-para-Hall-de-Entrada-5-Estilos-que-Encantam02.jpg\" alt=\"Espelhos Decorativos para Hall de Entrada: 5 Estilos que Encantam\" width=\"1024\" height=\"1024\" title=\"\"><figcaption class=\"wp-caption-text\">Espelhos Decorativos para Hall de Entrada: 5 Estilos que Encantam<\/figcaption><\/figure>\n<h3>Qual o tamanho ideal de um espelho para o hall de entrada?<\/h3>\n<p>O tamanho ideal de um espelho para o hall de entrada vai depender do espa\u00e7o dispon\u00edvel e do efeito desejado. Um espelho grande pode <strong>ampliar visualmente<\/strong> o espa\u00e7o, enquanto um menor pode servir como um ponto focal delicado. O importante \u00e9 manter a propor\u00e7\u00e3o em harmonia com os outros elementos do ambiente.<\/p>\n<h3>Como escolher o estilo de espelho que mais combina com a decora\u00e7\u00e3o do hall?<\/h3>\n<figure style=\"width: 1024px\" class=\"wp-caption aligncenter\"><img decoding=\"async\" src=\"https:\/\/www.aarquiteta.com.br\/blog\/wp-content\/uploads\/2024\/02\/Espelhos-Decorativos-para-Hall-de-Entrada-5-Estilos-que-Encantam01.jpg\" alt=\"Espelhos Decorativos para Hall de Entrada: 5 Estilos que Encantam\" width=\"1024\" height=\"1024\" title=\"\"><figcaption class=\"wp-caption-text\">Espelhos Decorativos para Hall de Entrada: 5 Estilos que Encantam<\/figcaption><\/figure>\n<p>Para escolher o estilo de espelho que mais combina com a decora\u00e7\u00e3o do seu hall, considere o <strong>estilo predominante<\/strong> no seu lar. Um espelho deve complementar ou criar um ponto de contraste interessante com o restante da decora\u00e7\u00e3o. Pense nas cores, materiais e linhas que j\u00e1 existem no espa\u00e7o para fazer uma escolha coerente.<\/p>\n<h3>Quais s\u00e3o as vantagens de utilizar espelhos decorativos no hall de entrada?<\/h3>\n<p>As vantagens de utilizar espelhos decorativos no hall de entrada s\u00e3o muitas. Eles n\u00e3o s\u00f3 <strong>decoram e personalizam<\/strong> o espa\u00e7o, mas tamb\u00e9m ampliam a \u00e1rea, melhoram a ilumina\u00e7\u00e3o ao refletir a luz natural ou artificial, e ainda proporcionam uma \u00faltima olhada no visual antes de sair de casa. S\u00e3o, portanto, uma combina\u00e7\u00e3o perfeita de funcionalidade e est\u00e9tica.<\/p>\n<p>Em conclus\u00e3o, escolher o espelho certo para o seu hall de entrada \u00e9 uma quest\u00e3o de entender o estilo que voc\u00ea deseja transmitir e o efeito que deseja criar. Seja um espelho veneziano cheio de hist\u00f3ria ou um geom\u00e9trico que fala ao futuro, o importante \u00e9 que ele reflita n\u00e3o apenas sua imagem, mas tamb\u00e9m a ess\u00eancia da sua casa. E lembre-se, um espelho bem colocado pode n\u00e3o s\u00f3 embelezar o espa\u00e7o, mas tamb\u00e9m <strong>refletir a personalidade<\/strong> dos moradores da casa.<\/p>\n<p>Curiosidade: Voc\u00ea sabia que na Idade M\u00e9dia os espelhos eram considerados objetos de luxo e at\u00e9 mesmo m\u00e1gicos? Eles eram t\u00e3o valorizados que chegavam a ser usados como moeda de troca em negocia\u00e7\u00f5es importantes. Hoje, eles continuam a ser um elemento-chave na decora\u00e7\u00e3o, provando que sua magia e encanto atravessam os s\u00e9culos.<\/p>\n<p><\/body><figure style=\"width: 1024px\" class=\"wp-caption aligncenter\"><img decoding=\"async\" src=\"https:\/\/www.aarquiteta.com.br\/blog\/wp-content\/uploads\/2024\/02\/Espelhos-Decorativos-para-Hall-de-Entrada-5-Estilos-que-Encantam03.jpg\" alt=\"Espelhos Decorativos para Hall de Entrada: 5 Estilos que Encantam\" width=\"1024\" height=\"1024\" title=\"\"><figcaption class=\"wp-caption-text\">Espelhos Decorativos para Hall de Entrada: 5 Estilos que Encantam<\/figcaption><\/figure>\n<p style=\"text-align: center;\">[amazon table=&#8221;90824&#8243;]\n","protected":false},"excerpt":{"rendered":"<p>Quando se trata de decorar o hall de entrada, os espelhos n\u00e3o s\u00e3o apenas um elemento funcional, mas tamb\u00e9m um poderoso aliado est\u00e9tico. Eles t\u00eam o dom de ampliar espa\u00e7os, refletir a luz e, claro, conferir aquele \u00faltimo retoque no visual antes de sair de casa. Mas, com tantos estilos dispon\u00edveis, como escolher o espelho [&hellip;]<\/p>\n","protected":false},"author":102,"featured_media":106963,"comment_status":"closed","ping_status":"closed","sticky":false,"template":"","format":"standard","meta":{"footnotes":""},"categories":[1484,35400],"tags":[],"class_list":["post-106982","post","type-post","status-publish","format-standard","has-post-thumbnail","category-decoracao","category-espelhos-e-molduras"],"_wp_attached_file":null,"_wp_attachment_metadata":null,"_wp_attachment_context":null,"_wp_attachment_is_custom_header":null,"geo_longitude":null,"geo_public":null,"geo_latitude":null,"_publicize_done_external":null,"_wpas_done_3897181":null,"publicize_twitter_user":null,"_wpas_done_3897175":null,"_wpas_skip_3897181":null,"_wpas_skip_3897175":null,"_wpas_skip_3924723":null,"_wpas_mess":null,"_wpas_done_3924723":null,"wps_subtitle":"","_links":{"self":[{"href":"https:\/\/www.aarquiteta.com.br\/blog\/wp-json\/wp\/v2\/posts\/106982","targetHints":{"allow":["GET"]}}],"collection":[{"href":"https:\/\/www.aarquiteta.com.br\/blog\/wp-json\/wp\/v2\/posts"}],"about":[{"href":"https:\/\/www.aarquiteta.com.br\/blog\/wp-json\/wp\/v2\/types\/post"}],"author":[{"embeddable":true,"href":"https:\/\/www.aarquiteta.com.br\/blog\/wp-json\/wp\/v2\/users\/102"}],"replies":[{"embeddable":true,"href":"https:\/\/www.aarquiteta.com.br\/blog\/wp-json\/wp\/v2\/comments?post=106982"}],"version-history":[{"count":0,"href":"https:\/\/www.aarquiteta.com.br\/blog\/wp-json\/wp\/v2\/posts\/106982\/revisions"}],"wp:featuredmedia":[{"embeddable":true,"href":"https:\/\/www.aarquiteta.com.br\/blog\/wp-json\/wp\/v2\/media\/106963"}],"wp:attachment":[{"href":"https:\/\/www.aarquiteta.com.br\/blog\/wp-json\/wp\/v2\/media?parent=106982"}],"wp:term":[{"taxonomy":"category","embeddable":true,"href":"https:\/\/www.aarquiteta.com.br\/blog\/wp-json\/wp\/v2\/categories?post=106982"},{"taxonomy":"post_tag","embeddable":true,"href":"https:\/\/www.aarquiteta.com.br\/blog\/wp-json\/wp\/v2\/tags?post=106982"}],"curies":[{"name":"wp","href":"https:\/\/api.w.org\/{rel}","templated":true}]}}