{"id":106425,"date":"2024-06-11T09:47:09","date_gmt":"2024-06-11T12:47:09","guid":{"rendered":"http:\/\/aarquiteta.com.br\/?p=106425"},"modified":"2024-06-11T09:47:09","modified_gmt":"2024-06-11T12:47:09","slug":"bancada-para-quarto","status":"publish","type":"post","link":"https:\/\/www.aarquiteta.com.br\/blog\/bancada-para-quarto\/","title":{"rendered":"Bancada para Quarto: 5 Modelos para Organiza\u00e7\u00e3o e Design."},"content":{"rendered":"<p>Quando pensamos em mobiliar nosso quarto, muitas vezes focamos na cama e no guarda-roupa, mas esquecemos de um elemento que pode fazer toda a diferen\u00e7a: a bancada. Mais do que um simples m\u00f3vel, ela traz uma s\u00e9rie de benef\u00edcios que transformam nosso quarto em um espa\u00e7o mais funcional e agrad\u00e1vel. Vamos explorar juntos as vantagens de ter uma bancada no quarto e como ela pode melhorar nosso dia a dia.<\/p>\n<ul>\n<li><strong>Organiza\u00e7\u00e3o e praticidade:<\/strong> Mant\u00e9m tudo ao alcance das m\u00e3os.<\/li>\n<li><strong>Espa\u00e7o para estudo e trabalho:<\/strong> Cria um ambiente prop\u00edcio para a concentra\u00e7\u00e3o.<\/li>\n<li><strong>Decora\u00e7\u00e3o personalizada:<\/strong> Reflete sua personalidade no ambiente.<\/li>\n<li><strong>Armazenamento adicional:<\/strong> Oferece mais espa\u00e7o para guardar objetos.<\/li>\n<li><strong>Versatilidade:<\/strong> Adapta-se a diferentes usos e necessidades.<\/li>\n<li><strong>Conforto e ergonomia:<\/strong> Promove uma postura adequada durante o uso.<\/li>\n<li><strong>Est\u00edmulo \u00e0 criatividade:<\/strong> Inspira e facilita atividades criativas.<\/li>\n<li><strong>Facilidade de limpeza:<\/strong> Simplifica a manuten\u00e7\u00e3o da ordem.<\/li>\n<li><strong>Durabilidade e resist\u00eancia:<\/strong> Um investimento a longo prazo.<\/li>\n<li><strong>Valoriza\u00e7\u00e3o do ambiente:<\/strong> Eleva a est\u00e9tica do quarto.<\/li>\n<li><strong>Possibilidade de customiza\u00e7\u00e3o:<\/strong> Permite que seja feita sob medida.<\/li>\n<li><strong>Op\u00e7\u00f5es para diferentes estilos e necessidades:<\/strong> Atende a todos os gostos.<\/li>\n<\/ul>\n<h3>1. Organiza\u00e7\u00e3o e praticidade<\/h3>\n<figure style=\"width: 1024px\" class=\"wp-caption aligncenter\"><img decoding=\"async\" src=\"https:\/\/www.aarquiteta.com.br\/blog\/wp-content\/uploads\/2024\/02\/bancada-para-quarto04.jpg\" alt=\"bancada para quarto\" width=\"1024\" height=\"1024\" title=\"\"><figcaption class=\"wp-caption-text\">bancada para quarto<\/figcaption><\/figure>\n<p>Sabe aquela sensa\u00e7\u00e3o de que tudo est\u00e1 no lugar certo? Com uma bancada, isso se torna realidade. Ela \u00e9 perfeita para manter os itens do dia a dia bem organizados e sempre \u00e0 m\u00e3o, seja um livro, o notebook ou aquele porta-retratos que voc\u00ea tanto gosta.<\/p>\n<h3>2. Espa\u00e7o para estudo e trabalho<\/h3>\n<p>Em tempos de home office e estudos online, ter um cantinho dedicado ao trabalho e \u00e0 aprendizagem \u00e9 essencial. A bancada se torna esse espa\u00e7o de foco e produtividade, onde as ideias fluem sem interrup\u00e7\u00f5es.<\/p>\n<h3>3. Decora\u00e7\u00e3o personalizada<\/h3>\n<style id=\"wp_carousel_dynamic_css102741\">.sp-wp-carousel-free-id-102741.wpcf-fancybox-wrapper .fancybox-bg{background: #0b0b0b;opacity: 0.8;}.sp-wp-carousel-free-id-102741.wpcf-fancybox-wrapper .fancybox-navigation .fancybox-button .wpcp-fancybox-nav-arrow i {color: #ccc;}.sp-wp-carousel-free-id-102741.wpcf-fancybox-wrapper .fancybox-navigation .fancybox-button .wpcp-fancybox-nav-arrow i:hover {color: #fff;}.sp-wp-carousel-free-id-102741.wpcf-fancybox-wrapper .fancybox-navigation .fancybox-button {background: #1e1e1e;}.sp-wp-carousel-free-id-102741.wpcf-fancybox-wrapper .fancybox-navigation .fancybox-button:hover {background: #1e1e1e;}#sp-wp-carousel-free-id-102741 .wpcp-swiper-dots {margin: 40px 0px 0px 0px;}.wpcp-wrapper-102741 .swiper-wrapper .swiper-slide-kenburn, .wpcp-wrapper-102741 .swiper-wrapper, .wpcp-wrapper-102741 .wpcpro-row{align-items: center;}#sp-wp-carousel-free-id-102741 .wpcp-single-item {box-shadow: 0px 0px 0px 0px #dddddd;transition: all .3s;margin: 0px;}#sp-wp-carousel-free-id-102741.swiper-flip .wpcp-single-item{margin: 0!important;}#sp-wp-carousel-free-id-102741 .wpcp-single-item:hover {box-shadow: 0px 0px 0px 0px #dddddd;}#sp-wp-carousel-free-id-102741.sp-wpcp-102741 .wpcp-single-item {border: 1px solid #dddddd;}#sp-wp-carousel-free-id-102741.sp-wpcp-102741 .swiper-button-prev,#sp-wp-carousel-free-id-102741.sp-wpcp-102741 .swiper-button-next,#sp-wp-carousel-free-id-102741.sp-wpcp-102741 .swiper-button-prev:hover,#sp-wp-carousel-free-id-102741.sp-wpcp-102741 .swiper-button-next:hover {background: none;border: none;font-size: 30px;}#sp-wp-carousel-free-id-102741.sp-wpcp-102741 .swiper-button-prev i,#sp-wp-carousel-free-id-102741.sp-wpcp-102741 .swiper-button-next i {color: #aaa;}#sp-wp-carousel-free-id-102741.sp-wpcp-102741 .swiper-button-prev i:hover,#sp-wp-carousel-free-id-102741.sp-wpcp-102741 .swiper-button-next i:hover {color: #178087;}#sp-wp-carousel-free-id-102741.sp-wpcp-102741 .wpcp-swiper-dots .swiper-pagination-bullet {background-color: #cccccc;}#sp-wp-carousel-free-id-102741.sp-wpcp-102741 .wpcp-swiper-dots .swiper-pagination-bullet.swiper-pagination-bullet-active {background-color: #178087;} #sp-wp-carousel-free-id-102741.sp-wpcp-102741.wpcp-image-carousel .wpcp-single-item:hover img, #sp-wp-carousel-free-id-102741.sp-wpcp-102741.wpcp-post-carousel .wpcp-single-item:hover img, #sp-wp-carousel-free-id-102741.sp-wpcp-102741.wpcp-product-carousel .wpcp-single-item:hover img{-webkit-transform: scale(1.2);-moz-transform: scale(1.2);transform: scale(1.2);}#sp-wp-carousel-free-id-102741 .wpcpro-row>[class*=\"wpcpro-col-\"] { padding: 0 10px; padding-bottom: 20px;} #sp-wp-carousel-free-id-102741 .swiper-slide .single-item-fade:not(:last-child) { margin-right: 20px;}@media (min-width: 480px) { .wpcpro-row .wpcpro-col-sm-1 { flex: 0 0 100%; max-width: 100%; } .wpcpro-row .wpcpro-col-sm-2 { flex: 0 0 50%; max-width: 50%; } .wpcpro-row .wpcpro-col-sm-2-5 { flex: 0 0 75%; max-width: 75%; } .wpcpro-row .wpcpro-col-sm-3 { flex: 0 0 33.333%; max-width: 33.333%; } .wpcpro-row .wpcpro-col-sm-4 { flex: 0 0 25%; max-width: 25%; } .wpcpro-row .wpcpro-col-sm-5 { flex: 0 0 20%; max-width: 20%; } .wpcpro-row .wpcpro-col-sm-6 { flex: 0 0 16.66666666666667%; max-width: 16.66666666666667%; } .wpcpro-row .wpcpro-col-sm-7 { flex: 0 0 14.28571428%; max-width: 14.28571428%; } .wpcpro-row .wpcpro-col-sm-8 { flex: 0 0 12.5%; max-width: 12.5%; } } @media (max-width: 480px) { .wpcpro-row .wpcpro-col-xs-1 { flex: 0 0 100%; max-width: 100%; } .wpcpro-row .wpcpro-col-xs-2 { flex: 0 0 50%; max-width: 50%; } .wpcpro-row .wpcpro-col-xs-3 { flex: 0 0 33.222%; max-width: 33.222%; } .wpcpro-row .wpcpro-col-xs-4 { flex: 0 0 25%; max-width: 25%; } .wpcpro-row .wpcpro-col-xs-5 { flex: 0 0 20%; max-width: 20%; } .wpcpro-row .wpcpro-col-xs-6 { flex: 0 0 16.6667%; max-width: 16.6667%; } .wpcpro-row .wpcpro-col-xs-7 { flex: 0 0 14.28571428%; max-width: 14.28571428%; } .wpcpro-row .wpcpro-col-xs-8 { flex: 0 0 12.5%; max-width: 12.5%; } } @media (min-width: 736px) { .wpcpro-row .wpcpro-col-md-1 { flex: 0 0 100%; max-width: 100%; } .wpcpro-row .wpcpro-col-md-2 { flex: 0 0 50%; max-width: 50%; } .wpcpro-row .wpcpro-col-md-2-5 { flex: 0 0 75%; max-width: 75%; } .wpcpro-row .wpcpro-col-md-3 { flex: 0 0 33.333%; max-width: 33.333%; } .wpcpro-row .wpcpro-col-md-4 { flex: 0 0 25%; max-width: 25%; } .wpcpro-row .wpcpro-col-md-5 { flex: 0 0 20%; max-width: 20%; } .wpcpro-row .wpcpro-col-md-6 { flex: 0 0 16.66666666666667%; max-width: 16.66666666666667%; } .wpcpro-row .wpcpro-col-md-7 { flex: 0 0 14.28571428%; max-width: 14.28571428%; } .wpcpro-row .wpcpro-col-md-8 { flex: 0 0 12.5%; max-width: 12.5%; } } @media (min-width: 980px) { .wpcpro-row .wpcpro-col-lg-1 { flex: 0 0 100%; max-width: 100%; } .wpcpro-row .wpcpro-col-lg-2 { flex: 0 0 50%; max-width: 50%; } .wpcpro-row .wpcpro-col-lg-3 { flex: 0 0 33.222%; max-width: 33.222%; } .wpcpro-row .wpcpro-col-lg-4 { flex: 0 0 25%; max-width: 25%; } .wpcpro-row .wpcpro-col-lg-5 { flex: 0 0 20%; max-width: 20%; } .wpcpro-row .wpcpro-col-lg-6 { flex: 0 0 16.6667%; max-width: 16.6667%; } .wpcpro-row .wpcpro-col-lg-7 { flex: 0 0 14.28571428%; max-width: 14.28571428%; } .wpcpro-row .wpcpro-col-lg-8 { flex: 0 0 12.5%; max-width: 12.5%; } } @media (min-width: 1200px) { .wpcpro-row .wpcpro-col-xl-1 { flex: 0 0 100%; max-width: 100%; } .wpcpro-row .wpcpro-col-xl-2 { flex: 0 0 50%; max-width: 50%; } .wpcpro-row .wpcpro-col-xl-3 { flex: 0 0 33.22222222%; max-width: 33.22222222%; } .wpcpro-row .wpcpro-col-xl-4 { flex: 0 0 25%; max-width: 25%; } .wpcpro-row .wpcpro-col-xl-5 { flex: 0 0 20%; max-width: 20%; } .wpcpro-row .wpcpro-col-xl-6 { flex: 0 0 16.66667%; max-width: 16.66667%; } .wpcpro-row .wpcpro-col-xl-7 { flex: 0 0 14.28571428%; max-width: 14.28571428%; } .wpcpro-row .wpcpro-col-xl-8 { flex: 0 0 12.5%; max-width: 12.5%; } }<\/style><div class=\"wpcp-carousel-wrapper wpcp-wrapper-102741\">\n\t<div id=\"wpcp-preloader-102741\" class=\"wpcp-carousel-preloader\"><img decoding=\"async\" src=\"https:\/\/www.aarquiteta.com.br\/blog\/wp-content\/plugins\/wp-carousel-free\/public\/css\/spinner.svg\" alt=\"Preloader Image\" title=\"\"><\/div>\t<div class=\"wpcp-carousel-content-wrapper\">\n\t<div id=\"sp-wp-carousel-free-id-102741\" class=\"wpcp-carousel-section sp-wpcp-102741  nav-vertical-center wpcp-image-carousel wpcp-preloader wpcp-standard\" data-swiper='{ &quot;pagination_type&quot;: &quot;dots&quot;,&quot;accessibility&quot;:true, &quot;spaceBetween&quot;:20, &quot;arrows&quot;:false, &quot;freeMode&quot;: false, &quot;autoplay&quot;:true, &quot;effect&quot;: &quot;&quot;, &quot;centerMode&quot;: false, &quot;autoplaySpeed&quot;:3000, &quot;dots&quot;:true, &quot;infinite&quot;:true, &quot;speed&quot;:600, &quot;pauseOnHover&quot;:true,\n\t\t\t&quot;slidesToShow&quot;:{&quot;lg_desktop&quot;:5, &quot;desktop&quot;: 4, &quot;laptop&quot;: 3, &quot;tablet&quot;: 2, &quot;mobile&quot;: 1}, &quot;responsive&quot;:{&quot;desktop&quot;:1200, &quot;laptop&quot;: 980, &quot;tablet&quot;: 736, &quot;mobile&quot;: 480}, &quot;rtl&quot;:false, &quot;lazyLoad&quot;: &quot;false&quot;, &quot;swipe&quot;: true, &quot;draggable&quot;: true, &quot;swipeToSlide&quot;:false }' dir=\"ltr\">\n\t\t<div class=\"swiper-wrapper\">\n\t\t<div class=\"swiper-slide\">\n\t<div class=\"wpcp-single-item\">\n\t\t\t<a class=\"wcp-light-box\" data-buttons='[\"close\"]' data-wpc_url='https:\/\/www.aarquiteta.com.br\/blog\/wp-content\/uploads\/2023\/12\/cortina-para-quarto-de-menino01.jpg' href=\"https:\/\/www.aarquiteta.com.br\/blog\/wp-content\/uploads\/2023\/12\/cortina-para-quarto-de-menino01.jpg\" data-fancybox=\"wpcp_view\">\n\t\t<figure>\n\t\t\t<img decoding=\"async\" class=\"skip-lazy\" src=\"https:\/\/www.aarquiteta.com.br\/blog\/wp-content\/uploads\/2023\/12\/cortina-para-quarto-de-menino01.jpg\" alt=\"cortina para quarto de menino\" width=\"1024\" height=\"1024\" title=\"\">\t\t<\/figure>\n\t<\/a>\n\t\t<\/div>\n<\/div>\n\t<div class=\"swiper-slide\">\n\t<div class=\"wpcp-single-item\">\n\t\t\t<a class=\"wcp-light-box\" data-buttons='[\"close\"]' data-wpc_url='https:\/\/www.aarquiteta.com.br\/blog\/wp-content\/uploads\/2023\/12\/cortinas-para-quarto01.jpg' href=\"https:\/\/www.aarquiteta.com.br\/blog\/wp-content\/uploads\/2023\/12\/cortinas-para-quarto01.jpg\" data-fancybox=\"wpcp_view\">\n\t\t<figure>\n\t\t\t<img decoding=\"async\" class=\"skip-lazy\" src=\"https:\/\/www.aarquiteta.com.br\/blog\/wp-content\/uploads\/2023\/12\/cortinas-para-quarto01.jpg\" alt=\"cortinas para quarto\" width=\"1024\" height=\"1024\" title=\"\">\t\t<\/figure>\n\t<\/a>\n\t\t<\/div>\n<\/div>\n\t<div class=\"swiper-slide\">\n\t<div class=\"wpcp-single-item\">\n\t\t\t<a class=\"wcp-light-box\" data-buttons='[\"close\"]' data-wpc_url='https:\/\/www.aarquiteta.com.br\/blog\/wp-content\/uploads\/2023\/11\/cabeceira-de-cama-ripada-4.jpg' href=\"https:\/\/www.aarquiteta.com.br\/blog\/wp-content\/uploads\/2023\/11\/cabeceira-de-cama-ripada-4.jpg\" data-fancybox=\"wpcp_view\">\n\t\t<figure>\n\t\t\t<img decoding=\"async\" class=\"skip-lazy\" src=\"https:\/\/www.aarquiteta.com.br\/blog\/wp-content\/uploads\/2023\/11\/cabeceira-de-cama-ripada-4.jpg\" alt=\"Cabeceira Ripada: 5 Ideias Para Modernizar e Aconchegar Seu Quarto.\" width=\"1200\" height=\"1200\" title=\"\">\t\t<\/figure>\n\t<\/a>\n\t\t<\/div>\n<\/div>\n\t<div class=\"swiper-slide\">\n\t<div class=\"wpcp-single-item\">\n\t\t\t<a class=\"wcp-light-box\" data-buttons='[\"close\"]' data-wpc_url='https:\/\/www.aarquiteta.com.br\/blog\/wp-content\/uploads\/2023\/10\/quarto-de-solteiro-decorado04.jpg' href=\"https:\/\/www.aarquiteta.com.br\/blog\/wp-content\/uploads\/2023\/10\/quarto-de-solteiro-decorado04.jpg\" data-fancybox=\"wpcp_view\">\n\t\t<figure>\n\t\t\t<img decoding=\"async\" class=\"skip-lazy\" src=\"https:\/\/www.aarquiteta.com.br\/blog\/wp-content\/uploads\/2023\/10\/quarto-de-solteiro-decorado04.jpg\" alt=\"quarto de solteiro decorado\" width=\"1024\" height=\"1024\" title=\"\">\t\t<\/figure>\n\t<\/a>\n\t\t<\/div>\n<\/div>\n\t<div class=\"swiper-slide\">\n\t<div class=\"wpcp-single-item\">\n\t\t\t<a class=\"wcp-light-box\" data-buttons='[\"close\"]' data-wpc_url='https:\/\/www.aarquiteta.com.br\/blog\/wp-content\/uploads\/2023\/10\/nichos-para-quarto03.jpg' href=\"https:\/\/www.aarquiteta.com.br\/blog\/wp-content\/uploads\/2023\/10\/nichos-para-quarto03.jpg\" data-fancybox=\"wpcp_view\">\n\t\t<figure>\n\t\t\t<img decoding=\"async\" class=\"skip-lazy\" src=\"https:\/\/www.aarquiteta.com.br\/blog\/wp-content\/uploads\/2023\/10\/nichos-para-quarto03.jpg\" alt=\"nichos para quarto\" width=\"1024\" height=\"1024\" title=\"\">\t\t<\/figure>\n\t<\/a>\n\t\t<\/div>\n<\/div>\n\t<div class=\"swiper-slide\">\n\t<div class=\"wpcp-single-item\">\n\t\t\t<a class=\"wcp-light-box\" data-buttons='[\"close\"]' data-wpc_url='https:\/\/www.aarquiteta.com.br\/blog\/wp-content\/uploads\/2023\/10\/cortina-para-quarto-de-bebe03.jpg' href=\"https:\/\/www.aarquiteta.com.br\/blog\/wp-content\/uploads\/2023\/10\/cortina-para-quarto-de-bebe03.jpg\" data-fancybox=\"wpcp_view\">\n\t\t<figure>\n\t\t\t<img decoding=\"async\" class=\"skip-lazy\" src=\"https:\/\/www.aarquiteta.com.br\/blog\/wp-content\/uploads\/2023\/10\/cortina-para-quarto-de-bebe03.jpg\" alt=\"cortina para quarto de beb\u00ea\" width=\"1024\" height=\"1024\" title=\"\">\t\t<\/figure>\n\t<\/a>\n\t\t<\/div>\n<\/div>\n\t<div class=\"swiper-slide\">\n\t<div class=\"wpcp-single-item\">\n\t\t\t<a class=\"wcp-light-box\" data-buttons='[\"close\"]' data-wpc_url='https:\/\/www.aarquiteta.com.br\/blog\/wp-content\/uploads\/2023\/10\/cortina-para-quarto-de-bebe01.jpg' href=\"https:\/\/www.aarquiteta.com.br\/blog\/wp-content\/uploads\/2023\/10\/cortina-para-quarto-de-bebe01.jpg\" data-fancybox=\"wpcp_view\">\n\t\t<figure>\n\t\t\t<img decoding=\"async\" class=\"skip-lazy\" src=\"https:\/\/www.aarquiteta.com.br\/blog\/wp-content\/uploads\/2023\/10\/cortina-para-quarto-de-bebe01.jpg\" alt=\"*Cortina para Quarto de Beb\u00ea: Encante e Proteja com Estilo*\" width=\"1024\" height=\"1024\" title=\"\">\t\t<\/figure>\n\t<\/a>\n\t\t<\/div>\n<\/div>\n\t<div class=\"swiper-slide\">\n\t<div class=\"wpcp-single-item\">\n\t\t\t<a class=\"wcp-light-box\" data-buttons='[\"close\"]' data-wpc_url='https:\/\/www.aarquiteta.com.br\/blog\/wp-content\/uploads\/2023\/10\/adesivos-de-parede-para-quarto01.jpg' href=\"https:\/\/www.aarquiteta.com.br\/blog\/wp-content\/uploads\/2023\/10\/adesivos-de-parede-para-quarto01.jpg\" data-fancybox=\"wpcp_view\">\n\t\t<figure>\n\t\t\t<img decoding=\"async\" class=\"skip-lazy\" src=\"https:\/\/www.aarquiteta.com.br\/blog\/wp-content\/uploads\/2023\/10\/adesivos-de-parede-para-quarto01.jpg\" alt=\"Descubra as melhores formas de adesivos de parede para quarto\" width=\"1024\" height=\"1024\" title=\"\">\t\t<\/figure>\n\t<\/a>\n\t\t<\/div>\n<\/div>\n\t<div class=\"swiper-slide\">\n\t<div class=\"wpcp-single-item\">\n\t\t\t<a class=\"wcp-light-box\" data-buttons='[\"close\"]' data-wpc_url='https:\/\/www.aarquiteta.com.br\/blog\/wp-content\/uploads\/2023\/10\/ideias-para-decoracao-de-quarto-04.jpg' href=\"https:\/\/www.aarquiteta.com.br\/blog\/wp-content\/uploads\/2023\/10\/ideias-para-decoracao-de-quarto-04.jpg\" data-fancybox=\"wpcp_view\">\n\t\t<figure>\n\t\t\t<img decoding=\"async\" class=\"skip-lazy\" src=\"https:\/\/www.aarquiteta.com.br\/blog\/wp-content\/uploads\/2023\/10\/ideias-para-decoracao-de-quarto-04.jpg\" alt=\"Sugest\u00f5es para decora\u00e7\u00e3o de quarto: encontre as melhores ideias online!\" width=\"1024\" height=\"1024\" title=\"\">\t\t<\/figure>\n\t<\/a>\n\t\t<\/div>\n<\/div>\n\t<div class=\"swiper-slide\">\n\t<div class=\"wpcp-single-item\">\n\t\t\t<a class=\"wcp-light-box\" data-buttons='[\"close\"]' data-wpc_url='https:\/\/www.aarquiteta.com.br\/blog\/wp-content\/uploads\/2023\/09\/Ideias-de-decoracao-para-quarto-pequeno-1.jpg' href=\"https:\/\/www.aarquiteta.com.br\/blog\/wp-content\/uploads\/2023\/09\/Ideias-de-decoracao-para-quarto-pequeno-1.jpg\" data-fancybox=\"wpcp_view\">\n\t\t<figure>\n\t\t\t<img decoding=\"async\" class=\"skip-lazy\" src=\"https:\/\/www.aarquiteta.com.br\/blog\/wp-content\/uploads\/2023\/09\/Ideias-de-decoracao-para-quarto-pequeno-1.jpg\" alt=\"Ideias de decora\u00e7\u00e3o para quarto pequeno\" width=\"1024\" height=\"1024\" title=\"\">\t\t<\/figure>\n\t<\/a>\n\t\t<\/div>\n<\/div>\n\t<div class=\"swiper-slide\">\n\t<div class=\"wpcp-single-item\">\n\t\t\t<a class=\"wcp-light-box\" data-buttons='[\"close\"]' data-wpc_url='https:\/\/www.aarquiteta.com.br\/blog\/wp-content\/uploads\/2023\/09\/ideias-para-decoracao-de-quarto-1.jpg' href=\"https:\/\/www.aarquiteta.com.br\/blog\/wp-content\/uploads\/2023\/09\/ideias-para-decoracao-de-quarto-1.jpg\" data-fancybox=\"wpcp_view\">\n\t\t<figure>\n\t\t\t<img decoding=\"async\" class=\"skip-lazy\" src=\"https:\/\/www.aarquiteta.com.br\/blog\/wp-content\/uploads\/2023\/09\/ideias-para-decoracao-de-quarto-1.jpg\" alt=\"ideias para decora\u00e7\u00e3o de quarto\" width=\"1024\" height=\"1024\" title=\"\">\t\t<\/figure>\n\t<\/a>\n\t\t<\/div>\n<\/div>\n\t<div class=\"swiper-slide\">\n\t<div class=\"wpcp-single-item\">\n\t\t\t<a class=\"wcp-light-box\" data-buttons='[\"close\"]' data-wpc_url='https:\/\/www.aarquiteta.com.br\/blog\/wp-content\/uploads\/2023\/09\/ideias-para-decoracao-de-quarto.jpg' href=\"https:\/\/www.aarquiteta.com.br\/blog\/wp-content\/uploads\/2023\/09\/ideias-para-decoracao-de-quarto.jpg\" data-fancybox=\"wpcp_view\">\n\t\t<figure>\n\t\t\t<img decoding=\"async\" class=\"skip-lazy\" src=\"https:\/\/www.aarquiteta.com.br\/blog\/wp-content\/uploads\/2023\/09\/ideias-para-decoracao-de-quarto.jpg\" alt=\"ideias para decora\u00e7\u00e3o de quarto\" width=\"1024\" height=\"1024\" title=\"\">\t\t<\/figure>\n\t<\/a>\n\t\t<\/div>\n<\/div>\n\t<div class=\"swiper-slide\">\n\t<div class=\"wpcp-single-item\">\n\t\t\t<a class=\"wcp-light-box\" data-buttons='[\"close\"]' data-wpc_url='https:\/\/www.aarquiteta.com.br\/blog\/wp-content\/uploads\/2023\/09\/ideias-decoracao-de-quarto-infantil-masculino-simples-e-barato-2.png' href=\"https:\/\/www.aarquiteta.com.br\/blog\/wp-content\/uploads\/2023\/09\/ideias-decoracao-de-quarto-infantil-masculino-simples-e-barato-2.png\" data-fancybox=\"wpcp_view\">\n\t\t<figure>\n\t\t\t<img decoding=\"async\" class=\"skip-lazy\" src=\"https:\/\/www.aarquiteta.com.br\/blog\/wp-content\/uploads\/2023\/09\/ideias-decoracao-de-quarto-infantil-masculino-simples-e-barato-2.png\" alt=\"ideias decora\u00e7\u00e3o de quarto infantil masculino simples e barato\" width=\"1024\" height=\"1024\" title=\"\">\t\t<\/figure>\n\t<\/a>\n\t\t<\/div>\n<\/div>\n\t<div class=\"swiper-slide\">\n\t<div class=\"wpcp-single-item\">\n\t\t\t<a class=\"wcp-light-box\" data-buttons='[\"close\"]' data-wpc_url='https:\/\/www.aarquiteta.com.br\/blog\/wp-content\/uploads\/2023\/09\/Quarto-Feminino.png' href=\"https:\/\/www.aarquiteta.com.br\/blog\/wp-content\/uploads\/2023\/09\/Quarto-Feminino.png\" data-fancybox=\"wpcp_view\">\n\t\t<figure>\n\t\t\t<img decoding=\"async\" class=\"skip-lazy\" src=\"https:\/\/www.aarquiteta.com.br\/blog\/wp-content\/uploads\/2023\/09\/Quarto-Feminino.png\" alt=\"Transforme seu Quarto Feminino: Ideias Inspiradoras para Uma Decora\u00e7\u00e3o Personalizada\" width=\"1024\" height=\"1024\" title=\"\">\t\t<\/figure>\n\t<\/a>\n\t\t<\/div>\n<\/div>\n\t<div class=\"swiper-slide\">\n\t<div class=\"wpcp-single-item\">\n\t\t\t<a class=\"wcp-light-box\" data-buttons='[\"close\"]' data-wpc_url='https:\/\/www.aarquiteta.com.br\/blog\/wp-content\/uploads\/2023\/08\/5-Estampas-para-Transformar-a-Decoracao-do-Seu-Quarto-1.png' href=\"https:\/\/www.aarquiteta.com.br\/blog\/wp-content\/uploads\/2023\/08\/5-Estampas-para-Transformar-a-Decoracao-do-Seu-Quarto-1.png\" data-fancybox=\"wpcp_view\">\n\t\t<figure>\n\t\t\t<img decoding=\"async\" class=\"skip-lazy\" src=\"https:\/\/www.aarquiteta.com.br\/blog\/wp-content\/uploads\/2023\/08\/5-Estampas-para-Transformar-a-Decoracao-do-Seu-Quarto-1.png\" alt=\"5 Estampas para Transformar a Decora\u00e7\u00e3o do Seu Quarto\" width=\"1024\" height=\"1024\" title=\"\">\t\t<\/figure>\n\t<\/a>\n\t\t<\/div>\n<\/div>\n\t<div class=\"swiper-slide\">\n\t<div class=\"wpcp-single-item\">\n\t\t\t<a class=\"wcp-light-box\" data-buttons='[\"close\"]' data-wpc_url='https:\/\/www.aarquiteta.com.br\/blog\/wp-content\/uploads\/2023\/08\/5-Estampas-para-Transformar-a-Decoracao-do-Seu-Quarto.png' href=\"https:\/\/www.aarquiteta.com.br\/blog\/wp-content\/uploads\/2023\/08\/5-Estampas-para-Transformar-a-Decoracao-do-Seu-Quarto.png\" data-fancybox=\"wpcp_view\">\n\t\t<figure>\n\t\t\t<img decoding=\"async\" class=\"skip-lazy\" src=\"https:\/\/www.aarquiteta.com.br\/blog\/wp-content\/uploads\/2023\/08\/5-Estampas-para-Transformar-a-Decoracao-do-Seu-Quarto.png\" alt=\"5 Estampas para Transformar a Decora\u00e7\u00e3o do Seu Quarto\" width=\"1024\" height=\"1024\" title=\"\">\t\t<\/figure>\n\t<\/a>\n\t\t<\/div>\n<\/div>\n\t<div class=\"swiper-slide\">\n\t<div class=\"wpcp-single-item\">\n\t\t\t<a class=\"wcp-light-box\" data-buttons='[\"close\"]' data-wpc_url='https:\/\/www.aarquiteta.com.br\/blog\/wp-content\/uploads\/2023\/08\/Dicas-de-Decoracao-para-um-Quarto-de-Casal-Aconchegante-1.png' href=\"https:\/\/www.aarquiteta.com.br\/blog\/wp-content\/uploads\/2023\/08\/Dicas-de-Decoracao-para-um-Quarto-de-Casal-Aconchegante-1.png\" data-fancybox=\"wpcp_view\">\n\t\t<figure>\n\t\t\t<img decoding=\"async\" class=\"skip-lazy\" src=\"https:\/\/www.aarquiteta.com.br\/blog\/wp-content\/uploads\/2023\/08\/Dicas-de-Decoracao-para-um-Quarto-de-Casal-Aconchegante-1.png\" alt=\"Dicas de Decora\u00e7\u00e3o para um Quarto de Casal Aconchegante.\" width=\"1024\" height=\"1024\" title=\"\">\t\t<\/figure>\n\t<\/a>\n\t\t<\/div>\n<\/div>\n\t<div class=\"swiper-slide\">\n\t<div class=\"wpcp-single-item\">\n\t\t\t<a class=\"wcp-light-box\" data-buttons='[\"close\"]' data-wpc_url='https:\/\/www.aarquiteta.com.br\/blog\/wp-content\/uploads\/2023\/08\/quarto-de-casal-pequeno-decorado-de-forma-economica-e-funcional.png' href=\"https:\/\/www.aarquiteta.com.br\/blog\/wp-content\/uploads\/2023\/08\/quarto-de-casal-pequeno-decorado-de-forma-economica-e-funcional.png\" data-fancybox=\"wpcp_view\">\n\t\t<figure>\n\t\t\t<img decoding=\"async\" class=\"skip-lazy\" src=\"https:\/\/www.aarquiteta.com.br\/blog\/wp-content\/uploads\/2023\/08\/quarto-de-casal-pequeno-decorado-de-forma-economica-e-funcional.png\" alt=\"Quarto de Casal Pequeno? Descubra Como Decorar Gastando Pouco!\" width=\"1024\" height=\"1024\" title=\"\">\t\t<\/figure>\n\t<\/a>\n\t\t<\/div>\n<\/div>\n\t\t\t<\/div>\n\t\t\t\t\t<div class=\"wpcp-swiper-dots swiper-pagination\"><\/div>\n\t\t\t\t<!-- If we need navigation buttons -->\n\t\t\t<\/div>\n\t<\/div>\n<\/div>\n\n<p>Minha bancada \u00e9 um reflexo de quem sou. Ela pode ser decorada com objetos que contam hist\u00f3rias, cores que acalmam ou energizam, criando um ambiente que \u00e9 s\u00f3 meu e que me inspira todos os dias.<\/p>\n<h3>4. Armazenamento adicional<\/h3>\n<p>Quem n\u00e3o precisa de mais espa\u00e7o para guardar as coisas? A bancada muitas vezes vem com gavetas e prateleiras que ajudam a manter tudo em ordem, desde documentos importantes at\u00e9 aqueles pequenos tesouros que colecionamos ao longo da vida.<\/p>\n<h3>5. Versatilidade<\/h3>\n<p>Hoje \u00e9 um local de trabalho, amanh\u00e3 pode ser um espa\u00e7o para as artes ou at\u00e9 mesmo uma penteadeira. A bancada se adapta \u00e0s minhas necessidades, mudando sua fun\u00e7\u00e3o conforme o momento da minha vida.<\/p>\n<h3>6. Conforto e ergonomia<\/h3>\n<figure style=\"width: 1024px\" class=\"wp-caption aligncenter\"><img decoding=\"async\" src=\"https:\/\/www.aarquiteta.com.br\/blog\/wp-content\/uploads\/2024\/02\/bancada-para-quarto02.jpg\" alt=\"bancada para quarto\" width=\"1024\" height=\"1024\" title=\"\"><figcaption class=\"wp-caption-text\">bancada para quarto<\/figcaption><\/figure>\n<p>Nada como ter um m\u00f3vel que se preocupa com o meu bem-estar. A altura e o espa\u00e7o para as pernas s\u00e3o pensados para que eu possa passar horas ali sem sentir desconforto, cuidando da minha postura e sa\u00fade.<\/p>\n<h3>7. Est\u00edmulo \u00e0 criatividade<\/h3>\n<p>Um espa\u00e7o limpo e bem organizado \u00e9 um convite \u00e0 criatividade. A bancada \u00e9 o palco onde minhas melhores ideias tomam forma, seja escrevendo, desenhando ou planejando meus pr\u00f3ximos passos.<\/p>\n<h3>8. Facilidade de limpeza<\/h3>\n<figure style=\"width: 1024px\" class=\"wp-caption aligncenter\"><img decoding=\"async\" src=\"https:\/\/www.aarquiteta.com.br\/blog\/wp-content\/uploads\/2024\/02\/bancada-para-quarto01.jpg\" alt=\"bancada para quarto\" width=\"1024\" height=\"1024\" title=\"\"><figcaption class=\"wp-caption-text\">bancada para quarto<\/figcaption><\/figure>\n<p>Manter o quarto limpo fica mais f\u00e1cil com uma bancada. Sua superf\u00edcie lisa e de f\u00e1cil acesso permite que a limpeza seja r\u00e1pida e eficiente, sem aquele monte de cantinhos dif\u00edceis de alcan\u00e7ar.<\/p>\n<h3>9. Durabilidade e resist\u00eancia<\/h3>\n<p>Escolher uma bancada de qualidade \u00e9 um investimento que vale a pena. Materiais resistentes garantem que ela vai acompanhar minha jornada por muitos anos, sem perder a funcionalidade ou a beleza.<\/p>\n<h3>10. Valoriza\u00e7\u00e3o do ambiente<\/h3>\n<figure style=\"width: 1024px\" class=\"wp-caption aligncenter\"><img decoding=\"async\" src=\"https:\/\/www.aarquiteta.com.br\/blog\/wp-content\/uploads\/2024\/02\/bancada-para-quarto03.jpg\" alt=\"bancada para quarto\" width=\"1024\" height=\"1024\" title=\"\"><figcaption class=\"wp-caption-text\">bancada para quarto<\/figcaption><\/figure>\n<p>Uma bancada bem escolhida e harmonizada com o restante do mobili\u00e1rio eleva o n\u00edvel do meu quarto. Ela pode ser o ponto focal da decora\u00e7\u00e3o, dando aquele toque de sofistica\u00e7\u00e3o e estilo.<\/p>\n<h3>11. Possibilidade de customiza\u00e7\u00e3o<\/h3>\n<p>Se eu quiser algo \u00fanico, posso optar por uma bancada sob medida. Assim, ela atender\u00e1 exatamente \u00e0s minhas necessidades de espa\u00e7o, estilo e funcionalidade.<\/p>\n<h3>12. Op\u00e7\u00f5es para diferentes estilos e necessidades<\/h3>\n<p>Do minimalista ao cl\u00e1ssico, do compacto ao espa\u00e7oso, existe uma bancada para cada tipo de quarto e personalidade. \u00c9 s\u00f3 escolher aquela que mais combina comigo e com o que eu preciso.<\/p>\n<p>Depois de explorar todos esses benef\u00edcios, fica claro que uma bancada n\u00e3o \u00e9 apenas um m\u00f3vel, mas um elemento transformador do quarto. Agora, vamos responder a algumas perguntas que podem surgir na hora de escolher a bancada ideal.<\/p>\n<h3>Perguntas Frequentes<\/h3>\n<ol>\n<li><strong>Qual o tamanho ideal para uma bancada de quarto?<\/strong>\n<p>O tamanho ideal depende do espa\u00e7o dispon\u00edvel e das atividades que voc\u00ea pretende realizar. Me\u00e7a o local onde ela ficar\u00e1 e pense no que voc\u00ea precisa para garantir que a bancada seja funcional e n\u00e3o atrapalhe a circula\u00e7\u00e3o no quarto.<\/p>\n<\/li>\n<li><strong>Quais materiais s\u00e3o mais indicados para uma bancada de quarto?<\/strong>\n<p>Materiais como MDF, madeira maci\u00e7a e vidro s\u00e3o populares pela durabilidade e facilidade de manuten\u00e7\u00e3o. A escolha deve levar em conta o estilo do quarto e o n\u00edvel de uso da bancada.<\/p>\n<\/li>\n<li><strong>Como escolher a melhor bancada para o meu quarto?<\/strong>\n<p>Considere suas necessidades de espa\u00e7o, o estilo do seu quarto e o or\u00e7amento dispon\u00edvel. Pense tamb\u00e9m na ergonomia e na funcionalidade, escolhendo uma bancada que se adapte ao seu dia a dia.<\/p>\n<\/li>\n<\/ol>\n<p>Em resumo, uma bancada para quarto \u00e9 mais do que um simples m\u00f3vel; \u00e9 um investimento na sua qualidade de vida e bem-estar. Ela oferece um espa\u00e7o dedicado a diversas atividades, contribui para a organiza\u00e7\u00e3o e ainda decora o ambiente. E a\u00ed, j\u00e1 est\u00e1 imaginando como seria a bancada perfeita para o seu quarto?<\/p>\n<p>Curiosidade: Voc\u00ea sabia que a palavra &#8220;bancada&#8221; vem do latim &#8220;bancus&#8221;, que significa banco ou assento? Com o tempo, o termo passou a ser associado a superf\u00edcies de trabalho e estudo, evoluindo para o m\u00f3vel multifuncional que conhecemos hoje.<\/p>\n<p style=\"text-align: center;\">[amazon table=&#8221;88225&#8243;]\n","protected":false},"excerpt":{"rendered":"<p>Explore dicas imperd\u00edveis para uma bancada para quarto deslumbrante. N\u00e3o perca!<\/p>\n","protected":false},"author":102,"featured_media":106422,"comment_status":"closed","ping_status":"closed","sticky":false,"template":"","format":"standard","meta":{"footnotes":""},"categories":[1484],"tags":[],"class_list":["post-106425","post","type-post","status-publish","format-standard","has-post-thumbnail","category-decoracao"],"_wp_attached_file":null,"_wp_attachment_metadata":null,"_wp_attachment_context":null,"_wp_attachment_is_custom_header":null,"geo_longitude":null,"geo_public":null,"geo_latitude":null,"_publicize_done_external":null,"_wpas_done_3897181":null,"publicize_twitter_user":null,"_wpas_done_3897175":null,"_wpas_skip_3897181":null,"_wpas_skip_3897175":null,"_wpas_skip_3924723":null,"_wpas_mess":null,"_wpas_done_3924723":null,"wps_subtitle":"","_links":{"self":[{"href":"https:\/\/www.aarquiteta.com.br\/blog\/wp-json\/wp\/v2\/posts\/106425","targetHints":{"allow":["GET"]}}],"collection":[{"href":"https:\/\/www.aarquiteta.com.br\/blog\/wp-json\/wp\/v2\/posts"}],"about":[{"href":"https:\/\/www.aarquiteta.com.br\/blog\/wp-json\/wp\/v2\/types\/post"}],"author":[{"embeddable":true,"href":"https:\/\/www.aarquiteta.com.br\/blog\/wp-json\/wp\/v2\/users\/102"}],"replies":[{"embeddable":true,"href":"https:\/\/www.aarquiteta.com.br\/blog\/wp-json\/wp\/v2\/comments?post=106425"}],"version-history":[{"count":0,"href":"https:\/\/www.aarquiteta.com.br\/blog\/wp-json\/wp\/v2\/posts\/106425\/revisions"}],"wp:featuredmedia":[{"embeddable":true,"href":"https:\/\/www.aarquiteta.com.br\/blog\/wp-json\/wp\/v2\/media\/106422"}],"wp:attachment":[{"href":"https:\/\/www.aarquiteta.com.br\/blog\/wp-json\/wp\/v2\/media?parent=106425"}],"wp:term":[{"taxonomy":"category","embeddable":true,"href":"https:\/\/www.aarquiteta.com.br\/blog\/wp-json\/wp\/v2\/categories?post=106425"},{"taxonomy":"post_tag","embeddable":true,"href":"https:\/\/www.aarquiteta.com.br\/blog\/wp-json\/wp\/v2\/tags?post=106425"}],"curies":[{"name":"wp","href":"https:\/\/api.w.org\/{rel}","templated":true}]}}