{"id":106417,"date":"2024-02-20T21:48:54","date_gmt":"2024-02-21T00:48:54","guid":{"rendered":"http:\/\/aarquiteta.com.br\/?p=106417"},"modified":"2024-02-20T21:48:54","modified_gmt":"2024-02-21T00:48:54","slug":"apartamento-decoracao-tons-neutros","status":"publish","type":"post","link":"https:\/\/www.aarquiteta.com.br\/blog\/apartamento-decoracao-tons-neutros\/","title":{"rendered":"Apartamento Decora\u00e7\u00e3o Em Tons Neutros: 5 Dicas Para Harmonia E Sofistica\u00e7\u00e3o."},"content":{"rendered":"<p>Decorar um apartamento \u00e9 como pintar uma tela em branco, onde cada pincelada de cor e cada escolha de mobili\u00e1rio contribuem para a obra final. Optar por tons neutros na decora\u00e7\u00e3o \u00e9 uma decis\u00e3o que traz eleg\u00e2ncia e versatilidade ao ambiente. Vamos explorar juntos como esses tons podem transformar seu espa\u00e7o e como utiliz\u00e1-los para criar um lar acolhedor e atemporal.<\/p>\n<ul>\n<li><b>Versatilidade:<\/b> Os tons neutros se adaptam a qualquer estilo de decora\u00e7\u00e3o.<\/li>\n<li><b>Amplitude:<\/b> Cores claras e neutras d\u00e3o a sensa\u00e7\u00e3o de um espa\u00e7o mais amplo.<\/li>\n<li><b>Combina\u00e7\u00e3o:<\/b> \u00c9 f\u00e1cil combinar m\u00f3veis e acess\u00f3rios quando a base da decora\u00e7\u00e3o \u00e9 neutra.<\/li>\n<li><b>Calmante:<\/b> Tons neutros tendem a criar um ambiente mais tranquilo e relaxante.<\/li>\n<li><b>Destaque:<\/b> Elementos decorativos ganham mais aten\u00e7\u00e3o em um fundo neutro.<\/li>\n<li><b>Atemporal:<\/b> A decora\u00e7\u00e3o neutra n\u00e3o sai de moda, garantindo longevidade ao design do seu apartamento.<\/li>\n<\/ul>\n<h3>Por que escolher tons neutros para a decora\u00e7\u00e3o do apartamento?<\/h3>\n<figure style=\"width: 1024px\" class=\"wp-caption aligncenter\"><img decoding=\"async\" src=\"https:\/\/www.aarquiteta.com.br\/blog\/wp-content\/uploads\/2024\/02\/apartamento-decoracao-tons-neutros04.jpg\" alt=\"apartamento decora\u00e7\u00e3o tons neutros\" width=\"1024\" height=\"1024\" title=\"\"><figcaption class=\"wp-caption-text\">apartamento decora\u00e7\u00e3o tons neutros<\/figcaption><\/figure>\n<p>Ah, a neutralidade! Ela \u00e9 como aquele amigo que se d\u00e1 bem com todo mundo. Os tons neutros s\u00e3o camale\u00f4nicos, se adaptam a qualquer situa\u00e7\u00e3o e ainda t\u00eam o poder de fazer seu apartamento parecer maior do que realmente \u00e9. E n\u00e3o \u00e9 s\u00f3 isso:<\/p>\n<h3>Versatilidade dos tons neutros<\/h3>\n<p>Os tons neutros s\u00e3o como aquele jeans b\u00e1sico que combina com tudo. Eles permitem que voc\u00ea mude acess\u00f3rios e decora\u00e7\u00f5es sazonalmente sem ter que repintar as paredes ou trocar m\u00f3veis grandes.<\/p>\n<h3>Sensa\u00e7\u00e3o de amplitude<\/h3>\n<style id=\"wp_carousel_dynamic_css102741\">.sp-wp-carousel-free-id-102741.wpcf-fancybox-wrapper .fancybox-bg{background: #0b0b0b;opacity: 0.8;}.sp-wp-carousel-free-id-102741.wpcf-fancybox-wrapper .fancybox-navigation .fancybox-button .wpcp-fancybox-nav-arrow i {color: #ccc;}.sp-wp-carousel-free-id-102741.wpcf-fancybox-wrapper .fancybox-navigation .fancybox-button .wpcp-fancybox-nav-arrow i:hover {color: #fff;}.sp-wp-carousel-free-id-102741.wpcf-fancybox-wrapper .fancybox-navigation .fancybox-button {background: #1e1e1e;}.sp-wp-carousel-free-id-102741.wpcf-fancybox-wrapper .fancybox-navigation .fancybox-button:hover {background: #1e1e1e;}#sp-wp-carousel-free-id-102741 .wpcp-swiper-dots {margin: 40px 0px 0px 0px;}.wpcp-wrapper-102741 .swiper-wrapper .swiper-slide-kenburn, .wpcp-wrapper-102741 .swiper-wrapper, .wpcp-wrapper-102741 .wpcpro-row{align-items: center;}#sp-wp-carousel-free-id-102741 .wpcp-single-item {box-shadow: 0px 0px 0px 0px #dddddd;transition: all .3s;margin: 0px;}#sp-wp-carousel-free-id-102741.swiper-flip .wpcp-single-item{margin: 0!important;}#sp-wp-carousel-free-id-102741 .wpcp-single-item:hover {box-shadow: 0px 0px 0px 0px #dddddd;}#sp-wp-carousel-free-id-102741.sp-wpcp-102741 .wpcp-single-item {border: 1px solid #dddddd;}#sp-wp-carousel-free-id-102741.sp-wpcp-102741 .swiper-button-prev,#sp-wp-carousel-free-id-102741.sp-wpcp-102741 .swiper-button-next,#sp-wp-carousel-free-id-102741.sp-wpcp-102741 .swiper-button-prev:hover,#sp-wp-carousel-free-id-102741.sp-wpcp-102741 .swiper-button-next:hover {background: none;border: none;font-size: 30px;}#sp-wp-carousel-free-id-102741.sp-wpcp-102741 .swiper-button-prev i,#sp-wp-carousel-free-id-102741.sp-wpcp-102741 .swiper-button-next i {color: #aaa;}#sp-wp-carousel-free-id-102741.sp-wpcp-102741 .swiper-button-prev i:hover,#sp-wp-carousel-free-id-102741.sp-wpcp-102741 .swiper-button-next i:hover {color: #178087;}#sp-wp-carousel-free-id-102741.sp-wpcp-102741 .wpcp-swiper-dots .swiper-pagination-bullet {background-color: #cccccc;}#sp-wp-carousel-free-id-102741.sp-wpcp-102741 .wpcp-swiper-dots .swiper-pagination-bullet.swiper-pagination-bullet-active {background-color: #178087;} #sp-wp-carousel-free-id-102741.sp-wpcp-102741.wpcp-image-carousel .wpcp-single-item:hover img, #sp-wp-carousel-free-id-102741.sp-wpcp-102741.wpcp-post-carousel .wpcp-single-item:hover img, #sp-wp-carousel-free-id-102741.sp-wpcp-102741.wpcp-product-carousel .wpcp-single-item:hover img{-webkit-transform: scale(1.2);-moz-transform: scale(1.2);transform: scale(1.2);}#sp-wp-carousel-free-id-102741 .wpcpro-row>[class*=\"wpcpro-col-\"] { padding: 0 10px; padding-bottom: 20px;} #sp-wp-carousel-free-id-102741 .swiper-slide .single-item-fade:not(:last-child) { margin-right: 20px;}@media (min-width: 480px) { .wpcpro-row .wpcpro-col-sm-1 { flex: 0 0 100%; max-width: 100%; } .wpcpro-row .wpcpro-col-sm-2 { flex: 0 0 50%; max-width: 50%; } .wpcpro-row .wpcpro-col-sm-2-5 { flex: 0 0 75%; max-width: 75%; } .wpcpro-row .wpcpro-col-sm-3 { flex: 0 0 33.333%; max-width: 33.333%; } .wpcpro-row .wpcpro-col-sm-4 { flex: 0 0 25%; max-width: 25%; } .wpcpro-row .wpcpro-col-sm-5 { flex: 0 0 20%; max-width: 20%; } .wpcpro-row .wpcpro-col-sm-6 { flex: 0 0 16.66666666666667%; max-width: 16.66666666666667%; } .wpcpro-row .wpcpro-col-sm-7 { flex: 0 0 14.28571428%; max-width: 14.28571428%; } .wpcpro-row .wpcpro-col-sm-8 { flex: 0 0 12.5%; max-width: 12.5%; } } @media (max-width: 480px) { .wpcpro-row .wpcpro-col-xs-1 { flex: 0 0 100%; max-width: 100%; } .wpcpro-row .wpcpro-col-xs-2 { flex: 0 0 50%; max-width: 50%; } .wpcpro-row .wpcpro-col-xs-3 { flex: 0 0 33.222%; max-width: 33.222%; } .wpcpro-row .wpcpro-col-xs-4 { flex: 0 0 25%; max-width: 25%; } .wpcpro-row .wpcpro-col-xs-5 { flex: 0 0 20%; max-width: 20%; } .wpcpro-row .wpcpro-col-xs-6 { flex: 0 0 16.6667%; max-width: 16.6667%; } .wpcpro-row .wpcpro-col-xs-7 { flex: 0 0 14.28571428%; max-width: 14.28571428%; } .wpcpro-row .wpcpro-col-xs-8 { flex: 0 0 12.5%; max-width: 12.5%; } } @media (min-width: 736px) { .wpcpro-row .wpcpro-col-md-1 { flex: 0 0 100%; max-width: 100%; } .wpcpro-row .wpcpro-col-md-2 { flex: 0 0 50%; max-width: 50%; } .wpcpro-row .wpcpro-col-md-2-5 { flex: 0 0 75%; max-width: 75%; } .wpcpro-row .wpcpro-col-md-3 { flex: 0 0 33.333%; max-width: 33.333%; } .wpcpro-row .wpcpro-col-md-4 { flex: 0 0 25%; max-width: 25%; } .wpcpro-row .wpcpro-col-md-5 { flex: 0 0 20%; max-width: 20%; } .wpcpro-row .wpcpro-col-md-6 { flex: 0 0 16.66666666666667%; max-width: 16.66666666666667%; } .wpcpro-row .wpcpro-col-md-7 { flex: 0 0 14.28571428%; max-width: 14.28571428%; } .wpcpro-row .wpcpro-col-md-8 { flex: 0 0 12.5%; max-width: 12.5%; } } @media (min-width: 980px) { .wpcpro-row .wpcpro-col-lg-1 { flex: 0 0 100%; max-width: 100%; } .wpcpro-row .wpcpro-col-lg-2 { flex: 0 0 50%; max-width: 50%; } .wpcpro-row .wpcpro-col-lg-3 { flex: 0 0 33.222%; max-width: 33.222%; } .wpcpro-row .wpcpro-col-lg-4 { flex: 0 0 25%; max-width: 25%; } .wpcpro-row .wpcpro-col-lg-5 { flex: 0 0 20%; max-width: 20%; } .wpcpro-row .wpcpro-col-lg-6 { flex: 0 0 16.6667%; max-width: 16.6667%; } .wpcpro-row .wpcpro-col-lg-7 { flex: 0 0 14.28571428%; max-width: 14.28571428%; } .wpcpro-row .wpcpro-col-lg-8 { flex: 0 0 12.5%; max-width: 12.5%; } } @media (min-width: 1200px) { .wpcpro-row .wpcpro-col-xl-1 { flex: 0 0 100%; max-width: 100%; } .wpcpro-row .wpcpro-col-xl-2 { flex: 0 0 50%; max-width: 50%; } .wpcpro-row .wpcpro-col-xl-3 { flex: 0 0 33.22222222%; max-width: 33.22222222%; } .wpcpro-row .wpcpro-col-xl-4 { flex: 0 0 25%; max-width: 25%; } .wpcpro-row .wpcpro-col-xl-5 { flex: 0 0 20%; max-width: 20%; } .wpcpro-row .wpcpro-col-xl-6 { flex: 0 0 16.66667%; max-width: 16.66667%; } .wpcpro-row .wpcpro-col-xl-7 { flex: 0 0 14.28571428%; max-width: 14.28571428%; } .wpcpro-row .wpcpro-col-xl-8 { flex: 0 0 12.5%; max-width: 12.5%; } }<\/style><div class=\"wpcp-carousel-wrapper wpcp-wrapper-102741\">\n\t<div id=\"wpcp-preloader-102741\" class=\"wpcp-carousel-preloader\"><img decoding=\"async\" src=\"https:\/\/www.aarquiteta.com.br\/blog\/wp-content\/plugins\/wp-carousel-free\/public\/css\/spinner.svg\" alt=\"Preloader Image\" title=\"\"><\/div>\t<div class=\"wpcp-carousel-content-wrapper\">\n\t<div id=\"sp-wp-carousel-free-id-102741\" class=\"wpcp-carousel-section sp-wpcp-102741  nav-vertical-center wpcp-image-carousel wpcp-preloader wpcp-standard\" data-swiper='{ &quot;pagination_type&quot;: &quot;dots&quot;,&quot;accessibility&quot;:true, &quot;spaceBetween&quot;:20, &quot;arrows&quot;:false, &quot;freeMode&quot;: false, &quot;autoplay&quot;:true, &quot;effect&quot;: &quot;&quot;, &quot;centerMode&quot;: false, &quot;autoplaySpeed&quot;:3000, &quot;dots&quot;:true, &quot;infinite&quot;:true, &quot;speed&quot;:600, &quot;pauseOnHover&quot;:true,\n\t\t\t&quot;slidesToShow&quot;:{&quot;lg_desktop&quot;:5, &quot;desktop&quot;: 4, &quot;laptop&quot;: 3, &quot;tablet&quot;: 2, &quot;mobile&quot;: 1}, &quot;responsive&quot;:{&quot;desktop&quot;:1200, &quot;laptop&quot;: 980, &quot;tablet&quot;: 736, &quot;mobile&quot;: 480}, &quot;rtl&quot;:false, &quot;lazyLoad&quot;: &quot;false&quot;, &quot;swipe&quot;: true, &quot;draggable&quot;: true, &quot;swipeToSlide&quot;:false }' dir=\"ltr\">\n\t\t<div class=\"swiper-wrapper\">\n\t\t<div class=\"swiper-slide\">\n\t<div class=\"wpcp-single-item\">\n\t\t\t<a class=\"wcp-light-box\" data-buttons='[\"close\"]' data-wpc_url='https:\/\/www.aarquiteta.com.br\/blog\/wp-content\/uploads\/2023\/12\/cortina-para-quarto-de-menino01.jpg' href=\"https:\/\/www.aarquiteta.com.br\/blog\/wp-content\/uploads\/2023\/12\/cortina-para-quarto-de-menino01.jpg\" data-fancybox=\"wpcp_view\">\n\t\t<figure>\n\t\t\t<img decoding=\"async\" class=\"skip-lazy\" src=\"https:\/\/www.aarquiteta.com.br\/blog\/wp-content\/uploads\/2023\/12\/cortina-para-quarto-de-menino01.jpg\" alt=\"cortina para quarto de menino\" width=\"1024\" height=\"1024\" title=\"\">\t\t<\/figure>\n\t<\/a>\n\t\t<\/div>\n<\/div>\n\t<div class=\"swiper-slide\">\n\t<div class=\"wpcp-single-item\">\n\t\t\t<a class=\"wcp-light-box\" data-buttons='[\"close\"]' data-wpc_url='https:\/\/www.aarquiteta.com.br\/blog\/wp-content\/uploads\/2023\/12\/cortinas-para-quarto01.jpg' href=\"https:\/\/www.aarquiteta.com.br\/blog\/wp-content\/uploads\/2023\/12\/cortinas-para-quarto01.jpg\" data-fancybox=\"wpcp_view\">\n\t\t<figure>\n\t\t\t<img decoding=\"async\" class=\"skip-lazy\" src=\"https:\/\/www.aarquiteta.com.br\/blog\/wp-content\/uploads\/2023\/12\/cortinas-para-quarto01.jpg\" alt=\"cortinas para quarto\" width=\"1024\" height=\"1024\" title=\"\">\t\t<\/figure>\n\t<\/a>\n\t\t<\/div>\n<\/div>\n\t<div class=\"swiper-slide\">\n\t<div class=\"wpcp-single-item\">\n\t\t\t<a class=\"wcp-light-box\" data-buttons='[\"close\"]' data-wpc_url='https:\/\/www.aarquiteta.com.br\/blog\/wp-content\/uploads\/2023\/11\/cabeceira-de-cama-ripada-4.jpg' href=\"https:\/\/www.aarquiteta.com.br\/blog\/wp-content\/uploads\/2023\/11\/cabeceira-de-cama-ripada-4.jpg\" data-fancybox=\"wpcp_view\">\n\t\t<figure>\n\t\t\t<img decoding=\"async\" class=\"skip-lazy\" src=\"https:\/\/www.aarquiteta.com.br\/blog\/wp-content\/uploads\/2023\/11\/cabeceira-de-cama-ripada-4.jpg\" alt=\"Cabeceira Ripada: 5 Ideias Para Modernizar e Aconchegar Seu Quarto.\" width=\"1200\" height=\"1200\" title=\"\">\t\t<\/figure>\n\t<\/a>\n\t\t<\/div>\n<\/div>\n\t<div class=\"swiper-slide\">\n\t<div class=\"wpcp-single-item\">\n\t\t\t<a class=\"wcp-light-box\" data-buttons='[\"close\"]' data-wpc_url='https:\/\/www.aarquiteta.com.br\/blog\/wp-content\/uploads\/2023\/10\/quarto-de-solteiro-decorado04.jpg' href=\"https:\/\/www.aarquiteta.com.br\/blog\/wp-content\/uploads\/2023\/10\/quarto-de-solteiro-decorado04.jpg\" data-fancybox=\"wpcp_view\">\n\t\t<figure>\n\t\t\t<img decoding=\"async\" class=\"skip-lazy\" src=\"https:\/\/www.aarquiteta.com.br\/blog\/wp-content\/uploads\/2023\/10\/quarto-de-solteiro-decorado04.jpg\" alt=\"quarto de solteiro decorado\" width=\"1024\" height=\"1024\" title=\"\">\t\t<\/figure>\n\t<\/a>\n\t\t<\/div>\n<\/div>\n\t<div class=\"swiper-slide\">\n\t<div class=\"wpcp-single-item\">\n\t\t\t<a class=\"wcp-light-box\" data-buttons='[\"close\"]' data-wpc_url='https:\/\/www.aarquiteta.com.br\/blog\/wp-content\/uploads\/2023\/10\/nichos-para-quarto03.jpg' href=\"https:\/\/www.aarquiteta.com.br\/blog\/wp-content\/uploads\/2023\/10\/nichos-para-quarto03.jpg\" data-fancybox=\"wpcp_view\">\n\t\t<figure>\n\t\t\t<img decoding=\"async\" class=\"skip-lazy\" src=\"https:\/\/www.aarquiteta.com.br\/blog\/wp-content\/uploads\/2023\/10\/nichos-para-quarto03.jpg\" alt=\"nichos para quarto\" width=\"1024\" height=\"1024\" title=\"\">\t\t<\/figure>\n\t<\/a>\n\t\t<\/div>\n<\/div>\n\t<div class=\"swiper-slide\">\n\t<div class=\"wpcp-single-item\">\n\t\t\t<a class=\"wcp-light-box\" data-buttons='[\"close\"]' data-wpc_url='https:\/\/www.aarquiteta.com.br\/blog\/wp-content\/uploads\/2023\/10\/cortina-para-quarto-de-bebe03.jpg' href=\"https:\/\/www.aarquiteta.com.br\/blog\/wp-content\/uploads\/2023\/10\/cortina-para-quarto-de-bebe03.jpg\" data-fancybox=\"wpcp_view\">\n\t\t<figure>\n\t\t\t<img decoding=\"async\" class=\"skip-lazy\" src=\"https:\/\/www.aarquiteta.com.br\/blog\/wp-content\/uploads\/2023\/10\/cortina-para-quarto-de-bebe03.jpg\" alt=\"cortina para quarto de beb\u00ea\" width=\"1024\" height=\"1024\" title=\"\">\t\t<\/figure>\n\t<\/a>\n\t\t<\/div>\n<\/div>\n\t<div class=\"swiper-slide\">\n\t<div class=\"wpcp-single-item\">\n\t\t\t<a class=\"wcp-light-box\" data-buttons='[\"close\"]' data-wpc_url='https:\/\/www.aarquiteta.com.br\/blog\/wp-content\/uploads\/2023\/10\/cortina-para-quarto-de-bebe01.jpg' href=\"https:\/\/www.aarquiteta.com.br\/blog\/wp-content\/uploads\/2023\/10\/cortina-para-quarto-de-bebe01.jpg\" data-fancybox=\"wpcp_view\">\n\t\t<figure>\n\t\t\t<img decoding=\"async\" class=\"skip-lazy\" src=\"https:\/\/www.aarquiteta.com.br\/blog\/wp-content\/uploads\/2023\/10\/cortina-para-quarto-de-bebe01.jpg\" alt=\"*Cortina para Quarto de Beb\u00ea: Encante e Proteja com Estilo*\" width=\"1024\" height=\"1024\" title=\"\">\t\t<\/figure>\n\t<\/a>\n\t\t<\/div>\n<\/div>\n\t<div class=\"swiper-slide\">\n\t<div class=\"wpcp-single-item\">\n\t\t\t<a class=\"wcp-light-box\" data-buttons='[\"close\"]' data-wpc_url='https:\/\/www.aarquiteta.com.br\/blog\/wp-content\/uploads\/2023\/10\/adesivos-de-parede-para-quarto01.jpg' href=\"https:\/\/www.aarquiteta.com.br\/blog\/wp-content\/uploads\/2023\/10\/adesivos-de-parede-para-quarto01.jpg\" data-fancybox=\"wpcp_view\">\n\t\t<figure>\n\t\t\t<img decoding=\"async\" class=\"skip-lazy\" src=\"https:\/\/www.aarquiteta.com.br\/blog\/wp-content\/uploads\/2023\/10\/adesivos-de-parede-para-quarto01.jpg\" alt=\"Descubra as melhores formas de adesivos de parede para quarto\" width=\"1024\" height=\"1024\" title=\"\">\t\t<\/figure>\n\t<\/a>\n\t\t<\/div>\n<\/div>\n\t<div class=\"swiper-slide\">\n\t<div class=\"wpcp-single-item\">\n\t\t\t<a class=\"wcp-light-box\" data-buttons='[\"close\"]' data-wpc_url='https:\/\/www.aarquiteta.com.br\/blog\/wp-content\/uploads\/2023\/10\/ideias-para-decoracao-de-quarto-04.jpg' href=\"https:\/\/www.aarquiteta.com.br\/blog\/wp-content\/uploads\/2023\/10\/ideias-para-decoracao-de-quarto-04.jpg\" data-fancybox=\"wpcp_view\">\n\t\t<figure>\n\t\t\t<img decoding=\"async\" class=\"skip-lazy\" src=\"https:\/\/www.aarquiteta.com.br\/blog\/wp-content\/uploads\/2023\/10\/ideias-para-decoracao-de-quarto-04.jpg\" alt=\"Sugest\u00f5es para decora\u00e7\u00e3o de quarto: encontre as melhores ideias online!\" width=\"1024\" height=\"1024\" title=\"\">\t\t<\/figure>\n\t<\/a>\n\t\t<\/div>\n<\/div>\n\t<div class=\"swiper-slide\">\n\t<div class=\"wpcp-single-item\">\n\t\t\t<a class=\"wcp-light-box\" data-buttons='[\"close\"]' data-wpc_url='https:\/\/www.aarquiteta.com.br\/blog\/wp-content\/uploads\/2023\/09\/Ideias-de-decoracao-para-quarto-pequeno-1.jpg' href=\"https:\/\/www.aarquiteta.com.br\/blog\/wp-content\/uploads\/2023\/09\/Ideias-de-decoracao-para-quarto-pequeno-1.jpg\" data-fancybox=\"wpcp_view\">\n\t\t<figure>\n\t\t\t<img decoding=\"async\" class=\"skip-lazy\" src=\"https:\/\/www.aarquiteta.com.br\/blog\/wp-content\/uploads\/2023\/09\/Ideias-de-decoracao-para-quarto-pequeno-1.jpg\" alt=\"Ideias de decora\u00e7\u00e3o para quarto pequeno\" width=\"1024\" height=\"1024\" title=\"\">\t\t<\/figure>\n\t<\/a>\n\t\t<\/div>\n<\/div>\n\t<div class=\"swiper-slide\">\n\t<div class=\"wpcp-single-item\">\n\t\t\t<a class=\"wcp-light-box\" data-buttons='[\"close\"]' data-wpc_url='https:\/\/www.aarquiteta.com.br\/blog\/wp-content\/uploads\/2023\/09\/ideias-para-decoracao-de-quarto-1.jpg' href=\"https:\/\/www.aarquiteta.com.br\/blog\/wp-content\/uploads\/2023\/09\/ideias-para-decoracao-de-quarto-1.jpg\" data-fancybox=\"wpcp_view\">\n\t\t<figure>\n\t\t\t<img decoding=\"async\" class=\"skip-lazy\" src=\"https:\/\/www.aarquiteta.com.br\/blog\/wp-content\/uploads\/2023\/09\/ideias-para-decoracao-de-quarto-1.jpg\" alt=\"ideias para decora\u00e7\u00e3o de quarto\" width=\"1024\" height=\"1024\" title=\"\">\t\t<\/figure>\n\t<\/a>\n\t\t<\/div>\n<\/div>\n\t<div class=\"swiper-slide\">\n\t<div class=\"wpcp-single-item\">\n\t\t\t<a class=\"wcp-light-box\" data-buttons='[\"close\"]' data-wpc_url='https:\/\/www.aarquiteta.com.br\/blog\/wp-content\/uploads\/2023\/09\/ideias-para-decoracao-de-quarto.jpg' href=\"https:\/\/www.aarquiteta.com.br\/blog\/wp-content\/uploads\/2023\/09\/ideias-para-decoracao-de-quarto.jpg\" data-fancybox=\"wpcp_view\">\n\t\t<figure>\n\t\t\t<img decoding=\"async\" class=\"skip-lazy\" src=\"https:\/\/www.aarquiteta.com.br\/blog\/wp-content\/uploads\/2023\/09\/ideias-para-decoracao-de-quarto.jpg\" alt=\"ideias para decora\u00e7\u00e3o de quarto\" width=\"1024\" height=\"1024\" title=\"\">\t\t<\/figure>\n\t<\/a>\n\t\t<\/div>\n<\/div>\n\t<div class=\"swiper-slide\">\n\t<div class=\"wpcp-single-item\">\n\t\t\t<a class=\"wcp-light-box\" data-buttons='[\"close\"]' data-wpc_url='https:\/\/www.aarquiteta.com.br\/blog\/wp-content\/uploads\/2023\/09\/ideias-decoracao-de-quarto-infantil-masculino-simples-e-barato-2.png' href=\"https:\/\/www.aarquiteta.com.br\/blog\/wp-content\/uploads\/2023\/09\/ideias-decoracao-de-quarto-infantil-masculino-simples-e-barato-2.png\" data-fancybox=\"wpcp_view\">\n\t\t<figure>\n\t\t\t<img decoding=\"async\" class=\"skip-lazy\" src=\"https:\/\/www.aarquiteta.com.br\/blog\/wp-content\/uploads\/2023\/09\/ideias-decoracao-de-quarto-infantil-masculino-simples-e-barato-2.png\" alt=\"ideias decora\u00e7\u00e3o de quarto infantil masculino simples e barato\" width=\"1024\" height=\"1024\" title=\"\">\t\t<\/figure>\n\t<\/a>\n\t\t<\/div>\n<\/div>\n\t<div class=\"swiper-slide\">\n\t<div class=\"wpcp-single-item\">\n\t\t\t<a class=\"wcp-light-box\" data-buttons='[\"close\"]' data-wpc_url='https:\/\/www.aarquiteta.com.br\/blog\/wp-content\/uploads\/2023\/09\/Quarto-Feminino.png' href=\"https:\/\/www.aarquiteta.com.br\/blog\/wp-content\/uploads\/2023\/09\/Quarto-Feminino.png\" data-fancybox=\"wpcp_view\">\n\t\t<figure>\n\t\t\t<img decoding=\"async\" class=\"skip-lazy\" src=\"https:\/\/www.aarquiteta.com.br\/blog\/wp-content\/uploads\/2023\/09\/Quarto-Feminino.png\" alt=\"Transforme seu Quarto Feminino: Ideias Inspiradoras para Uma Decora\u00e7\u00e3o Personalizada\" width=\"1024\" height=\"1024\" title=\"\">\t\t<\/figure>\n\t<\/a>\n\t\t<\/div>\n<\/div>\n\t<div class=\"swiper-slide\">\n\t<div class=\"wpcp-single-item\">\n\t\t\t<a class=\"wcp-light-box\" data-buttons='[\"close\"]' data-wpc_url='https:\/\/www.aarquiteta.com.br\/blog\/wp-content\/uploads\/2023\/08\/5-Estampas-para-Transformar-a-Decoracao-do-Seu-Quarto-1.png' href=\"https:\/\/www.aarquiteta.com.br\/blog\/wp-content\/uploads\/2023\/08\/5-Estampas-para-Transformar-a-Decoracao-do-Seu-Quarto-1.png\" data-fancybox=\"wpcp_view\">\n\t\t<figure>\n\t\t\t<img decoding=\"async\" class=\"skip-lazy\" src=\"https:\/\/www.aarquiteta.com.br\/blog\/wp-content\/uploads\/2023\/08\/5-Estampas-para-Transformar-a-Decoracao-do-Seu-Quarto-1.png\" alt=\"5 Estampas para Transformar a Decora\u00e7\u00e3o do Seu Quarto\" width=\"1024\" height=\"1024\" title=\"\">\t\t<\/figure>\n\t<\/a>\n\t\t<\/div>\n<\/div>\n\t<div class=\"swiper-slide\">\n\t<div class=\"wpcp-single-item\">\n\t\t\t<a class=\"wcp-light-box\" data-buttons='[\"close\"]' data-wpc_url='https:\/\/www.aarquiteta.com.br\/blog\/wp-content\/uploads\/2023\/08\/5-Estampas-para-Transformar-a-Decoracao-do-Seu-Quarto.png' href=\"https:\/\/www.aarquiteta.com.br\/blog\/wp-content\/uploads\/2023\/08\/5-Estampas-para-Transformar-a-Decoracao-do-Seu-Quarto.png\" data-fancybox=\"wpcp_view\">\n\t\t<figure>\n\t\t\t<img decoding=\"async\" class=\"skip-lazy\" src=\"https:\/\/www.aarquiteta.com.br\/blog\/wp-content\/uploads\/2023\/08\/5-Estampas-para-Transformar-a-Decoracao-do-Seu-Quarto.png\" alt=\"5 Estampas para Transformar a Decora\u00e7\u00e3o do Seu Quarto\" width=\"1024\" height=\"1024\" title=\"\">\t\t<\/figure>\n\t<\/a>\n\t\t<\/div>\n<\/div>\n\t<div class=\"swiper-slide\">\n\t<div class=\"wpcp-single-item\">\n\t\t\t<a class=\"wcp-light-box\" data-buttons='[\"close\"]' data-wpc_url='https:\/\/www.aarquiteta.com.br\/blog\/wp-content\/uploads\/2023\/08\/Dicas-de-Decoracao-para-um-Quarto-de-Casal-Aconchegante-1.png' href=\"https:\/\/www.aarquiteta.com.br\/blog\/wp-content\/uploads\/2023\/08\/Dicas-de-Decoracao-para-um-Quarto-de-Casal-Aconchegante-1.png\" data-fancybox=\"wpcp_view\">\n\t\t<figure>\n\t\t\t<img decoding=\"async\" class=\"skip-lazy\" src=\"https:\/\/www.aarquiteta.com.br\/blog\/wp-content\/uploads\/2023\/08\/Dicas-de-Decoracao-para-um-Quarto-de-Casal-Aconchegante-1.png\" alt=\"Dicas de Decora\u00e7\u00e3o para um Quarto de Casal Aconchegante.\" width=\"1024\" height=\"1024\" title=\"\">\t\t<\/figure>\n\t<\/a>\n\t\t<\/div>\n<\/div>\n\t<div class=\"swiper-slide\">\n\t<div class=\"wpcp-single-item\">\n\t\t\t<a class=\"wcp-light-box\" data-buttons='[\"close\"]' data-wpc_url='https:\/\/www.aarquiteta.com.br\/blog\/wp-content\/uploads\/2023\/08\/quarto-de-casal-pequeno-decorado-de-forma-economica-e-funcional.png' href=\"https:\/\/www.aarquiteta.com.br\/blog\/wp-content\/uploads\/2023\/08\/quarto-de-casal-pequeno-decorado-de-forma-economica-e-funcional.png\" data-fancybox=\"wpcp_view\">\n\t\t<figure>\n\t\t\t<img decoding=\"async\" class=\"skip-lazy\" src=\"https:\/\/www.aarquiteta.com.br\/blog\/wp-content\/uploads\/2023\/08\/quarto-de-casal-pequeno-decorado-de-forma-economica-e-funcional.png\" alt=\"Quarto de Casal Pequeno? Descubra Como Decorar Gastando Pouco!\" width=\"1024\" height=\"1024\" title=\"\">\t\t<\/figure>\n\t<\/a>\n\t\t<\/div>\n<\/div>\n\t\t\t<\/div>\n\t\t\t\t\t<div class=\"wpcp-swiper-dots swiper-pagination\"><\/div>\n\t\t\t\t<!-- If we need navigation buttons -->\n\t\t\t<\/div>\n\t<\/div>\n<\/div>\n\n<p>Se seu apartamento n\u00e3o \u00e9 exatamente um pal\u00e1cio, os tons neutros podem ajudar a dar aquela esticadinha visual no espa\u00e7o. \u00c9 quase como m\u00e1gica, mas sem precisar de varinha de cond\u00e3o.<\/p>\n<h3>Facilidade de combina\u00e7\u00e3o<\/h3>\n<p>Com tons neutros, voc\u00ea n\u00e3o precisa ser um expert em combina\u00e7\u00f5es de cores. Eles s\u00e3o como aquele colega de trabalho que se d\u00e1 bem com todos no escrit\u00f3rio.<\/p>\n<h3>Efeito calmante<\/h3>\n<p>Depois de um dia agitado, chegar em casa e encontrar um ambiente sereno \u00e9 como um abra\u00e7o para a alma. Os tons neutros t\u00eam esse poder calmante.<\/p>\n<h3>Destaque para elementos decorativos<\/h3>\n<figure style=\"width: 1024px\" class=\"wp-caption aligncenter\"><img decoding=\"async\" src=\"https:\/\/www.aarquiteta.com.br\/blog\/wp-content\/uploads\/2024\/02\/apartamento-decoracao-tons-neutros02.jpg\" alt=\"apartamento decora\u00e7\u00e3o tons neutros\" width=\"1024\" height=\"1024\" title=\"\"><figcaption class=\"wp-caption-text\">apartamento decora\u00e7\u00e3o tons neutros<\/figcaption><\/figure>\n<p>Quer que aquela obra de arte ou aquela almofada colorida sejam as estrelas da sala? Um fundo neutro \u00e9 o palco perfeito para elas brilharem.<\/p>\n<h3>Estilo atemporal<\/h3>\n<p>Decorar com tons neutros \u00e9 como investir em um bom par de sapatos cl\u00e1ssicos: nunca sai de moda.<\/p>\n<h3>Como utilizar tons neutros na decora\u00e7\u00e3o do apartamento?<\/h3>\n<figure style=\"width: 1024px\" class=\"wp-caption aligncenter\"><img decoding=\"async\" src=\"https:\/\/www.aarquiteta.com.br\/blog\/wp-content\/uploads\/2024\/02\/apartamento-decoracao-tons-neutros01.jpg\" alt=\"apartamento decora\u00e7\u00e3o tons neutros\" width=\"1024\" height=\"1024\" title=\"\"><figcaption class=\"wp-caption-text\">apartamento decora\u00e7\u00e3o tons neutros<\/figcaption><\/figure>\n<p>Ent\u00e3o, voc\u00ea decidiu que quer um apartamento com a vibe &#8220;calmaria de um domingo de manh\u00e3&#8221;. \u00d3timo! Mas como fazer isso sem que fique com cara de sala de espera de consult\u00f3rio? Vamos l\u00e1:<\/p>\n<h3>Escolha uma paleta de cores neutras<\/h3>\n<p>Escolher uma paleta de cores \u00e9 como montar um time de futebol: voc\u00ea precisa de bons jogadores que trabalhem bem juntos.<\/p>\n<h3>Varie as texturas<\/h3>\n<figure style=\"width: 1024px\" class=\"wp-caption aligncenter\"><img decoding=\"async\" src=\"https:\/\/www.aarquiteta.com.br\/blog\/wp-content\/uploads\/2024\/02\/apartamento-decoracao-tons-neutros03.jpg\" alt=\"apartamento decora\u00e7\u00e3o tons neutros\" width=\"1024\" height=\"1024\" title=\"\"><figcaption class=\"wp-caption-text\">apartamento decora\u00e7\u00e3o tons neutros<\/figcaption><\/figure>\n<p>Texturas s\u00e3o as especiarias da decora\u00e7\u00e3o. Um tapete felpudo, uma cortina de linho, almofadas de veludo&#8230; tudo isso adiciona sabor ao ambiente.<\/p>\n<h3>Adicione pontos de cor<\/h3>\n<p>Um toque de cor aqui e ali \u00e9 como o tempero na comida: n\u00e3o precisa muito para fazer uma grande diferen\u00e7a.<\/p>\n<h3>Invista em m\u00f3veis e acess\u00f3rios de qualidade<\/h3>\n<p>M\u00f3veis e acess\u00f3rios de qualidade s\u00e3o como aquele amigo confi\u00e1vel que voc\u00ea sabe que pode contar sempre. Eles n\u00e3o te deixam na m\u00e3o e ainda fazem voc\u00ea parecer bem na foto.<\/p>\n<h3>Use diferentes tons de neutros<\/h3>\n<p>Brincar com diferentes tons de neutros \u00e9 como fazer um solo de guitarra: voc\u00ea pode ser sutil e ainda assim criar um grande impacto.<\/p>\n<h3>Aproveite a ilumina\u00e7\u00e3o natural<\/h3>\n<p style=\"text-align: center;\">[amazon table=&#8221;95709&#8243;]\n<p>A ilumina\u00e7\u00e3o natural \u00e9 como um bom dia de sol no inverno: ela real\u00e7a a beleza de tudo que toca.<\/p>\n<h3>Quais s\u00e3o os melhores tons neutros para a decora\u00e7\u00e3o do apartamento?<\/h3>\n<p>Escolher o tom neutro certo \u00e9 como escolher o sabor do sorvete: depende do seu gosto pessoal, mas alguns cl\u00e1ssicos nunca falham. Aqui est\u00e3o os &#8220;sabores&#8221; mais populares:<\/p>\n<h3>Branco<\/h3>\n<p>O branco \u00e9 como o arroz de todo prato: combina com tudo e serve como base para qualquer combina\u00e7\u00e3o.<\/p>\n<h3>Bege<\/h3>\n<p>O bege \u00e9 aquele tom que, como um bom caf\u00e9 com leite, traz conforto e aconchego.<\/p>\n<h3>Cinza<\/h3>\n<p>O cinza \u00e9 o meio-termo perfeito, nem muito escuro, nem muito claro, como um c\u00e9u nublado que promete chuva mas ainda deixa o sol brilhar.<\/p>\n<h3>Marrom<\/h3>\n<p>O marrom traz a solidez e a riqueza da terra para dentro de casa, como um abra\u00e7o quente.<\/p>\n<h3>Preto<\/h3>\n<p>O preto \u00e9 a eleg\u00e2ncia em forma de cor, um cl\u00e1ssico que, como um vestido preto, nunca decepciona.<\/p>\n<h3>Off-white<\/h3>\n<p>O off-white \u00e9 o primo sofisticado do branco, com um toque de calor que o branco puro n\u00e3o tem.<\/p>\n<h3>Perguntas Frequentes<\/h3>\n<p>Sei que voc\u00ea deve estar com algumas d\u00favidas, ent\u00e3o vamos a elas:<\/p>\n<ol>\n<li><b>Quais s\u00e3o as vantagens de utilizar tons neutros na decora\u00e7\u00e3o de um apartamento?<\/b><br \/>\n    A vantagem principal \u00e9 a versatilidade, mas n\u00e3o podemos esquecer da sensa\u00e7\u00e3o de amplitude, facilidade de combina\u00e7\u00e3o, efeito calmante, destaque para elementos decorativos e o estilo atemporal que eles proporcionam.<\/li>\n<li><b>Como evitar que a decora\u00e7\u00e3o com tons neutros fique mon\u00f3tona?<\/b><br \/>\n    \u00c9 s\u00f3 brincar com texturas, adicionar pontos de cor e investir em m\u00f3veis e acess\u00f3rios de qualidade. Assim, voc\u00ea cria camadas de interesse visual sem perder a harmonia.<\/li>\n<li><b>\u00c9 poss\u00edvel adicionar personalidade \u00e0 decora\u00e7\u00e3o com tons neutros?<\/b><br \/>\n    Claro que sim! Use objetos que contem uma hist\u00f3ria, como uma pe\u00e7a de arte que voc\u00ea ama ou uma lembran\u00e7a de viagem. Isso vai dar aquele toque pessoal que faz toda a diferen\u00e7a.<\/li>\n<\/ol>\n<p>Em resumo, decorar com tons neutros \u00e9 como preparar um prato gourmet: requer equil\u00edbrio, aten\u00e7\u00e3o aos detalhes e uma pitada de criatividade. E lembre-se, a decora\u00e7\u00e3o \u00e9 um reflexo da sua personalidade, ent\u00e3o divirta-se e deixe sua marca no seu espa\u00e7o!<\/p>\n<p>Curiosidade: Voc\u00ea sabia que o branco n\u00e3o \u00e9 apenas uma cor? Na verdade, ele \u00e9 a soma de todas as cores do espectro de luz vis\u00edvel! Ent\u00e3o, quando voc\u00ea decora com branco, est\u00e1 tecnicamente usando todas as cores ao mesmo tempo. Que tal essa para impressionar as visitas?<\/p>\n","protected":false},"excerpt":{"rendered":"<p>Transforme seu ambiente com sugest\u00f5es para apartamento decora\u00e7\u00e3o tons neutros. Veja nossas dicas!<\/p>\n","protected":false},"author":102,"featured_media":106414,"comment_status":"closed","ping_status":"closed","sticky":false,"template":"","format":"standard","meta":{"footnotes":""},"categories":[1484],"tags":[],"class_list":["post-106417","post","type-post","status-publish","format-standard","has-post-thumbnail","category-decoracao"],"_wp_attached_file":null,"_wp_attachment_metadata":null,"_wp_attachment_context":null,"_wp_attachment_is_custom_header":null,"geo_longitude":null,"geo_public":null,"geo_latitude":null,"_publicize_done_external":null,"_wpas_done_3897181":null,"publicize_twitter_user":null,"_wpas_done_3897175":null,"_wpas_skip_3897181":null,"_wpas_skip_3897175":null,"_wpas_skip_3924723":null,"_wpas_mess":null,"_wpas_done_3924723":null,"wps_subtitle":"","_links":{"self":[{"href":"https:\/\/www.aarquiteta.com.br\/blog\/wp-json\/wp\/v2\/posts\/106417","targetHints":{"allow":["GET"]}}],"collection":[{"href":"https:\/\/www.aarquiteta.com.br\/blog\/wp-json\/wp\/v2\/posts"}],"about":[{"href":"https:\/\/www.aarquiteta.com.br\/blog\/wp-json\/wp\/v2\/types\/post"}],"author":[{"embeddable":true,"href":"https:\/\/www.aarquiteta.com.br\/blog\/wp-json\/wp\/v2\/users\/102"}],"replies":[{"embeddable":true,"href":"https:\/\/www.aarquiteta.com.br\/blog\/wp-json\/wp\/v2\/comments?post=106417"}],"version-history":[{"count":0,"href":"https:\/\/www.aarquiteta.com.br\/blog\/wp-json\/wp\/v2\/posts\/106417\/revisions"}],"wp:featuredmedia":[{"embeddable":true,"href":"https:\/\/www.aarquiteta.com.br\/blog\/wp-json\/wp\/v2\/media\/106414"}],"wp:attachment":[{"href":"https:\/\/www.aarquiteta.com.br\/blog\/wp-json\/wp\/v2\/media?parent=106417"}],"wp:term":[{"taxonomy":"category","embeddable":true,"href":"https:\/\/www.aarquiteta.com.br\/blog\/wp-json\/wp\/v2\/categories?post=106417"},{"taxonomy":"post_tag","embeddable":true,"href":"https:\/\/www.aarquiteta.com.br\/blog\/wp-json\/wp\/v2\/tags?post=106417"}],"curies":[{"name":"wp","href":"https:\/\/api.w.org\/{rel}","templated":true}]}}