{"id":106353,"date":"2024-02-15T11:53:38","date_gmt":"2024-02-15T14:53:38","guid":{"rendered":"http:\/\/aarquiteta.com.br\/5-dicas-de-como-decorar-a-parede-atras-da-sua-cama-2\/"},"modified":"2024-08-23T09:59:42","modified_gmt":"2024-08-23T12:59:42","slug":"5-dicas-de-como-decorar-a-parede-atras-da-sua-cama-2","status":"publish","type":"post","link":"https:\/\/www.aarquiteta.com.br\/blog\/5-dicas-de-como-decorar-a-parede-atras-da-sua-cama-2\/","title":{"rendered":"5 Dicas para Decorar a Parede Atr\u00e1s da Sua Cama."},"content":{"rendered":"<h3>Introdu\u00e7\u00e3o<\/h3>\n<p>Decorar a parede atr\u00e1s da cama pode transformar completamente o quarto, tornando-o mais aconchegante e refletindo sua personalidade. Seja com uma <b>cor de destaque<\/b>, papel de parede, uma galeria de quadros, prateleiras ou espelhos, as possibilidades s\u00e3o infinitas. Vou compartilhar com voc\u00eas algumas dicas que v\u00e3o dar aquele toque especial ao seu cantinho de descanso.<\/p>\n<h3>1. Escolha uma cor de destaque<\/h3>\n<p>Uma \u00fanica parede pintada com uma <b>cor vibrante<\/b> ou suave pode ser o suficiente para dar vida nova ao quarto. Escolha uma cor que complemente a paleta do seu quarto e que traga a sensa\u00e7\u00e3o desejada. Cores quentes podem trazer energia, enquanto cores frias tendem a relaxar. Lembre-se, a cor escolhida ser\u00e1 o pano de fundo para suas noites de sono.<\/p>\n<h3>2. Use papel de parede<\/h3>\n<figure style=\"width: 1024px\" class=\"wp-caption aligncenter\"><img decoding=\"async\" src=\"https:\/\/www.aarquiteta.com.br\/blog\/wp-content\/uploads\/2024\/02\/5-dicas-de-como-decorar-a-parede-atras-da-sua-cama02.jpg\" alt=\"5 dicas de como decorar a parede atras da sua cama\" width=\"1024\" height=\"1024\" title=\"\"><figcaption class=\"wp-caption-text\">5 dicas de como decorar a parede atras da sua cama<\/figcaption><\/figure>\n<p>O papel de parede \u00e9 uma forma pr\u00e1tica de adicionar textura ou padr\u00f5es sem muita bagun\u00e7a. Com a variedade de designs dispon\u00edveis, voc\u00ea pode optar por algo geom\u00e9trico, floral ou at\u00e9 mesmo texturas que imitam materiais como madeira ou pedra. A aplica\u00e7\u00e3o \u00e9 simples e a mudan\u00e7a \u00e9 imediata, transformando o quarto num piscar de olhos.<\/p>\n<h3>3. Crie uma galeria de quadros<\/h3>\n<p>Uma galeria de quadros \u00e9 uma maneira <b>personalizada<\/b> de decorar a parede. Combine fotos, ilustra\u00e7\u00f5es e obras de arte que falem sobre voc\u00ea e suas paix\u00f5es. Brinque com tamanhos e molduras para uma composi\u00e7\u00e3o \u00fanica. A disposi\u00e7\u00e3o dos quadros pode seguir um padr\u00e3o sim\u00e9trico ou ser mais despojada, dependendo do seu estilo.<\/p>\n<h3>4. Instale prateleiras<\/h3>\n<p>Prateleiras n\u00e3o s\u00e3o apenas funcionais, mas tamb\u00e9m decorativas. Elas podem abrigar livros, plantas, objetos de decora\u00e7\u00e3o e at\u00e9 mesmo pequenas lumin\u00e1rias. A disposi\u00e7\u00e3o das prateleiras pode ser t\u00e3o criativa quanto o que voc\u00ea decide colocar sobre elas. Al\u00e9m disso, elas ajudam a manter o quarto organizado e livre de bagun\u00e7a.<\/p>\n<h3>5. Utilize espelhos<\/h3>\n<p>Espelhos s\u00e3o excelentes para <b>ampliar visualmente<\/b> o espa\u00e7o e trazer mais luminosidade ao quarto. Um grande espelho atr\u00e1s da cama pode se tornar o ponto focal do ambiente, enquanto v\u00e1rios espelhos menores podem criar um efeito decorativo interessante. Al\u00e9m disso, s\u00e3o pr\u00e1ticos para o dia a dia.<\/p>\n<h3>Conclus\u00e3o<\/h3>\n<p>Decorar a parede atr\u00e1s da cama \u00e9 uma forma de expressar sua individualidade e criar um ref\u00fagio que \u00e9 s\u00f3 seu. Com essas dicas, espero que voc\u00ea se sinta inspirado a transformar seu quarto em um espa\u00e7o ainda mais especial. Lembre-se de que pequenas mudan\u00e7as podem fazer uma grande diferen\u00e7a.<\/p>\n<h3>Perguntas Frequentes<\/h3>\n<h3>Qual a melhor cor para pintar a parede atr\u00e1s da cama?<\/h3>\n<p>A melhor cor depende do seu gosto pessoal e do efeito que voc\u00ea deseja criar. Cores neutras s\u00e3o vers\u00e1teis e relaxantes, enquanto cores vibrantes podem adicionar energia e personalidade ao quarto. Considere tamb\u00e9m a psicologia das cores e como elas afetam o humor.<\/p>\n<h3>Como escolher o papel de parede certo para o quarto?<\/h3>\n<p>Escolha um papel de parede que complemente a decora\u00e7\u00e3o existente e reflita seu estilo pessoal. Pense na durabilidade, facilidade de limpeza e se o padr\u00e3o ou textura escolhida n\u00e3o vai cansar sua vista com o tempo. \u00c9 importante tamb\u00e9m considerar a qualidade do papel e a facilidade de aplica\u00e7\u00e3o.<\/p>\n<h3>Existem alternativas criativas para decorar a parede sem usar quadros ou espelhos?<\/h3>\n<p>Sim, existem v\u00e1rias alternativas criativas. Voc\u00ea pode usar adesivos de parede, tecidos, uma composi\u00e7\u00e3o de pratos decorativos, tape\u00e7arias ou at\u00e9 mesmo criar uma instala\u00e7\u00e3o art\u00edstica com itens reciclados. O importante \u00e9 que a decora\u00e7\u00e3o reflita sua personalidade e crie um ambiente agrad\u00e1vel para voc\u00ea.<\/p>\n","protected":false},"excerpt":{"rendered":"<p>Aprenda a decorar a parede atr\u00e1s da sua cama com ensinamentos criativos e surpreendentes, transformando seu quarto com ideias, sugest\u00f5es e indica\u00e7\u00f5es.<\/p>\n","protected":false},"author":102,"featured_media":106352,"comment_status":"closed","ping_status":"closed","sticky":false,"template":"","format":"standard","meta":{"footnotes":""},"categories":[1484,19108],"tags":[],"class_list":["post-106353","post","type-post","status-publish","format-standard","has-post-thumbnail","category-decoracao","category-festas-e-confraternizacoes"],"_wp_attached_file":null,"_wp_attachment_metadata":null,"_wp_attachment_context":null,"_wp_attachment_is_custom_header":null,"geo_longitude":null,"geo_public":null,"geo_latitude":null,"_publicize_done_external":null,"_wpas_done_3897181":null,"publicize_twitter_user":null,"_wpas_done_3897175":null,"_wpas_skip_3897181":null,"_wpas_skip_3897175":null,"_wpas_skip_3924723":null,"_wpas_mess":null,"_wpas_done_3924723":null,"wps_subtitle":"","_links":{"self":[{"href":"https:\/\/www.aarquiteta.com.br\/blog\/wp-json\/wp\/v2\/posts\/106353","targetHints":{"allow":["GET"]}}],"collection":[{"href":"https:\/\/www.aarquiteta.com.br\/blog\/wp-json\/wp\/v2\/posts"}],"about":[{"href":"https:\/\/www.aarquiteta.com.br\/blog\/wp-json\/wp\/v2\/types\/post"}],"author":[{"embeddable":true,"href":"https:\/\/www.aarquiteta.com.br\/blog\/wp-json\/wp\/v2\/users\/102"}],"replies":[{"embeddable":true,"href":"https:\/\/www.aarquiteta.com.br\/blog\/wp-json\/wp\/v2\/comments?post=106353"}],"version-history":[{"count":0,"href":"https:\/\/www.aarquiteta.com.br\/blog\/wp-json\/wp\/v2\/posts\/106353\/revisions"}],"wp:featuredmedia":[{"embeddable":true,"href":"https:\/\/www.aarquiteta.com.br\/blog\/wp-json\/wp\/v2\/media\/106352"}],"wp:attachment":[{"href":"https:\/\/www.aarquiteta.com.br\/blog\/wp-json\/wp\/v2\/media?parent=106353"}],"wp:term":[{"taxonomy":"category","embeddable":true,"href":"https:\/\/www.aarquiteta.com.br\/blog\/wp-json\/wp\/v2\/categories?post=106353"},{"taxonomy":"post_tag","embeddable":true,"href":"https:\/\/www.aarquiteta.com.br\/blog\/wp-json\/wp\/v2\/tags?post=106353"}],"curies":[{"name":"wp","href":"https:\/\/api.w.org\/{rel}","templated":true}]}}