{"id":106256,"date":"2024-03-23T13:54:21","date_gmt":"2024-03-23T16:54:21","guid":{"rendered":"http:\/\/aarquiteta.com.br\/?p=106256"},"modified":"2024-03-23T13:54:21","modified_gmt":"2024-03-23T16:54:21","slug":"capim-do-texas","status":"publish","type":"post","link":"https:\/\/www.aarquiteta.com.br\/blog\/capim-do-texas\/","title":{"rendered":"Capim do Texas: Como Cultivar e Transformar Seu Jardim"},"content":{"rendered":"<p><body><\/p>\n<p>Quando falamos sobre o capim do Texas, estamos nos referindo a uma planta que tem um papel significativo na agricultura. Seja como forrageira para alimenta\u00e7\u00e3o animal, como planta ornamental ou at\u00e9 mesmo como uma esp\u00e9cie resistente a condi\u00e7\u00f5es adversas, o capim do Texas mostra sua versatilidade e import\u00e2ncia. Vamos mergulhar no mundo dessa planta fascinante e descobrir como ela pode ser ben\u00e9fica e, em alguns casos, um desafio para os agricultores.<\/p>\n<ul>\n<li><strong>Caracter\u00edsticas<\/strong>: Descubra as peculiaridades que fazem do capim do Texas uma planta \u00fanica.<\/li>\n<li><strong>Cultivo<\/strong>: Entenda como \u00e9 o processo de plantio e crescimento dessa gram\u00ednea.<\/li>\n<li><strong>Benef\u00edcios na agricultura<\/strong>: Veja como o capim do Texas pode contribuir para pr\u00e1ticas agr\u00edcolas mais sustent\u00e1veis.<\/li>\n<li><strong>Alimenta\u00e7\u00e3o animal<\/strong>: Saiba por que essa planta \u00e9 uma op\u00e7\u00e3o popular na dieta de rebanhos.<\/li>\n<li><strong>Uso ornamental<\/strong>: Explore o potencial est\u00e9tico do capim do Texas em jardins e paisagismo.<\/li>\n<\/ul>\n<h3>1. Caracter\u00edsticas do capim do Texas<\/h3>\n<figure style=\"width: 1024px\" class=\"wp-caption aligncenter\"><img decoding=\"async\" src=\"https:\/\/www.aarquiteta.com.br\/blog\/wp-content\/uploads\/2024\/02\/capim-do-texas04.jpg\" alt=\"capim do texas\" width=\"1024\" height=\"1024\" title=\"\"><figcaption class=\"wp-caption-text\">capim do texas<\/figcaption><\/figure>\n<p>O capim do Texas, conhecido cientificamente como <em>Cynodon dactylon<\/em>, \u00e9 uma gram\u00ednea perene que se destaca pela sua robustez e capacidade de se adaptar a diferentes condi\u00e7\u00f5es ambientais. Com folhas estreitas e um sistema radicular profundo, essa planta consegue sobreviver em solos pobres e resistir a per\u00edodos de seca. \u00c9 uma verdadeira sobrevivente, n\u00e3o acham?<\/p>\n<h3>2. Cultivo do capim do Texas<\/h3>\n<p>Para cultivar o capim do Texas, n\u00e3o \u00e9 preciso ser um expert em bot\u00e2nica. A planta \u00e9 pouco exigente quanto a fertilidade do solo e requer pouca manuten\u00e7\u00e3o. No entanto, \u00e9 importante garantir que o solo esteja bem drenado e que a planta receba uma quantidade adequada de luz solar. Afinal, at\u00e9 as plantas mais resistentes precisam de um pouco de carinho, n\u00e3o \u00e9 mesmo?<\/p>\n<h3>3. Benef\u00edcios do capim do Texas na agricultura<\/h3>\n<figure style=\"width: 1024px\" class=\"wp-caption aligncenter\"><img decoding=\"async\" src=\"https:\/\/www.aarquiteta.com.br\/blog\/wp-content\/uploads\/2024\/02\/capim-do-texas03.jpg\" alt=\"capim do texas\" width=\"1024\" height=\"1024\" title=\"\"><figcaption class=\"wp-caption-text\">capim do texas<\/figcaption><\/figure>\n<p>Na agricultura, o capim do Texas \u00e9 um verdadeiro aliado. Ele ajuda a prevenir a eros\u00e3o do solo, promove a ciclagem de nutrientes e pode ser usado em sistemas de rota\u00e7\u00e3o de culturas para melhorar a qualidade do solo. \u00c9 como ter um amigo que est\u00e1 sempre pronto para dar uma m\u00e3ozinha quando voc\u00ea mais precisa.<\/p>\n<h3>4. Utiliza\u00e7\u00e3o do capim do Texas na alimenta\u00e7\u00e3o animal<\/h3>\n<p>Os animais tamb\u00e9m s\u00e3o f\u00e3s do capim do Texas. Rico em nutrientes, ele \u00e9 uma excelente op\u00e7\u00e3o para compor a dieta de gado, cavalos e outros herb\u00edvoros. \u00c9 como se fosse um prato gourmet no mundo animal, s\u00f3 que muito mais saud\u00e1vel!<\/p>\n<h3>5. Capim do Texas como planta ornamental<\/h3>\n<p>Quem disse que o capim do Texas s\u00f3 tem lugar no campo? Com sua apar\u00eancia elegante e facilidade de manuten\u00e7\u00e3o, ele tamb\u00e9m conquista espa\u00e7os em jardins urbanos, trazendo um toque de verde e resist\u00eancia ao paisagismo. \u00c9 a prova de que beleza e praticidade podem andar juntas.<\/p>\n<h3>6. Controle e manejo do capim do Texas<\/h3>\n<figure style=\"width: 1024px\" class=\"wp-caption aligncenter\"><img decoding=\"async\" src=\"https:\/\/www.aarquiteta.com.br\/blog\/wp-content\/uploads\/2024\/02\/capim-do-texas02.jpg\" alt=\"capim do texas\" width=\"1024\" height=\"1024\" title=\"\"><figcaption class=\"wp-caption-text\">capim do texas<\/figcaption><\/figure>\n<p>Apesar de suas qualidades, o capim do Texas pode se tornar invasivo se n\u00e3o for bem manejado. \u00c9 importante realizar um controle regular, seja atrav\u00e9s de podas ou do uso de herbicidas seletivos. Lembrem-se, at\u00e9 as melhores inten\u00e7\u00f5es precisam de limites!<\/p>\n<h3>7. Capim do Texas como planta invasora<\/h3>\n<p>Falando em invas\u00e3o, em alguns lugares, o capim do Texas pode se espalhar rapidamente e competir com culturas locais. \u00c9 como aquele convidado da festa que n\u00e3o sabe a hora de ir embora e acaba tomando conta do sof\u00e1.<\/p>\n<h3>8. Capim do Texas e sua resist\u00eancia a condi\u00e7\u00f5es adversas<\/h3>\n<figure style=\"width: 1024px\" class=\"wp-caption aligncenter\"><img decoding=\"async\" src=\"https:\/\/www.aarquiteta.com.br\/blog\/wp-content\/uploads\/2024\/02\/capim-do-texas01.jpg\" alt=\"capim do texas\" width=\"1024\" height=\"1024\" title=\"\"><figcaption class=\"wp-caption-text\">capim do texas<\/figcaption><\/figure>\n<p>Seja sob o sol escaldante ou em solos menos f\u00e9rteis, o capim do Texas mostra sua for\u00e7a. Sua resist\u00eancia a condi\u00e7\u00f5es adversas \u00e9 um exemplo de persist\u00eancia na natureza. \u00c9 o tipo de planta que n\u00e3o desiste f\u00e1cil, um verdadeiro Rocky Balboa do reino vegetal.<\/p>\n<h3>9. Capim do Texas e sua capacidade de fixa\u00e7\u00e3o de nitrog\u00eanio<\/h3>\n<p>Embora o capim do Texas n\u00e3o seja um fixador de nitrog\u00eanio como as leguminosas, ele se beneficia da associa\u00e7\u00e3o com microrganismos que promovem essa fixa\u00e7\u00e3o no solo. \u00c9 um belo exemplo de trabalho em equipe na natureza.<\/p>\n<h3>10. Capim do Texas e sua contribui\u00e7\u00e3o para a conserva\u00e7\u00e3o do solo<\/h3>\n<p>Com suas ra\u00edzes profundas, o capim do Texas ajuda a manter o solo no lugar, combatendo a eros\u00e3o e contribuindo para a conserva\u00e7\u00e3o do meio ambiente. \u00c9 como se ele segurasse a terra com as m\u00e3os, dizendo: &#8220;Calma a\u00ed, n\u00e3o vamos perder o ch\u00e3o!&#8221;<\/p>\n<h3>Perguntas Frequentes<\/h3>\n<p><strong>1. O capim do Texas pode ser usado em qualquer tipo de solo?<\/strong><\/p>\n<p>Ele \u00e9 bem adapt\u00e1vel, mas prefere solos bem drenados. N\u00e3o \u00e9 muito exigente, mas n\u00e3o gosta de ficar com os &#8220;p\u00e9s&#8221; na \u00e1gua.<\/p>\n<p><strong>2. Qual \u00e9 a melhor forma de controlar o crescimento do capim do Texas?<\/strong><\/p>\n<p>Uma combina\u00e7\u00e3o de podas regulares e, se necess\u00e1rio, o uso de herbicidas seletivos. \u00c9 como dar um bom corte de cabelo: faz toda a diferen\u00e7a!<\/p>\n<p><strong>3. O capim do Texas pode ser plantado junto com outras culturas?<\/strong><\/p>\n<p>Sim, ele pode ser usado em sistemas de rota\u00e7\u00e3o de culturas para melhorar a qualidade do solo. \u00c9 um \u00f3timo colega de quarto para outras plantas.<\/p>\n<h3>Conclus\u00e3o<\/h3>\n<p>Em resumo, o capim do Texas \u00e9 uma planta com muitas faces. Pode ser um her\u00f3i na agricultura, um amigo dos animais e um charme no jardim. Mas, como tudo na vida, requer cuidado e aten\u00e7\u00e3o para que suas qualidades sejam aproveitadas sem causar problemas. E lembrem-se, at\u00e9 o capim mais resistente precisa de um pouco de amor e carinho!<\/p>\n<p><strong>Curiosidade:<\/strong> Voc\u00ea sabia que o capim do Texas tamb\u00e9m \u00e9 conhecido como grama-bermuda? Pois \u00e9, ele tem at\u00e9 um nome de praia, o que nos faz pensar nas suas origens subtropicais e na sua capacidade de se sentir em casa at\u00e9 mesmo sob o sol a pino!<\/p>\n<p><\/body><\/p>\n<p style=\"text-align: center;\">[amazon table=&#8221;88468&#8243;]\n","protected":false},"excerpt":{"rendered":"<p>Quer revolucionar seu jardim? Saiba mais sobre capim do texas. Tudo para um jardim perfeito!<\/p>\n","protected":false},"author":102,"featured_media":106253,"comment_status":"closed","ping_status":"closed","sticky":false,"template":"","format":"standard","meta":{"footnotes":""},"categories":[9612],"tags":[35198],"class_list":["post-106256","post","type-post","status-publish","format-standard","has-post-thumbnail","category-jardinagem","tag-cultivo-de-capim-do-texas-capim-do-texas"],"_wp_attached_file":null,"_wp_attachment_metadata":null,"_wp_attachment_context":null,"_wp_attachment_is_custom_header":null,"geo_longitude":null,"geo_public":null,"geo_latitude":null,"_publicize_done_external":null,"_wpas_done_3897181":null,"publicize_twitter_user":null,"_wpas_done_3897175":null,"_wpas_skip_3897181":null,"_wpas_skip_3897175":null,"_wpas_skip_3924723":null,"_wpas_mess":null,"_wpas_done_3924723":null,"wps_subtitle":"","_links":{"self":[{"href":"https:\/\/www.aarquiteta.com.br\/blog\/wp-json\/wp\/v2\/posts\/106256","targetHints":{"allow":["GET"]}}],"collection":[{"href":"https:\/\/www.aarquiteta.com.br\/blog\/wp-json\/wp\/v2\/posts"}],"about":[{"href":"https:\/\/www.aarquiteta.com.br\/blog\/wp-json\/wp\/v2\/types\/post"}],"author":[{"embeddable":true,"href":"https:\/\/www.aarquiteta.com.br\/blog\/wp-json\/wp\/v2\/users\/102"}],"replies":[{"embeddable":true,"href":"https:\/\/www.aarquiteta.com.br\/blog\/wp-json\/wp\/v2\/comments?post=106256"}],"version-history":[{"count":0,"href":"https:\/\/www.aarquiteta.com.br\/blog\/wp-json\/wp\/v2\/posts\/106256\/revisions"}],"wp:featuredmedia":[{"embeddable":true,"href":"https:\/\/www.aarquiteta.com.br\/blog\/wp-json\/wp\/v2\/media\/106253"}],"wp:attachment":[{"href":"https:\/\/www.aarquiteta.com.br\/blog\/wp-json\/wp\/v2\/media?parent=106256"}],"wp:term":[{"taxonomy":"category","embeddable":true,"href":"https:\/\/www.aarquiteta.com.br\/blog\/wp-json\/wp\/v2\/categories?post=106256"},{"taxonomy":"post_tag","embeddable":true,"href":"https:\/\/www.aarquiteta.com.br\/blog\/wp-json\/wp\/v2\/tags?post=106256"}],"curies":[{"name":"wp","href":"https:\/\/api.w.org\/{rel}","templated":true}]}}