{"id":106243,"date":"2024-02-18T17:01:01","date_gmt":"2024-02-18T20:01:01","guid":{"rendered":"http:\/\/aarquiteta.com.br\/?p=106243"},"modified":"2024-02-19T08:25:55","modified_gmt":"2024-02-19T11:25:55","slug":"escadas-modernas","status":"publish","type":"post","link":"https:\/\/www.aarquiteta.com.br\/blog\/escadas-modernas\/","title":{"rendered":"Escadas Modernas: 5 Designs Inovadores Para Sua Casa"},"content":{"rendered":"<p>&nbsp;<\/p>\n<p>Quando pensamos em escadas, muitas vezes as imaginamos como meras estruturas funcionais que nos levam de um andar para outro. No entanto, as escadas modernas romperam essa barreira, transformando-se em pe\u00e7as centrais de design que real\u00e7am a est\u00e9tica de qualquer espa\u00e7o. Vamos mergulhar no mundo das escadas modernas e descobrir como elas podem ser tanto funcionais quanto esculturas impressionantes em nossos lares ou locais de trabalho.<\/p>\n<ul>\n<li>Defini\u00e7\u00e3o e conceito de escadas modernas<\/li>\n<li>Os benef\u00edcios est\u00e9ticos e funcionais que elas oferecem<\/li>\n<li>Diversidade de materiais e estilos dispon\u00edveis<\/li>\n<li>Adapta\u00e7\u00e3o das escadas modernas para diferentes espa\u00e7os e ambientes<\/li>\n<li>Elementos inovadores como ilumina\u00e7\u00e3o e degraus flutuantes<\/li>\n<\/ul>\n<h3>1.1. O que s\u00e3o escadas modernas?<\/h3>\n<figure style=\"width: 1024px\" class=\"wp-caption aligncenter\"><img decoding=\"async\" src=\"https:\/\/www.aarquiteta.com.br\/blog\/wp-content\/uploads\/2024\/02\/escadas-modernas04.jpg\" alt=\"escadas modernas\" width=\"1024\" height=\"1024\" title=\"\"><figcaption class=\"wp-caption-text\">escadas modernas<\/figcaption><\/figure>\n<p>As escadas modernas s\u00e3o verdadeiras obras de arte. Elas v\u00e3o al\u00e9m da funcionalidade b\u00e1sica e se destacam pelo design inovador, linhas limpas e uso criativo de materiais. S\u00e3o pensadas para se integrarem harmoniosamente ao ambiente, contribuindo para a atmosfera e a identidade do espa\u00e7o.<\/p>\n<h3>1.2. Benef\u00edcios das escadas modernas<\/h3>\n<p>Al\u00e9m de serem um deleite para os olhos, as escadas modernas s\u00e3o projetadas para otimizar o espa\u00e7o. Elas podem melhorar a ilumina\u00e7\u00e3o natural de um ambiente e at\u00e9 mesmo servir como um elemento de divis\u00e3o sutil entre \u00e1reas distintas de um c\u00f4modo.<\/p>\n<h3>1.3. Materiais utilizados em escadas modernas<\/h3>\n<style id=\"wp_carousel_dynamic_css104055\">.sp-wp-carousel-free-id-104055.wpcf-fancybox-wrapper .fancybox-bg{background: #0b0b0b;opacity: 0.8;}.sp-wp-carousel-free-id-104055.wpcf-fancybox-wrapper .fancybox-navigation .fancybox-button .wpcp-fancybox-nav-arrow i {color: #ccc;}.sp-wp-carousel-free-id-104055.wpcf-fancybox-wrapper .fancybox-navigation .fancybox-button .wpcp-fancybox-nav-arrow i:hover {color: #fff;}.sp-wp-carousel-free-id-104055.wpcf-fancybox-wrapper .fancybox-navigation .fancybox-button {background: #1e1e1e;}.sp-wp-carousel-free-id-104055.wpcf-fancybox-wrapper .fancybox-navigation .fancybox-button:hover {background: #1e1e1e;}#sp-wp-carousel-free-id-104055 .wpcp-swiper-dots {margin: 40px 0px 0px 0px;}.wpcp-wrapper-104055 .swiper-wrapper .swiper-slide-kenburn, .wpcp-wrapper-104055 .swiper-wrapper, .wpcp-wrapper-104055 .wpcpro-row{align-items: center;}#sp-wp-carousel-free-id-104055 .wpcp-single-item {box-shadow: 0px 0px 0px 0px #dddddd;transition: all .3s;margin: 0px;}#sp-wp-carousel-free-id-104055.swiper-flip .wpcp-single-item{margin: 0!important;}#sp-wp-carousel-free-id-104055 .wpcp-single-item:hover {box-shadow: 0px 0px 0px 0px #dddddd;}#sp-wp-carousel-free-id-104055.sp-wpcp-104055 .wpcp-single-item {border: 1px solid #dddddd;}#sp-wp-carousel-free-id-104055.sp-wpcp-104055 .swiper-button-prev,#sp-wp-carousel-free-id-104055.sp-wpcp-104055 .swiper-button-next,#sp-wp-carousel-free-id-104055.sp-wpcp-104055 .swiper-button-prev:hover,#sp-wp-carousel-free-id-104055.sp-wpcp-104055 .swiper-button-next:hover {background: none;border: none;font-size: 30px;}#sp-wp-carousel-free-id-104055.sp-wpcp-104055 .swiper-button-prev i,#sp-wp-carousel-free-id-104055.sp-wpcp-104055 .swiper-button-next i {color: #aaa;}#sp-wp-carousel-free-id-104055.sp-wpcp-104055 .swiper-button-prev i:hover,#sp-wp-carousel-free-id-104055.sp-wpcp-104055 .swiper-button-next i:hover {color: #178087;}#sp-wp-carousel-free-id-104055.sp-wpcp-104055 .wpcp-swiper-dots .swiper-pagination-bullet {background-color: #cccccc;}#sp-wp-carousel-free-id-104055.sp-wpcp-104055 .wpcp-swiper-dots .swiper-pagination-bullet.swiper-pagination-bullet-active {background-color: #178087;} #sp-wp-carousel-free-id-104055.sp-wpcp-104055.wpcp-image-carousel .wpcp-single-item:hover img, #sp-wp-carousel-free-id-104055.sp-wpcp-104055.wpcp-post-carousel .wpcp-single-item:hover img, #sp-wp-carousel-free-id-104055.sp-wpcp-104055.wpcp-product-carousel .wpcp-single-item:hover img{-webkit-transform: scale(1.2);-moz-transform: scale(1.2);transform: scale(1.2);}#sp-wp-carousel-free-id-104055 .wpcpro-row>[class*=\"wpcpro-col-\"] { padding: 0 10px; padding-bottom: 20px;} #sp-wp-carousel-free-id-104055 .swiper-slide .single-item-fade:not(:last-child) { margin-right: 20px;}@media (min-width: 480px) { .wpcpro-row .wpcpro-col-sm-1 { flex: 0 0 100%; max-width: 100%; } .wpcpro-row .wpcpro-col-sm-2 { flex: 0 0 50%; max-width: 50%; } .wpcpro-row .wpcpro-col-sm-2-5 { flex: 0 0 75%; max-width: 75%; } .wpcpro-row .wpcpro-col-sm-3 { flex: 0 0 33.333%; max-width: 33.333%; } .wpcpro-row .wpcpro-col-sm-4 { flex: 0 0 25%; max-width: 25%; } .wpcpro-row .wpcpro-col-sm-5 { flex: 0 0 20%; max-width: 20%; } .wpcpro-row .wpcpro-col-sm-6 { flex: 0 0 16.66666666666667%; max-width: 16.66666666666667%; } .wpcpro-row .wpcpro-col-sm-7 { flex: 0 0 14.28571428%; max-width: 14.28571428%; } .wpcpro-row .wpcpro-col-sm-8 { flex: 0 0 12.5%; max-width: 12.5%; } } @media (max-width: 480px) { .wpcpro-row .wpcpro-col-xs-1 { flex: 0 0 100%; max-width: 100%; } .wpcpro-row .wpcpro-col-xs-2 { flex: 0 0 50%; max-width: 50%; } .wpcpro-row .wpcpro-col-xs-3 { flex: 0 0 33.222%; max-width: 33.222%; } .wpcpro-row .wpcpro-col-xs-4 { flex: 0 0 25%; max-width: 25%; } .wpcpro-row .wpcpro-col-xs-5 { flex: 0 0 20%; max-width: 20%; } .wpcpro-row .wpcpro-col-xs-6 { flex: 0 0 16.6667%; max-width: 16.6667%; } .wpcpro-row .wpcpro-col-xs-7 { flex: 0 0 14.28571428%; max-width: 14.28571428%; } .wpcpro-row .wpcpro-col-xs-8 { flex: 0 0 12.5%; max-width: 12.5%; } } @media (min-width: 736px) { .wpcpro-row .wpcpro-col-md-1 { flex: 0 0 100%; max-width: 100%; } .wpcpro-row .wpcpro-col-md-2 { flex: 0 0 50%; max-width: 50%; } .wpcpro-row .wpcpro-col-md-2-5 { flex: 0 0 75%; max-width: 75%; } .wpcpro-row .wpcpro-col-md-3 { flex: 0 0 33.333%; max-width: 33.333%; } .wpcpro-row .wpcpro-col-md-4 { flex: 0 0 25%; max-width: 25%; } .wpcpro-row .wpcpro-col-md-5 { flex: 0 0 20%; max-width: 20%; } .wpcpro-row .wpcpro-col-md-6 { flex: 0 0 16.66666666666667%; max-width: 16.66666666666667%; } .wpcpro-row .wpcpro-col-md-7 { flex: 0 0 14.28571428%; max-width: 14.28571428%; } .wpcpro-row .wpcpro-col-md-8 { flex: 0 0 12.5%; max-width: 12.5%; } } @media (min-width: 980px) { .wpcpro-row .wpcpro-col-lg-1 { flex: 0 0 100%; max-width: 100%; } .wpcpro-row .wpcpro-col-lg-2 { flex: 0 0 50%; max-width: 50%; } .wpcpro-row .wpcpro-col-lg-3 { flex: 0 0 33.222%; max-width: 33.222%; } .wpcpro-row .wpcpro-col-lg-4 { flex: 0 0 25%; max-width: 25%; } .wpcpro-row .wpcpro-col-lg-5 { flex: 0 0 20%; max-width: 20%; } .wpcpro-row .wpcpro-col-lg-6 { flex: 0 0 16.6667%; max-width: 16.6667%; } .wpcpro-row .wpcpro-col-lg-7 { flex: 0 0 14.28571428%; max-width: 14.28571428%; } .wpcpro-row .wpcpro-col-lg-8 { flex: 0 0 12.5%; max-width: 12.5%; } } @media (min-width: 1200px) { .wpcpro-row .wpcpro-col-xl-1 { flex: 0 0 100%; max-width: 100%; } .wpcpro-row .wpcpro-col-xl-2 { flex: 0 0 50%; max-width: 50%; } .wpcpro-row .wpcpro-col-xl-3 { flex: 0 0 33.22222222%; max-width: 33.22222222%; } .wpcpro-row .wpcpro-col-xl-4 { flex: 0 0 25%; max-width: 25%; } .wpcpro-row .wpcpro-col-xl-5 { flex: 0 0 20%; max-width: 20%; } .wpcpro-row .wpcpro-col-xl-6 { flex: 0 0 16.66667%; max-width: 16.66667%; } .wpcpro-row .wpcpro-col-xl-7 { flex: 0 0 14.28571428%; max-width: 14.28571428%; } .wpcpro-row .wpcpro-col-xl-8 { flex: 0 0 12.5%; max-width: 12.5%; } }<\/style><div class=\"wpcp-carousel-wrapper wpcp-wrapper-104055\">\n\t<div id=\"wpcp-preloader-104055\" class=\"wpcp-carousel-preloader\"><img decoding=\"async\" src=\"https:\/\/www.aarquiteta.com.br\/blog\/wp-content\/plugins\/wp-carousel-free\/public\/css\/spinner.svg\" alt=\"Preloader Image\" title=\"\"><\/div>\t<div class=\"wpcp-carousel-content-wrapper\">\n\t<div id=\"sp-wp-carousel-free-id-104055\" class=\"wpcp-carousel-section sp-wpcp-104055  nav-vertical-center wpcp-image-carousel wpcp-preloader wpcp-standard\" data-swiper='{ &quot;pagination_type&quot;: &quot;dots&quot;,&quot;accessibility&quot;:true, &quot;spaceBetween&quot;:20, &quot;arrows&quot;:false, &quot;freeMode&quot;: false, &quot;autoplay&quot;:true, &quot;effect&quot;: &quot;&quot;, &quot;centerMode&quot;: false, &quot;autoplaySpeed&quot;:3000, &quot;dots&quot;:true, &quot;infinite&quot;:true, &quot;speed&quot;:600, &quot;pauseOnHover&quot;:true,\n\t\t\t&quot;slidesToShow&quot;:{&quot;lg_desktop&quot;:5, &quot;desktop&quot;: 4, &quot;laptop&quot;: 3, &quot;tablet&quot;: 2, &quot;mobile&quot;: 1}, &quot;responsive&quot;:{&quot;desktop&quot;:1200, &quot;laptop&quot;: 980, &quot;tablet&quot;: 736, &quot;mobile&quot;: 480}, &quot;rtl&quot;:false, &quot;lazyLoad&quot;: &quot;false&quot;, &quot;swipe&quot;: true, &quot;draggable&quot;: true, &quot;swipeToSlide&quot;:false }' dir=\"ltr\">\n\t\t<div class=\"swiper-wrapper\">\n\t\t<div class=\"swiper-slide\">\n\t<div class=\"wpcp-single-item\">\n\t\t\t<a class=\"wcp-light-box\" data-buttons='[\"close\"]' data-wpc_url='https:\/\/www.aarquiteta.com.br\/blog\/wp-content\/uploads\/2023\/12\/revestimento-para-escada-interna04.jpg' href=\"https:\/\/www.aarquiteta.com.br\/blog\/wp-content\/uploads\/2023\/12\/revestimento-para-escada-interna04.jpg\" data-fancybox=\"wpcp_view\">\n\t\t<figure>\n\t\t\t<img decoding=\"async\" class=\"skip-lazy\" src=\"https:\/\/www.aarquiteta.com.br\/blog\/wp-content\/uploads\/2023\/12\/revestimento-para-escada-interna04.jpg\" alt=\"revestimento para escada interna\" width=\"1024\" height=\"1024\" title=\"\">\t\t<\/figure>\n\t<\/a>\n\t\t<\/div>\n<\/div>\n\t<div class=\"swiper-slide\">\n\t<div class=\"wpcp-single-item\">\n\t\t\t<a class=\"wcp-light-box\" data-buttons='[\"close\"]' data-wpc_url='https:\/\/www.aarquiteta.com.br\/blog\/wp-content\/uploads\/2023\/12\/revestimento-para-escada-interna01.jpg' href=\"https:\/\/www.aarquiteta.com.br\/blog\/wp-content\/uploads\/2023\/12\/revestimento-para-escada-interna01.jpg\" data-fancybox=\"wpcp_view\">\n\t\t<figure>\n\t\t\t<img decoding=\"async\" class=\"skip-lazy\" src=\"https:\/\/www.aarquiteta.com.br\/blog\/wp-content\/uploads\/2023\/12\/revestimento-para-escada-interna01.jpg\" alt=\"revestimento para escada interna\" width=\"1024\" height=\"1024\" title=\"\">\t\t<\/figure>\n\t<\/a>\n\t\t<\/div>\n<\/div>\n\t<div class=\"swiper-slide\">\n\t<div class=\"wpcp-single-item\">\n\t\t\t<a class=\"wcp-light-box\" data-buttons='[\"close\"]' data-wpc_url='https:\/\/www.aarquiteta.com.br\/blog\/wp-content\/uploads\/2023\/11\/escada-helicoidal-blog-da-arquitetura-7.jpg' href=\"https:\/\/www.aarquiteta.com.br\/blog\/wp-content\/uploads\/2023\/11\/escada-helicoidal-blog-da-arquitetura-7.jpg\" data-fancybox=\"wpcp_view\">\n\t\t<figure>\n\t\t\t<img decoding=\"async\" class=\"skip-lazy\" src=\"https:\/\/www.aarquiteta.com.br\/blog\/wp-content\/uploads\/2023\/11\/escada-helicoidal-blog-da-arquitetura-7.jpg\" alt=\"arquitetura e a engenharia das escadas helicoidais\" width=\"1024\" height=\"683\" title=\"\">\t\t<\/figure>\n\t<\/a>\n\t\t<\/div>\n<\/div>\n\t<div class=\"swiper-slide\">\n\t<div class=\"wpcp-single-item\">\n\t\t\t<a class=\"wcp-light-box\" data-buttons='[\"close\"]' data-wpc_url='https:\/\/www.aarquiteta.com.br\/blog\/wp-content\/uploads\/2023\/11\/escadas-de-madeira01.jpg' href=\"https:\/\/www.aarquiteta.com.br\/blog\/wp-content\/uploads\/2023\/11\/escadas-de-madeira01.jpg\" data-fancybox=\"wpcp_view\">\n\t\t<figure>\n\t\t\t<img decoding=\"async\" class=\"skip-lazy\" src=\"https:\/\/www.aarquiteta.com.br\/blog\/wp-content\/uploads\/2023\/11\/escadas-de-madeira01.jpg\" alt=\"escadas de madeira\" width=\"1024\" height=\"1024\" title=\"\">\t\t<\/figure>\n\t<\/a>\n\t\t<\/div>\n<\/div>\n\t<div class=\"swiper-slide\">\n\t<div class=\"wpcp-single-item\">\n\t\t\t<a class=\"wcp-light-box\" data-buttons='[\"close\"]' data-wpc_url='https:\/\/www.aarquiteta.com.br\/blog\/wp-content\/uploads\/2023\/10\/escada-externa04.jpg' href=\"https:\/\/www.aarquiteta.com.br\/blog\/wp-content\/uploads\/2023\/10\/escada-externa04.jpg\" data-fancybox=\"wpcp_view\">\n\t\t<figure>\n\t\t\t<img decoding=\"async\" class=\"skip-lazy\" src=\"https:\/\/www.aarquiteta.com.br\/blog\/wp-content\/uploads\/2023\/10\/escada-externa04.jpg\" alt=\"escada externa\" width=\"1024\" height=\"1024\" title=\"\">\t\t<\/figure>\n\t<\/a>\n\t\t<\/div>\n<\/div>\n\t<div class=\"swiper-slide\">\n\t<div class=\"wpcp-single-item\">\n\t\t\t<a class=\"wcp-light-box\" data-buttons='[\"close\"]' data-wpc_url='https:\/\/www.aarquiteta.com.br\/blog\/wp-content\/uploads\/2023\/10\/escada-externa01.jpg' href=\"https:\/\/www.aarquiteta.com.br\/blog\/wp-content\/uploads\/2023\/10\/escada-externa01.jpg\" data-fancybox=\"wpcp_view\">\n\t\t<figure>\n\t\t\t<img decoding=\"async\" class=\"skip-lazy\" src=\"https:\/\/www.aarquiteta.com.br\/blog\/wp-content\/uploads\/2023\/10\/escada-externa01.jpg\" alt=\"escada externa\" width=\"1024\" height=\"1024\" title=\"\">\t\t<\/figure>\n\t<\/a>\n\t\t<\/div>\n<\/div>\n\t<div class=\"swiper-slide\">\n\t<div class=\"wpcp-single-item\">\n\t\t\t<a class=\"wcp-light-box\" data-buttons='[\"close\"]' data-wpc_url='https:\/\/www.aarquiteta.com.br\/blog\/wp-content\/uploads\/2023\/09\/decoracao-embaixo-da-escada-1.png' href=\"https:\/\/www.aarquiteta.com.br\/blog\/wp-content\/uploads\/2023\/09\/decoracao-embaixo-da-escada-1.png\" data-fancybox=\"wpcp_view\">\n\t\t<figure>\n\t\t\t<img decoding=\"async\" class=\"skip-lazy\" src=\"https:\/\/www.aarquiteta.com.br\/blog\/wp-content\/uploads\/2023\/09\/decoracao-embaixo-da-escada-1.png\" alt=\"decora\u00e7\u00e3o embaixo da escada\" width=\"1024\" height=\"1024\" title=\"\">\t\t<\/figure>\n\t<\/a>\n\t\t<\/div>\n<\/div>\n\t<div class=\"swiper-slide\">\n\t<div class=\"wpcp-single-item\">\n\t\t\t<a class=\"wcp-light-box\" data-buttons='[\"close\"]' data-wpc_url='https:\/\/www.aarquiteta.com.br\/blog\/wp-content\/uploads\/2023\/09\/decoracao-embaixo-da-escada-2.png' href=\"https:\/\/www.aarquiteta.com.br\/blog\/wp-content\/uploads\/2023\/09\/decoracao-embaixo-da-escada-2.png\" data-fancybox=\"wpcp_view\">\n\t\t<figure>\n\t\t\t<img decoding=\"async\" class=\"skip-lazy\" src=\"https:\/\/www.aarquiteta.com.br\/blog\/wp-content\/uploads\/2023\/09\/decoracao-embaixo-da-escada-2.png\" alt=\"decora\u00e7\u00e3o embaixo da escada\" width=\"1024\" height=\"1024\" title=\"\">\t\t<\/figure>\n\t<\/a>\n\t\t<\/div>\n<\/div>\n\t<div class=\"swiper-slide\">\n\t<div class=\"wpcp-single-item\">\n\t\t\t<a class=\"wcp-light-box\" data-buttons='[\"close\"]' data-wpc_url='https:\/\/www.aarquiteta.com.br\/blog\/wp-content\/uploads\/2023\/04\/escada17.webp' href=\"https:\/\/www.aarquiteta.com.br\/blog\/wp-content\/uploads\/2023\/04\/escada17.webp\" data-fancybox=\"wpcp_view\">\n\t\t<figure>\n\t\t\t<img decoding=\"async\" class=\"skip-lazy\" src=\"https:\/\/www.aarquiteta.com.br\/blog\/wp-content\/uploads\/2023\/04\/escada17.webp\" alt=\"escada17\" width=\"820\" height=\"900\" title=\"\">\t\t<\/figure>\n\t<\/a>\n\t\t<\/div>\n<\/div>\n\t<div class=\"swiper-slide\">\n\t<div class=\"wpcp-single-item\">\n\t\t\t<a class=\"wcp-light-box\" data-buttons='[\"close\"]' data-wpc_url='https:\/\/www.aarquiteta.com.br\/blog\/wp-content\/uploads\/2023\/04\/escada13.jpg' href=\"https:\/\/www.aarquiteta.com.br\/blog\/wp-content\/uploads\/2023\/04\/escada13.jpg\" data-fancybox=\"wpcp_view\">\n\t\t<figure>\n\t\t\t<img decoding=\"async\" class=\"skip-lazy\" src=\"https:\/\/www.aarquiteta.com.br\/blog\/wp-content\/uploads\/2023\/04\/escada13.jpg\" alt=\"escada13\" width=\"800\" height=\"533\" title=\"\">\t\t<\/figure>\n\t<\/a>\n\t\t<\/div>\n<\/div>\n\t<div class=\"swiper-slide\">\n\t<div class=\"wpcp-single-item\">\n\t\t\t<a class=\"wcp-light-box\" data-buttons='[\"close\"]' data-wpc_url='https:\/\/www.aarquiteta.com.br\/blog\/wp-content\/uploads\/2023\/04\/escada5.jpg' href=\"https:\/\/www.aarquiteta.com.br\/blog\/wp-content\/uploads\/2023\/04\/escada5.jpg\" data-fancybox=\"wpcp_view\">\n\t\t<figure>\n\t\t\t<img decoding=\"async\" class=\"skip-lazy\" src=\"https:\/\/www.aarquiteta.com.br\/blog\/wp-content\/uploads\/2023\/04\/escada5.jpg\" alt=\"escada5\" width=\"564\" height=\"352\" title=\"\">\t\t<\/figure>\n\t<\/a>\n\t\t<\/div>\n<\/div>\n\t<div class=\"swiper-slide\">\n\t<div class=\"wpcp-single-item\">\n\t\t\t<a class=\"wcp-light-box\" data-buttons='[\"close\"]' data-wpc_url='https:\/\/www.aarquiteta.com.br\/blog\/wp-content\/uploads\/2023\/04\/escada2.jpg' href=\"https:\/\/www.aarquiteta.com.br\/blog\/wp-content\/uploads\/2023\/04\/escada2.jpg\" data-fancybox=\"wpcp_view\">\n\t\t<figure>\n\t\t\t<img decoding=\"async\" class=\"skip-lazy\" src=\"https:\/\/www.aarquiteta.com.br\/blog\/wp-content\/uploads\/2023\/04\/escada2.jpg\" alt=\"escada2\" width=\"445\" height=\"296\" title=\"\">\t\t<\/figure>\n\t<\/a>\n\t\t<\/div>\n<\/div>\n\t<div class=\"swiper-slide\">\n\t<div class=\"wpcp-single-item\">\n\t\t\t<a class=\"wcp-light-box\" data-buttons='[\"close\"]' data-wpc_url='https:\/\/www.aarquiteta.com.br\/blog\/wp-content\/uploads\/2022\/10\/cropped-Escadaria-da-Casa-Puente-Maximiliano-Lago-Arquitectura.jpg' href=\"https:\/\/www.aarquiteta.com.br\/blog\/wp-content\/uploads\/2022\/10\/cropped-Escadaria-da-Casa-Puente-Maximiliano-Lago-Arquitectura.jpg\" data-fancybox=\"wpcp_view\">\n\t\t<figure>\n\t\t\t<img decoding=\"async\" class=\"skip-lazy\" src=\"https:\/\/www.aarquiteta.com.br\/blog\/wp-content\/uploads\/2022\/10\/cropped-Escadaria-da-Casa-Puente-Maximiliano-Lago-Arquitectura.jpg\" alt=\"escadas modernas e lindas\" width=\"640\" height=\"853\" title=\"\">\t\t<\/figure>\n\t<\/a>\n\t\t<\/div>\n<\/div>\n\t<div class=\"swiper-slide\">\n\t<div class=\"wpcp-single-item\">\n\t\t\t<a class=\"wcp-light-box\" data-buttons='[\"close\"]' data-wpc_url='https:\/\/www.aarquiteta.com.br\/blog\/wp-content\/uploads\/2021\/11\/cropped-fita-de-led-escada.jpg' href=\"https:\/\/www.aarquiteta.com.br\/blog\/wp-content\/uploads\/2021\/11\/cropped-fita-de-led-escada.jpg\" data-fancybox=\"wpcp_view\">\n\t\t<figure>\n\t\t\t<img decoding=\"async\" class=\"skip-lazy\" src=\"https:\/\/www.aarquiteta.com.br\/blog\/wp-content\/uploads\/2021\/11\/cropped-fita-de-led-escada.jpg\" alt=\"cropped-fita-de-led-escada.jpg\" width=\"640\" height=\"853\" title=\"\">\t\t<\/figure>\n\t<\/a>\n\t\t<\/div>\n<\/div>\n\t<div class=\"swiper-slide\">\n\t<div class=\"wpcp-single-item\">\n\t\t\t<a class=\"wcp-light-box\" data-buttons='[\"close\"]' data-wpc_url='https:\/\/www.aarquiteta.com.br\/blog\/wp-content\/uploads\/2019\/06\/escada-helicoidal-blog-da-arquitetura-1.jpg' href=\"https:\/\/www.aarquiteta.com.br\/blog\/wp-content\/uploads\/2019\/06\/escada-helicoidal-blog-da-arquitetura-1.jpg\" data-fancybox=\"wpcp_view\">\n\t\t<figure>\n\t\t\t<img decoding=\"async\" class=\"skip-lazy\" src=\"https:\/\/www.aarquiteta.com.br\/blog\/wp-content\/uploads\/2019\/06\/escada-helicoidal-blog-da-arquitetura-1.jpg\" alt=\"arquitetura e a engenharia das escadas helicoidais\" width=\"800\" height=\"420\" title=\"\">\t\t<\/figure>\n\t<\/a>\n\t\t<\/div>\n<\/div>\n\t<div class=\"swiper-slide\">\n\t<div class=\"wpcp-single-item\">\n\t\t\t<a class=\"wcp-light-box\" data-buttons='[\"close\"]' data-wpc_url='https:\/\/www.aarquiteta.com.br\/blog\/wp-content\/uploads\/2022\/03\/3-tipos-de-modelos-de-escadas-para-sua-casa..jpg' href=\"https:\/\/www.aarquiteta.com.br\/blog\/wp-content\/uploads\/2022\/03\/3-tipos-de-modelos-de-escadas-para-sua-casa..jpg\" data-fancybox=\"wpcp_view\">\n\t\t<figure>\n\t\t\t<img decoding=\"async\" class=\"skip-lazy\" src=\"https:\/\/www.aarquiteta.com.br\/blog\/wp-content\/uploads\/2022\/03\/3-tipos-de-modelos-de-escadas-para-sua-casa..jpg\" alt=\"3 tipos de modelos de escadas para sua casa.\" width=\"700\" height=\"400\" title=\"\">\t\t<\/figure>\n\t<\/a>\n\t\t<\/div>\n<\/div>\n\t<div class=\"swiper-slide\">\n\t<div class=\"wpcp-single-item\">\n\t\t\t<a class=\"wcp-light-box\" data-buttons='[\"close\"]' data-wpc_url='https:\/\/www.aarquiteta.com.br\/blog\/wp-content\/uploads\/2022\/03\/3-tipos-de-modelos-de-escadas-para-sua-casa.4.jpg' href=\"https:\/\/www.aarquiteta.com.br\/blog\/wp-content\/uploads\/2022\/03\/3-tipos-de-modelos-de-escadas-para-sua-casa.4.jpg\" data-fancybox=\"wpcp_view\">\n\t\t<figure>\n\t\t\t<img decoding=\"async\" class=\"skip-lazy\" src=\"https:\/\/www.aarquiteta.com.br\/blog\/wp-content\/uploads\/2022\/03\/3-tipos-de-modelos-de-escadas-para-sua-casa.4.jpg\" alt=\"Escada vazada, material mais leve\" width=\"700\" height=\"400\" title=\"\">\t\t<\/figure>\n\t<\/a>\n\t\t<\/div>\n<\/div>\n\t<div class=\"swiper-slide\">\n\t<div class=\"wpcp-single-item\">\n\t\t\t<a class=\"wcp-light-box\" data-buttons='[\"close\"]' data-wpc_url='https:\/\/www.aarquiteta.com.br\/blog\/wp-content\/uploads\/2022\/03\/3-tipos-de-modelos-de-escadas-para-sua-casa.5.jpg' href=\"https:\/\/www.aarquiteta.com.br\/blog\/wp-content\/uploads\/2022\/03\/3-tipos-de-modelos-de-escadas-para-sua-casa.5.jpg\" data-fancybox=\"wpcp_view\">\n\t\t<figure>\n\t\t\t<img decoding=\"async\" class=\"skip-lazy\" src=\"https:\/\/www.aarquiteta.com.br\/blog\/wp-content\/uploads\/2022\/03\/3-tipos-de-modelos-de-escadas-para-sua-casa.5.jpg\" alt=\"Escada espiral\" width=\"700\" height=\"400\" title=\"\">\t\t<\/figure>\n\t<\/a>\n\t\t<\/div>\n<\/div>\n\t<div class=\"swiper-slide\">\n\t<div class=\"wpcp-single-item\">\n\t\t\t<a class=\"wcp-light-box\" data-buttons='[\"close\"]' data-wpc_url='https:\/\/www.aarquiteta.com.br\/blog\/wp-content\/uploads\/2021\/11\/fita-de-led-escada.jpg' href=\"https:\/\/www.aarquiteta.com.br\/blog\/wp-content\/uploads\/2021\/11\/fita-de-led-escada.jpg\" data-fancybox=\"wpcp_view\">\n\t\t<figure>\n\t\t\t<img decoding=\"async\" class=\"skip-lazy\" src=\"https:\/\/www.aarquiteta.com.br\/blog\/wp-content\/uploads\/2021\/11\/fita-de-led-escada.jpg\" alt=\"fita de led escada\" width=\"487\" height=\"522\" title=\"\">\t\t<\/figure>\n\t<\/a>\n\t\t<\/div>\n<\/div>\n\t\t\t<\/div>\n\t\t\t\t\t<div class=\"wpcp-swiper-dots swiper-pagination\"><\/div>\n\t\t\t\t<!-- If we need navigation buttons -->\n\t\t\t<\/div>\n\t<\/div>\n<\/div>\n\n<p>Os materiais s\u00e3o escolhidos a dedo para cada projeto. Vidro, a\u00e7o, madeira e concreto s\u00e3o apenas alguns exemplos que, quando combinados, podem criar uma pe\u00e7a \u00fanica e personalizada.<\/p>\n<h3>1.4. Estilos de escadas modernas<\/h3>\n<p>Do minimalismo ao industrial, h\u00e1 um estilo para cada gosto. As escadas podem ser retas, em espiral, helicoidais ou at\u00e9 mesmo ter degraus que parecem flutuar.<\/p>\n<h3>1.5. Escadas modernas para espa\u00e7os pequenos<\/h3>\n<p>Para espa\u00e7os menores, as escadas modernas podem ser verdadeiros quebra-cabe\u00e7as, aproveitando cada cent\u00edmetro dispon\u00edvel sem comprometer a est\u00e9tica.<\/p>\n<h3>1.6. Escadas modernas para espa\u00e7os amplos<\/h3>\n<figure style=\"width: 1024px\" class=\"wp-caption aligncenter\"><img decoding=\"async\" src=\"https:\/\/www.aarquiteta.com.br\/blog\/wp-content\/uploads\/2024\/02\/escadas-modernas02.jpg\" alt=\"escadas modernas\" width=\"1024\" height=\"1024\" title=\"\"><figcaption class=\"wp-caption-text\">escadas modernas<\/figcaption><\/figure>\n<p>Em ambientes mais amplos, as escadas podem se tornar a pe\u00e7a central, um ponto focal que dita o tom de todo o espa\u00e7o.<\/p>\n<h3>1.7. Escadas modernas para ambientes internos<\/h3>\n<p>Internamente, as escadas modernas podem ajudar a definir a paleta de cores e o estilo de decora\u00e7\u00e3o, al\u00e9m de serem um elemento surpreendente na arquitetura de interiores.<\/p>\n<h3>1.8. Escadas modernas para ambientes externos<\/h3>\n<figure style=\"width: 1024px\" class=\"wp-caption aligncenter\"><img decoding=\"async\" src=\"https:\/\/www.aarquiteta.com.br\/blog\/wp-content\/uploads\/2024\/02\/escadas-modernas01.jpg\" alt=\"escadas modernas\" width=\"1024\" height=\"1024\" title=\"\"><figcaption class=\"wp-caption-text\">escadas modernas<\/figcaption><\/figure>\n<p>Externamente, elas precisam ser n\u00e3o apenas bonitas, mas tamb\u00e9m resistentes \u00e0s intemp\u00e9ries. Aqui, a funcionalidade se alia \u00e0 durabilidade sem perder o charme.<\/p>\n<h3>1.9. Escadas modernas com ilumina\u00e7\u00e3o<\/h3>\n<p>A ilumina\u00e7\u00e3o embutida pode transformar uma escada moderna em uma instala\u00e7\u00e3o luminosa, criando um ambiente acolhedor e seguro.<\/p>\n<h3>1.10. Escadas modernas com corrim\u00e3o<\/h3>\n<figure style=\"width: 1024px\" class=\"wp-caption aligncenter\"><img decoding=\"async\" src=\"https:\/\/www.aarquiteta.com.br\/blog\/wp-content\/uploads\/2024\/02\/escadas-modernas03.jpg\" alt=\"escadas modernas\" width=\"1024\" height=\"1024\" title=\"\"><figcaption class=\"wp-caption-text\">escadas modernas<\/figcaption><\/figure>\n<p>O corrim\u00e3o, al\u00e9m de ser um elemento de seguran\u00e7a, \u00e9 mais uma oportunidade de design. Materiais transparentes ou met\u00e1licos podem adicionar um toque de sofistica\u00e7\u00e3o.<\/p>\n<h3>1.11. Escadas modernas com degraus flutuantes<\/h3>\n<p>Degrais que parecem flutuar d\u00e3o um ar de magia e leveza ao ambiente, desafiando a gravidade e capturando olhares.<\/p>\n<h3>1.12. Escadas modernas com design minimalista<\/h3>\n<p>O minimalismo nas escadas se traduz em linhas simples e uso restrito de materiais, resultando em uma beleza serena e atemporal.<\/p>\n<h3>Perguntas Frequentes<\/h3>\n<ol>\n<li><strong>Quais s\u00e3o os principais materiais utilizados em escadas modernas?<\/strong><br \/>\nOs materiais mais comuns incluem vidro, a\u00e7o, madeira e concreto. A escolha depende do estilo desejado e das necessidades estruturais do espa\u00e7o.<\/li>\n<li><strong>Como escolher o estilo de escada moderna ideal para o meu espa\u00e7o?<\/strong><br \/>\nConsidere o tamanho do espa\u00e7o, a decora\u00e7\u00e3o existente e a funcionalidade necess\u00e1ria. Uma consulta com um designer de interiores pode ajudar a tomar a decis\u00e3o certa.<\/li>\n<li><strong>Quais s\u00e3o as vantagens de ter uma escada moderna com ilumina\u00e7\u00e3o?<\/strong><br \/>\nA ilumina\u00e7\u00e3o n\u00e3o s\u00f3 real\u00e7a a beleza da escada como tamb\u00e9m aumenta a seguran\u00e7a, evitando acidentes em ambientes com pouca luz.<\/li>\n<\/ol>\n<p>Em resumo, as escadas modernas s\u00e3o muito mais do que simples conex\u00f5es entre andares. Elas s\u00e3o express\u00f5es de estilo, inova\u00e7\u00e3o e criatividade, capazes de transformar qualquer espa\u00e7o. Ao escolher uma escada moderna, voc\u00ea n\u00e3o est\u00e1 apenas selecionando uma estrutura funcional, mas tamb\u00e9m uma pe\u00e7a de design que reflete sua personalidade e eleva a est\u00e9tica do seu ambiente.<\/p>\n<p>Curiosidade: Voc\u00ea sabia que algumas escadas modernas s\u00e3o projetadas para serem t\u00e3o leves e aerodin\u00e2micas que quase parecem desafiar as leis da f\u00edsica? \u00c9 a combina\u00e7\u00e3o perfeita de engenharia e arte!<\/p>\n<p>&nbsp;<\/p>\n<p style=\"text-align: center;\">[amazon table=&#8221;82943&#8243;]\n","protected":false},"excerpt":{"rendered":"<p>Quer uma escadas modernas de tirar o f\u00f4lego? Descubra inspira\u00e7\u00f5es aqui!<\/p>\n","protected":false},"author":102,"featured_media":106239,"comment_status":"closed","ping_status":"closed","sticky":false,"template":"","format":"standard","meta":{"footnotes":""},"categories":[1484],"tags":[],"class_list":["post-106243","post","type-post","status-publish","format-standard","has-post-thumbnail","category-decoracao"],"_wp_attached_file":null,"_wp_attachment_metadata":null,"_wp_attachment_context":null,"_wp_attachment_is_custom_header":null,"geo_longitude":null,"geo_public":null,"geo_latitude":null,"_publicize_done_external":null,"_wpas_done_3897181":null,"publicize_twitter_user":null,"_wpas_done_3897175":null,"_wpas_skip_3897181":null,"_wpas_skip_3897175":null,"_wpas_skip_3924723":null,"_wpas_mess":null,"_wpas_done_3924723":null,"wps_subtitle":"","_links":{"self":[{"href":"https:\/\/www.aarquiteta.com.br\/blog\/wp-json\/wp\/v2\/posts\/106243","targetHints":{"allow":["GET"]}}],"collection":[{"href":"https:\/\/www.aarquiteta.com.br\/blog\/wp-json\/wp\/v2\/posts"}],"about":[{"href":"https:\/\/www.aarquiteta.com.br\/blog\/wp-json\/wp\/v2\/types\/post"}],"author":[{"embeddable":true,"href":"https:\/\/www.aarquiteta.com.br\/blog\/wp-json\/wp\/v2\/users\/102"}],"replies":[{"embeddable":true,"href":"https:\/\/www.aarquiteta.com.br\/blog\/wp-json\/wp\/v2\/comments?post=106243"}],"version-history":[{"count":0,"href":"https:\/\/www.aarquiteta.com.br\/blog\/wp-json\/wp\/v2\/posts\/106243\/revisions"}],"wp:featuredmedia":[{"embeddable":true,"href":"https:\/\/www.aarquiteta.com.br\/blog\/wp-json\/wp\/v2\/media\/106239"}],"wp:attachment":[{"href":"https:\/\/www.aarquiteta.com.br\/blog\/wp-json\/wp\/v2\/media?parent=106243"}],"wp:term":[{"taxonomy":"category","embeddable":true,"href":"https:\/\/www.aarquiteta.com.br\/blog\/wp-json\/wp\/v2\/categories?post=106243"},{"taxonomy":"post_tag","embeddable":true,"href":"https:\/\/www.aarquiteta.com.br\/blog\/wp-json\/wp\/v2\/tags?post=106243"}],"curies":[{"name":"wp","href":"https:\/\/api.w.org\/{rel}","templated":true}]}}