{"id":106163,"date":"2024-02-12T14:08:09","date_gmt":"2024-02-12T17:08:09","guid":{"rendered":"http:\/\/aarquiteta.com.br\/transforme-rack-sala-tecnicas-criativas-decoracao\/"},"modified":"2024-02-12T14:08:09","modified_gmt":"2024-02-12T17:08:09","slug":"transforme-rack-sala-tecnicas-criativas-decoracao","status":"publish","type":"post","link":"https:\/\/www.aarquiteta.com.br\/blog\/transforme-rack-sala-tecnicas-criativas-decoracao\/","title":{"rendered":"Transforme seu rack da sala com estas t\u00e9cnicas criativas de decora\u00e7\u00e3o."},"content":{"rendered":"<p>Ol\u00e1, pessoal! Sabe aquele rack na sala que t\u00e1 mais sem gra\u00e7a que conversa de elevador? Pois \u00e9, decidi dar um up nessa pe\u00e7a que t\u00e1 mais parada que \u00e1gua de po\u00e7o. E n\u00e3o \u00e9 que descobri um mundo de possibilidades? Vou compartilhar com voc\u00eas umas ideias que s\u00e3o verdadeiras <b>fontes de inspira\u00e7\u00e3o<\/b> para transformar o rack da sala em um cantinho que \u00e9 puro charme!<\/p>\n<p>Prepare-se para mergulhar em um oceano de criatividade, onde cada ideia \u00e9 uma onda que vai te levar para mais perto da sala dos seus sonhos. Vou mostrar como plantas, vasos e lumin\u00e1rias podem fazer mais do que apenas &#8220;figura\u00e7\u00e3o&#8221; na decora\u00e7\u00e3o. E n\u00e3o pense que \u00e9 s\u00f3 isso, tem muito mais! Vamos falar sobre como os adornos e quadros podem contar hist\u00f3rias e trazer personalidade para o ambiente. \u00c9 cada dica que at\u00e9 o rack vai se sentir parte da fam\u00edlia!<\/p>\n<figure style=\"width: 1024px\" class=\"wp-caption aligncenter\"><img decoding=\"async\" src=\"https:\/\/www.aarquiteta.com.br\/blog\/wp-content\/uploads\/2024\/02\/transforme-rack-sala-tecnicas-criativas-decoracao01.jpg\" alt=\"Transforme seu rack da sala com estas t\u00e9cnicas criativas de decora\u00e7\u00e3o.\" width=\"1024\" height=\"1024\" title=\"\"><figcaption class=\"wp-caption-text\">Transforme seu rack da sala com estas t\u00e9cnicas criativas de decora\u00e7\u00e3o.<\/figcaption><\/figure>\n<p>Ent\u00e3o, se voc\u00ea t\u00e1 a\u00ed, que nem barata tonta, sem saber por onde come\u00e7ar, cola aqui comigo! Vou te guiar nessa jornada de transforma\u00e7\u00e3o e mostrar que com um pouquinho de criatividade e algumas dicas espertas, seu rack vai passar de coadjuvante a <b>estrela da sala<\/b>. E a\u00ed, bora deixar a pregui\u00e7a de lado e dar aquele tapa na decora\u00e7\u00e3o? O v\u00eddeo completo t\u00e1 logo ali embaixo, esperando por voc\u00ea!<\/p>\n<h3><b>N\u00e3o perca mais tempo e assista agora como tudo isso \u00e9 feito no v\u00eddeo abaixo!<\/b><\/h3>\n<p>Caso seja necess\u00e1rio, ative as legendas em Portugu\u00eas Brasil, nas configura\u00e7\u00f5es do v\u00eddeo e aproveite!<\/p>\n<p><div class=\"youtube-embed\" data-video_id=\"2Ws6j0jDnMY\"><iframe title=\"Inspira\u00e7\u00f5es para voc\u00ea decorar o RACK da Sala\" width=\"696\" height=\"392\" src=\"https:\/\/www.youtube.com\/embed\/2Ws6j0jDnMY?feature=oembed&#038;enablejsapi=1\" frameborder=\"0\" allow=\"accelerometer; autoplay; clipboard-write; encrypted-media; gyroscope; picture-in-picture; web-share\" allowfullscreen><\/iframe><\/div>\n<\/p>\n<p>Espero que tenha encontrado o v\u00eddeo informativo e enriquecedor. <\/p>\n<p>Se gostou do conte\u00fado, n\u00e3o deixe de deslizar para baixo e explorar mais dicas e insights valiosos como este. <\/p>\n<p>Estamos sempre aqui para oferecer informa\u00e7\u00f5es \u00fateis e inspiradoras para voc\u00ea!<\/p>\n<figure style=\"width: 1024px\" class=\"wp-caption aligncenter\"><img decoding=\"async\" src=\"https:\/\/www.aarquiteta.com.br\/blog\/wp-content\/uploads\/2024\/02\/transforme-rack-sala-tecnicas-criativas-decoracao02.jpg\" alt=\"Transforme seu rack da sala com estas t\u00e9cnicas criativas de decora\u00e7\u00e3o.\" width=\"1024\" height=\"1024\" title=\"\"><figcaption class=\"wp-caption-text\">Transforme seu rack da sala com estas t\u00e9cnicas criativas de decora\u00e7\u00e3o.<\/figcaption><\/figure>\n","protected":false},"excerpt":{"rendered":"<p>Transforme seu rack da sala com essas t\u00e9cnicas criativas de decora\u00e7\u00e3o que ir\u00e3o te ensinar, instruir, sugerir e indicar caminhos \u00fanicos para uma nova aprendizagem em seu ambiente. Descubra as li\u00e7\u00f5es e orienta\u00e7\u00f5es para tornar seu rack um verdadeiro destaque na sua sala de estar.<\/p>\n","protected":false},"author":102,"featured_media":106161,"comment_status":"closed","ping_status":"closed","sticky":false,"template":"","format":"standard","meta":{"footnotes":""},"categories":[1507,1484],"tags":[],"class_list":["post-106163","post","type-post","status-publish","format-standard","has-post-thumbnail","category-arquitetura","category-decoracao"],"_wp_attached_file":null,"_wp_attachment_metadata":null,"_wp_attachment_context":null,"_wp_attachment_is_custom_header":null,"geo_longitude":null,"geo_public":null,"geo_latitude":null,"_publicize_done_external":null,"_wpas_done_3897181":null,"publicize_twitter_user":null,"_wpas_done_3897175":null,"_wpas_skip_3897181":null,"_wpas_skip_3897175":null,"_wpas_skip_3924723":null,"_wpas_mess":null,"_wpas_done_3924723":null,"wps_subtitle":"","_links":{"self":[{"href":"https:\/\/www.aarquiteta.com.br\/blog\/wp-json\/wp\/v2\/posts\/106163","targetHints":{"allow":["GET"]}}],"collection":[{"href":"https:\/\/www.aarquiteta.com.br\/blog\/wp-json\/wp\/v2\/posts"}],"about":[{"href":"https:\/\/www.aarquiteta.com.br\/blog\/wp-json\/wp\/v2\/types\/post"}],"author":[{"embeddable":true,"href":"https:\/\/www.aarquiteta.com.br\/blog\/wp-json\/wp\/v2\/users\/102"}],"replies":[{"embeddable":true,"href":"https:\/\/www.aarquiteta.com.br\/blog\/wp-json\/wp\/v2\/comments?post=106163"}],"version-history":[{"count":0,"href":"https:\/\/www.aarquiteta.com.br\/blog\/wp-json\/wp\/v2\/posts\/106163\/revisions"}],"wp:featuredmedia":[{"embeddable":true,"href":"https:\/\/www.aarquiteta.com.br\/blog\/wp-json\/wp\/v2\/media\/106161"}],"wp:attachment":[{"href":"https:\/\/www.aarquiteta.com.br\/blog\/wp-json\/wp\/v2\/media?parent=106163"}],"wp:term":[{"taxonomy":"category","embeddable":true,"href":"https:\/\/www.aarquiteta.com.br\/blog\/wp-json\/wp\/v2\/categories?post=106163"},{"taxonomy":"post_tag","embeddable":true,"href":"https:\/\/www.aarquiteta.com.br\/blog\/wp-json\/wp\/v2\/tags?post=106163"}],"curies":[{"name":"wp","href":"https:\/\/api.w.org\/{rel}","templated":true}]}}