{"id":106097,"date":"2024-02-29T14:00:09","date_gmt":"2024-02-29T17:00:09","guid":{"rendered":"http:\/\/aarquiteta.com.br\/?p=106097"},"modified":"2024-02-29T14:00:09","modified_gmt":"2024-02-29T17:00:09","slug":"malas-na-decoracao","status":"publish","type":"post","link":"https:\/\/www.aarquiteta.com.br\/blog\/malas-na-decoracao\/","title":{"rendered":"Malas na Decora\u00e7\u00e3o: 5 Ideias Criativas Para Incorporar Mem\u00f3rias de Viagem."},"content":{"rendered":"<p>Quem diria que aquela mala velha, esquecida no fundo do arm\u00e1rio, poderia se transformar no destaque da sua sala de estar? Pois \u00e9, a arte de decorar \u00e9 mesmo uma caixinha de surpresas! Vamos embarcar juntos nessa viagem criativa e descobrir como as malas podem sair do esquecimento e virar pe\u00e7as-chave na decora\u00e7\u00e3o da sua casa. Prepare-se para dicas incr\u00edveis, ideias originais e um toque de humor na medida certa. Vamos l\u00e1?<\/p>\n<ul>\n<li>Transformando malas em verdadeiros tesouros decorativos<\/li>\n<li>Explorando o charme vintage e a funcionalidade das malas<\/li>\n<li>Personalizando e dando nova vida a objetos com hist\u00f3ria<\/li>\n<\/ul>\n<h3>O uso de malas na decora\u00e7\u00e3o<\/h3>\n<figure style=\"width: 1024px\" class=\"wp-caption aligncenter\"><img decoding=\"async\" src=\"https:\/\/www.aarquiteta.com.br\/blog\/wp-content\/uploads\/2024\/02\/malas-na-decoracao04.jpg\" alt=\"malas na decora\u00e7\u00e3o\" width=\"1024\" height=\"1024\" title=\"\"><figcaption class=\"wp-caption-text\">malas na decora\u00e7\u00e3o<\/figcaption><\/figure>\n<p>As malas carregam em si hist\u00f3rias de viagens e aventuras. Por que n\u00e3o trazer esse esp\u00edrito para dentro de casa? Elas podem ser usadas de diversas formas: como mesas, prateleiras, arm\u00e1rios e at\u00e9 obras de arte. O segredo est\u00e1 em olhar para elas n\u00e3o apenas como itens de viagem, mas como pe\u00e7as com potencial est\u00e9tico e funcional.<\/p>\n<h3>Dicas para incorporar malas na decora\u00e7\u00e3o<\/h3>\n<p>Antes de mais nada, escolha malas que combinem com o estilo da sua casa. Uma mala vintage pode ser o complemento perfeito para um ambiente retr\u00f4, enquanto uma mala mais moderna pode se encaixar bem em um espa\u00e7o contempor\u00e2neo. E n\u00e3o tenha medo de usar a criatividade: uma pintura aqui, um adesivo ali, e voil\u00e0! Uma pe\u00e7a \u00fanica e com a sua cara.<\/p>\n<h3>Malas como objetos de armazenamento<\/h3>\n<style id=\"wp_carousel_dynamic_css104045\">.sp-wp-carousel-free-id-104045.wpcf-fancybox-wrapper .fancybox-bg{background: #0b0b0b;opacity: 0.8;}.sp-wp-carousel-free-id-104045.wpcf-fancybox-wrapper .fancybox-navigation .fancybox-button .wpcp-fancybox-nav-arrow i {color: #ccc;}.sp-wp-carousel-free-id-104045.wpcf-fancybox-wrapper .fancybox-navigation .fancybox-button .wpcp-fancybox-nav-arrow i:hover {color: #fff;}.sp-wp-carousel-free-id-104045.wpcf-fancybox-wrapper .fancybox-navigation .fancybox-button {background: #1e1e1e;}.sp-wp-carousel-free-id-104045.wpcf-fancybox-wrapper .fancybox-navigation .fancybox-button:hover {background: #1e1e1e;}#sp-wp-carousel-free-id-104045 .wpcp-swiper-dots {margin: 40px 0px 0px 0px;}.wpcp-wrapper-104045 .swiper-wrapper .swiper-slide-kenburn, .wpcp-wrapper-104045 .swiper-wrapper, .wpcp-wrapper-104045 .wpcpro-row{align-items: center;}#sp-wp-carousel-free-id-104045 .wpcp-single-item {box-shadow: 0px 0px 0px 0px #dddddd;transition: all .3s;margin: 0px;}#sp-wp-carousel-free-id-104045.swiper-flip .wpcp-single-item{margin: 0!important;}#sp-wp-carousel-free-id-104045 .wpcp-single-item:hover {box-shadow: 0px 0px 0px 0px #dddddd;}#sp-wp-carousel-free-id-104045.sp-wpcp-104045 .wpcp-single-item {border: 1px solid #dddddd;}#sp-wp-carousel-free-id-104045.sp-wpcp-104045 .swiper-button-prev,#sp-wp-carousel-free-id-104045.sp-wpcp-104045 .swiper-button-next,#sp-wp-carousel-free-id-104045.sp-wpcp-104045 .swiper-button-prev:hover,#sp-wp-carousel-free-id-104045.sp-wpcp-104045 .swiper-button-next:hover {background: none;border: none;font-size: 30px;}#sp-wp-carousel-free-id-104045.sp-wpcp-104045 .swiper-button-prev i,#sp-wp-carousel-free-id-104045.sp-wpcp-104045 .swiper-button-next i {color: #aaa;}#sp-wp-carousel-free-id-104045.sp-wpcp-104045 .swiper-button-prev i:hover,#sp-wp-carousel-free-id-104045.sp-wpcp-104045 .swiper-button-next i:hover {color: #178087;}#sp-wp-carousel-free-id-104045.sp-wpcp-104045 .wpcp-swiper-dots .swiper-pagination-bullet {background-color: #cccccc;}#sp-wp-carousel-free-id-104045.sp-wpcp-104045 .wpcp-swiper-dots .swiper-pagination-bullet.swiper-pagination-bullet-active {background-color: #178087;} #sp-wp-carousel-free-id-104045.sp-wpcp-104045.wpcp-image-carousel .wpcp-single-item:hover img, #sp-wp-carousel-free-id-104045.sp-wpcp-104045.wpcp-post-carousel .wpcp-single-item:hover img, #sp-wp-carousel-free-id-104045.sp-wpcp-104045.wpcp-product-carousel .wpcp-single-item:hover img{-webkit-transform: scale(1.2);-moz-transform: scale(1.2);transform: scale(1.2);}#sp-wp-carousel-free-id-104045 .wpcpro-row>[class*=\"wpcpro-col-\"] { padding: 0 10px; padding-bottom: 20px;} #sp-wp-carousel-free-id-104045 .swiper-slide .single-item-fade:not(:last-child) { margin-right: 20px;}@media (min-width: 480px) { .wpcpro-row .wpcpro-col-sm-1 { flex: 0 0 100%; max-width: 100%; } .wpcpro-row .wpcpro-col-sm-2 { flex: 0 0 50%; max-width: 50%; } .wpcpro-row .wpcpro-col-sm-2-5 { flex: 0 0 75%; max-width: 75%; } .wpcpro-row .wpcpro-col-sm-3 { flex: 0 0 33.333%; max-width: 33.333%; } .wpcpro-row .wpcpro-col-sm-4 { flex: 0 0 25%; max-width: 25%; } .wpcpro-row .wpcpro-col-sm-5 { flex: 0 0 20%; max-width: 20%; } .wpcpro-row .wpcpro-col-sm-6 { flex: 0 0 16.66666666666667%; max-width: 16.66666666666667%; } .wpcpro-row .wpcpro-col-sm-7 { flex: 0 0 14.28571428%; max-width: 14.28571428%; } .wpcpro-row .wpcpro-col-sm-8 { flex: 0 0 12.5%; max-width: 12.5%; } } @media (max-width: 480px) { .wpcpro-row .wpcpro-col-xs-1 { flex: 0 0 100%; max-width: 100%; } .wpcpro-row .wpcpro-col-xs-2 { flex: 0 0 50%; max-width: 50%; } .wpcpro-row .wpcpro-col-xs-3 { flex: 0 0 33.222%; max-width: 33.222%; } .wpcpro-row .wpcpro-col-xs-4 { flex: 0 0 25%; max-width: 25%; } .wpcpro-row .wpcpro-col-xs-5 { flex: 0 0 20%; max-width: 20%; } .wpcpro-row .wpcpro-col-xs-6 { flex: 0 0 16.6667%; max-width: 16.6667%; } .wpcpro-row .wpcpro-col-xs-7 { flex: 0 0 14.28571428%; max-width: 14.28571428%; } .wpcpro-row .wpcpro-col-xs-8 { flex: 0 0 12.5%; max-width: 12.5%; } } @media (min-width: 736px) { .wpcpro-row .wpcpro-col-md-1 { flex: 0 0 100%; max-width: 100%; } .wpcpro-row .wpcpro-col-md-2 { flex: 0 0 50%; max-width: 50%; } .wpcpro-row .wpcpro-col-md-2-5 { flex: 0 0 75%; max-width: 75%; } .wpcpro-row .wpcpro-col-md-3 { flex: 0 0 33.333%; max-width: 33.333%; } .wpcpro-row .wpcpro-col-md-4 { flex: 0 0 25%; max-width: 25%; } .wpcpro-row .wpcpro-col-md-5 { flex: 0 0 20%; max-width: 20%; } .wpcpro-row .wpcpro-col-md-6 { flex: 0 0 16.66666666666667%; max-width: 16.66666666666667%; } .wpcpro-row .wpcpro-col-md-7 { flex: 0 0 14.28571428%; max-width: 14.28571428%; } .wpcpro-row .wpcpro-col-md-8 { flex: 0 0 12.5%; max-width: 12.5%; } } @media (min-width: 980px) { .wpcpro-row .wpcpro-col-lg-1 { flex: 0 0 100%; max-width: 100%; } .wpcpro-row .wpcpro-col-lg-2 { flex: 0 0 50%; max-width: 50%; } .wpcpro-row .wpcpro-col-lg-3 { flex: 0 0 33.222%; max-width: 33.222%; } .wpcpro-row .wpcpro-col-lg-4 { flex: 0 0 25%; max-width: 25%; } .wpcpro-row .wpcpro-col-lg-5 { flex: 0 0 20%; max-width: 20%; } .wpcpro-row .wpcpro-col-lg-6 { flex: 0 0 16.6667%; max-width: 16.6667%; } .wpcpro-row .wpcpro-col-lg-7 { flex: 0 0 14.28571428%; max-width: 14.28571428%; } .wpcpro-row .wpcpro-col-lg-8 { flex: 0 0 12.5%; max-width: 12.5%; } } @media (min-width: 1200px) { .wpcpro-row .wpcpro-col-xl-1 { flex: 0 0 100%; max-width: 100%; } .wpcpro-row .wpcpro-col-xl-2 { flex: 0 0 50%; max-width: 50%; } .wpcpro-row .wpcpro-col-xl-3 { flex: 0 0 33.22222222%; max-width: 33.22222222%; } .wpcpro-row .wpcpro-col-xl-4 { flex: 0 0 25%; max-width: 25%; } .wpcpro-row .wpcpro-col-xl-5 { flex: 0 0 20%; max-width: 20%; } .wpcpro-row .wpcpro-col-xl-6 { flex: 0 0 16.66667%; max-width: 16.66667%; } .wpcpro-row .wpcpro-col-xl-7 { flex: 0 0 14.28571428%; max-width: 14.28571428%; } .wpcpro-row .wpcpro-col-xl-8 { flex: 0 0 12.5%; max-width: 12.5%; } }<\/style><div class=\"wpcp-carousel-wrapper wpcp-wrapper-104045\">\n\t<div id=\"wpcp-preloader-104045\" class=\"wpcp-carousel-preloader\"><img decoding=\"async\" src=\"https:\/\/www.aarquiteta.com.br\/blog\/wp-content\/plugins\/wp-carousel-free\/public\/css\/spinner.svg\" alt=\"Preloader Image\" title=\"\"><\/div>\t<div class=\"wpcp-carousel-content-wrapper\">\n\t<div id=\"sp-wp-carousel-free-id-104045\" class=\"wpcp-carousel-section sp-wpcp-104045  nav-vertical-center wpcp-image-carousel wpcp-preloader wpcp-standard\" data-swiper='{ &quot;pagination_type&quot;: &quot;dots&quot;,&quot;accessibility&quot;:true, &quot;spaceBetween&quot;:20, &quot;arrows&quot;:false, &quot;freeMode&quot;: false, &quot;autoplay&quot;:true, &quot;effect&quot;: &quot;&quot;, &quot;centerMode&quot;: false, &quot;autoplaySpeed&quot;:3000, &quot;dots&quot;:true, &quot;infinite&quot;:true, &quot;speed&quot;:600, &quot;pauseOnHover&quot;:true,\n\t\t\t&quot;slidesToShow&quot;:{&quot;lg_desktop&quot;:5, &quot;desktop&quot;: 4, &quot;laptop&quot;: 3, &quot;tablet&quot;: 2, &quot;mobile&quot;: 1}, &quot;responsive&quot;:{&quot;desktop&quot;:1200, &quot;laptop&quot;: 980, &quot;tablet&quot;: 736, &quot;mobile&quot;: 480}, &quot;rtl&quot;:false, &quot;lazyLoad&quot;: &quot;false&quot;, &quot;swipe&quot;: true, &quot;draggable&quot;: true, &quot;swipeToSlide&quot;:false }' dir=\"ltr\">\n\t\t<div class=\"swiper-wrapper\">\n\t\t<div class=\"swiper-slide\">\n\t<div class=\"wpcp-single-item\">\n\t\t\t<a class=\"wcp-light-box\" data-buttons='[\"close\"]' data-wpc_url='https:\/\/www.aarquiteta.com.br\/blog\/wp-content\/uploads\/2023\/12\/5-Itens-de-Decoracao-que-Viraram-Icones-em-Filmes-Famosos02.jpg' href=\"https:\/\/www.aarquiteta.com.br\/blog\/wp-content\/uploads\/2023\/12\/5-Itens-de-Decoracao-que-Viraram-Icones-em-Filmes-Famosos02.jpg\" data-fancybox=\"wpcp_view\">\n\t\t<figure>\n\t\t\t<img decoding=\"async\" class=\"skip-lazy\" src=\"https:\/\/www.aarquiteta.com.br\/blog\/wp-content\/uploads\/2023\/12\/5-Itens-de-Decoracao-que-Viraram-Icones-em-Filmes-Famosos02.jpg\" alt=\"5 Itens de Decora\u00e7\u00e3o que Viraram \u00cdcones em Filmes Famosos\" width=\"1024\" height=\"1024\" title=\"\">\t\t<\/figure>\n\t<\/a>\n\t\t<\/div>\n<\/div>\n\t<div class=\"swiper-slide\">\n\t<div class=\"wpcp-single-item\">\n\t\t\t<a class=\"wcp-light-box\" data-buttons='[\"close\"]' data-wpc_url='https:\/\/www.aarquiteta.com.br\/blog\/wp-content\/uploads\/2023\/12\/5-Itens-de-Decoracao-que-Viraram-Icones-em-Filmes-Famosos01.jpg' href=\"https:\/\/www.aarquiteta.com.br\/blog\/wp-content\/uploads\/2023\/12\/5-Itens-de-Decoracao-que-Viraram-Icones-em-Filmes-Famosos01.jpg\" data-fancybox=\"wpcp_view\">\n\t\t<figure>\n\t\t\t<img decoding=\"async\" class=\"skip-lazy\" src=\"https:\/\/www.aarquiteta.com.br\/blog\/wp-content\/uploads\/2023\/12\/5-Itens-de-Decoracao-que-Viraram-Icones-em-Filmes-Famosos01.jpg\" alt=\"5 Itens de Decora\u00e7\u00e3o que Viraram \u00cdcones em Filmes Famosos\" width=\"1024\" height=\"1024\" title=\"\">\t\t<\/figure>\n\t<\/a>\n\t\t<\/div>\n<\/div>\n\t<div class=\"swiper-slide\">\n\t<div class=\"wpcp-single-item\">\n\t\t\t<a class=\"wcp-light-box\" data-buttons='[\"close\"]' data-wpc_url='https:\/\/www.aarquiteta.com.br\/blog\/wp-content\/uploads\/2023\/12\/5-Itens-de-Decoracao-que-Viraram-Icones-em-Filmes-Famosos04.jpg' href=\"https:\/\/www.aarquiteta.com.br\/blog\/wp-content\/uploads\/2023\/12\/5-Itens-de-Decoracao-que-Viraram-Icones-em-Filmes-Famosos04.jpg\" data-fancybox=\"wpcp_view\">\n\t\t<figure>\n\t\t\t<img decoding=\"async\" class=\"skip-lazy\" src=\"https:\/\/www.aarquiteta.com.br\/blog\/wp-content\/uploads\/2023\/12\/5-Itens-de-Decoracao-que-Viraram-Icones-em-Filmes-Famosos04.jpg\" alt=\"5 Itens de Decora\u00e7\u00e3o que Viraram \u00cdcones em Filmes Famosos\" width=\"1024\" height=\"1024\" title=\"\">\t\t<\/figure>\n\t<\/a>\n\t\t<\/div>\n<\/div>\n\t<div class=\"swiper-slide\">\n\t<div class=\"wpcp-single-item\">\n\t\t\t<a class=\"wcp-light-box\" data-buttons='[\"close\"]' data-wpc_url='https:\/\/www.aarquiteta.com.br\/blog\/wp-content\/uploads\/2023\/12\/5-Itens-de-Decoracao-que-Viraram-Icones-em-Filmes-Famosos03.jpg' href=\"https:\/\/www.aarquiteta.com.br\/blog\/wp-content\/uploads\/2023\/12\/5-Itens-de-Decoracao-que-Viraram-Icones-em-Filmes-Famosos03.jpg\" data-fancybox=\"wpcp_view\">\n\t\t<figure>\n\t\t\t<img decoding=\"async\" class=\"skip-lazy\" src=\"https:\/\/www.aarquiteta.com.br\/blog\/wp-content\/uploads\/2023\/12\/5-Itens-de-Decoracao-que-Viraram-Icones-em-Filmes-Famosos03.jpg\" alt=\"5 Itens de Decora\u00e7\u00e3o que Viraram \u00cdcones em Filmes Famosos\" width=\"1024\" height=\"1024\" title=\"\">\t\t<\/figure>\n\t<\/a>\n\t\t<\/div>\n<\/div>\n\t<div class=\"swiper-slide\">\n\t<div class=\"wpcp-single-item\">\n\t\t\t<a class=\"wcp-light-box\" data-buttons='[\"close\"]' data-wpc_url='https:\/\/www.aarquiteta.com.br\/blog\/wp-content\/uploads\/2023\/12\/5-dicas-de-decoracao-para-mini-salas04.jpg' href=\"https:\/\/www.aarquiteta.com.br\/blog\/wp-content\/uploads\/2023\/12\/5-dicas-de-decoracao-para-mini-salas04.jpg\" data-fancybox=\"wpcp_view\">\n\t\t<figure>\n\t\t\t<img decoding=\"async\" class=\"skip-lazy\" src=\"https:\/\/www.aarquiteta.com.br\/blog\/wp-content\/uploads\/2023\/12\/5-dicas-de-decoracao-para-mini-salas04.jpg\" alt=\"5 dicas de decora\u00e7\u00e3o para mini salas\" width=\"1024\" height=\"1024\" title=\"\">\t\t<\/figure>\n\t<\/a>\n\t\t<\/div>\n<\/div>\n\t<div class=\"swiper-slide\">\n\t<div class=\"wpcp-single-item\">\n\t\t\t<a class=\"wcp-light-box\" data-buttons='[\"close\"]' data-wpc_url='https:\/\/www.aarquiteta.com.br\/blog\/wp-content\/uploads\/2023\/12\/5-dicas-de-decoracao-para-mini-salas03.jpg' href=\"https:\/\/www.aarquiteta.com.br\/blog\/wp-content\/uploads\/2023\/12\/5-dicas-de-decoracao-para-mini-salas03.jpg\" data-fancybox=\"wpcp_view\">\n\t\t<figure>\n\t\t\t<img decoding=\"async\" class=\"skip-lazy\" src=\"https:\/\/www.aarquiteta.com.br\/blog\/wp-content\/uploads\/2023\/12\/5-dicas-de-decoracao-para-mini-salas03.jpg\" alt=\"5 dicas de decora\u00e7\u00e3o para mini salas\" width=\"1024\" height=\"1024\" title=\"\">\t\t<\/figure>\n\t<\/a>\n\t\t<\/div>\n<\/div>\n\t<div class=\"swiper-slide\">\n\t<div class=\"wpcp-single-item\">\n\t\t\t<a class=\"wcp-light-box\" data-buttons='[\"close\"]' data-wpc_url='https:\/\/www.aarquiteta.com.br\/blog\/wp-content\/uploads\/2023\/12\/5-dicas-de-decoracao-para-mini-salas02.jpg' href=\"https:\/\/www.aarquiteta.com.br\/blog\/wp-content\/uploads\/2023\/12\/5-dicas-de-decoracao-para-mini-salas02.jpg\" data-fancybox=\"wpcp_view\">\n\t\t<figure>\n\t\t\t<img decoding=\"async\" class=\"skip-lazy\" src=\"https:\/\/www.aarquiteta.com.br\/blog\/wp-content\/uploads\/2023\/12\/5-dicas-de-decoracao-para-mini-salas02.jpg\" alt=\"5 dicas de decora\u00e7\u00e3o para mini salas\" width=\"1024\" height=\"1024\" title=\"\">\t\t<\/figure>\n\t<\/a>\n\t\t<\/div>\n<\/div>\n\t<div class=\"swiper-slide\">\n\t<div class=\"wpcp-single-item\">\n\t\t\t<a class=\"wcp-light-box\" data-buttons='[\"close\"]' data-wpc_url='https:\/\/www.aarquiteta.com.br\/blog\/wp-content\/uploads\/2023\/12\/5-dicas-de-decoracao-para-mini-salas01.jpg' href=\"https:\/\/www.aarquiteta.com.br\/blog\/wp-content\/uploads\/2023\/12\/5-dicas-de-decoracao-para-mini-salas01.jpg\" data-fancybox=\"wpcp_view\">\n\t\t<figure>\n\t\t\t<img decoding=\"async\" class=\"skip-lazy\" src=\"https:\/\/www.aarquiteta.com.br\/blog\/wp-content\/uploads\/2023\/12\/5-dicas-de-decoracao-para-mini-salas01.jpg\" alt=\"5 dicas de decora\u00e7\u00e3o para mini salas\" width=\"1024\" height=\"1024\" title=\"\">\t\t<\/figure>\n\t<\/a>\n\t\t<\/div>\n<\/div>\n\t<div class=\"swiper-slide\">\n\t<div class=\"wpcp-single-item\">\n\t\t\t<a class=\"wcp-light-box\" data-buttons='[\"close\"]' data-wpc_url='https:\/\/www.aarquiteta.com.br\/blog\/wp-content\/uploads\/2023\/12\/5-dicas-de-Como-Modernizar-a-Decoracao-e-Evitar-Elementos-que-Envelhecem-sua-Casa-2.jpg' href=\"https:\/\/www.aarquiteta.com.br\/blog\/wp-content\/uploads\/2023\/12\/5-dicas-de-Como-Modernizar-a-Decoracao-e-Evitar-Elementos-que-Envelhecem-sua-Casa-2.jpg\" data-fancybox=\"wpcp_view\">\n\t\t<figure>\n\t\t\t<img decoding=\"async\" class=\"skip-lazy\" src=\"https:\/\/www.aarquiteta.com.br\/blog\/wp-content\/uploads\/2023\/12\/5-dicas-de-Como-Modernizar-a-Decoracao-e-Evitar-Elementos-que-Envelhecem-sua-Casa-2.jpg\" alt=\"5 dicas de Como Modernizar a Decora\u00e7\u00e3o e Evitar Elementos que Envelhecem sua Casa\" width=\"1024\" height=\"1024\" title=\"\">\t\t<\/figure>\n\t<\/a>\n\t\t<\/div>\n<\/div>\n\t<div class=\"swiper-slide\">\n\t<div class=\"wpcp-single-item\">\n\t\t\t<a class=\"wcp-light-box\" data-buttons='[\"close\"]' data-wpc_url='https:\/\/www.aarquiteta.com.br\/blog\/wp-content\/uploads\/2023\/12\/5-dicas-de-Como-Modernizar-a-Decoracao-e-Evitar-Elementos-que-Envelhecem-sua-Casa-3.jpg' href=\"https:\/\/www.aarquiteta.com.br\/blog\/wp-content\/uploads\/2023\/12\/5-dicas-de-Como-Modernizar-a-Decoracao-e-Evitar-Elementos-que-Envelhecem-sua-Casa-3.jpg\" data-fancybox=\"wpcp_view\">\n\t\t<figure>\n\t\t\t<img decoding=\"async\" class=\"skip-lazy\" src=\"https:\/\/www.aarquiteta.com.br\/blog\/wp-content\/uploads\/2023\/12\/5-dicas-de-Como-Modernizar-a-Decoracao-e-Evitar-Elementos-que-Envelhecem-sua-Casa-3.jpg\" alt=\"5 dicas de Como Modernizar a Decora\u00e7\u00e3o e Evitar Elementos que Envelhecem sua Casa\" width=\"1024\" height=\"1024\" title=\"\">\t\t<\/figure>\n\t<\/a>\n\t\t<\/div>\n<\/div>\n\t<div class=\"swiper-slide\">\n\t<div class=\"wpcp-single-item\">\n\t\t\t<a class=\"wcp-light-box\" data-buttons='[\"close\"]' data-wpc_url='https:\/\/www.aarquiteta.com.br\/blog\/wp-content\/uploads\/2023\/12\/10-Erros-Comuns-de-Decoracao-que-Voce-Deve-Evitar-em-Sua-Casa.jpg' href=\"https:\/\/www.aarquiteta.com.br\/blog\/wp-content\/uploads\/2023\/12\/10-Erros-Comuns-de-Decoracao-que-Voce-Deve-Evitar-em-Sua-Casa.jpg\" data-fancybox=\"wpcp_view\">\n\t\t<figure>\n\t\t\t<img decoding=\"async\" class=\"skip-lazy\" src=\"https:\/\/www.aarquiteta.com.br\/blog\/wp-content\/uploads\/2023\/12\/10-Erros-Comuns-de-Decoracao-que-Voce-Deve-Evitar-em-Sua-Casa.jpg\" alt=\"10 Erros Comuns de Decora\u00e7\u00e3o que Voc\u00ea Deve Evitar em Sua Casa\" width=\"1024\" height=\"1024\" title=\"\">\t\t<\/figure>\n\t<\/a>\n\t\t<\/div>\n<\/div>\n\t<div class=\"swiper-slide\">\n\t<div class=\"wpcp-single-item\">\n\t\t\t<a class=\"wcp-light-box\" data-buttons='[\"close\"]' data-wpc_url='https:\/\/www.aarquiteta.com.br\/blog\/wp-content\/uploads\/2023\/12\/Transforme-Sua-Casa-com-Elegancia-10-Dicas-Incriveis-para-uma-Decoracao-Chique-e-Economica.jpg' href=\"https:\/\/www.aarquiteta.com.br\/blog\/wp-content\/uploads\/2023\/12\/Transforme-Sua-Casa-com-Elegancia-10-Dicas-Incriveis-para-uma-Decoracao-Chique-e-Economica.jpg\" data-fancybox=\"wpcp_view\">\n\t\t<figure>\n\t\t\t<img decoding=\"async\" class=\"skip-lazy\" src=\"https:\/\/www.aarquiteta.com.br\/blog\/wp-content\/uploads\/2023\/12\/Transforme-Sua-Casa-com-Elegancia-10-Dicas-Incriveis-para-uma-Decoracao-Chique-e-Economica.jpg\" alt=\"Transforme Sua Casa com Eleg\u00e2ncia 10 Dicas Incr\u00edveis para uma Decora\u00e7\u00e3o Chique e Econ\u00f4mica\" width=\"1024\" height=\"1024\" title=\"\">\t\t<\/figure>\n\t<\/a>\n\t\t<\/div>\n<\/div>\n\t<div class=\"swiper-slide\">\n\t<div class=\"wpcp-single-item\">\n\t\t\t<a class=\"wcp-light-box\" data-buttons='[\"close\"]' data-wpc_url='https:\/\/www.aarquiteta.com.br\/blog\/wp-content\/uploads\/2023\/12\/decoracaoa-chique-1.jpg' href=\"https:\/\/www.aarquiteta.com.br\/blog\/wp-content\/uploads\/2023\/12\/decoracaoa-chique-1.jpg\" data-fancybox=\"wpcp_view\">\n\t\t<figure>\n\t\t\t<img decoding=\"async\" class=\"skip-lazy\" src=\"https:\/\/www.aarquiteta.com.br\/blog\/wp-content\/uploads\/2023\/12\/decoracaoa-chique-1.jpg\" alt=\"Transforme Sua Casa com Eleg\u00e2ncia 10 Dicas Incr\u00edveis para uma Decora\u00e7\u00e3o Chique e Econ\u00f4mica\" width=\"923\" height=\"928\" title=\"\">\t\t<\/figure>\n\t<\/a>\n\t\t<\/div>\n<\/div>\n\t<div class=\"swiper-slide\">\n\t<div class=\"wpcp-single-item\">\n\t\t\t<a class=\"wcp-light-box\" data-buttons='[\"close\"]' data-wpc_url='https:\/\/www.aarquiteta.com.br\/blog\/wp-content\/uploads\/2023\/12\/Decoracao-Desatualizada-10-Itens-que-Voce-Deve-Evitar-para-Manter-sua-Casa-Moderna-e-Atraente-2.jpg' href=\"https:\/\/www.aarquiteta.com.br\/blog\/wp-content\/uploads\/2023\/12\/Decoracao-Desatualizada-10-Itens-que-Voce-Deve-Evitar-para-Manter-sua-Casa-Moderna-e-Atraente-2.jpg\" data-fancybox=\"wpcp_view\">\n\t\t<figure>\n\t\t\t<img decoding=\"async\" class=\"skip-lazy\" src=\"https:\/\/www.aarquiteta.com.br\/blog\/wp-content\/uploads\/2023\/12\/Decoracao-Desatualizada-10-Itens-que-Voce-Deve-Evitar-para-Manter-sua-Casa-Moderna-e-Atraente-2.jpg\" alt=\"Decora\u00e7\u00e3o Desatualizada 10 Itens que Voc\u00ea Deve Evitar para Manter sua Casa Moderna e Atraente\" width=\"925\" height=\"925\" title=\"\">\t\t<\/figure>\n\t<\/a>\n\t\t<\/div>\n<\/div>\n\t<div class=\"swiper-slide\">\n\t<div class=\"wpcp-single-item\">\n\t\t\t<a class=\"wcp-light-box\" data-buttons='[\"close\"]' data-wpc_url='https:\/\/www.aarquiteta.com.br\/blog\/wp-content\/uploads\/2023\/12\/Decoracao-Desatualizada-10-Itens-que-Voce-Deve-Evitar-para-Manter-sua-Casa-Moderna-e-Atraente-1.jpg' href=\"https:\/\/www.aarquiteta.com.br\/blog\/wp-content\/uploads\/2023\/12\/Decoracao-Desatualizada-10-Itens-que-Voce-Deve-Evitar-para-Manter-sua-Casa-Moderna-e-Atraente-1.jpg\" data-fancybox=\"wpcp_view\">\n\t\t<figure>\n\t\t\t<img decoding=\"async\" class=\"skip-lazy\" src=\"https:\/\/www.aarquiteta.com.br\/blog\/wp-content\/uploads\/2023\/12\/Decoracao-Desatualizada-10-Itens-que-Voce-Deve-Evitar-para-Manter-sua-Casa-Moderna-e-Atraente-1.jpg\" alt=\"Decora\u00e7\u00e3o Desatualizada 10 Itens que Voc\u00ea Deve Evitar para Manter sua Casa Moderna e Atraente\" width=\"1024\" height=\"1024\" title=\"\">\t\t<\/figure>\n\t<\/a>\n\t\t<\/div>\n<\/div>\n\t<div class=\"swiper-slide\">\n\t<div class=\"wpcp-single-item\">\n\t\t\t<a class=\"wcp-light-box\" data-buttons='[\"close\"]' data-wpc_url='https:\/\/www.aarquiteta.com.br\/blog\/wp-content\/uploads\/2023\/11\/principais-tendencias-de-decoracao-para-2024-02.jpg' href=\"https:\/\/www.aarquiteta.com.br\/blog\/wp-content\/uploads\/2023\/11\/principais-tendencias-de-decoracao-para-2024-02.jpg\" data-fancybox=\"wpcp_view\">\n\t\t<figure>\n\t\t\t<img decoding=\"async\" class=\"skip-lazy\" src=\"https:\/\/www.aarquiteta.com.br\/blog\/wp-content\/uploads\/2023\/11\/principais-tendencias-de-decoracao-para-2024-02.jpg\" alt=\"principais tendencias de decora\u00e7\u00e3o para 2024\" width=\"920\" height=\"920\" title=\"\">\t\t<\/figure>\n\t<\/a>\n\t\t<\/div>\n<\/div>\n\t\t\t<\/div>\n\t\t\t\t\t<div class=\"wpcp-swiper-dots swiper-pagination\"><\/div>\n\t\t\t\t<!-- If we need navigation buttons -->\n\t\t\t<\/div>\n\t<\/div>\n<\/div>\n\n<p>Quem n\u00e3o precisa de um espacinho extra para guardar coisas, n\u00e3o \u00e9 mesmo? Uma mala antiga pode ser o lugar perfeito para armazenar len\u00e7\u00f3is, toalhas ou at\u00e9 mesmo aqueles pap\u00e9is que nunca sabemos onde colocar. Al\u00e9m de \u00fateis, elas adicionam um toque de charme ao ambiente.<\/p>\n<h3>Malas como mesas de centro<\/h3>\n<p>Imagine s\u00f3: uma mala vintage, um vidro por cima e pronto, voc\u00ea tem uma mesa de centro que vai ser o assunto de todas as visitas. \u00c9 funcional, \u00e9 estiloso e ainda por cima, voc\u00ea pode guardar coisas dentro dela. Quem disse que n\u00e3o d\u00e1 para unir o \u00fatil ao agrad\u00e1vel?<\/p>\n<h3>Malas como prateleiras<\/h3>\n<p>Fixadas na parede, as malas abertas se transformam em prateleiras que s\u00e3o verdadeiras obras de arte. Livros, plantas, fotos de fam\u00edlia&#8230; Tudo ganha um destaque especial quando est\u00e1 em cima de uma mala cheia de hist\u00f3rias para contar.<\/p>\n<h3>Malas como suportes para plantas<\/h3>\n<figure style=\"width: 1024px\" class=\"wp-caption aligncenter\"><img decoding=\"async\" src=\"https:\/\/www.aarquiteta.com.br\/blog\/wp-content\/uploads\/2024\/02\/malas-na-decoracao02.jpg\" alt=\"malas na decora\u00e7\u00e3o\" width=\"1024\" height=\"1024\" title=\"\"><figcaption class=\"wp-caption-text\">malas na decora\u00e7\u00e3o<\/figcaption><\/figure>\n<p>As plantinhas tamb\u00e9m merecem um lugar especial na casa, e uma mala pode ser esse lugar. Al\u00e9m de original, a mala d\u00e1 um toque de verde e vida em qualquer cantinho. S\u00f3 n\u00e3o esque\u00e7a de proteger bem o interior para evitar surpresas com a \u00e1gua!<\/p>\n<h3>Malas como criados-mudos<\/h3>\n<p>Que tal acordar todos os dias e ver ao lado da cama uma mala que te lembra das viagens dos sonhos? Pois \u00e9, as malas podem ser excelentes criados-mudos, cheios de estilo e ainda por cima com espa\u00e7o para guardar seus livros de cabeceira.<\/p>\n<h3>Malas como estantes<\/h3>\n<figure style=\"width: 1024px\" class=\"wp-caption aligncenter\"><img decoding=\"async\" src=\"https:\/\/www.aarquiteta.com.br\/blog\/wp-content\/uploads\/2024\/02\/malas-na-decoracao01.jpg\" alt=\"malas na decora\u00e7\u00e3o\" width=\"1024\" height=\"1024\" title=\"\"><figcaption class=\"wp-caption-text\">malas na decora\u00e7\u00e3o<\/figcaption><\/figure>\n<p>Empilhe algumas malas e voc\u00ea ter\u00e1 uma estante que, al\u00e9m de guardar seus objetos, vai contar uma hist\u00f3ria diferente. Cada mala pode representar uma viagem, um momento ou uma lembran\u00e7a especial.<\/p>\n<h3>Malas como puffs<\/h3>\n<p>Com um pouco de almofada por cima, uma mala robusta pode se transformar em um puff super confort\u00e1vel. E o melhor: \u00e9 s\u00f3 abrir a tampa para ter um espa\u00e7o extra de armazenamento. Pr\u00e1tico, n\u00e3o?<\/p>\n<h3>Malas como quadros<\/h3>\n<figure style=\"width: 1024px\" class=\"wp-caption aligncenter\"><img decoding=\"async\" src=\"https:\/\/www.aarquiteta.com.br\/blog\/wp-content\/uploads\/2024\/02\/malas-na-decoracao03.jpg\" alt=\"malas na decora\u00e7\u00e3o\" width=\"1024\" height=\"1024\" title=\"\"><figcaption class=\"wp-caption-text\">malas na decora\u00e7\u00e3o<\/figcaption><\/figure>\n<p>Sim, voc\u00ea leu certo. Pendure uma mala na parede e ela pode se tornar um quadro que vai chamar a aten\u00e7\u00e3o de todos. Seja pela cor, pelo formato ou pelos adesivos de viagem, ela com certeza vai adicionar personalidade ao seu espa\u00e7o.<\/p>\n<h3>Malas como lumin\u00e1rias<\/h3>\n<p>Com um pouco de habilidade el\u00e9trica, uma mala pode se transformar em uma lumin\u00e1ria super charmosa. \u00c9 a luz perfeita para ler um livro ou criar um ambiente aconchegante para receber os amigos.<\/p>\n<h3>Malas como objetos decorativos<\/h3>\n<p>\u00c0s vezes, a mala por si s\u00f3 j\u00e1 \u00e9 uma pe\u00e7a de decora\u00e7\u00e3o. Coloque-a em um canto do quarto, na entrada da casa ou em qualquer lugar que voc\u00ea acha que precisa de um toque especial. Ela vai fazer toda a diferen\u00e7a.<\/p>\n<h3>Conclus\u00e3o<\/h3>\n<p>Decorar com malas \u00e9 uma forma de trazer um pouco do mundo para dentro de casa, de contar hist\u00f3rias e de criar um ambiente \u00fanico. Com um pouco de criatividade e algumas dicas, voc\u00ea pode transformar malas comuns em pe\u00e7as extraordin\u00e1rias de decora\u00e7\u00e3o. E a\u00ed, pronto para come\u00e7ar a sua pr\u00f3pria cole\u00e7\u00e3o de malas decorativas?<\/p>\n<h3>Perguntas Frequentes sobre o uso de malas na decora\u00e7\u00e3o<\/h3>\n<p style=\"text-align: center;\">[amazon table=&#8221;88825&#8243;]\n<ol>\n<li>Posso usar qualquer tipo de mala na decora\u00e7\u00e3o?<\/li>\n<p>Claro que pode! Mas lembre-se de escolher malas que estejam em bom estado e que combinem com o estilo do seu espa\u00e7o. Uma mala bem escolhida pode ser a estrela da decora\u00e7\u00e3o!<\/p>\n<li>Como posso proteger as malas de danos, especialmente se for us\u00e1-las como suporte para plantas?<\/li>\n<p>Boa pergunta! Use camadas de pl\u00e1stico ou impermeabilizantes para proteger o interior da mala. Assim, voc\u00ea evita surpresas desagrad\u00e1veis e mant\u00e9m suas malas sempre bonitas.<\/p>\n<li>\u00c9 necess\u00e1rio tratar as malas antigas antes de us\u00e1-las na decora\u00e7\u00e3o?<\/li>\n<p>Dependendo do estado da mala, pode ser uma boa ideia. Uma limpeza e at\u00e9 uma camada de verniz podem ajudar a preservar a mala e destacar sua beleza natural.<\/p>\n<\/ol>\n<p>Decorar com malas \u00e9 uma maneira criativa e cheia de personalidade para dar um novo ar aos ambientes. Al\u00e9m de ser uma solu\u00e7\u00e3o sustent\u00e1vel, pois d\u00e1 uma nova vida a um objeto que poderia ser descartado. E a\u00ed, ficou inspirado para criar seu pr\u00f3prio cantinho cheio de hist\u00f3rias e estilo? Lembre-se que cada mala tem uma viagem para contar, e agora, ela pode fazer parte da sua hist\u00f3ria tamb\u00e9m. E para finalizar com uma curiosidade: voc\u00ea sabia que algumas malas antigas s\u00e3o t\u00e3o valiosas que se tornaram itens de colecionador? Quem sabe a mala que voc\u00ea vai usar na sua decora\u00e7\u00e3o n\u00e3o \u00e9 um tesouro escondido? Boa sorte na ca\u00e7a ao tesouro decorativo!<\/p>\n","protected":false},"excerpt":{"rendered":"<p>Explore dicas imperd\u00edveis para uma malas na decora\u00e7\u00e3o deslumbrante. N\u00e3o perca!<\/p>\n","protected":false},"author":102,"featured_media":106094,"comment_status":"closed","ping_status":"closed","sticky":false,"template":"","format":"standard","meta":{"footnotes":""},"categories":[1484],"tags":[],"class_list":["post-106097","post","type-post","status-publish","format-standard","has-post-thumbnail","category-decoracao"],"_wp_attached_file":null,"_wp_attachment_metadata":null,"_wp_attachment_context":null,"_wp_attachment_is_custom_header":null,"geo_longitude":null,"geo_public":null,"geo_latitude":null,"_publicize_done_external":null,"_wpas_done_3897181":null,"publicize_twitter_user":null,"_wpas_done_3897175":null,"_wpas_skip_3897181":null,"_wpas_skip_3897175":null,"_wpas_skip_3924723":null,"_wpas_mess":null,"_wpas_done_3924723":null,"wps_subtitle":"","_links":{"self":[{"href":"https:\/\/www.aarquiteta.com.br\/blog\/wp-json\/wp\/v2\/posts\/106097","targetHints":{"allow":["GET"]}}],"collection":[{"href":"https:\/\/www.aarquiteta.com.br\/blog\/wp-json\/wp\/v2\/posts"}],"about":[{"href":"https:\/\/www.aarquiteta.com.br\/blog\/wp-json\/wp\/v2\/types\/post"}],"author":[{"embeddable":true,"href":"https:\/\/www.aarquiteta.com.br\/blog\/wp-json\/wp\/v2\/users\/102"}],"replies":[{"embeddable":true,"href":"https:\/\/www.aarquiteta.com.br\/blog\/wp-json\/wp\/v2\/comments?post=106097"}],"version-history":[{"count":0,"href":"https:\/\/www.aarquiteta.com.br\/blog\/wp-json\/wp\/v2\/posts\/106097\/revisions"}],"wp:featuredmedia":[{"embeddable":true,"href":"https:\/\/www.aarquiteta.com.br\/blog\/wp-json\/wp\/v2\/media\/106094"}],"wp:attachment":[{"href":"https:\/\/www.aarquiteta.com.br\/blog\/wp-json\/wp\/v2\/media?parent=106097"}],"wp:term":[{"taxonomy":"category","embeddable":true,"href":"https:\/\/www.aarquiteta.com.br\/blog\/wp-json\/wp\/v2\/categories?post=106097"},{"taxonomy":"post_tag","embeddable":true,"href":"https:\/\/www.aarquiteta.com.br\/blog\/wp-json\/wp\/v2\/tags?post=106097"}],"curies":[{"name":"wp","href":"https:\/\/api.w.org\/{rel}","templated":true}]}}