{"id":105987,"date":"2024-02-17T14:53:35","date_gmt":"2024-02-17T17:53:35","guid":{"rendered":"http:\/\/aarquiteta.com.br\/?p=105987"},"modified":"2024-07-03T12:53:54","modified_gmt":"2024-07-03T15:53:54","slug":"floreira-de-madeira","status":"publish","type":"post","link":"https:\/\/www.aarquiteta.com.br\/blog\/floreira-de-madeira\/","title":{"rendered":"Floreira De Madeira: 5 Dicas Para Adicionar Verde \u00c0 Sua Decora\u00e7\u00e3o."},"content":{"rendered":"<p><body><\/p>\n<p>Quem diria que um simples objeto poderia transformar completamente a cara do nosso jardim, n\u00e3o \u00e9 mesmo? Estou falando das <strong>floreiras de madeira<\/strong>, essas belezinhas que, al\u00e9m de darem um toque todo especial ao ambiente, ainda s\u00e3o super pr\u00e1ticas. Vamos mergulhar juntos nesse mundo verde e descobrir todos os benef\u00edcios que uma floreira de madeira pode trazer para o nosso cantinho ao ar livre.<\/p>\n<h3>1. Adiciona beleza e estilo ao seu jardim<\/h3>\n<figure style=\"width: 1024px\" class=\"wp-caption aligncenter\"><img decoding=\"async\" src=\"https:\/\/www.aarquiteta.com.br\/blog\/wp-content\/uploads\/2024\/02\/floreira-de-madeira04.jpg\" alt=\"floreira de madeira\" width=\"1024\" height=\"1024\" title=\"\"><figcaption class=\"wp-caption-text\">floreira de madeira<\/figcaption><\/figure>\n<p>Ah, a est\u00e9tica! Uma floreira de madeira \u00e9 como aquele acess\u00f3rio que n\u00e3o pode faltar. Ela d\u00e1 um <em>up<\/em> no visual do jardim, sabe? Com ela, voc\u00ea pode criar um cantinho r\u00fastico ou um espa\u00e7o mais moderninho, dependendo do design e do acabamento da madeira.<\/p>\n<h3>2. Permite o cultivo de uma variedade de plantas<\/h3>\n<p>Se voc\u00ea \u00e9 daqueles que adora uma variedade, vai amar ter uma floreira. D\u00e1 para plantar de um tudo: temperinhos, flores coloridas, suculentas&#8230; \u00c9 s\u00f3 escolher o que combina mais com voc\u00ea e deixar a natureza fazer a sua m\u00e1gica.<\/p>\n<h3>3. Ajuda a organizar o espa\u00e7o do jardim<\/h3>\n<style id=\"wp_carousel_dynamic_css104058\">.sp-wp-carousel-free-id-104058.wpcf-fancybox-wrapper .fancybox-bg{background: #0b0b0b;opacity: 0.8;}.sp-wp-carousel-free-id-104058.wpcf-fancybox-wrapper .fancybox-navigation .fancybox-button .wpcp-fancybox-nav-arrow i {color: #ccc;}.sp-wp-carousel-free-id-104058.wpcf-fancybox-wrapper .fancybox-navigation .fancybox-button .wpcp-fancybox-nav-arrow i:hover {color: #fff;}.sp-wp-carousel-free-id-104058.wpcf-fancybox-wrapper .fancybox-navigation .fancybox-button {background: #1e1e1e;}.sp-wp-carousel-free-id-104058.wpcf-fancybox-wrapper .fancybox-navigation .fancybox-button:hover {background: #1e1e1e;}#sp-wp-carousel-free-id-104058 .wpcp-swiper-dots {margin: 40px 0px 0px 0px;}.wpcp-wrapper-104058 .swiper-wrapper .swiper-slide-kenburn, .wpcp-wrapper-104058 .swiper-wrapper, .wpcp-wrapper-104058 .wpcpro-row{align-items: center;}#sp-wp-carousel-free-id-104058 .wpcp-single-item {box-shadow: 0px 0px 0px 0px #dddddd;transition: all .3s;margin: 0px;}#sp-wp-carousel-free-id-104058.swiper-flip .wpcp-single-item{margin: 0!important;}#sp-wp-carousel-free-id-104058 .wpcp-single-item:hover {box-shadow: 0px 0px 0px 0px #dddddd;}#sp-wp-carousel-free-id-104058.sp-wpcp-104058 .wpcp-single-item {border: 1px solid #dddddd;}#sp-wp-carousel-free-id-104058.sp-wpcp-104058 .swiper-button-prev,#sp-wp-carousel-free-id-104058.sp-wpcp-104058 .swiper-button-next,#sp-wp-carousel-free-id-104058.sp-wpcp-104058 .swiper-button-prev:hover,#sp-wp-carousel-free-id-104058.sp-wpcp-104058 .swiper-button-next:hover {background: none;border: none;font-size: 30px;}#sp-wp-carousel-free-id-104058.sp-wpcp-104058 .swiper-button-prev i,#sp-wp-carousel-free-id-104058.sp-wpcp-104058 .swiper-button-next i {color: #aaa;}#sp-wp-carousel-free-id-104058.sp-wpcp-104058 .swiper-button-prev i:hover,#sp-wp-carousel-free-id-104058.sp-wpcp-104058 .swiper-button-next i:hover {color: #178087;}#sp-wp-carousel-free-id-104058.sp-wpcp-104058 .wpcp-swiper-dots .swiper-pagination-bullet {background-color: #cccccc;}#sp-wp-carousel-free-id-104058.sp-wpcp-104058 .wpcp-swiper-dots .swiper-pagination-bullet.swiper-pagination-bullet-active {background-color: #178087;} #sp-wp-carousel-free-id-104058.sp-wpcp-104058.wpcp-image-carousel .wpcp-single-item:hover img, #sp-wp-carousel-free-id-104058.sp-wpcp-104058.wpcp-post-carousel .wpcp-single-item:hover img, #sp-wp-carousel-free-id-104058.sp-wpcp-104058.wpcp-product-carousel .wpcp-single-item:hover img{-webkit-transform: scale(1.2);-moz-transform: scale(1.2);transform: scale(1.2);}#sp-wp-carousel-free-id-104058 .wpcpro-row>[class*=\"wpcpro-col-\"] { padding: 0 10px; padding-bottom: 20px;} #sp-wp-carousel-free-id-104058 .swiper-slide .single-item-fade:not(:last-child) { margin-right: 20px;}@media (min-width: 480px) { .wpcpro-row .wpcpro-col-sm-1 { flex: 0 0 100%; max-width: 100%; } .wpcpro-row .wpcpro-col-sm-2 { flex: 0 0 50%; max-width: 50%; } .wpcpro-row .wpcpro-col-sm-2-5 { flex: 0 0 75%; max-width: 75%; } .wpcpro-row .wpcpro-col-sm-3 { flex: 0 0 33.333%; max-width: 33.333%; } .wpcpro-row .wpcpro-col-sm-4 { flex: 0 0 25%; max-width: 25%; } .wpcpro-row .wpcpro-col-sm-5 { flex: 0 0 20%; max-width: 20%; } .wpcpro-row .wpcpro-col-sm-6 { flex: 0 0 16.66666666666667%; max-width: 16.66666666666667%; } .wpcpro-row .wpcpro-col-sm-7 { flex: 0 0 14.28571428%; max-width: 14.28571428%; } .wpcpro-row .wpcpro-col-sm-8 { flex: 0 0 12.5%; max-width: 12.5%; } } @media (max-width: 480px) { .wpcpro-row .wpcpro-col-xs-1 { flex: 0 0 100%; max-width: 100%; } .wpcpro-row .wpcpro-col-xs-2 { flex: 0 0 50%; max-width: 50%; } .wpcpro-row .wpcpro-col-xs-3 { flex: 0 0 33.222%; max-width: 33.222%; } .wpcpro-row .wpcpro-col-xs-4 { flex: 0 0 25%; max-width: 25%; } .wpcpro-row .wpcpro-col-xs-5 { flex: 0 0 20%; max-width: 20%; } .wpcpro-row .wpcpro-col-xs-6 { flex: 0 0 16.6667%; max-width: 16.6667%; } .wpcpro-row .wpcpro-col-xs-7 { flex: 0 0 14.28571428%; max-width: 14.28571428%; } .wpcpro-row .wpcpro-col-xs-8 { flex: 0 0 12.5%; max-width: 12.5%; } } @media (min-width: 736px) { .wpcpro-row .wpcpro-col-md-1 { flex: 0 0 100%; max-width: 100%; } .wpcpro-row .wpcpro-col-md-2 { flex: 0 0 50%; max-width: 50%; } .wpcpro-row .wpcpro-col-md-2-5 { flex: 0 0 75%; max-width: 75%; } .wpcpro-row .wpcpro-col-md-3 { flex: 0 0 33.333%; max-width: 33.333%; } .wpcpro-row .wpcpro-col-md-4 { flex: 0 0 25%; max-width: 25%; } .wpcpro-row .wpcpro-col-md-5 { flex: 0 0 20%; max-width: 20%; } .wpcpro-row .wpcpro-col-md-6 { flex: 0 0 16.66666666666667%; max-width: 16.66666666666667%; } .wpcpro-row .wpcpro-col-md-7 { flex: 0 0 14.28571428%; max-width: 14.28571428%; } .wpcpro-row .wpcpro-col-md-8 { flex: 0 0 12.5%; max-width: 12.5%; } } @media (min-width: 980px) { .wpcpro-row .wpcpro-col-lg-1 { flex: 0 0 100%; max-width: 100%; } .wpcpro-row .wpcpro-col-lg-2 { flex: 0 0 50%; max-width: 50%; } .wpcpro-row .wpcpro-col-lg-3 { flex: 0 0 33.222%; max-width: 33.222%; } .wpcpro-row .wpcpro-col-lg-4 { flex: 0 0 25%; max-width: 25%; } .wpcpro-row .wpcpro-col-lg-5 { flex: 0 0 20%; max-width: 20%; } .wpcpro-row .wpcpro-col-lg-6 { flex: 0 0 16.6667%; max-width: 16.6667%; } .wpcpro-row .wpcpro-col-lg-7 { flex: 0 0 14.28571428%; max-width: 14.28571428%; } .wpcpro-row .wpcpro-col-lg-8 { flex: 0 0 12.5%; max-width: 12.5%; } } @media (min-width: 1200px) { .wpcpro-row .wpcpro-col-xl-1 { flex: 0 0 100%; max-width: 100%; } .wpcpro-row .wpcpro-col-xl-2 { flex: 0 0 50%; max-width: 50%; } .wpcpro-row .wpcpro-col-xl-3 { flex: 0 0 33.22222222%; max-width: 33.22222222%; } .wpcpro-row .wpcpro-col-xl-4 { flex: 0 0 25%; max-width: 25%; } .wpcpro-row .wpcpro-col-xl-5 { flex: 0 0 20%; max-width: 20%; } .wpcpro-row .wpcpro-col-xl-6 { flex: 0 0 16.66667%; max-width: 16.66667%; } .wpcpro-row .wpcpro-col-xl-7 { flex: 0 0 14.28571428%; max-width: 14.28571428%; } .wpcpro-row .wpcpro-col-xl-8 { flex: 0 0 12.5%; max-width: 12.5%; } }<\/style><div class=\"wpcp-carousel-wrapper wpcp-wrapper-104058\">\n\t<div id=\"wpcp-preloader-104058\" class=\"wpcp-carousel-preloader\"><img decoding=\"async\" src=\"https:\/\/www.aarquiteta.com.br\/blog\/wp-content\/plugins\/wp-carousel-free\/public\/css\/spinner.svg\" alt=\"Preloader Image\" title=\"\"><\/div>\t<div class=\"wpcp-carousel-content-wrapper\">\n\t<div id=\"sp-wp-carousel-free-id-104058\" class=\"wpcp-carousel-section sp-wpcp-104058  nav-vertical-center wpcp-image-carousel wpcp-preloader wpcp-standard\" data-swiper='{ &quot;pagination_type&quot;: &quot;dots&quot;,&quot;accessibility&quot;:true, &quot;spaceBetween&quot;:20, &quot;arrows&quot;:false, &quot;freeMode&quot;: false, &quot;autoplay&quot;:true, &quot;effect&quot;: &quot;&quot;, &quot;centerMode&quot;: false, &quot;autoplaySpeed&quot;:3000, &quot;dots&quot;:true, &quot;infinite&quot;:true, &quot;speed&quot;:600, &quot;pauseOnHover&quot;:true,\n\t\t\t&quot;slidesToShow&quot;:{&quot;lg_desktop&quot;:5, &quot;desktop&quot;: 4, &quot;laptop&quot;: 3, &quot;tablet&quot;: 2, &quot;mobile&quot;: 1}, &quot;responsive&quot;:{&quot;desktop&quot;:1200, &quot;laptop&quot;: 980, &quot;tablet&quot;: 736, &quot;mobile&quot;: 480}, &quot;rtl&quot;:false, &quot;lazyLoad&quot;: &quot;false&quot;, &quot;swipe&quot;: true, &quot;draggable&quot;: true, &quot;swipeToSlide&quot;:false }' dir=\"ltr\">\n\t\t<div class=\"swiper-wrapper\">\n\t\t<div class=\"swiper-slide\">\n\t<div class=\"wpcp-single-item\">\n\t\t\t<a class=\"wcp-light-box\" data-buttons='[\"close\"]' data-wpc_url='https:\/\/www.aarquiteta.com.br\/blog\/wp-content\/uploads\/2024\/01\/casa-em-terreno-estreito01.jpg' href=\"https:\/\/www.aarquiteta.com.br\/blog\/wp-content\/uploads\/2024\/01\/casa-em-terreno-estreito01.jpg\" data-fancybox=\"wpcp_view\">\n\t\t<figure>\n\t\t\t<img decoding=\"async\" class=\"skip-lazy\" src=\"https:\/\/www.aarquiteta.com.br\/blog\/wp-content\/uploads\/2024\/01\/casa-em-terreno-estreito01.jpg\" alt=\"casa em terreno estreito\" width=\"1024\" height=\"1024\" title=\"\">\t\t<\/figure>\n\t<\/a>\n\t\t<\/div>\n<\/div>\n\t<div class=\"swiper-slide\">\n\t<div class=\"wpcp-single-item\">\n\t\t\t<a class=\"wcp-light-box\" data-buttons='[\"close\"]' data-wpc_url='https:\/\/www.aarquiteta.com.br\/blog\/wp-content\/uploads\/2023\/12\/designer-inovador-transforma-materias-primas-casa-ultramoderna02.jpg' href=\"https:\/\/www.aarquiteta.com.br\/blog\/wp-content\/uploads\/2023\/12\/designer-inovador-transforma-materias-primas-casa-ultramoderna02.jpg\" data-fancybox=\"wpcp_view\">\n\t\t<figure>\n\t\t\t<img decoding=\"async\" class=\"skip-lazy\" src=\"https:\/\/www.aarquiteta.com.br\/blog\/wp-content\/uploads\/2023\/12\/designer-inovador-transforma-materias-primas-casa-ultramoderna02.jpg\" alt=\"designer-inovador-transforma-materias-primas-casa-ultramoderna\" width=\"1024\" height=\"1024\" title=\"\">\t\t<\/figure>\n\t<\/a>\n\t\t<\/div>\n<\/div>\n\t<div class=\"swiper-slide\">\n\t<div class=\"wpcp-single-item\">\n\t\t\t<a class=\"wcp-light-box\" data-buttons='[\"close\"]' data-wpc_url='https:\/\/www.aarquiteta.com.br\/blog\/wp-content\/uploads\/2023\/12\/fachadas-de-casas-simples04.jpg' href=\"https:\/\/www.aarquiteta.com.br\/blog\/wp-content\/uploads\/2023\/12\/fachadas-de-casas-simples04.jpg\" data-fancybox=\"wpcp_view\">\n\t\t<figure>\n\t\t\t<img decoding=\"async\" class=\"skip-lazy\" src=\"https:\/\/www.aarquiteta.com.br\/blog\/wp-content\/uploads\/2023\/12\/fachadas-de-casas-simples04.jpg\" alt=\"fachadas de casas simples\" width=\"1024\" height=\"1024\" title=\"\">\t\t<\/figure>\n\t<\/a>\n\t\t<\/div>\n<\/div>\n\t<div class=\"swiper-slide\">\n\t<div class=\"wpcp-single-item\">\n\t\t\t<a class=\"wcp-light-box\" data-buttons='[\"close\"]' data-wpc_url='https:\/\/www.aarquiteta.com.br\/blog\/wp-content\/uploads\/2023\/12\/fachadas-de-casas-simples01.jpg' href=\"https:\/\/www.aarquiteta.com.br\/blog\/wp-content\/uploads\/2023\/12\/fachadas-de-casas-simples01.jpg\" data-fancybox=\"wpcp_view\">\n\t\t<figure>\n\t\t\t<img decoding=\"async\" class=\"skip-lazy\" src=\"https:\/\/www.aarquiteta.com.br\/blog\/wp-content\/uploads\/2023\/12\/fachadas-de-casas-simples01.jpg\" alt=\"fachadas de casas simples\" width=\"1024\" height=\"1024\" title=\"\">\t\t<\/figure>\n\t<\/a>\n\t\t<\/div>\n<\/div>\n\t<div class=\"swiper-slide\">\n\t<div class=\"wpcp-single-item\">\n\t\t\t<a class=\"wcp-light-box\" data-buttons='[\"close\"]' data-wpc_url='https:\/\/www.aarquiteta.com.br\/blog\/wp-content\/uploads\/2023\/12\/Casas-pre-fabricadas-custos-e-vantagens-para-sua-obra04.jpg' href=\"https:\/\/www.aarquiteta.com.br\/blog\/wp-content\/uploads\/2023\/12\/Casas-pre-fabricadas-custos-e-vantagens-para-sua-obra04.jpg\" data-fancybox=\"wpcp_view\">\n\t\t<figure>\n\t\t\t<img decoding=\"async\" class=\"skip-lazy\" src=\"https:\/\/www.aarquiteta.com.br\/blog\/wp-content\/uploads\/2023\/12\/Casas-pre-fabricadas-custos-e-vantagens-para-sua-obra04.jpg\" alt=\"Casas pr\u00e9-fabricadas: custos e vantagens para sua obra\" width=\"1024\" height=\"1024\" title=\"\">\t\t<\/figure>\n\t<\/a>\n\t\t<\/div>\n<\/div>\n\t<div class=\"swiper-slide\">\n\t<div class=\"wpcp-single-item\">\n\t\t\t<a class=\"wcp-light-box\" data-buttons='[\"close\"]' data-wpc_url='https:\/\/www.aarquiteta.com.br\/blog\/wp-content\/uploads\/2023\/11\/como-aumentar-o-valor-da-sua-casa01.jpg' href=\"https:\/\/www.aarquiteta.com.br\/blog\/wp-content\/uploads\/2023\/11\/como-aumentar-o-valor-da-sua-casa01.jpg\" data-fancybox=\"wpcp_view\">\n\t\t<figure>\n\t\t\t<img decoding=\"async\" class=\"skip-lazy\" src=\"https:\/\/www.aarquiteta.com.br\/blog\/wp-content\/uploads\/2023\/11\/como-aumentar-o-valor-da-sua-casa01.jpg\" alt=\"como aumentar o valor da sua casa\" width=\"1024\" height=\"1024\" title=\"\">\t\t<\/figure>\n\t<\/a>\n\t\t<\/div>\n<\/div>\n\t<div class=\"swiper-slide\">\n\t<div class=\"wpcp-single-item\">\n\t\t\t<a class=\"wcp-light-box\" data-buttons='[\"close\"]' data-wpc_url='https:\/\/www.aarquiteta.com.br\/blog\/wp-content\/uploads\/2023\/11\/casa-de-fazenda03.jpg' href=\"https:\/\/www.aarquiteta.com.br\/blog\/wp-content\/uploads\/2023\/11\/casa-de-fazenda03.jpg\" data-fancybox=\"wpcp_view\">\n\t\t<figure>\n\t\t\t<img decoding=\"async\" class=\"skip-lazy\" src=\"https:\/\/www.aarquiteta.com.br\/blog\/wp-content\/uploads\/2023\/11\/casa-de-fazenda03.jpg\" alt=\"casa de fazenda\" width=\"1024\" height=\"1024\" title=\"\">\t\t<\/figure>\n\t<\/a>\n\t\t<\/div>\n<\/div>\n\t<div class=\"swiper-slide\">\n\t<div class=\"wpcp-single-item\">\n\t\t\t<a class=\"wcp-light-box\" data-buttons='[\"close\"]' data-wpc_url='https:\/\/www.aarquiteta.com.br\/blog\/wp-content\/uploads\/2023\/11\/arquitetura-sustentvel-dicas-para-criar-uma-casa-container-modernarumt.jpg' href=\"https:\/\/www.aarquiteta.com.br\/blog\/wp-content\/uploads\/2023\/11\/arquitetura-sustentvel-dicas-para-criar-uma-casa-container-modernarumt.jpg\" data-fancybox=\"wpcp_view\">\n\t\t<figure>\n\t\t\t<img decoding=\"async\" class=\"skip-lazy\" src=\"https:\/\/www.aarquiteta.com.br\/blog\/wp-content\/uploads\/2023\/11\/arquitetura-sustentvel-dicas-para-criar-uma-casa-container-modernarumt.jpg\" alt=\"Arquitetura Sustentvel Dicas para Criar uma Casa Container Moderna\" width=\"1024\" height=\"768\" title=\"\">\t\t<\/figure>\n\t<\/a>\n\t\t<\/div>\n<\/div>\n\t<div class=\"swiper-slide\">\n\t<div class=\"wpcp-single-item\">\n\t\t\t<a class=\"wcp-light-box\" data-buttons='[\"close\"]' data-wpc_url='https:\/\/www.aarquiteta.com.br\/blog\/wp-content\/uploads\/2023\/11\/modelos-de-casa02.jpg' href=\"https:\/\/www.aarquiteta.com.br\/blog\/wp-content\/uploads\/2023\/11\/modelos-de-casa02.jpg\" data-fancybox=\"wpcp_view\">\n\t\t<figure>\n\t\t\t<img decoding=\"async\" class=\"skip-lazy\" src=\"https:\/\/www.aarquiteta.com.br\/blog\/wp-content\/uploads\/2023\/11\/modelos-de-casa02.jpg\" alt=\"modelos de casa\" width=\"1024\" height=\"1024\" title=\"\">\t\t<\/figure>\n\t<\/a>\n\t\t<\/div>\n<\/div>\n\t<div class=\"swiper-slide\">\n\t<div class=\"wpcp-single-item\">\n\t\t\t<a class=\"wcp-light-box\" data-buttons='[\"close\"]' data-wpc_url='https:\/\/www.aarquiteta.com.br\/blog\/wp-content\/uploads\/2023\/11\/casa-simples-arrumada01.jpg' href=\"https:\/\/www.aarquiteta.com.br\/blog\/wp-content\/uploads\/2023\/11\/casa-simples-arrumada01.jpg\" data-fancybox=\"wpcp_view\">\n\t\t<figure>\n\t\t\t<img decoding=\"async\" class=\"skip-lazy\" src=\"https:\/\/www.aarquiteta.com.br\/blog\/wp-content\/uploads\/2023\/11\/casa-simples-arrumada01.jpg\" alt=\"casa simples arrumada\" width=\"1024\" height=\"1024\" title=\"\">\t\t<\/figure>\n\t<\/a>\n\t\t<\/div>\n<\/div>\n\t<div class=\"swiper-slide\">\n\t<div class=\"wpcp-single-item\">\n\t\t\t<a class=\"wcp-light-box\" data-buttons='[\"close\"]' data-wpc_url='https:\/\/www.aarquiteta.com.br\/blog\/wp-content\/uploads\/2023\/11\/modelos-de-casa04.jpg' href=\"https:\/\/www.aarquiteta.com.br\/blog\/wp-content\/uploads\/2023\/11\/modelos-de-casa04.jpg\" data-fancybox=\"wpcp_view\">\n\t\t<figure>\n\t\t\t<img decoding=\"async\" class=\"skip-lazy\" src=\"https:\/\/www.aarquiteta.com.br\/blog\/wp-content\/uploads\/2023\/11\/modelos-de-casa04.jpg\" alt=\"modelos de casa\" width=\"1024\" height=\"1024\" title=\"\">\t\t<\/figure>\n\t<\/a>\n\t\t<\/div>\n<\/div>\n\t<div class=\"swiper-slide\">\n\t<div class=\"wpcp-single-item\">\n\t\t\t<a class=\"wcp-light-box\" data-buttons='[\"close\"]' data-wpc_url='https:\/\/www.aarquiteta.com.br\/blog\/wp-content\/uploads\/2023\/10\/muros-modernos-ecologicos5-dicas-para-usar-na-fachada-da-sua-casa.02.jpg' href=\"https:\/\/www.aarquiteta.com.br\/blog\/wp-content\/uploads\/2023\/10\/muros-modernos-ecologicos5-dicas-para-usar-na-fachada-da-sua-casa.02.jpg\" data-fancybox=\"wpcp_view\">\n\t\t<figure>\n\t\t\t<img decoding=\"async\" class=\"skip-lazy\" src=\"https:\/\/www.aarquiteta.com.br\/blog\/wp-content\/uploads\/2023\/10\/muros-modernos-ecologicos5-dicas-para-usar-na-fachada-da-sua-casa.02.jpg\" alt=\"muros modernos ecol\u00f3gicos:5 dicas para usar na fachada da sua casa.\" width=\"1024\" height=\"1024\" title=\"\">\t\t<\/figure>\n\t<\/a>\n\t\t<\/div>\n<\/div>\n\t<div class=\"swiper-slide\">\n\t<div class=\"wpcp-single-item\">\n\t\t\t<a class=\"wcp-light-box\" data-buttons='[\"close\"]' data-wpc_url='https:\/\/www.aarquiteta.com.br\/blog\/wp-content\/uploads\/2023\/10\/casa-na-arvore-moderna.jpg' href=\"https:\/\/www.aarquiteta.com.br\/blog\/wp-content\/uploads\/2023\/10\/casa-na-arvore-moderna.jpg\" data-fancybox=\"wpcp_view\">\n\t\t<figure>\n\t\t\t<img decoding=\"async\" class=\"skip-lazy\" src=\"https:\/\/www.aarquiteta.com.br\/blog\/wp-content\/uploads\/2023\/10\/casa-na-arvore-moderna.jpg\" alt=\"Integra\u00e7\u00e3o com a Natureza: Os Melhores Projetos de Casas em \u00c1reas Verdes!\" width=\"1200\" height=\"800\" title=\"\">\t\t<\/figure>\n\t<\/a>\n\t\t<\/div>\n<\/div>\n\t<div class=\"swiper-slide\">\n\t<div class=\"wpcp-single-item\">\n\t\t\t<a class=\"wcp-light-box\" data-buttons='[\"close\"]' data-wpc_url='https:\/\/www.aarquiteta.com.br\/blog\/wp-content\/uploads\/2023\/10\/casas-pre-fabricadas02.jpg' href=\"https:\/\/www.aarquiteta.com.br\/blog\/wp-content\/uploads\/2023\/10\/casas-pre-fabricadas02.jpg\" data-fancybox=\"wpcp_view\">\n\t\t<figure>\n\t\t\t<img decoding=\"async\" class=\"skip-lazy\" src=\"https:\/\/www.aarquiteta.com.br\/blog\/wp-content\/uploads\/2023\/10\/casas-pre-fabricadas02.jpg\" alt=\"casas pr\u00e9 fabricadas\" width=\"1024\" height=\"1024\" title=\"\">\t\t<\/figure>\n\t<\/a>\n\t\t<\/div>\n<\/div>\n\t<div class=\"swiper-slide\">\n\t<div class=\"wpcp-single-item\">\n\t\t\t<a class=\"wcp-light-box\" data-buttons='[\"close\"]' data-wpc_url='https:\/\/www.aarquiteta.com.br\/blog\/wp-content\/uploads\/2023\/10\/muros-de-casas01.jpg' href=\"https:\/\/www.aarquiteta.com.br\/blog\/wp-content\/uploads\/2023\/10\/muros-de-casas01.jpg\" data-fancybox=\"wpcp_view\">\n\t\t<figure>\n\t\t\t<img decoding=\"async\" class=\"skip-lazy\" src=\"https:\/\/www.aarquiteta.com.br\/blog\/wp-content\/uploads\/2023\/10\/muros-de-casas01.jpg\" alt=\"Muros de Casas: Ideias Criativas para Transformar a Apar\u00eancia de sua Resid\u00eancia.\" width=\"1024\" height=\"1024\" title=\"\">\t\t<\/figure>\n\t<\/a>\n\t\t<\/div>\n<\/div>\n\t\t\t<\/div>\n\t\t\t\t\t<div class=\"wpcp-swiper-dots swiper-pagination\"><\/div>\n\t\t\t\t<!-- If we need navigation buttons -->\n\t\t\t<\/div>\n\t<\/div>\n<\/div>\n\n<p>Com uma floreira, voc\u00ea pode dizer adeus \u00e0quela bagun\u00e7a de vasos espalhados. Ela ajuda a manter tudo no lugar, deixando o jardim com uma cara mais arrumadinha e planejada.<\/p>\n<h3>4. Proporciona um ambiente favor\u00e1vel para o crescimento das plantas<\/h3>\n<p>A madeira tem um jeit\u00e3o todo especial de manter a terra fresquinha, o que \u00e9 \u00f3timo para as plantinhas. Al\u00e9m disso, a drenagem costuma ser melhor em floreiras, o que evita que suas verdinhas fiquem com os p\u00e9s encharcados.<\/p>\n<h3>5. Pode ser usada como uma barreira de privacidade<\/h3>\n<p>Quer um cantinho mais reservado? \u00c9 s\u00f3 posicionar a floreira de um jeito estrat\u00e9gico no jardim. Al\u00e9m de bonito, fica superfuncional!<\/p>\n<h3>6. F\u00e1cil de montar e desmontar<\/h3>\n<figure style=\"width: 1024px\" class=\"wp-caption aligncenter\"><img decoding=\"async\" src=\"https:\/\/www.aarquiteta.com.br\/blog\/wp-content\/uploads\/2024\/02\/floreira-de-madeira02.jpg\" alt=\"floreira de madeira\" width=\"1024\" height=\"1024\" title=\"\"><figcaption class=\"wp-caption-text\">floreira de madeira<\/figcaption><\/figure>\n<p>Se voc\u00ea \u00e9 do tipo que adora um DIY (fa\u00e7a voc\u00ea mesmo), vai curtir a facilidade de montar e desmontar uma floreira de madeira. Sem falar que, se um dia voc\u00ea quiser mudar tudo de lugar, \u00e9 s\u00f3 desmontar e montar em outro cantinho.<\/p>\n<h3>7. Dur\u00e1vel e resistente \u00e0s intemp\u00e9ries<\/h3>\n<p>Com o tratamento certo, a madeira pode durar anos a fio, enfrentando sol, chuva e at\u00e9 aqueles ventos mais atrevidos.<\/p>\n<h3>8. Vers\u00e1til e personaliz\u00e1vel<\/h3>\n<figure style=\"width: 1024px\" class=\"wp-caption aligncenter\"><img decoding=\"async\" src=\"https:\/\/www.aarquiteta.com.br\/blog\/wp-content\/uploads\/2024\/02\/floreira-de-madeira01.jpg\" alt=\"floreira de madeira\" width=\"1024\" height=\"1024\" title=\"\"><figcaption class=\"wp-caption-text\">floreira de madeira<\/figcaption><\/figure>\n<p>Quer pintar de azul, verde, amarelo? Com a floreira de madeira, voc\u00ea pode! Al\u00e9m de escolher cores, d\u00e1 para adicionar detalhes que v\u00e3o deixar tudo com a sua cara.<\/p>\n<h3>9. Baixa manuten\u00e7\u00e3o<\/h3>\n<p>Se voc\u00ea n\u00e3o \u00e9 muito de colocar a m\u00e3o na terra, vai gostar de saber que as floreiras de madeira s\u00e3o bem tranquilas de cuidar. Uma limpezinha aqui, um retoque ali e t\u00e1 tudo certo!<\/p>\n<h3>10. Pode ser usada em espa\u00e7os pequenos<\/h3>\n<figure style=\"width: 1024px\" class=\"wp-caption aligncenter\"><img decoding=\"async\" src=\"https:\/\/www.aarquiteta.com.br\/blog\/wp-content\/uploads\/2024\/02\/floreira-de-madeira03.jpg\" alt=\"floreira de madeira\" width=\"1024\" height=\"1024\" title=\"\"><figcaption class=\"wp-caption-text\">floreira de madeira<\/figcaption><\/figure>\n<p>N\u00e3o tem muito espa\u00e7o? Sem problemas! As floreiras s\u00e3o perfeitas para varandas e pequenos jardins. Elas otimizam o espa\u00e7o e ainda deixam tudo verdinho.<\/p>\n<h3>11. Pode ser usada como uma horta vertical<\/h3>\n<p>Se o neg\u00f3cio \u00e9 otimizar espa\u00e7o, que tal uma horta vertical? As floreiras de madeira s\u00e3o perfeitas para isso. Voc\u00ea vai ver suas plantinhas crescendo pra cima, como se estivessem disputando quem chega mais alto.<\/p>\n<h3>12. Promove a sustentabilidade<\/h3>\n<p>Usar madeira de fontes sustent\u00e1veis para sua floreira \u00e9 um jeit\u00e3o de ajudar o planeta. Al\u00e9m disso, cultivar suas pr\u00f3prias plantas \u00e9 um passo e tanto para uma vida mais verde.<\/p>\n<h3>Perguntas Frequentes<\/h3>\n<ol>\n<li><strong>Quais s\u00e3o os diferentes tipos de madeira utilizados na fabrica\u00e7\u00e3o de floreiras de madeira?<\/strong><br \/>\n  Temos uma variedade que vai desde o pinus at\u00e9 a madeira de demoli\u00e7\u00e3o, cada uma com suas caracter\u00edsticas e vantagens. O importante \u00e9 escolher uma que seja tratada para aguentar o tranco do tempo.<\/li>\n<li><strong>Como devo cuidar da minha floreira de madeira para garantir sua durabilidade?<\/strong><br \/>\n  Uma boa m\u00e3o de verniz ou stain de vez em quando ajuda a proteger a madeira. E claro, n\u00e3o deixe acumular \u00e1gua no fundo para evitar apodrecimento.<\/li>\n<li><strong>Posso pintar minha floreira de madeira para combinar com a decora\u00e7\u00e3o do meu jardim?<\/strong><br \/>\n  Claro que pode! S\u00f3 n\u00e3o esque\u00e7a de usar uma tinta apropriada para exteriores, assim sua floreira vai ficar bonitona por mais tempo.<\/li>\n<\/ol>\n<p>Enfim, ter uma floreira de madeira \u00e9 como ter um pedacinho da natureza organizado e estiloso bem no conforto do seu lar. E a\u00ed, j\u00e1 est\u00e1 imaginando como vai ser a sua?<\/p>\n<p>Curiosidade do dia: voc\u00ea sabia que algumas pessoas usam floreiras de madeira at\u00e9 dentro de casa? Pois \u00e9, elas servem como \u00f3timos divisores de ambiente e ainda trazem um toque de verde para o interior. Quem disse que jardim tem que ser s\u00f3 l\u00e1 fora, n\u00e9?<\/p>\n<p><\/body><\/p>\n<p style=\"text-align: center;\">[amazon table=&#8221;82984&#8243;]\n","protected":false},"excerpt":{"rendered":"<p>Descubra o segredo de uma floreira de madeira perfeita. Inspire-se conosco!<\/p>\n","protected":false},"author":102,"featured_media":105984,"comment_status":"closed","ping_status":"closed","sticky":false,"template":"","format":"standard","meta":{"footnotes":""},"categories":[10005,1484,35404],"tags":[],"class_list":["post-105987","post","type-post","status-publish","format-standard","has-post-thumbnail","category-casa-e-jardim","category-decoracao","category-decoracao-de-exteriores"],"_wp_attached_file":null,"_wp_attachment_metadata":null,"_wp_attachment_context":null,"_wp_attachment_is_custom_header":null,"geo_longitude":null,"geo_public":null,"geo_latitude":null,"_publicize_done_external":null,"_wpas_done_3897181":null,"publicize_twitter_user":null,"_wpas_done_3897175":null,"_wpas_skip_3897181":null,"_wpas_skip_3897175":null,"_wpas_skip_3924723":null,"_wpas_mess":null,"_wpas_done_3924723":null,"wps_subtitle":"","_links":{"self":[{"href":"https:\/\/www.aarquiteta.com.br\/blog\/wp-json\/wp\/v2\/posts\/105987","targetHints":{"allow":["GET"]}}],"collection":[{"href":"https:\/\/www.aarquiteta.com.br\/blog\/wp-json\/wp\/v2\/posts"}],"about":[{"href":"https:\/\/www.aarquiteta.com.br\/blog\/wp-json\/wp\/v2\/types\/post"}],"author":[{"embeddable":true,"href":"https:\/\/www.aarquiteta.com.br\/blog\/wp-json\/wp\/v2\/users\/102"}],"replies":[{"embeddable":true,"href":"https:\/\/www.aarquiteta.com.br\/blog\/wp-json\/wp\/v2\/comments?post=105987"}],"version-history":[{"count":0,"href":"https:\/\/www.aarquiteta.com.br\/blog\/wp-json\/wp\/v2\/posts\/105987\/revisions"}],"wp:featuredmedia":[{"embeddable":true,"href":"https:\/\/www.aarquiteta.com.br\/blog\/wp-json\/wp\/v2\/media\/105984"}],"wp:attachment":[{"href":"https:\/\/www.aarquiteta.com.br\/blog\/wp-json\/wp\/v2\/media?parent=105987"}],"wp:term":[{"taxonomy":"category","embeddable":true,"href":"https:\/\/www.aarquiteta.com.br\/blog\/wp-json\/wp\/v2\/categories?post=105987"},{"taxonomy":"post_tag","embeddable":true,"href":"https:\/\/www.aarquiteta.com.br\/blog\/wp-json\/wp\/v2\/tags?post=105987"}],"curies":[{"name":"wp","href":"https:\/\/api.w.org\/{rel}","templated":true}]}}