{"id":105918,"date":"2024-02-06T13:46:54","date_gmt":"2024-02-06T16:46:54","guid":{"rendered":"http:\/\/aarquiteta.com.br\/transforme-sala-estar-pequena-6-tecnicas-criativas\/"},"modified":"2024-02-06T13:46:54","modified_gmt":"2024-02-06T16:46:54","slug":"transforme-sala-estar-pequena-6-tecnicas-criativas","status":"publish","type":"post","link":"https:\/\/www.aarquiteta.com.br\/blog\/transforme-sala-estar-pequena-6-tecnicas-criativas\/","title":{"rendered":"Transforme sua sala de estar pequena com estas 6 t\u00e9cnicas criativas."},"content":{"rendered":"<p>Se voc\u00ea acha que decorar uma sala de estar pequena \u00e9 como tentar fazer uma mala de viagem com excesso de bagagem, ent\u00e3o segura essa: eu trouxe <b>dicas de ouro<\/b> que v\u00e3o transformar seu cantinho apertado num verdadeiro o\u00e1sis de estilo e funcionalidade. Afinal, quem disse que tamanho \u00e9 documento quando se tem criatividade e bom gosto?<\/p>\n<p>Prepare-se para mergulhar num mar de possibilidades, onde cada cent\u00edmetro quadrado \u00e9 valorizado como se fosse um tesouro. Vou te mostrar como evitar o naufr\u00e1gio na escolha dos m\u00f3veis, como a paleta de cores pode ser sua melhor amiga e at\u00e9 como a ilumina\u00e7\u00e3o pode ser a cereja do bolo na sua decora\u00e7\u00e3o. E n\u00e3o, n\u00e3o \u00e9 m\u00e1gica, \u00e9 <b>design de interiores<\/b> com um toque de praticidade!<\/p>\n<figure style=\"width: 1024px\" class=\"wp-caption aligncenter\"><img decoding=\"async\" src=\"https:\/\/www.aarquiteta.com.br\/blog\/wp-content\/uploads\/2024\/02\/transforme-sala-estar-pequena-6-tecnicas-criativas01.jpg\" alt=\"Transforme sua sala de estar pequena com estas 6 t\u00e9cnicas criativas.\" width=\"1024\" height=\"1024\" title=\"\"><figcaption class=\"wp-caption-text\">Transforme sua sala de estar pequena com estas 6 t\u00e9cnicas criativas.<\/figcaption><\/figure>\n<p>Ent\u00e3o, se voc\u00ea quer transformar sua sala de estar pequena numa verdadeira capa de revista, sem precisar derrubar paredes ou fazer um malabarismo com os m\u00f3veis, cola aqui comigo! No v\u00eddeo completo, que voc\u00ea encontra no final deste artigo, eu vou te guiar por esse labirinto decorativo e te garantir que, no final, voc\u00ea vai ter um espa\u00e7o t\u00e3o aconchegante que vai ser dif\u00edcil querer sair de casa. <b>Pronto para essa aventura?<\/b><\/p>\n<h3><b>N\u00e3o perca mais tempo e assista agora como tudo isso \u00e9 feito no v\u00eddeo abaixo!<\/b><\/h3>\n<p>Caso seja necess\u00e1rio, ative as legendas em Portugu\u00eas Brasil, nas configura\u00e7\u00f5es do v\u00eddeo e aproveite!<\/p>\n<p><div class=\"youtube-embed\" data-video_id=\"LRywoUrhVTs\"><iframe title=\"6 SUPER DICAS para DECORAR sua SALA de ESTAR PEQUENA\" width=\"696\" height=\"392\" src=\"https:\/\/www.youtube.com\/embed\/LRywoUrhVTs?feature=oembed&#038;enablejsapi=1\" frameborder=\"0\" allow=\"accelerometer; autoplay; clipboard-write; encrypted-media; gyroscope; picture-in-picture; web-share\" allowfullscreen><\/iframe><\/div>\n<\/p>\n<p>Espero que tenha encontrado o v\u00eddeo informativo e enriquecedor. <\/p>\n<p>Se gostou do conte\u00fado, n\u00e3o deixe de deslizar para baixo e explorar mais dicas e insights valiosos como este. <\/p>\n<p>Estamos sempre aqui para oferecer informa\u00e7\u00f5es \u00fateis e inspiradoras para voc\u00ea!<\/p>\n<figure style=\"width: 1024px\" class=\"wp-caption aligncenter\"><img decoding=\"async\" src=\"https:\/\/www.aarquiteta.com.br\/blog\/wp-content\/uploads\/2024\/02\/transforme-sala-estar-pequena-6-tecnicas-criativas02.jpg\" alt=\"Transforme sua sala de estar pequena com estas 6 t\u00e9cnicas criativas.\" width=\"1024\" height=\"1024\" title=\"\"><figcaption class=\"wp-caption-text\">Transforme sua sala de estar pequena com estas 6 t\u00e9cnicas criativas.<\/figcaption><\/figure>\n","protected":false},"excerpt":{"rendered":"<p>Transforme sua sala de estar pequena com estas 6 t\u00e9cnicas criativas. Descubra as instru\u00e7\u00f5es para maximizar o espa\u00e7o e adicionar estilo aconchegante. Aprenda os caminhos para criar um ambiente acolhedor, mesmo em espa\u00e7os reduzidos. Experimente as sugest\u00f5es de decora\u00e7\u00e3o inteligente e descubra meios de surpreender os seus convidados. Receba ensinamentos de especialistas em design de interiores e aproveite ao m\u00e1ximo a sua sala de estar compacta.<\/p>\n","protected":false},"author":102,"featured_media":105916,"comment_status":"closed","ping_status":"closed","sticky":false,"template":"","format":"standard","meta":{"footnotes":""},"categories":[1507,1484],"tags":[],"class_list":["post-105918","post","type-post","status-publish","format-standard","has-post-thumbnail","category-arquitetura","category-decoracao"],"_wp_attached_file":null,"_wp_attachment_metadata":null,"_wp_attachment_context":null,"_wp_attachment_is_custom_header":null,"geo_longitude":null,"geo_public":null,"geo_latitude":null,"_publicize_done_external":null,"_wpas_done_3897181":null,"publicize_twitter_user":null,"_wpas_done_3897175":null,"_wpas_skip_3897181":null,"_wpas_skip_3897175":null,"_wpas_skip_3924723":null,"_wpas_mess":null,"_wpas_done_3924723":null,"wps_subtitle":"","_links":{"self":[{"href":"https:\/\/www.aarquiteta.com.br\/blog\/wp-json\/wp\/v2\/posts\/105918","targetHints":{"allow":["GET"]}}],"collection":[{"href":"https:\/\/www.aarquiteta.com.br\/blog\/wp-json\/wp\/v2\/posts"}],"about":[{"href":"https:\/\/www.aarquiteta.com.br\/blog\/wp-json\/wp\/v2\/types\/post"}],"author":[{"embeddable":true,"href":"https:\/\/www.aarquiteta.com.br\/blog\/wp-json\/wp\/v2\/users\/102"}],"replies":[{"embeddable":true,"href":"https:\/\/www.aarquiteta.com.br\/blog\/wp-json\/wp\/v2\/comments?post=105918"}],"version-history":[{"count":0,"href":"https:\/\/www.aarquiteta.com.br\/blog\/wp-json\/wp\/v2\/posts\/105918\/revisions"}],"wp:featuredmedia":[{"embeddable":true,"href":"https:\/\/www.aarquiteta.com.br\/blog\/wp-json\/wp\/v2\/media\/105916"}],"wp:attachment":[{"href":"https:\/\/www.aarquiteta.com.br\/blog\/wp-json\/wp\/v2\/media?parent=105918"}],"wp:term":[{"taxonomy":"category","embeddable":true,"href":"https:\/\/www.aarquiteta.com.br\/blog\/wp-json\/wp\/v2\/categories?post=105918"},{"taxonomy":"post_tag","embeddable":true,"href":"https:\/\/www.aarquiteta.com.br\/blog\/wp-json\/wp\/v2\/tags?post=105918"}],"curies":[{"name":"wp","href":"https:\/\/api.w.org\/{rel}","templated":true}]}}