{"id":105897,"date":"2024-02-05T22:18:47","date_gmt":"2024-02-06T01:18:47","guid":{"rendered":"http:\/\/aarquiteta.com.br\/5-ideias-de-marcenaria-para-um-cantinho-neutro-na-sua-casa\/"},"modified":"2024-08-23T10:01:40","modified_gmt":"2024-08-23T13:01:40","slug":"5-ideias-de-marcenaria-para-um-cantinho-neutro-na-sua-casa","status":"publish","type":"post","link":"https:\/\/www.aarquiteta.com.br\/blog\/5-ideias-de-marcenaria-para-um-cantinho-neutro-na-sua-casa\/","title":{"rendered":"5 Ideias de marcenaria para um cantinho neutro na sua casa: Transforma\u00e7\u00f5es surpreendentes para um ambiente acolhedor e funcional"},"content":{"rendered":"<h2>Introdu\u00e7\u00e3o<\/h2>\n<p>Quando penso em transformar um cantinho da minha casa em um espa\u00e7o neutro e acolhedor, a marcenaria surge como uma arte capaz de criar ambientes personalizados e funcionais. Neste artigo, compartilho com voc\u00eas <b>cinco ideias de marcenaria<\/b> que podem ser a chave para aquele cantinho especial, onde a simplicidade e a eleg\u00e2ncia se encontram. Vamos explorar juntos como prateleiras flutuantes, nichos embutidos, estantes modulares, bancadas de trabalho e arm\u00e1rios suspensos podem transformar seu espa\u00e7o.<\/p>\n<h3>1. Prateleiras flutuantes<\/h3>\n<p>As <b>prateleiras flutuantes<\/b> s\u00e3o a ess\u00eancia da simplicidade e da funcionalidade. Elas parecem desafiar a gravidade, criando uma ilus\u00e3o de leveza e continuidade na parede. Al\u00e9m de serem extremamente vers\u00e1teis, as prateleiras flutuantes servem tanto para organizar livros e objetos decorativos quanto para expor plantas, trazendo um toque de natureza para o ambiente. A instala\u00e7\u00e3o \u00e9 simples e o resultado \u00e9 um espa\u00e7o mais limpo visualmente e cheio de personalidade.<\/p>\n<h3>2. Nichos embutidos<\/h3>\n<p>Os <b>nichos embutidos<\/b> s\u00e3o uma solu\u00e7\u00e3o inteligente para quem busca otimizar espa\u00e7os. Eles podem ser projetados em qualquer parte da casa, desde o banheiro at\u00e9 o quarto, e s\u00e3o perfeitos para armazenar itens de uso frequente. Al\u00e9m disso, os nichos embutidos podem ser personalizados com diferentes materiais e acabamentos, adaptando-se ao estilo do seu cantinho neutro e proporcionando um design clean e sofisticado.<\/p>\n<h3>3. Estante modular<\/h3>\n<figure style=\"width: 1024px\" class=\"wp-caption aligncenter\"><img decoding=\"async\" src=\"https:\/\/www.aarquiteta.com.br\/blog\/wp-content\/uploads\/2024\/02\/5-ideias-de-marcenaria-para-um-cantinho-neutro-na-sua-casa02.jpg\" alt=\"5 ideias de marcenaria para um cantinho neutro na sua casa\" width=\"1024\" height=\"1024\" title=\"\"><figcaption class=\"wp-caption-text\">5 ideias de marcenaria para um cantinho neutro na sua casa<\/figcaption><\/figure>\n<p>Uma <b>estante modular<\/b> \u00e9 uma pe\u00e7a chave para quem adora a flexibilidade. Com a possibilidade de adicionar ou remover m\u00f3dulos, voc\u00ea pode adaptar a estante conforme suas necessidades, seja para armazenar livros, compor um home office ou at\u00e9 mesmo criar um espa\u00e7o para entretenimento. A estante modular \u00e9 uma forma inteligente de personalizar o espa\u00e7o, mantendo a harmonia e a neutralidade do ambiente.<\/p>\n<h3>4. Bancada de trabalho<\/h3>\n<p>Para quem precisa de um espa\u00e7o de trabalho ou estudo em casa, a <b>bancada de trabalho<\/b> feita sob medida \u00e9 a solu\u00e7\u00e3o ideal. Ela pode ser projetada para se encaixar perfeitamente no seu espa\u00e7o, com compartimentos para organizar cabos e acess\u00f3rios, garantindo que tudo esteja ao alcance das m\u00e3os. A bancada de trabalho \u00e9 uma forma de maximizar a produtividade sem abrir m\u00e3o do estilo e da simplicidade.<\/p>\n<h3>5. Arm\u00e1rio suspenso<\/h3>\n<p>O <b>arm\u00e1rio suspenso<\/b> \u00e9 uma alternativa elegante e pr\u00e1tica para armazenamento. Ele pode ser instalado acima de outros m\u00f3veis, aproveitando o espa\u00e7o vertical sem comprometer a \u00e1rea de circula\u00e7\u00e3o. Com portas de correr ou abrir, o arm\u00e1rio suspenso \u00e9 uma forma de manter o ambiente organizado e livre de bagun\u00e7a, contribuindo para a sensa\u00e7\u00e3o de amplitude e tranquilidade no seu cantinho neutro.<\/p>\n<h2>Conclus\u00e3o<\/h2>\n<p>Em resumo, a marcenaria oferece solu\u00e7\u00f5es criativas e personalizadas para transformar qualquer espa\u00e7o da sua casa. As ideias que compartilhei aqui s\u00e3o apenas o ponto de partida para voc\u00ea criar um cantinho neutro que reflita sua personalidade e atenda \u00e0s suas necessidades. Lembre-se de que a simplicidade \u00e9 a chave para um design atemporal e que a funcionalidade deve andar de m\u00e3os dadas com a est\u00e9tica. Agora \u00e9 com voc\u00ea: inspire-se e d\u00ea vida ao seu espa\u00e7o!<\/p>\n<h3>Perguntas Frequentes<\/h3>\n<h3>Como escolher o material ideal para as prateleiras flutuantes?<\/h3>\n<p>Na escolha do material para as prateleiras flutuantes, considere a decora\u00e7\u00e3o do ambiente e o peso dos objetos que ser\u00e3o colocados sobre elas. Materiais como MDF, madeira maci\u00e7a ou at\u00e9 mesmo vidro podem ser utilizados, desde que a fixa\u00e7\u00e3o seja adequada para suportar o peso desejado.<\/p>\n<h3>\u00c9 poss\u00edvel personalizar uma estante modular para um espa\u00e7o pequeno?<\/h3>\n<p>Sim, \u00e9 totalmente poss\u00edvel personalizar uma estante modular para um espa\u00e7o pequeno. O segredo est\u00e1 em escolher m\u00f3dulos que se encaixem nas dimens\u00f5es dispon\u00edveis e que ofere\u00e7am a funcionalidade necess\u00e1ria para o seu dia a dia, aproveitando cada cent\u00edmetro do seu cantinho.<\/p>\n<h3>Quais s\u00e3o as vantagens de um arm\u00e1rio suspenso em rela\u00e7\u00e3o a um arm\u00e1rio tradicional?<\/h3>\n<p>As vantagens de um arm\u00e1rio suspenso incluem a otimiza\u00e7\u00e3o do espa\u00e7o vertical, a facilidade de limpeza do ch\u00e3o sem obst\u00e1culos e a sensa\u00e7\u00e3o de leveza no ambiente. Al\u00e9m disso, arm\u00e1rios suspensos podem ser uma op\u00e7\u00e3o mais segura em casas com crian\u00e7as pequenas, pois reduzem o risco de tombamento.<\/p>\n","protected":false},"excerpt":{"rendered":"<p>Transforme seu cantinho em um ambiente acolhedor e funcional com 5 inovadoras ideias de marcenaria. Aprenda com nossas instru\u00e7\u00f5es, sugest\u00f5es e ensinamentos para criar transforma\u00e7\u00f5es surpreendentes em sua casa.<\/p>\n","protected":false},"author":102,"featured_media":105896,"comment_status":"closed","ping_status":"closed","sticky":false,"template":"","format":"standard","meta":{"footnotes":""},"categories":[1484,19108],"tags":[],"class_list":["post-105897","post","type-post","status-publish","format-standard","has-post-thumbnail","category-decoracao","category-festas-e-confraternizacoes"],"_wp_attached_file":null,"_wp_attachment_metadata":null,"_wp_attachment_context":null,"_wp_attachment_is_custom_header":null,"geo_longitude":null,"geo_public":null,"geo_latitude":null,"_publicize_done_external":null,"_wpas_done_3897181":null,"publicize_twitter_user":null,"_wpas_done_3897175":null,"_wpas_skip_3897181":null,"_wpas_skip_3897175":null,"_wpas_skip_3924723":null,"_wpas_mess":null,"_wpas_done_3924723":null,"wps_subtitle":"","_links":{"self":[{"href":"https:\/\/www.aarquiteta.com.br\/blog\/wp-json\/wp\/v2\/posts\/105897","targetHints":{"allow":["GET"]}}],"collection":[{"href":"https:\/\/www.aarquiteta.com.br\/blog\/wp-json\/wp\/v2\/posts"}],"about":[{"href":"https:\/\/www.aarquiteta.com.br\/blog\/wp-json\/wp\/v2\/types\/post"}],"author":[{"embeddable":true,"href":"https:\/\/www.aarquiteta.com.br\/blog\/wp-json\/wp\/v2\/users\/102"}],"replies":[{"embeddable":true,"href":"https:\/\/www.aarquiteta.com.br\/blog\/wp-json\/wp\/v2\/comments?post=105897"}],"version-history":[{"count":0,"href":"https:\/\/www.aarquiteta.com.br\/blog\/wp-json\/wp\/v2\/posts\/105897\/revisions"}],"wp:featuredmedia":[{"embeddable":true,"href":"https:\/\/www.aarquiteta.com.br\/blog\/wp-json\/wp\/v2\/media\/105896"}],"wp:attachment":[{"href":"https:\/\/www.aarquiteta.com.br\/blog\/wp-json\/wp\/v2\/media?parent=105897"}],"wp:term":[{"taxonomy":"category","embeddable":true,"href":"https:\/\/www.aarquiteta.com.br\/blog\/wp-json\/wp\/v2\/categories?post=105897"},{"taxonomy":"post_tag","embeddable":true,"href":"https:\/\/www.aarquiteta.com.br\/blog\/wp-json\/wp\/v2\/tags?post=105897"}],"curies":[{"name":"wp","href":"https:\/\/api.w.org\/{rel}","templated":true}]}}