{"id":105658,"date":"2024-04-24T09:32:46","date_gmt":"2024-04-24T12:32:46","guid":{"rendered":"http:\/\/aarquiteta.com.br\/?p=105658"},"modified":"2024-04-24T09:32:46","modified_gmt":"2024-04-24T12:32:46","slug":"tons-de-rosa","status":"publish","type":"post","link":"https:\/\/www.aarquiteta.com.br\/blog\/tons-de-rosa\/","title":{"rendered":"Tons de Rosa: 5 Ideias Para Uma Decora\u00e7\u00e3o Delicada e Moderna"},"content":{"rendered":"<p><body><\/p>\n<p>Quando pensamos em <strong>tons de rosa<\/strong>, logo nos vem \u00e0 mente uma paleta que transborda feminilidade e suavidade. Mas, ah, como essa cor \u00e9 muito mais do que um estere\u00f3tipo! Ela \u00e9 um verdadeiro camale\u00e3o no mundo das cores, adaptando-se com uma facilidade incr\u00edvel a diferentes contextos e estilos. Vamos mergulhar juntos nesse universo cor-de-rosa e descobrir por que essa cor \u00e9 t\u00e3o mais do que um simples clich\u00ea.<\/p>\n<ul>\n<li>A associa\u00e7\u00e3o com o feminino<\/li>\n<li>Versatilidade em diferentes contextos<\/li>\n<li>A capacidade de transmitir emo\u00e7\u00f5es<\/li>\n<li>A tend\u00eancia do millennial pink<\/li>\n<li>A influ\u00eancia da cultura pop<\/li>\n<li>A conex\u00e3o com a natureza<\/li>\n<li>A simbologia do rosa na psicologia das cores<\/li>\n<li>A popularidade do rosa na moda<\/li>\n<li>A presen\u00e7a do rosa na decora\u00e7\u00e3o de interiores<\/li>\n<li>A utiliza\u00e7\u00e3o do rosa em branding e marketing<\/li>\n<li>A influ\u00eancia dos tons de rosa na arte<\/li>\n<li>A combina\u00e7\u00e3o de tons de rosa com outras cores<\/li>\n<\/ul>\n<h3>1. A associa\u00e7\u00e3o com o feminino<\/h3>\n<figure style=\"width: 1024px\" class=\"wp-caption aligncenter\"><img decoding=\"async\" src=\"https:\/\/www.aarquiteta.com.br\/blog\/wp-content\/uploads\/2024\/02\/tons-de-rosa04.jpg\" alt=\"tons de rosa\" width=\"1024\" height=\"1024\" title=\"\"><figcaption class=\"wp-caption-text\">tons de rosa<\/figcaption><\/figure>\n<p>Desde pequenos, somos apresentados ao rosa como a cor das princesas e das bonecas, n\u00e3o \u00e9 mesmo? Mas essa cor vai muito al\u00e9m do quarto da Barbie. Ela representa a delicadeza e a for\u00e7a da feminilidade em todas as suas formas, e \u00e9 por isso que muitas mulheres se sentem poderosas quando a usam. E n\u00e3o \u00e9 s\u00f3 no vestu\u00e1rio n\u00e3o, viu? Em campanhas de conscientiza\u00e7\u00e3o sobre o c\u00e2ncer de mama, por exemplo, o rosa \u00e9 um s\u00edmbolo de luta e esperan\u00e7a.<\/p>\n<h3>2. Versatilidade em diferentes contextos<\/h3>\n<p>O rosa n\u00e3o \u00e9 s\u00f3 para quartos de meninas ou roupas de beb\u00ea. Ele aparece em uniformes esportivos, gadgets tecnol\u00f3gicos e at\u00e9 em embalagens de produtos para todos os g\u00eaneros. E o mais legal \u00e9 que ele tem uma gama t\u00e3o ampla de tonalidades que pode ir do rom\u00e2ntico ao rebelde sem perder o charme.<\/p>\n<h3>3. A capacidade de transmitir emo\u00e7\u00f5es<\/h3>\n<style id=\"wp_carousel_dynamic_css104045\">.sp-wp-carousel-free-id-104045.wpcf-fancybox-wrapper .fancybox-bg{background: #0b0b0b;opacity: 0.8;}.sp-wp-carousel-free-id-104045.wpcf-fancybox-wrapper .fancybox-navigation .fancybox-button .wpcp-fancybox-nav-arrow i {color: #ccc;}.sp-wp-carousel-free-id-104045.wpcf-fancybox-wrapper .fancybox-navigation .fancybox-button .wpcp-fancybox-nav-arrow i:hover {color: #fff;}.sp-wp-carousel-free-id-104045.wpcf-fancybox-wrapper .fancybox-navigation .fancybox-button {background: #1e1e1e;}.sp-wp-carousel-free-id-104045.wpcf-fancybox-wrapper .fancybox-navigation .fancybox-button:hover {background: #1e1e1e;}#sp-wp-carousel-free-id-104045 .wpcp-swiper-dots {margin: 40px 0px 0px 0px;}.wpcp-wrapper-104045 .swiper-wrapper .swiper-slide-kenburn, .wpcp-wrapper-104045 .swiper-wrapper, .wpcp-wrapper-104045 .wpcpro-row{align-items: center;}#sp-wp-carousel-free-id-104045 .wpcp-single-item {box-shadow: 0px 0px 0px 0px #dddddd;transition: all .3s;margin: 0px;}#sp-wp-carousel-free-id-104045.swiper-flip .wpcp-single-item{margin: 0!important;}#sp-wp-carousel-free-id-104045 .wpcp-single-item:hover {box-shadow: 0px 0px 0px 0px #dddddd;}#sp-wp-carousel-free-id-104045.sp-wpcp-104045 .wpcp-single-item {border: 1px solid #dddddd;}#sp-wp-carousel-free-id-104045.sp-wpcp-104045 .swiper-button-prev,#sp-wp-carousel-free-id-104045.sp-wpcp-104045 .swiper-button-next,#sp-wp-carousel-free-id-104045.sp-wpcp-104045 .swiper-button-prev:hover,#sp-wp-carousel-free-id-104045.sp-wpcp-104045 .swiper-button-next:hover {background: none;border: none;font-size: 30px;}#sp-wp-carousel-free-id-104045.sp-wpcp-104045 .swiper-button-prev i,#sp-wp-carousel-free-id-104045.sp-wpcp-104045 .swiper-button-next i {color: #aaa;}#sp-wp-carousel-free-id-104045.sp-wpcp-104045 .swiper-button-prev i:hover,#sp-wp-carousel-free-id-104045.sp-wpcp-104045 .swiper-button-next i:hover {color: #178087;}#sp-wp-carousel-free-id-104045.sp-wpcp-104045 .wpcp-swiper-dots .swiper-pagination-bullet {background-color: #cccccc;}#sp-wp-carousel-free-id-104045.sp-wpcp-104045 .wpcp-swiper-dots .swiper-pagination-bullet.swiper-pagination-bullet-active {background-color: #178087;} #sp-wp-carousel-free-id-104045.sp-wpcp-104045.wpcp-image-carousel .wpcp-single-item:hover img, #sp-wp-carousel-free-id-104045.sp-wpcp-104045.wpcp-post-carousel .wpcp-single-item:hover img, #sp-wp-carousel-free-id-104045.sp-wpcp-104045.wpcp-product-carousel .wpcp-single-item:hover img{-webkit-transform: scale(1.2);-moz-transform: scale(1.2);transform: scale(1.2);}#sp-wp-carousel-free-id-104045 .wpcpro-row>[class*=\"wpcpro-col-\"] { padding: 0 10px; padding-bottom: 20px;} #sp-wp-carousel-free-id-104045 .swiper-slide .single-item-fade:not(:last-child) { margin-right: 20px;}@media (min-width: 480px) { .wpcpro-row .wpcpro-col-sm-1 { flex: 0 0 100%; max-width: 100%; } .wpcpro-row .wpcpro-col-sm-2 { flex: 0 0 50%; max-width: 50%; } .wpcpro-row .wpcpro-col-sm-2-5 { flex: 0 0 75%; max-width: 75%; } .wpcpro-row .wpcpro-col-sm-3 { flex: 0 0 33.333%; max-width: 33.333%; } .wpcpro-row .wpcpro-col-sm-4 { flex: 0 0 25%; max-width: 25%; } .wpcpro-row .wpcpro-col-sm-5 { flex: 0 0 20%; max-width: 20%; } .wpcpro-row .wpcpro-col-sm-6 { flex: 0 0 16.66666666666667%; max-width: 16.66666666666667%; } .wpcpro-row .wpcpro-col-sm-7 { flex: 0 0 14.28571428%; max-width: 14.28571428%; } .wpcpro-row .wpcpro-col-sm-8 { flex: 0 0 12.5%; max-width: 12.5%; } } @media (max-width: 480px) { .wpcpro-row .wpcpro-col-xs-1 { flex: 0 0 100%; max-width: 100%; } .wpcpro-row .wpcpro-col-xs-2 { flex: 0 0 50%; max-width: 50%; } .wpcpro-row .wpcpro-col-xs-3 { flex: 0 0 33.222%; max-width: 33.222%; } .wpcpro-row .wpcpro-col-xs-4 { flex: 0 0 25%; max-width: 25%; } .wpcpro-row .wpcpro-col-xs-5 { flex: 0 0 20%; max-width: 20%; } .wpcpro-row .wpcpro-col-xs-6 { flex: 0 0 16.6667%; max-width: 16.6667%; } .wpcpro-row .wpcpro-col-xs-7 { flex: 0 0 14.28571428%; max-width: 14.28571428%; } .wpcpro-row .wpcpro-col-xs-8 { flex: 0 0 12.5%; max-width: 12.5%; } } @media (min-width: 736px) { .wpcpro-row .wpcpro-col-md-1 { flex: 0 0 100%; max-width: 100%; } .wpcpro-row .wpcpro-col-md-2 { flex: 0 0 50%; max-width: 50%; } .wpcpro-row .wpcpro-col-md-2-5 { flex: 0 0 75%; max-width: 75%; } .wpcpro-row .wpcpro-col-md-3 { flex: 0 0 33.333%; max-width: 33.333%; } .wpcpro-row .wpcpro-col-md-4 { flex: 0 0 25%; max-width: 25%; } .wpcpro-row .wpcpro-col-md-5 { flex: 0 0 20%; max-width: 20%; } .wpcpro-row .wpcpro-col-md-6 { flex: 0 0 16.66666666666667%; max-width: 16.66666666666667%; } .wpcpro-row .wpcpro-col-md-7 { flex: 0 0 14.28571428%; max-width: 14.28571428%; } .wpcpro-row .wpcpro-col-md-8 { flex: 0 0 12.5%; max-width: 12.5%; } } @media (min-width: 980px) { .wpcpro-row .wpcpro-col-lg-1 { flex: 0 0 100%; max-width: 100%; } .wpcpro-row .wpcpro-col-lg-2 { flex: 0 0 50%; max-width: 50%; } .wpcpro-row .wpcpro-col-lg-3 { flex: 0 0 33.222%; max-width: 33.222%; } .wpcpro-row .wpcpro-col-lg-4 { flex: 0 0 25%; max-width: 25%; } .wpcpro-row .wpcpro-col-lg-5 { flex: 0 0 20%; max-width: 20%; } .wpcpro-row .wpcpro-col-lg-6 { flex: 0 0 16.6667%; max-width: 16.6667%; } .wpcpro-row .wpcpro-col-lg-7 { flex: 0 0 14.28571428%; max-width: 14.28571428%; } .wpcpro-row .wpcpro-col-lg-8 { flex: 0 0 12.5%; max-width: 12.5%; } } @media (min-width: 1200px) { .wpcpro-row .wpcpro-col-xl-1 { flex: 0 0 100%; max-width: 100%; } .wpcpro-row .wpcpro-col-xl-2 { flex: 0 0 50%; max-width: 50%; } .wpcpro-row .wpcpro-col-xl-3 { flex: 0 0 33.22222222%; max-width: 33.22222222%; } .wpcpro-row .wpcpro-col-xl-4 { flex: 0 0 25%; max-width: 25%; } .wpcpro-row .wpcpro-col-xl-5 { flex: 0 0 20%; max-width: 20%; } .wpcpro-row .wpcpro-col-xl-6 { flex: 0 0 16.66667%; max-width: 16.66667%; } .wpcpro-row .wpcpro-col-xl-7 { flex: 0 0 14.28571428%; max-width: 14.28571428%; } .wpcpro-row .wpcpro-col-xl-8 { flex: 0 0 12.5%; max-width: 12.5%; } }<\/style><div class=\"wpcp-carousel-wrapper wpcp-wrapper-104045\">\n\t<div id=\"wpcp-preloader-104045\" class=\"wpcp-carousel-preloader\"><img decoding=\"async\" src=\"https:\/\/www.aarquiteta.com.br\/blog\/wp-content\/plugins\/wp-carousel-free\/public\/css\/spinner.svg\" alt=\"Preloader Image\" title=\"\"><\/div>\t<div class=\"wpcp-carousel-content-wrapper\">\n\t<div id=\"sp-wp-carousel-free-id-104045\" class=\"wpcp-carousel-section sp-wpcp-104045  nav-vertical-center wpcp-image-carousel wpcp-preloader wpcp-standard\" data-swiper='{ &quot;pagination_type&quot;: &quot;dots&quot;,&quot;accessibility&quot;:true, &quot;spaceBetween&quot;:20, &quot;arrows&quot;:false, &quot;freeMode&quot;: false, &quot;autoplay&quot;:true, &quot;effect&quot;: &quot;&quot;, &quot;centerMode&quot;: false, &quot;autoplaySpeed&quot;:3000, &quot;dots&quot;:true, &quot;infinite&quot;:true, &quot;speed&quot;:600, &quot;pauseOnHover&quot;:true,\n\t\t\t&quot;slidesToShow&quot;:{&quot;lg_desktop&quot;:5, &quot;desktop&quot;: 4, &quot;laptop&quot;: 3, &quot;tablet&quot;: 2, &quot;mobile&quot;: 1}, &quot;responsive&quot;:{&quot;desktop&quot;:1200, &quot;laptop&quot;: 980, &quot;tablet&quot;: 736, &quot;mobile&quot;: 480}, &quot;rtl&quot;:false, &quot;lazyLoad&quot;: &quot;false&quot;, &quot;swipe&quot;: true, &quot;draggable&quot;: true, &quot;swipeToSlide&quot;:false }' dir=\"ltr\">\n\t\t<div class=\"swiper-wrapper\">\n\t\t<div class=\"swiper-slide\">\n\t<div class=\"wpcp-single-item\">\n\t\t\t<a class=\"wcp-light-box\" data-buttons='[\"close\"]' data-wpc_url='https:\/\/www.aarquiteta.com.br\/blog\/wp-content\/uploads\/2023\/12\/5-Itens-de-Decoracao-que-Viraram-Icones-em-Filmes-Famosos02.jpg' href=\"https:\/\/www.aarquiteta.com.br\/blog\/wp-content\/uploads\/2023\/12\/5-Itens-de-Decoracao-que-Viraram-Icones-em-Filmes-Famosos02.jpg\" data-fancybox=\"wpcp_view\">\n\t\t<figure>\n\t\t\t<img decoding=\"async\" class=\"skip-lazy\" src=\"https:\/\/www.aarquiteta.com.br\/blog\/wp-content\/uploads\/2023\/12\/5-Itens-de-Decoracao-que-Viraram-Icones-em-Filmes-Famosos02.jpg\" alt=\"5 Itens de Decora\u00e7\u00e3o que Viraram \u00cdcones em Filmes Famosos\" width=\"1024\" height=\"1024\" title=\"\">\t\t<\/figure>\n\t<\/a>\n\t\t<\/div>\n<\/div>\n\t<div class=\"swiper-slide\">\n\t<div class=\"wpcp-single-item\">\n\t\t\t<a class=\"wcp-light-box\" data-buttons='[\"close\"]' data-wpc_url='https:\/\/www.aarquiteta.com.br\/blog\/wp-content\/uploads\/2023\/12\/5-Itens-de-Decoracao-que-Viraram-Icones-em-Filmes-Famosos01.jpg' href=\"https:\/\/www.aarquiteta.com.br\/blog\/wp-content\/uploads\/2023\/12\/5-Itens-de-Decoracao-que-Viraram-Icones-em-Filmes-Famosos01.jpg\" data-fancybox=\"wpcp_view\">\n\t\t<figure>\n\t\t\t<img decoding=\"async\" class=\"skip-lazy\" src=\"https:\/\/www.aarquiteta.com.br\/blog\/wp-content\/uploads\/2023\/12\/5-Itens-de-Decoracao-que-Viraram-Icones-em-Filmes-Famosos01.jpg\" alt=\"5 Itens de Decora\u00e7\u00e3o que Viraram \u00cdcones em Filmes Famosos\" width=\"1024\" height=\"1024\" title=\"\">\t\t<\/figure>\n\t<\/a>\n\t\t<\/div>\n<\/div>\n\t<div class=\"swiper-slide\">\n\t<div class=\"wpcp-single-item\">\n\t\t\t<a class=\"wcp-light-box\" data-buttons='[\"close\"]' data-wpc_url='https:\/\/www.aarquiteta.com.br\/blog\/wp-content\/uploads\/2023\/12\/5-Itens-de-Decoracao-que-Viraram-Icones-em-Filmes-Famosos04.jpg' href=\"https:\/\/www.aarquiteta.com.br\/blog\/wp-content\/uploads\/2023\/12\/5-Itens-de-Decoracao-que-Viraram-Icones-em-Filmes-Famosos04.jpg\" data-fancybox=\"wpcp_view\">\n\t\t<figure>\n\t\t\t<img decoding=\"async\" class=\"skip-lazy\" src=\"https:\/\/www.aarquiteta.com.br\/blog\/wp-content\/uploads\/2023\/12\/5-Itens-de-Decoracao-que-Viraram-Icones-em-Filmes-Famosos04.jpg\" alt=\"5 Itens de Decora\u00e7\u00e3o que Viraram \u00cdcones em Filmes Famosos\" width=\"1024\" height=\"1024\" title=\"\">\t\t<\/figure>\n\t<\/a>\n\t\t<\/div>\n<\/div>\n\t<div class=\"swiper-slide\">\n\t<div class=\"wpcp-single-item\">\n\t\t\t<a class=\"wcp-light-box\" data-buttons='[\"close\"]' data-wpc_url='https:\/\/www.aarquiteta.com.br\/blog\/wp-content\/uploads\/2023\/12\/5-Itens-de-Decoracao-que-Viraram-Icones-em-Filmes-Famosos03.jpg' href=\"https:\/\/www.aarquiteta.com.br\/blog\/wp-content\/uploads\/2023\/12\/5-Itens-de-Decoracao-que-Viraram-Icones-em-Filmes-Famosos03.jpg\" data-fancybox=\"wpcp_view\">\n\t\t<figure>\n\t\t\t<img decoding=\"async\" class=\"skip-lazy\" src=\"https:\/\/www.aarquiteta.com.br\/blog\/wp-content\/uploads\/2023\/12\/5-Itens-de-Decoracao-que-Viraram-Icones-em-Filmes-Famosos03.jpg\" alt=\"5 Itens de Decora\u00e7\u00e3o que Viraram \u00cdcones em Filmes Famosos\" width=\"1024\" height=\"1024\" title=\"\">\t\t<\/figure>\n\t<\/a>\n\t\t<\/div>\n<\/div>\n\t<div class=\"swiper-slide\">\n\t<div class=\"wpcp-single-item\">\n\t\t\t<a class=\"wcp-light-box\" data-buttons='[\"close\"]' data-wpc_url='https:\/\/www.aarquiteta.com.br\/blog\/wp-content\/uploads\/2023\/12\/5-dicas-de-decoracao-para-mini-salas04.jpg' href=\"https:\/\/www.aarquiteta.com.br\/blog\/wp-content\/uploads\/2023\/12\/5-dicas-de-decoracao-para-mini-salas04.jpg\" data-fancybox=\"wpcp_view\">\n\t\t<figure>\n\t\t\t<img decoding=\"async\" class=\"skip-lazy\" src=\"https:\/\/www.aarquiteta.com.br\/blog\/wp-content\/uploads\/2023\/12\/5-dicas-de-decoracao-para-mini-salas04.jpg\" alt=\"5 dicas de decora\u00e7\u00e3o para mini salas\" width=\"1024\" height=\"1024\" title=\"\">\t\t<\/figure>\n\t<\/a>\n\t\t<\/div>\n<\/div>\n\t<div class=\"swiper-slide\">\n\t<div class=\"wpcp-single-item\">\n\t\t\t<a class=\"wcp-light-box\" data-buttons='[\"close\"]' data-wpc_url='https:\/\/www.aarquiteta.com.br\/blog\/wp-content\/uploads\/2023\/12\/5-dicas-de-decoracao-para-mini-salas03.jpg' href=\"https:\/\/www.aarquiteta.com.br\/blog\/wp-content\/uploads\/2023\/12\/5-dicas-de-decoracao-para-mini-salas03.jpg\" data-fancybox=\"wpcp_view\">\n\t\t<figure>\n\t\t\t<img decoding=\"async\" class=\"skip-lazy\" src=\"https:\/\/www.aarquiteta.com.br\/blog\/wp-content\/uploads\/2023\/12\/5-dicas-de-decoracao-para-mini-salas03.jpg\" alt=\"5 dicas de decora\u00e7\u00e3o para mini salas\" width=\"1024\" height=\"1024\" title=\"\">\t\t<\/figure>\n\t<\/a>\n\t\t<\/div>\n<\/div>\n\t<div class=\"swiper-slide\">\n\t<div class=\"wpcp-single-item\">\n\t\t\t<a class=\"wcp-light-box\" data-buttons='[\"close\"]' data-wpc_url='https:\/\/www.aarquiteta.com.br\/blog\/wp-content\/uploads\/2023\/12\/5-dicas-de-decoracao-para-mini-salas02.jpg' href=\"https:\/\/www.aarquiteta.com.br\/blog\/wp-content\/uploads\/2023\/12\/5-dicas-de-decoracao-para-mini-salas02.jpg\" data-fancybox=\"wpcp_view\">\n\t\t<figure>\n\t\t\t<img decoding=\"async\" class=\"skip-lazy\" src=\"https:\/\/www.aarquiteta.com.br\/blog\/wp-content\/uploads\/2023\/12\/5-dicas-de-decoracao-para-mini-salas02.jpg\" alt=\"5 dicas de decora\u00e7\u00e3o para mini salas\" width=\"1024\" height=\"1024\" title=\"\">\t\t<\/figure>\n\t<\/a>\n\t\t<\/div>\n<\/div>\n\t<div class=\"swiper-slide\">\n\t<div class=\"wpcp-single-item\">\n\t\t\t<a class=\"wcp-light-box\" data-buttons='[\"close\"]' data-wpc_url='https:\/\/www.aarquiteta.com.br\/blog\/wp-content\/uploads\/2023\/12\/5-dicas-de-decoracao-para-mini-salas01.jpg' href=\"https:\/\/www.aarquiteta.com.br\/blog\/wp-content\/uploads\/2023\/12\/5-dicas-de-decoracao-para-mini-salas01.jpg\" data-fancybox=\"wpcp_view\">\n\t\t<figure>\n\t\t\t<img decoding=\"async\" class=\"skip-lazy\" src=\"https:\/\/www.aarquiteta.com.br\/blog\/wp-content\/uploads\/2023\/12\/5-dicas-de-decoracao-para-mini-salas01.jpg\" alt=\"5 dicas de decora\u00e7\u00e3o para mini salas\" width=\"1024\" height=\"1024\" title=\"\">\t\t<\/figure>\n\t<\/a>\n\t\t<\/div>\n<\/div>\n\t<div class=\"swiper-slide\">\n\t<div class=\"wpcp-single-item\">\n\t\t\t<a class=\"wcp-light-box\" data-buttons='[\"close\"]' data-wpc_url='https:\/\/www.aarquiteta.com.br\/blog\/wp-content\/uploads\/2023\/12\/5-dicas-de-Como-Modernizar-a-Decoracao-e-Evitar-Elementos-que-Envelhecem-sua-Casa-2.jpg' href=\"https:\/\/www.aarquiteta.com.br\/blog\/wp-content\/uploads\/2023\/12\/5-dicas-de-Como-Modernizar-a-Decoracao-e-Evitar-Elementos-que-Envelhecem-sua-Casa-2.jpg\" data-fancybox=\"wpcp_view\">\n\t\t<figure>\n\t\t\t<img decoding=\"async\" class=\"skip-lazy\" src=\"https:\/\/www.aarquiteta.com.br\/blog\/wp-content\/uploads\/2023\/12\/5-dicas-de-Como-Modernizar-a-Decoracao-e-Evitar-Elementos-que-Envelhecem-sua-Casa-2.jpg\" alt=\"5 dicas de Como Modernizar a Decora\u00e7\u00e3o e Evitar Elementos que Envelhecem sua Casa\" width=\"1024\" height=\"1024\" title=\"\">\t\t<\/figure>\n\t<\/a>\n\t\t<\/div>\n<\/div>\n\t<div class=\"swiper-slide\">\n\t<div class=\"wpcp-single-item\">\n\t\t\t<a class=\"wcp-light-box\" data-buttons='[\"close\"]' data-wpc_url='https:\/\/www.aarquiteta.com.br\/blog\/wp-content\/uploads\/2023\/12\/5-dicas-de-Como-Modernizar-a-Decoracao-e-Evitar-Elementos-que-Envelhecem-sua-Casa-3.jpg' href=\"https:\/\/www.aarquiteta.com.br\/blog\/wp-content\/uploads\/2023\/12\/5-dicas-de-Como-Modernizar-a-Decoracao-e-Evitar-Elementos-que-Envelhecem-sua-Casa-3.jpg\" data-fancybox=\"wpcp_view\">\n\t\t<figure>\n\t\t\t<img decoding=\"async\" class=\"skip-lazy\" src=\"https:\/\/www.aarquiteta.com.br\/blog\/wp-content\/uploads\/2023\/12\/5-dicas-de-Como-Modernizar-a-Decoracao-e-Evitar-Elementos-que-Envelhecem-sua-Casa-3.jpg\" alt=\"5 dicas de Como Modernizar a Decora\u00e7\u00e3o e Evitar Elementos que Envelhecem sua Casa\" width=\"1024\" height=\"1024\" title=\"\">\t\t<\/figure>\n\t<\/a>\n\t\t<\/div>\n<\/div>\n\t<div class=\"swiper-slide\">\n\t<div class=\"wpcp-single-item\">\n\t\t\t<a class=\"wcp-light-box\" data-buttons='[\"close\"]' data-wpc_url='https:\/\/www.aarquiteta.com.br\/blog\/wp-content\/uploads\/2023\/12\/10-Erros-Comuns-de-Decoracao-que-Voce-Deve-Evitar-em-Sua-Casa.jpg' href=\"https:\/\/www.aarquiteta.com.br\/blog\/wp-content\/uploads\/2023\/12\/10-Erros-Comuns-de-Decoracao-que-Voce-Deve-Evitar-em-Sua-Casa.jpg\" data-fancybox=\"wpcp_view\">\n\t\t<figure>\n\t\t\t<img decoding=\"async\" class=\"skip-lazy\" src=\"https:\/\/www.aarquiteta.com.br\/blog\/wp-content\/uploads\/2023\/12\/10-Erros-Comuns-de-Decoracao-que-Voce-Deve-Evitar-em-Sua-Casa.jpg\" alt=\"10 Erros Comuns de Decora\u00e7\u00e3o que Voc\u00ea Deve Evitar em Sua Casa\" width=\"1024\" height=\"1024\" title=\"\">\t\t<\/figure>\n\t<\/a>\n\t\t<\/div>\n<\/div>\n\t<div class=\"swiper-slide\">\n\t<div class=\"wpcp-single-item\">\n\t\t\t<a class=\"wcp-light-box\" data-buttons='[\"close\"]' data-wpc_url='https:\/\/www.aarquiteta.com.br\/blog\/wp-content\/uploads\/2023\/12\/Transforme-Sua-Casa-com-Elegancia-10-Dicas-Incriveis-para-uma-Decoracao-Chique-e-Economica.jpg' href=\"https:\/\/www.aarquiteta.com.br\/blog\/wp-content\/uploads\/2023\/12\/Transforme-Sua-Casa-com-Elegancia-10-Dicas-Incriveis-para-uma-Decoracao-Chique-e-Economica.jpg\" data-fancybox=\"wpcp_view\">\n\t\t<figure>\n\t\t\t<img decoding=\"async\" class=\"skip-lazy\" src=\"https:\/\/www.aarquiteta.com.br\/blog\/wp-content\/uploads\/2023\/12\/Transforme-Sua-Casa-com-Elegancia-10-Dicas-Incriveis-para-uma-Decoracao-Chique-e-Economica.jpg\" alt=\"Transforme Sua Casa com Eleg\u00e2ncia 10 Dicas Incr\u00edveis para uma Decora\u00e7\u00e3o Chique e Econ\u00f4mica\" width=\"1024\" height=\"1024\" title=\"\">\t\t<\/figure>\n\t<\/a>\n\t\t<\/div>\n<\/div>\n\t<div class=\"swiper-slide\">\n\t<div class=\"wpcp-single-item\">\n\t\t\t<a class=\"wcp-light-box\" data-buttons='[\"close\"]' data-wpc_url='https:\/\/www.aarquiteta.com.br\/blog\/wp-content\/uploads\/2023\/12\/decoracaoa-chique-1.jpg' href=\"https:\/\/www.aarquiteta.com.br\/blog\/wp-content\/uploads\/2023\/12\/decoracaoa-chique-1.jpg\" data-fancybox=\"wpcp_view\">\n\t\t<figure>\n\t\t\t<img decoding=\"async\" class=\"skip-lazy\" src=\"https:\/\/www.aarquiteta.com.br\/blog\/wp-content\/uploads\/2023\/12\/decoracaoa-chique-1.jpg\" alt=\"Transforme Sua Casa com Eleg\u00e2ncia 10 Dicas Incr\u00edveis para uma Decora\u00e7\u00e3o Chique e Econ\u00f4mica\" width=\"923\" height=\"928\" title=\"\">\t\t<\/figure>\n\t<\/a>\n\t\t<\/div>\n<\/div>\n\t<div class=\"swiper-slide\">\n\t<div class=\"wpcp-single-item\">\n\t\t\t<a class=\"wcp-light-box\" data-buttons='[\"close\"]' data-wpc_url='https:\/\/www.aarquiteta.com.br\/blog\/wp-content\/uploads\/2023\/12\/Decoracao-Desatualizada-10-Itens-que-Voce-Deve-Evitar-para-Manter-sua-Casa-Moderna-e-Atraente-2.jpg' href=\"https:\/\/www.aarquiteta.com.br\/blog\/wp-content\/uploads\/2023\/12\/Decoracao-Desatualizada-10-Itens-que-Voce-Deve-Evitar-para-Manter-sua-Casa-Moderna-e-Atraente-2.jpg\" data-fancybox=\"wpcp_view\">\n\t\t<figure>\n\t\t\t<img decoding=\"async\" class=\"skip-lazy\" src=\"https:\/\/www.aarquiteta.com.br\/blog\/wp-content\/uploads\/2023\/12\/Decoracao-Desatualizada-10-Itens-que-Voce-Deve-Evitar-para-Manter-sua-Casa-Moderna-e-Atraente-2.jpg\" alt=\"Decora\u00e7\u00e3o Desatualizada 10 Itens que Voc\u00ea Deve Evitar para Manter sua Casa Moderna e Atraente\" width=\"925\" height=\"925\" title=\"\">\t\t<\/figure>\n\t<\/a>\n\t\t<\/div>\n<\/div>\n\t<div class=\"swiper-slide\">\n\t<div class=\"wpcp-single-item\">\n\t\t\t<a class=\"wcp-light-box\" data-buttons='[\"close\"]' data-wpc_url='https:\/\/www.aarquiteta.com.br\/blog\/wp-content\/uploads\/2023\/12\/Decoracao-Desatualizada-10-Itens-que-Voce-Deve-Evitar-para-Manter-sua-Casa-Moderna-e-Atraente-1.jpg' href=\"https:\/\/www.aarquiteta.com.br\/blog\/wp-content\/uploads\/2023\/12\/Decoracao-Desatualizada-10-Itens-que-Voce-Deve-Evitar-para-Manter-sua-Casa-Moderna-e-Atraente-1.jpg\" data-fancybox=\"wpcp_view\">\n\t\t<figure>\n\t\t\t<img decoding=\"async\" class=\"skip-lazy\" src=\"https:\/\/www.aarquiteta.com.br\/blog\/wp-content\/uploads\/2023\/12\/Decoracao-Desatualizada-10-Itens-que-Voce-Deve-Evitar-para-Manter-sua-Casa-Moderna-e-Atraente-1.jpg\" alt=\"Decora\u00e7\u00e3o Desatualizada 10 Itens que Voc\u00ea Deve Evitar para Manter sua Casa Moderna e Atraente\" width=\"1024\" height=\"1024\" title=\"\">\t\t<\/figure>\n\t<\/a>\n\t\t<\/div>\n<\/div>\n\t<div class=\"swiper-slide\">\n\t<div class=\"wpcp-single-item\">\n\t\t\t<a class=\"wcp-light-box\" data-buttons='[\"close\"]' data-wpc_url='https:\/\/www.aarquiteta.com.br\/blog\/wp-content\/uploads\/2023\/11\/principais-tendencias-de-decoracao-para-2024-02.jpg' href=\"https:\/\/www.aarquiteta.com.br\/blog\/wp-content\/uploads\/2023\/11\/principais-tendencias-de-decoracao-para-2024-02.jpg\" data-fancybox=\"wpcp_view\">\n\t\t<figure>\n\t\t\t<img decoding=\"async\" class=\"skip-lazy\" src=\"https:\/\/www.aarquiteta.com.br\/blog\/wp-content\/uploads\/2023\/11\/principais-tendencias-de-decoracao-para-2024-02.jpg\" alt=\"principais tendencias de decora\u00e7\u00e3o para 2024\" width=\"920\" height=\"920\" title=\"\">\t\t<\/figure>\n\t<\/a>\n\t\t<\/div>\n<\/div>\n\t\t\t<\/div>\n\t\t\t\t\t<div class=\"wpcp-swiper-dots swiper-pagination\"><\/div>\n\t\t\t\t<!-- If we need navigation buttons -->\n\t\t\t<\/div>\n\t<\/div>\n<\/div>\n\n<p>Essa cor tem um jeitinho todo especial de mexer com nossos sentimentos. Um rosa pastel pode nos acalmar, enquanto um rosa choque pode nos energizar. \u00c9 como se cada tom tivesse sua pr\u00f3pria personalidade e pudesse contar uma hist\u00f3ria diferente.<\/p>\n<h3>4. A tend\u00eancia do millennial pink<\/h3>\n<p>Quem diria que o rosa ganharia um t\u00edtulo t\u00e3o moderninho, n\u00e9? O millennial pink conquistou o cora\u00e7\u00e3o da galera jovem e virou uma verdadeira febre. Ele \u00e9 descolado, \u00e9 fashion e prova que o rosa n\u00e3o tem idade.<\/p>\n<h3>5. A influ\u00eancia da cultura pop<\/h3>\n<p>Seja na ic\u00f4nica peruca de Nicki Minaj ou nas capas de \u00e1lbuns de artistas como Kacey Musgraves, o rosa est\u00e1 sempre marcando presen\u00e7a no mundo do entretenimento. Ele \u00e9 pop, \u00e9 atual e \u00e9, sem d\u00favida, um \u00edcone da cultura contempor\u00e2nea.<\/p>\n<h3>6. A conex\u00e3o com a natureza<\/h3>\n<figure style=\"width: 1024px\" class=\"wp-caption aligncenter\"><img decoding=\"async\" src=\"https:\/\/www.aarquiteta.com.br\/blog\/wp-content\/uploads\/2024\/02\/tons-de-rosa02.jpg\" alt=\"tons de rosa\" width=\"1024\" height=\"1024\" title=\"\"><figcaption class=\"wp-caption-text\">tons de rosa<\/figcaption><\/figure>\n<p>N\u00e3o \u00e9 s\u00f3 no mundo fashion que o rosa se destaca. Na natureza, ele aparece nas flores, no c\u00e9u de um entardecer e at\u00e9 em algumas esp\u00e9cies de animais. \u00c9 a natureza nos mostrando que o rosa \u00e9 essencial e est\u00e1 por toda parte.<\/p>\n<h3>7. A simbologia do rosa na psicologia das cores<\/h3>\n<p>Na psicologia das cores, o rosa \u00e9 aquele que traz paz e amor. Ele tem o poder de suavizar ambientes e at\u00e9 de diminuir a agressividade. Quem diria que uma cor poderia fazer tanto pela nossa sa\u00fade mental, hein?<\/p>\n<h3>8. A popularidade do rosa na moda<\/h3>\n<figure style=\"width: 1024px\" class=\"wp-caption aligncenter\"><img decoding=\"async\" src=\"https:\/\/www.aarquiteta.com.br\/blog\/wp-content\/uploads\/2024\/02\/tons-de-rosa01.jpg\" alt=\"tons de rosa\" width=\"1024\" height=\"1024\" title=\"\"><figcaption class=\"wp-caption-text\">tons de rosa<\/figcaption><\/figure>\n<p>Na moda, o rosa \u00e9 um verdadeiro camale\u00e3o. Ele vai do tapete vermelho \u00e0s ruas, sempre se reinventando. E n\u00e3o importa a esta\u00e7\u00e3o, o rosa sempre encontra seu lugar ao sol (ou \u00e0 sombra) no mundo fashion.<\/p>\n<h3>9. A presen\u00e7a do rosa na decora\u00e7\u00e3o de interiores<\/h3>\n<p>Quem nunca suspirou por um ambiente decorado com tons de rosa? Ele traz aconchego para o lar e tem o dom de deixar qualquer espa\u00e7o mais charmoso e acolhedor. E o melhor \u00e9 que combina com uma infinidade de estilos e paletas.<\/p>\n<h3>10. A utiliza\u00e7\u00e3o do rosa em branding e marketing<\/h3>\n<figure style=\"width: 1024px\" class=\"wp-caption aligncenter\"><img decoding=\"async\" src=\"https:\/\/www.aarquiteta.com.br\/blog\/wp-content\/uploads\/2024\/02\/tons-de-rosa03.jpg\" alt=\"tons de rosa\" width=\"1024\" height=\"1024\" title=\"\"><figcaption class=\"wp-caption-text\">tons de rosa<\/figcaption><\/figure>\n<p>No marketing, o rosa \u00e9 um verdadeiro trunfo. Ele chama a aten\u00e7\u00e3o, transmite mensagens positivas e \u00e9 super memor\u00e1vel. Marcas que usam o rosa em sua identidade visual sabem que est\u00e3o apostando em uma cor que tem o poder de conectar com o p\u00fablico de um jeito todo especial.<\/p>\n<h3>11. A influ\u00eancia dos tons de rosa na arte<\/h3>\n<p>Na arte, o rosa \u00e9 uma tela em branco para a express\u00e3o criativa. Ele pode ser suave e sutil ou vibrante e ousado. Artistas de todos os tempos usaram e abusaram dessa cor para transmitir suas mensagens e emo\u00e7\u00f5es.<\/p>\n<h3>12. A combina\u00e7\u00e3o de tons de rosa com outras cores<\/h3>\n<p>E por falar em combina\u00e7\u00f5es, o rosa \u00e9 aquele amigo que se d\u00e1 bem com todo mundo. Ele fica lindo com cinza, faz par perfeito com dourado e at\u00e9 se aventura em combina\u00e7\u00f5es mais ousadas, como com verde ou azul petr\u00f3leo. \u00c9 a prova de que o rosa \u00e9 flex\u00edvel e est\u00e1 sempre pronto para novas amizades crom\u00e1ticas.<\/p>\n<h3>Conclus\u00e3o:<\/h3>\n<p>Ent\u00e3o, \u00e9 isso! O rosa n\u00e3o \u00e9 s\u00f3 uma cor, \u00e9 uma declara\u00e7\u00e3o de estilo, personalidade e atitude. Ele \u00e9 vers\u00e1til, emocional e, acima de tudo, surpreendente. Quem diria que uma cor poderia ter tantas facetas e ainda assim continuar sendo t\u00e3o \u00fanica? Agora, sempre que voc\u00ea vir um toque de rosa por a\u00ed, lembre-se de que ele \u00e9 muito mais do que aparenta ser.<\/p>\n<h3>Perguntas Frequentes:<\/h3>\n<p style=\"text-align: center;\">[amazon table=&#8221;88472&#8243;]\n<ol>\n<li><strong>Como posso incorporar o rosa na minha rotina sem parecer infantil?<\/strong><br \/>\n    Aposte em acess\u00f3rios ou pe\u00e7as-chave no seu look que tenham um design mais sofisticado. E lembre-se: a confian\u00e7a \u00e9 a melhor amiga do estilo!<\/li>\n<li><strong>Existe algum tom de rosa que seja tend\u00eancia no momento?<\/strong><br \/>\n    O rosa pastel e o rosa queimado est\u00e3o com tudo! Eles s\u00e3o elegantes e super vers\u00e1teis, combinando com v\u00e1rias ocasi\u00f5es.<\/li>\n<li><strong>Como escolher o tom de rosa certo para a minha marca?<\/strong><br \/>\n    Pense na mensagem que voc\u00ea quer transmitir. Um rosa vibrante pode ser energizante, enquanto um tom mais suave transmite calma e confian\u00e7a.<\/li>\n<\/ol>\n<p>Curiosidade: Voc\u00ea sabia que o rosa j\u00e1 foi considerado uma cor masculina? Isso mesmo! No s\u00e9culo XIX, era comum que meninos usassem rosa e meninas, azul. Como os tempos mudam, n\u00e3o \u00e9 mesmo?<\/p>\n<p><\/body><\/p>\n","protected":false},"excerpt":{"rendered":"<p>Descubra o segredo de uma tons de rosa perfeita. Inspire-se conosco!<\/p>\n","protected":false},"author":102,"featured_media":105655,"comment_status":"closed","ping_status":"closed","sticky":false,"template":"","format":"standard","meta":{"footnotes":""},"categories":[1484],"tags":[],"class_list":["post-105658","post","type-post","status-publish","format-standard","has-post-thumbnail","category-decoracao"],"_wp_attached_file":null,"_wp_attachment_metadata":null,"_wp_attachment_context":null,"_wp_attachment_is_custom_header":null,"geo_longitude":null,"geo_public":null,"geo_latitude":null,"_publicize_done_external":null,"_wpas_done_3897181":null,"publicize_twitter_user":null,"_wpas_done_3897175":null,"_wpas_skip_3897181":null,"_wpas_skip_3897175":null,"_wpas_skip_3924723":null,"_wpas_mess":null,"_wpas_done_3924723":null,"wps_subtitle":"","_links":{"self":[{"href":"https:\/\/www.aarquiteta.com.br\/blog\/wp-json\/wp\/v2\/posts\/105658","targetHints":{"allow":["GET"]}}],"collection":[{"href":"https:\/\/www.aarquiteta.com.br\/blog\/wp-json\/wp\/v2\/posts"}],"about":[{"href":"https:\/\/www.aarquiteta.com.br\/blog\/wp-json\/wp\/v2\/types\/post"}],"author":[{"embeddable":true,"href":"https:\/\/www.aarquiteta.com.br\/blog\/wp-json\/wp\/v2\/users\/102"}],"replies":[{"embeddable":true,"href":"https:\/\/www.aarquiteta.com.br\/blog\/wp-json\/wp\/v2\/comments?post=105658"}],"version-history":[{"count":0,"href":"https:\/\/www.aarquiteta.com.br\/blog\/wp-json\/wp\/v2\/posts\/105658\/revisions"}],"wp:featuredmedia":[{"embeddable":true,"href":"https:\/\/www.aarquiteta.com.br\/blog\/wp-json\/wp\/v2\/media\/105655"}],"wp:attachment":[{"href":"https:\/\/www.aarquiteta.com.br\/blog\/wp-json\/wp\/v2\/media?parent=105658"}],"wp:term":[{"taxonomy":"category","embeddable":true,"href":"https:\/\/www.aarquiteta.com.br\/blog\/wp-json\/wp\/v2\/categories?post=105658"},{"taxonomy":"post_tag","embeddable":true,"href":"https:\/\/www.aarquiteta.com.br\/blog\/wp-json\/wp\/v2\/tags?post=105658"}],"curies":[{"name":"wp","href":"https:\/\/api.w.org\/{rel}","templated":true}]}}