{"id":105500,"date":"2024-02-04T12:18:38","date_gmt":"2024-02-04T15:18:38","guid":{"rendered":"http:\/\/aarquiteta.com.br\/?p=105500"},"modified":"2024-02-04T12:18:38","modified_gmt":"2024-02-04T15:18:38","slug":"quarto-de-casal-com-berco","status":"publish","type":"post","link":"https:\/\/www.aarquiteta.com.br\/blog\/quarto-de-casal-com-berco\/","title":{"rendered":"Quarto de Casal Com Ber\u00e7o: 5 Dicas Para Integrar e Decorar"},"content":{"rendered":"<p><body><\/p>\n<p>Quando um novo membro chega \u00e0 fam\u00edlia, tudo muda, inclusive a organiza\u00e7\u00e3o da casa. E a\u00ed surge a d\u00favida: como acomodar o beb\u00ea de forma pr\u00e1tica sem abrir m\u00e3o do conforto? A resposta pode estar em integrar o ber\u00e7o ao quarto de casal. Vamos explorar juntos as vantagens dessa solu\u00e7\u00e3o, que vai muito al\u00e9m de economizar espa\u00e7o. Preparados para uma viagem pelo universo dos quartos compartilhados com os pequenos?<\/p>\n<ul>\n<li>Economia de espa\u00e7o<\/li>\n<li>Conforto e praticidade<\/li>\n<li>Facilidade de monitoramento<\/li>\n<li>Est\u00edmulo ao v\u00ednculo familiar<\/li>\n<li>Transi\u00e7\u00e3o suave para o beb\u00ea<\/li>\n<li>Flexibilidade para futuros irm\u00e3os<\/li>\n<li>Decora\u00e7\u00e3o personalizada<\/li>\n<li>Facilidade de amamenta\u00e7\u00e3o<\/li>\n<li>Seguran\u00e7a e tranquilidade<\/li>\n<li>Facilidade de organiza\u00e7\u00e3o<\/li>\n<li>Praticidade para os pais<\/li>\n<li>Acompanhamento do crescimento do beb\u00ea<\/li>\n<\/ul>\n<h3>1. Economia de espa\u00e7o<\/h3>\n<figure style=\"width: 1024px\" class=\"wp-caption aligncenter\"><img decoding=\"async\" src=\"https:\/\/www.aarquiteta.com.br\/blog\/wp-content\/uploads\/2024\/01\/quarto-de-casal-com-berco04.jpg\" alt=\"quarto de casal com ber\u00e7o\" width=\"1024\" height=\"1024\" title=\"\"><figcaption class=\"wp-caption-text\">quarto de casal com ber\u00e7o<\/figcaption><\/figure>\n<p>Em apartamentos menores, cada cent\u00edmetro conta, n\u00e9? Colocar o ber\u00e7o no quarto de casal \u00e9 uma jogada de mestre para otimizar o espa\u00e7o. Assim, n\u00e3o \u00e9 preciso sacrificar aquele escrit\u00f3rio ou a sala de estar que j\u00e1 tem m\u00faltiplas fun\u00e7\u00f5es.<\/p>\n<h3>2. Conforto e praticidade<\/h3>\n<p>Imagine s\u00f3: acordar no meio da noite e ter que percorrer um caminho intermin\u00e1vel at\u00e9 o quarto do beb\u00ea. Ufa, s\u00f3 de pensar j\u00e1 d\u00e1 pregui\u00e7a! Com o ber\u00e7o ao lado, tudo fica mais f\u00e1cil e confort\u00e1vel para todos.<\/p>\n<h3>3. Facilidade de monitoramento<\/h3>\n<style id=\"wp_carousel_dynamic_css102741\">.sp-wp-carousel-free-id-102741.wpcf-fancybox-wrapper .fancybox-bg{background: #0b0b0b;opacity: 0.8;}.sp-wp-carousel-free-id-102741.wpcf-fancybox-wrapper .fancybox-navigation .fancybox-button .wpcp-fancybox-nav-arrow i {color: #ccc;}.sp-wp-carousel-free-id-102741.wpcf-fancybox-wrapper .fancybox-navigation .fancybox-button .wpcp-fancybox-nav-arrow i:hover {color: #fff;}.sp-wp-carousel-free-id-102741.wpcf-fancybox-wrapper .fancybox-navigation .fancybox-button {background: #1e1e1e;}.sp-wp-carousel-free-id-102741.wpcf-fancybox-wrapper .fancybox-navigation .fancybox-button:hover {background: #1e1e1e;}#sp-wp-carousel-free-id-102741 .wpcp-swiper-dots {margin: 40px 0px 0px 0px;}.wpcp-wrapper-102741 .swiper-wrapper .swiper-slide-kenburn, .wpcp-wrapper-102741 .swiper-wrapper, .wpcp-wrapper-102741 .wpcpro-row{align-items: center;}#sp-wp-carousel-free-id-102741 .wpcp-single-item {box-shadow: 0px 0px 0px 0px #dddddd;transition: all .3s;margin: 0px;}#sp-wp-carousel-free-id-102741.swiper-flip .wpcp-single-item{margin: 0!important;}#sp-wp-carousel-free-id-102741 .wpcp-single-item:hover {box-shadow: 0px 0px 0px 0px #dddddd;}#sp-wp-carousel-free-id-102741.sp-wpcp-102741 .wpcp-single-item {border: 1px solid #dddddd;}#sp-wp-carousel-free-id-102741.sp-wpcp-102741 .swiper-button-prev,#sp-wp-carousel-free-id-102741.sp-wpcp-102741 .swiper-button-next,#sp-wp-carousel-free-id-102741.sp-wpcp-102741 .swiper-button-prev:hover,#sp-wp-carousel-free-id-102741.sp-wpcp-102741 .swiper-button-next:hover {background: none;border: none;font-size: 30px;}#sp-wp-carousel-free-id-102741.sp-wpcp-102741 .swiper-button-prev i,#sp-wp-carousel-free-id-102741.sp-wpcp-102741 .swiper-button-next i {color: #aaa;}#sp-wp-carousel-free-id-102741.sp-wpcp-102741 .swiper-button-prev i:hover,#sp-wp-carousel-free-id-102741.sp-wpcp-102741 .swiper-button-next i:hover {color: #178087;}#sp-wp-carousel-free-id-102741.sp-wpcp-102741 .wpcp-swiper-dots .swiper-pagination-bullet {background-color: #cccccc;}#sp-wp-carousel-free-id-102741.sp-wpcp-102741 .wpcp-swiper-dots .swiper-pagination-bullet.swiper-pagination-bullet-active {background-color: #178087;} #sp-wp-carousel-free-id-102741.sp-wpcp-102741.wpcp-image-carousel .wpcp-single-item:hover img, #sp-wp-carousel-free-id-102741.sp-wpcp-102741.wpcp-post-carousel .wpcp-single-item:hover img, #sp-wp-carousel-free-id-102741.sp-wpcp-102741.wpcp-product-carousel .wpcp-single-item:hover img{-webkit-transform: scale(1.2);-moz-transform: scale(1.2);transform: scale(1.2);}#sp-wp-carousel-free-id-102741 .wpcpro-row>[class*=\"wpcpro-col-\"] { padding: 0 10px; padding-bottom: 20px;} #sp-wp-carousel-free-id-102741 .swiper-slide .single-item-fade:not(:last-child) { margin-right: 20px;}@media (min-width: 480px) { .wpcpro-row .wpcpro-col-sm-1 { flex: 0 0 100%; max-width: 100%; } .wpcpro-row .wpcpro-col-sm-2 { flex: 0 0 50%; max-width: 50%; } .wpcpro-row .wpcpro-col-sm-2-5 { flex: 0 0 75%; max-width: 75%; } .wpcpro-row .wpcpro-col-sm-3 { flex: 0 0 33.333%; max-width: 33.333%; } .wpcpro-row .wpcpro-col-sm-4 { flex: 0 0 25%; max-width: 25%; } .wpcpro-row .wpcpro-col-sm-5 { flex: 0 0 20%; max-width: 20%; } .wpcpro-row .wpcpro-col-sm-6 { flex: 0 0 16.66666666666667%; max-width: 16.66666666666667%; } .wpcpro-row .wpcpro-col-sm-7 { flex: 0 0 14.28571428%; max-width: 14.28571428%; } .wpcpro-row .wpcpro-col-sm-8 { flex: 0 0 12.5%; max-width: 12.5%; } } @media (max-width: 480px) { .wpcpro-row .wpcpro-col-xs-1 { flex: 0 0 100%; max-width: 100%; } .wpcpro-row .wpcpro-col-xs-2 { flex: 0 0 50%; max-width: 50%; } .wpcpro-row .wpcpro-col-xs-3 { flex: 0 0 33.222%; max-width: 33.222%; } .wpcpro-row .wpcpro-col-xs-4 { flex: 0 0 25%; max-width: 25%; } .wpcpro-row .wpcpro-col-xs-5 { flex: 0 0 20%; max-width: 20%; } .wpcpro-row .wpcpro-col-xs-6 { flex: 0 0 16.6667%; max-width: 16.6667%; } .wpcpro-row .wpcpro-col-xs-7 { flex: 0 0 14.28571428%; max-width: 14.28571428%; } .wpcpro-row .wpcpro-col-xs-8 { flex: 0 0 12.5%; max-width: 12.5%; } } @media (min-width: 736px) { .wpcpro-row .wpcpro-col-md-1 { flex: 0 0 100%; max-width: 100%; } .wpcpro-row .wpcpro-col-md-2 { flex: 0 0 50%; max-width: 50%; } .wpcpro-row .wpcpro-col-md-2-5 { flex: 0 0 75%; max-width: 75%; } .wpcpro-row .wpcpro-col-md-3 { flex: 0 0 33.333%; max-width: 33.333%; } .wpcpro-row .wpcpro-col-md-4 { flex: 0 0 25%; max-width: 25%; } .wpcpro-row .wpcpro-col-md-5 { flex: 0 0 20%; max-width: 20%; } .wpcpro-row .wpcpro-col-md-6 { flex: 0 0 16.66666666666667%; max-width: 16.66666666666667%; } .wpcpro-row .wpcpro-col-md-7 { flex: 0 0 14.28571428%; max-width: 14.28571428%; } .wpcpro-row .wpcpro-col-md-8 { flex: 0 0 12.5%; max-width: 12.5%; } } @media (min-width: 980px) { .wpcpro-row .wpcpro-col-lg-1 { flex: 0 0 100%; max-width: 100%; } .wpcpro-row .wpcpro-col-lg-2 { flex: 0 0 50%; max-width: 50%; } .wpcpro-row .wpcpro-col-lg-3 { flex: 0 0 33.222%; max-width: 33.222%; } .wpcpro-row .wpcpro-col-lg-4 { flex: 0 0 25%; max-width: 25%; } .wpcpro-row .wpcpro-col-lg-5 { flex: 0 0 20%; max-width: 20%; } .wpcpro-row .wpcpro-col-lg-6 { flex: 0 0 16.6667%; max-width: 16.6667%; } .wpcpro-row .wpcpro-col-lg-7 { flex: 0 0 14.28571428%; max-width: 14.28571428%; } .wpcpro-row .wpcpro-col-lg-8 { flex: 0 0 12.5%; max-width: 12.5%; } } @media (min-width: 1200px) { .wpcpro-row .wpcpro-col-xl-1 { flex: 0 0 100%; max-width: 100%; } .wpcpro-row .wpcpro-col-xl-2 { flex: 0 0 50%; max-width: 50%; } .wpcpro-row .wpcpro-col-xl-3 { flex: 0 0 33.22222222%; max-width: 33.22222222%; } .wpcpro-row .wpcpro-col-xl-4 { flex: 0 0 25%; max-width: 25%; } .wpcpro-row .wpcpro-col-xl-5 { flex: 0 0 20%; max-width: 20%; } .wpcpro-row .wpcpro-col-xl-6 { flex: 0 0 16.66667%; max-width: 16.66667%; } .wpcpro-row .wpcpro-col-xl-7 { flex: 0 0 14.28571428%; max-width: 14.28571428%; } .wpcpro-row .wpcpro-col-xl-8 { flex: 0 0 12.5%; max-width: 12.5%; } }<\/style><div class=\"wpcp-carousel-wrapper wpcp-wrapper-102741\">\n\t<div id=\"wpcp-preloader-102741\" class=\"wpcp-carousel-preloader\"><img decoding=\"async\" src=\"https:\/\/www.aarquiteta.com.br\/blog\/wp-content\/plugins\/wp-carousel-free\/public\/css\/spinner.svg\" alt=\"Preloader Image\" title=\"\"><\/div>\t<div class=\"wpcp-carousel-content-wrapper\">\n\t<div id=\"sp-wp-carousel-free-id-102741\" class=\"wpcp-carousel-section sp-wpcp-102741  nav-vertical-center wpcp-image-carousel wpcp-preloader wpcp-standard\" data-swiper='{ &quot;pagination_type&quot;: &quot;dots&quot;,&quot;accessibility&quot;:true, &quot;spaceBetween&quot;:20, &quot;arrows&quot;:false, &quot;freeMode&quot;: false, &quot;autoplay&quot;:true, &quot;effect&quot;: &quot;&quot;, &quot;centerMode&quot;: false, &quot;autoplaySpeed&quot;:3000, &quot;dots&quot;:true, &quot;infinite&quot;:true, &quot;speed&quot;:600, &quot;pauseOnHover&quot;:true,\n\t\t\t&quot;slidesToShow&quot;:{&quot;lg_desktop&quot;:5, &quot;desktop&quot;: 4, &quot;laptop&quot;: 3, &quot;tablet&quot;: 2, &quot;mobile&quot;: 1}, &quot;responsive&quot;:{&quot;desktop&quot;:1200, &quot;laptop&quot;: 980, &quot;tablet&quot;: 736, &quot;mobile&quot;: 480}, &quot;rtl&quot;:false, &quot;lazyLoad&quot;: &quot;false&quot;, &quot;swipe&quot;: true, &quot;draggable&quot;: true, &quot;swipeToSlide&quot;:false }' dir=\"ltr\">\n\t\t<div class=\"swiper-wrapper\">\n\t\t<div class=\"swiper-slide\">\n\t<div class=\"wpcp-single-item\">\n\t\t\t<a class=\"wcp-light-box\" data-buttons='[\"close\"]' data-wpc_url='https:\/\/www.aarquiteta.com.br\/blog\/wp-content\/uploads\/2023\/12\/cortina-para-quarto-de-menino01.jpg' href=\"https:\/\/www.aarquiteta.com.br\/blog\/wp-content\/uploads\/2023\/12\/cortina-para-quarto-de-menino01.jpg\" data-fancybox=\"wpcp_view\">\n\t\t<figure>\n\t\t\t<img decoding=\"async\" class=\"skip-lazy\" src=\"https:\/\/www.aarquiteta.com.br\/blog\/wp-content\/uploads\/2023\/12\/cortina-para-quarto-de-menino01.jpg\" alt=\"cortina para quarto de menino\" width=\"1024\" height=\"1024\" title=\"\">\t\t<\/figure>\n\t<\/a>\n\t\t<\/div>\n<\/div>\n\t<div class=\"swiper-slide\">\n\t<div class=\"wpcp-single-item\">\n\t\t\t<a class=\"wcp-light-box\" data-buttons='[\"close\"]' data-wpc_url='https:\/\/www.aarquiteta.com.br\/blog\/wp-content\/uploads\/2023\/12\/cortinas-para-quarto01.jpg' href=\"https:\/\/www.aarquiteta.com.br\/blog\/wp-content\/uploads\/2023\/12\/cortinas-para-quarto01.jpg\" data-fancybox=\"wpcp_view\">\n\t\t<figure>\n\t\t\t<img decoding=\"async\" class=\"skip-lazy\" src=\"https:\/\/www.aarquiteta.com.br\/blog\/wp-content\/uploads\/2023\/12\/cortinas-para-quarto01.jpg\" alt=\"cortinas para quarto\" width=\"1024\" height=\"1024\" title=\"\">\t\t<\/figure>\n\t<\/a>\n\t\t<\/div>\n<\/div>\n\t<div class=\"swiper-slide\">\n\t<div class=\"wpcp-single-item\">\n\t\t\t<a class=\"wcp-light-box\" data-buttons='[\"close\"]' data-wpc_url='https:\/\/www.aarquiteta.com.br\/blog\/wp-content\/uploads\/2023\/11\/cabeceira-de-cama-ripada-4.jpg' href=\"https:\/\/www.aarquiteta.com.br\/blog\/wp-content\/uploads\/2023\/11\/cabeceira-de-cama-ripada-4.jpg\" data-fancybox=\"wpcp_view\">\n\t\t<figure>\n\t\t\t<img decoding=\"async\" class=\"skip-lazy\" src=\"https:\/\/www.aarquiteta.com.br\/blog\/wp-content\/uploads\/2023\/11\/cabeceira-de-cama-ripada-4.jpg\" alt=\"Cabeceira Ripada: 5 Ideias Para Modernizar e Aconchegar Seu Quarto.\" width=\"1200\" height=\"1200\" title=\"\">\t\t<\/figure>\n\t<\/a>\n\t\t<\/div>\n<\/div>\n\t<div class=\"swiper-slide\">\n\t<div class=\"wpcp-single-item\">\n\t\t\t<a class=\"wcp-light-box\" data-buttons='[\"close\"]' data-wpc_url='https:\/\/www.aarquiteta.com.br\/blog\/wp-content\/uploads\/2023\/10\/quarto-de-solteiro-decorado04.jpg' href=\"https:\/\/www.aarquiteta.com.br\/blog\/wp-content\/uploads\/2023\/10\/quarto-de-solteiro-decorado04.jpg\" data-fancybox=\"wpcp_view\">\n\t\t<figure>\n\t\t\t<img decoding=\"async\" class=\"skip-lazy\" src=\"https:\/\/www.aarquiteta.com.br\/blog\/wp-content\/uploads\/2023\/10\/quarto-de-solteiro-decorado04.jpg\" alt=\"quarto de solteiro decorado\" width=\"1024\" height=\"1024\" title=\"\">\t\t<\/figure>\n\t<\/a>\n\t\t<\/div>\n<\/div>\n\t<div class=\"swiper-slide\">\n\t<div class=\"wpcp-single-item\">\n\t\t\t<a class=\"wcp-light-box\" data-buttons='[\"close\"]' data-wpc_url='https:\/\/www.aarquiteta.com.br\/blog\/wp-content\/uploads\/2023\/10\/nichos-para-quarto03.jpg' href=\"https:\/\/www.aarquiteta.com.br\/blog\/wp-content\/uploads\/2023\/10\/nichos-para-quarto03.jpg\" data-fancybox=\"wpcp_view\">\n\t\t<figure>\n\t\t\t<img decoding=\"async\" class=\"skip-lazy\" src=\"https:\/\/www.aarquiteta.com.br\/blog\/wp-content\/uploads\/2023\/10\/nichos-para-quarto03.jpg\" alt=\"nichos para quarto\" width=\"1024\" height=\"1024\" title=\"\">\t\t<\/figure>\n\t<\/a>\n\t\t<\/div>\n<\/div>\n\t<div class=\"swiper-slide\">\n\t<div class=\"wpcp-single-item\">\n\t\t\t<a class=\"wcp-light-box\" data-buttons='[\"close\"]' data-wpc_url='https:\/\/www.aarquiteta.com.br\/blog\/wp-content\/uploads\/2023\/10\/cortina-para-quarto-de-bebe03.jpg' href=\"https:\/\/www.aarquiteta.com.br\/blog\/wp-content\/uploads\/2023\/10\/cortina-para-quarto-de-bebe03.jpg\" data-fancybox=\"wpcp_view\">\n\t\t<figure>\n\t\t\t<img decoding=\"async\" class=\"skip-lazy\" src=\"https:\/\/www.aarquiteta.com.br\/blog\/wp-content\/uploads\/2023\/10\/cortina-para-quarto-de-bebe03.jpg\" alt=\"cortina para quarto de beb\u00ea\" width=\"1024\" height=\"1024\" title=\"\">\t\t<\/figure>\n\t<\/a>\n\t\t<\/div>\n<\/div>\n\t<div class=\"swiper-slide\">\n\t<div class=\"wpcp-single-item\">\n\t\t\t<a class=\"wcp-light-box\" data-buttons='[\"close\"]' data-wpc_url='https:\/\/www.aarquiteta.com.br\/blog\/wp-content\/uploads\/2023\/10\/cortina-para-quarto-de-bebe01.jpg' href=\"https:\/\/www.aarquiteta.com.br\/blog\/wp-content\/uploads\/2023\/10\/cortina-para-quarto-de-bebe01.jpg\" data-fancybox=\"wpcp_view\">\n\t\t<figure>\n\t\t\t<img decoding=\"async\" class=\"skip-lazy\" src=\"https:\/\/www.aarquiteta.com.br\/blog\/wp-content\/uploads\/2023\/10\/cortina-para-quarto-de-bebe01.jpg\" alt=\"*Cortina para Quarto de Beb\u00ea: Encante e Proteja com Estilo*\" width=\"1024\" height=\"1024\" title=\"\">\t\t<\/figure>\n\t<\/a>\n\t\t<\/div>\n<\/div>\n\t<div class=\"swiper-slide\">\n\t<div class=\"wpcp-single-item\">\n\t\t\t<a class=\"wcp-light-box\" data-buttons='[\"close\"]' data-wpc_url='https:\/\/www.aarquiteta.com.br\/blog\/wp-content\/uploads\/2023\/10\/adesivos-de-parede-para-quarto01.jpg' href=\"https:\/\/www.aarquiteta.com.br\/blog\/wp-content\/uploads\/2023\/10\/adesivos-de-parede-para-quarto01.jpg\" data-fancybox=\"wpcp_view\">\n\t\t<figure>\n\t\t\t<img decoding=\"async\" class=\"skip-lazy\" src=\"https:\/\/www.aarquiteta.com.br\/blog\/wp-content\/uploads\/2023\/10\/adesivos-de-parede-para-quarto01.jpg\" alt=\"Descubra as melhores formas de adesivos de parede para quarto\" width=\"1024\" height=\"1024\" title=\"\">\t\t<\/figure>\n\t<\/a>\n\t\t<\/div>\n<\/div>\n\t<div class=\"swiper-slide\">\n\t<div class=\"wpcp-single-item\">\n\t\t\t<a class=\"wcp-light-box\" data-buttons='[\"close\"]' data-wpc_url='https:\/\/www.aarquiteta.com.br\/blog\/wp-content\/uploads\/2023\/10\/ideias-para-decoracao-de-quarto-04.jpg' href=\"https:\/\/www.aarquiteta.com.br\/blog\/wp-content\/uploads\/2023\/10\/ideias-para-decoracao-de-quarto-04.jpg\" data-fancybox=\"wpcp_view\">\n\t\t<figure>\n\t\t\t<img decoding=\"async\" class=\"skip-lazy\" src=\"https:\/\/www.aarquiteta.com.br\/blog\/wp-content\/uploads\/2023\/10\/ideias-para-decoracao-de-quarto-04.jpg\" alt=\"Sugest\u00f5es para decora\u00e7\u00e3o de quarto: encontre as melhores ideias online!\" width=\"1024\" height=\"1024\" title=\"\">\t\t<\/figure>\n\t<\/a>\n\t\t<\/div>\n<\/div>\n\t<div class=\"swiper-slide\">\n\t<div class=\"wpcp-single-item\">\n\t\t\t<a class=\"wcp-light-box\" data-buttons='[\"close\"]' data-wpc_url='https:\/\/www.aarquiteta.com.br\/blog\/wp-content\/uploads\/2023\/09\/Ideias-de-decoracao-para-quarto-pequeno-1.jpg' href=\"https:\/\/www.aarquiteta.com.br\/blog\/wp-content\/uploads\/2023\/09\/Ideias-de-decoracao-para-quarto-pequeno-1.jpg\" data-fancybox=\"wpcp_view\">\n\t\t<figure>\n\t\t\t<img decoding=\"async\" class=\"skip-lazy\" src=\"https:\/\/www.aarquiteta.com.br\/blog\/wp-content\/uploads\/2023\/09\/Ideias-de-decoracao-para-quarto-pequeno-1.jpg\" alt=\"Ideias de decora\u00e7\u00e3o para quarto pequeno\" width=\"1024\" height=\"1024\" title=\"\">\t\t<\/figure>\n\t<\/a>\n\t\t<\/div>\n<\/div>\n\t<div class=\"swiper-slide\">\n\t<div class=\"wpcp-single-item\">\n\t\t\t<a class=\"wcp-light-box\" data-buttons='[\"close\"]' data-wpc_url='https:\/\/www.aarquiteta.com.br\/blog\/wp-content\/uploads\/2023\/09\/ideias-para-decoracao-de-quarto-1.jpg' href=\"https:\/\/www.aarquiteta.com.br\/blog\/wp-content\/uploads\/2023\/09\/ideias-para-decoracao-de-quarto-1.jpg\" data-fancybox=\"wpcp_view\">\n\t\t<figure>\n\t\t\t<img decoding=\"async\" class=\"skip-lazy\" src=\"https:\/\/www.aarquiteta.com.br\/blog\/wp-content\/uploads\/2023\/09\/ideias-para-decoracao-de-quarto-1.jpg\" alt=\"ideias para decora\u00e7\u00e3o de quarto\" width=\"1024\" height=\"1024\" title=\"\">\t\t<\/figure>\n\t<\/a>\n\t\t<\/div>\n<\/div>\n\t<div class=\"swiper-slide\">\n\t<div class=\"wpcp-single-item\">\n\t\t\t<a class=\"wcp-light-box\" data-buttons='[\"close\"]' data-wpc_url='https:\/\/www.aarquiteta.com.br\/blog\/wp-content\/uploads\/2023\/09\/ideias-para-decoracao-de-quarto.jpg' href=\"https:\/\/www.aarquiteta.com.br\/blog\/wp-content\/uploads\/2023\/09\/ideias-para-decoracao-de-quarto.jpg\" data-fancybox=\"wpcp_view\">\n\t\t<figure>\n\t\t\t<img decoding=\"async\" class=\"skip-lazy\" src=\"https:\/\/www.aarquiteta.com.br\/blog\/wp-content\/uploads\/2023\/09\/ideias-para-decoracao-de-quarto.jpg\" alt=\"ideias para decora\u00e7\u00e3o de quarto\" width=\"1024\" height=\"1024\" title=\"\">\t\t<\/figure>\n\t<\/a>\n\t\t<\/div>\n<\/div>\n\t<div class=\"swiper-slide\">\n\t<div class=\"wpcp-single-item\">\n\t\t\t<a class=\"wcp-light-box\" data-buttons='[\"close\"]' data-wpc_url='https:\/\/www.aarquiteta.com.br\/blog\/wp-content\/uploads\/2023\/09\/ideias-decoracao-de-quarto-infantil-masculino-simples-e-barato-2.png' href=\"https:\/\/www.aarquiteta.com.br\/blog\/wp-content\/uploads\/2023\/09\/ideias-decoracao-de-quarto-infantil-masculino-simples-e-barato-2.png\" data-fancybox=\"wpcp_view\">\n\t\t<figure>\n\t\t\t<img decoding=\"async\" class=\"skip-lazy\" src=\"https:\/\/www.aarquiteta.com.br\/blog\/wp-content\/uploads\/2023\/09\/ideias-decoracao-de-quarto-infantil-masculino-simples-e-barato-2.png\" alt=\"ideias decora\u00e7\u00e3o de quarto infantil masculino simples e barato\" width=\"1024\" height=\"1024\" title=\"\">\t\t<\/figure>\n\t<\/a>\n\t\t<\/div>\n<\/div>\n\t<div class=\"swiper-slide\">\n\t<div class=\"wpcp-single-item\">\n\t\t\t<a class=\"wcp-light-box\" data-buttons='[\"close\"]' data-wpc_url='https:\/\/www.aarquiteta.com.br\/blog\/wp-content\/uploads\/2023\/09\/Quarto-Feminino.png' href=\"https:\/\/www.aarquiteta.com.br\/blog\/wp-content\/uploads\/2023\/09\/Quarto-Feminino.png\" data-fancybox=\"wpcp_view\">\n\t\t<figure>\n\t\t\t<img decoding=\"async\" class=\"skip-lazy\" src=\"https:\/\/www.aarquiteta.com.br\/blog\/wp-content\/uploads\/2023\/09\/Quarto-Feminino.png\" alt=\"Transforme seu Quarto Feminino: Ideias Inspiradoras para Uma Decora\u00e7\u00e3o Personalizada\" width=\"1024\" height=\"1024\" title=\"\">\t\t<\/figure>\n\t<\/a>\n\t\t<\/div>\n<\/div>\n\t<div class=\"swiper-slide\">\n\t<div class=\"wpcp-single-item\">\n\t\t\t<a class=\"wcp-light-box\" data-buttons='[\"close\"]' data-wpc_url='https:\/\/www.aarquiteta.com.br\/blog\/wp-content\/uploads\/2023\/08\/5-Estampas-para-Transformar-a-Decoracao-do-Seu-Quarto-1.png' href=\"https:\/\/www.aarquiteta.com.br\/blog\/wp-content\/uploads\/2023\/08\/5-Estampas-para-Transformar-a-Decoracao-do-Seu-Quarto-1.png\" data-fancybox=\"wpcp_view\">\n\t\t<figure>\n\t\t\t<img decoding=\"async\" class=\"skip-lazy\" src=\"https:\/\/www.aarquiteta.com.br\/blog\/wp-content\/uploads\/2023\/08\/5-Estampas-para-Transformar-a-Decoracao-do-Seu-Quarto-1.png\" alt=\"5 Estampas para Transformar a Decora\u00e7\u00e3o do Seu Quarto\" width=\"1024\" height=\"1024\" title=\"\">\t\t<\/figure>\n\t<\/a>\n\t\t<\/div>\n<\/div>\n\t<div class=\"swiper-slide\">\n\t<div class=\"wpcp-single-item\">\n\t\t\t<a class=\"wcp-light-box\" data-buttons='[\"close\"]' data-wpc_url='https:\/\/www.aarquiteta.com.br\/blog\/wp-content\/uploads\/2023\/08\/5-Estampas-para-Transformar-a-Decoracao-do-Seu-Quarto.png' href=\"https:\/\/www.aarquiteta.com.br\/blog\/wp-content\/uploads\/2023\/08\/5-Estampas-para-Transformar-a-Decoracao-do-Seu-Quarto.png\" data-fancybox=\"wpcp_view\">\n\t\t<figure>\n\t\t\t<img decoding=\"async\" class=\"skip-lazy\" src=\"https:\/\/www.aarquiteta.com.br\/blog\/wp-content\/uploads\/2023\/08\/5-Estampas-para-Transformar-a-Decoracao-do-Seu-Quarto.png\" alt=\"5 Estampas para Transformar a Decora\u00e7\u00e3o do Seu Quarto\" width=\"1024\" height=\"1024\" title=\"\">\t\t<\/figure>\n\t<\/a>\n\t\t<\/div>\n<\/div>\n\t<div class=\"swiper-slide\">\n\t<div class=\"wpcp-single-item\">\n\t\t\t<a class=\"wcp-light-box\" data-buttons='[\"close\"]' data-wpc_url='https:\/\/www.aarquiteta.com.br\/blog\/wp-content\/uploads\/2023\/08\/Dicas-de-Decoracao-para-um-Quarto-de-Casal-Aconchegante-1.png' href=\"https:\/\/www.aarquiteta.com.br\/blog\/wp-content\/uploads\/2023\/08\/Dicas-de-Decoracao-para-um-Quarto-de-Casal-Aconchegante-1.png\" data-fancybox=\"wpcp_view\">\n\t\t<figure>\n\t\t\t<img decoding=\"async\" class=\"skip-lazy\" src=\"https:\/\/www.aarquiteta.com.br\/blog\/wp-content\/uploads\/2023\/08\/Dicas-de-Decoracao-para-um-Quarto-de-Casal-Aconchegante-1.png\" alt=\"Dicas de Decora\u00e7\u00e3o para um Quarto de Casal Aconchegante.\" width=\"1024\" height=\"1024\" title=\"\">\t\t<\/figure>\n\t<\/a>\n\t\t<\/div>\n<\/div>\n\t<div class=\"swiper-slide\">\n\t<div class=\"wpcp-single-item\">\n\t\t\t<a class=\"wcp-light-box\" data-buttons='[\"close\"]' data-wpc_url='https:\/\/www.aarquiteta.com.br\/blog\/wp-content\/uploads\/2023\/08\/quarto-de-casal-pequeno-decorado-de-forma-economica-e-funcional.png' href=\"https:\/\/www.aarquiteta.com.br\/blog\/wp-content\/uploads\/2023\/08\/quarto-de-casal-pequeno-decorado-de-forma-economica-e-funcional.png\" data-fancybox=\"wpcp_view\">\n\t\t<figure>\n\t\t\t<img decoding=\"async\" class=\"skip-lazy\" src=\"https:\/\/www.aarquiteta.com.br\/blog\/wp-content\/uploads\/2023\/08\/quarto-de-casal-pequeno-decorado-de-forma-economica-e-funcional.png\" alt=\"Quarto de Casal Pequeno? Descubra Como Decorar Gastando Pouco!\" width=\"1024\" height=\"1024\" title=\"\">\t\t<\/figure>\n\t<\/a>\n\t\t<\/div>\n<\/div>\n\t\t\t<\/div>\n\t\t\t\t\t<div class=\"wpcp-swiper-dots swiper-pagination\"><\/div>\n\t\t\t\t<!-- If we need navigation buttons -->\n\t\t\t<\/div>\n\t<\/div>\n<\/div>\n\n<p>Com o beb\u00ea pertinho, d\u00e1 para ouvir cada resmungo e ver cada sorrisinho durante a noite. Isso sem falar na paz de esp\u00edrito de saber que ele est\u00e1 seguro e aconchegado, bem ao alcance dos olhos.<\/p>\n<h3>4. Est\u00edmulo ao v\u00ednculo familiar<\/h3>\n<p>Os primeiros meses de vida s\u00e3o cruciais para a forma\u00e7\u00e3o de la\u00e7os afetivos. Ter o beb\u00ea por perto fortalece essa conex\u00e3o e permite que os pais participem ativamente de cada descoberta.<\/p>\n<h3>5. Transi\u00e7\u00e3o suave para o beb\u00ea<\/h3>\n<p>O mundo \u00e9 um lugar gigante para um rec\u00e9m-nascido. A presen\u00e7a constante dos pais por perto pode ajudar a tornar essa transi\u00e7\u00e3o para a vida &#8220;aqui fora&#8221; um pouco menos assustadora.<\/p>\n<h3>6. Flexibilidade para futuros irm\u00e3os<\/h3>\n<figure style=\"width: 1024px\" class=\"wp-caption aligncenter\"><img decoding=\"async\" src=\"https:\/\/www.aarquiteta.com.br\/blog\/wp-content\/uploads\/2024\/01\/quarto-de-casal-com-berco02.jpg\" alt=\"quarto de casal com ber\u00e7o\" width=\"1024\" height=\"1024\" title=\"\"><figcaption class=\"wp-caption-text\">quarto de casal com ber\u00e7o<\/figcaption><\/figure>\n<p>Se mais tarde vier um irm\u00e3ozinho ou irm\u00e3zinha, j\u00e1 est\u00e1 tudo preparado. O quarto de casal com ber\u00e7o pode se transformar facilmente para acomodar mais um, sem estresse.<\/p>\n<h3>7. Decora\u00e7\u00e3o personalizada<\/h3>\n<p>Quem disse que quarto de beb\u00ea precisa ser todo azul ou rosa? Integrar o ber\u00e7o ao quarto dos pais permite brincar com a decora\u00e7\u00e3o de forma que agrade a todos os moradores do c\u00f4modo.<\/p>\n<h3>8. Facilidade de amamenta\u00e7\u00e3o<\/h3>\n<figure style=\"width: 1024px\" class=\"wp-caption aligncenter\"><img decoding=\"async\" src=\"https:\/\/www.aarquiteta.com.br\/blog\/wp-content\/uploads\/2024\/01\/quarto-de-casal-com-berco01.jpg\" alt=\"quarto de casal com ber\u00e7o\" width=\"1024\" height=\"1024\" title=\"\"><figcaption class=\"wp-caption-text\">quarto de casal com ber\u00e7o<\/figcaption><\/figure>\n<p>Nada como ter o conforto de amamentar sem precisar sair do quarto. Al\u00e9m disso, facilita para a m\u00e3e descansar logo ap\u00f3s o beb\u00ea pegar no sono novamente.<\/p>\n<h3>9. Seguran\u00e7a e tranquilidade<\/h3>\n<p>Saber que o beb\u00ea est\u00e1 ali do ladinho traz uma tranquilidade que n\u00e3o tem pre\u00e7o. E em caso de qualquer imprevisto, os pais est\u00e3o logo ali para atender.<\/p>\n<h3>10. Facilidade de organiza\u00e7\u00e3o<\/h3>\n<figure style=\"width: 1024px\" class=\"wp-caption aligncenter\"><img decoding=\"async\" src=\"https:\/\/www.aarquiteta.com.br\/blog\/wp-content\/uploads\/2024\/01\/quarto-de-casal-com-berco03.jpg\" alt=\"quarto de casal com ber\u00e7o\" width=\"1024\" height=\"1024\" title=\"\"><figcaption class=\"wp-caption-text\">quarto de casal com ber\u00e7o<\/figcaption><\/figure>\n<p>Manter as coisinhas do beb\u00ea no mesmo quarto ajuda a n\u00e3o transformar a casa num campo minado de brinquedos e fraldas. Tudo fica mais organizado e \u00e0 m\u00e3o.<\/p>\n<h3>11. Praticidade para os pais<\/h3>\n<p>Os pais tamb\u00e9m merecem um pouco de praticidade, n\u00e3o \u00e9 mesmo? Com o ber\u00e7o no quarto, fica mais f\u00e1cil conciliar o cuidado com o beb\u00ea e aqueles cinco minutinhos a mais de sono pela manh\u00e3.<\/p>\n<h3>12. Acompanhamento do crescimento do beb\u00ea<\/h3>\n<p>\u00c9 incr\u00edvel observar cada pequena mudan\u00e7a no beb\u00ea dia ap\u00f3s dia. Com ele por perto, nenhum detalhe passa despercebido, e cada conquista \u00e9 celebrada em conjunto.<\/p>\n<h3>Perguntas Frequentes<\/h3>\n<p><strong>1. Quais s\u00e3o as medidas ideais para um quarto de casal com ber\u00e7o?<\/strong><\/p>\n<p>Depende do tamanho do quarto, mas o essencial \u00e9 que haja espa\u00e7o suficiente para circular ao redor da cama e do ber\u00e7o com seguran\u00e7a. Uma dica \u00e9 optar por m\u00f3veis multifuncionais que economizam espa\u00e7o.<\/p>\n<p><strong>2. Como escolher o ber\u00e7o ideal para o quarto de casal?<\/strong><\/p>\n<p>Procure por um ber\u00e7o que combine com a decora\u00e7\u00e3o do quarto e que atenda \u00e0s normas de seguran\u00e7a. Modelos com rodinhas podem ser pr\u00e1ticos para movimentar e ajustar o espa\u00e7o conforme necess\u00e1rio.<\/p>\n<p><strong>3. \u00c9 poss\u00edvel adaptar um quarto de casal com ber\u00e7o para dois beb\u00eas?<\/strong><\/p>\n<p>Sim, \u00e9 poss\u00edvel, especialmente se os beb\u00eas forem g\u00eameos. Existem ber\u00e7os projetados para dois que podem ser uma \u00f3tima solu\u00e7\u00e3o, ou at\u00e9 mesmo dois ber\u00e7os menores, se o espa\u00e7o permitir.<\/p>\n<p>Em resumo, ter um quarto de casal com ber\u00e7o \u00e9 uma solu\u00e7\u00e3o inteligente que traz in\u00fameros benef\u00edcios para a fam\u00edlia. Al\u00e9m de fortalecer la\u00e7os, oferece praticidade e seguran\u00e7a, elementos essenciais para uma nova fam\u00edlia que est\u00e1 se adaptando \u00e0 chegada de um beb\u00ea. E a\u00ed, ficou convencido de que essa pode ser a melhor escolha para voc\u00eas?<\/p>\n<p>Curiosidade: Voc\u00ea sabia que na Finl\u00e2ndia \u00e9 comum os beb\u00eas dormirem em caixas de papel\u00e3o? Isso mesmo! As caixas s\u00e3o equipadas com um colch\u00e3ozinho e funcionam como um ber\u00e7o port\u00e1til, uma tradi\u00e7\u00e3o que visa garantir que todos os beb\u00eas tenham um come\u00e7o de vida igualit\u00e1rio e seguro.<\/p>\n<p><\/body><\/p>\n<p style=\"text-align: center;\">[amazon table=&#8221;95688&#8243;]\n","protected":false},"excerpt":{"rendered":"<p>Quer uma quarto de casal com ber\u00e7o de tirar o f\u00f4lego? Descubra inspira\u00e7\u00f5es aqui!<\/p>\n","protected":false},"author":102,"featured_media":105497,"comment_status":"closed","ping_status":"closed","sticky":false,"template":"","format":"standard","meta":{"footnotes":""},"categories":[1484],"tags":[],"class_list":["post-105500","post","type-post","status-publish","format-standard","has-post-thumbnail","category-decoracao"],"_wp_attached_file":null,"_wp_attachment_metadata":null,"_wp_attachment_context":null,"_wp_attachment_is_custom_header":null,"geo_longitude":null,"geo_public":null,"geo_latitude":null,"_publicize_done_external":null,"_wpas_done_3897181":null,"publicize_twitter_user":null,"_wpas_done_3897175":null,"_wpas_skip_3897181":null,"_wpas_skip_3897175":null,"_wpas_skip_3924723":null,"_wpas_mess":null,"_wpas_done_3924723":null,"wps_subtitle":"","_links":{"self":[{"href":"https:\/\/www.aarquiteta.com.br\/blog\/wp-json\/wp\/v2\/posts\/105500","targetHints":{"allow":["GET"]}}],"collection":[{"href":"https:\/\/www.aarquiteta.com.br\/blog\/wp-json\/wp\/v2\/posts"}],"about":[{"href":"https:\/\/www.aarquiteta.com.br\/blog\/wp-json\/wp\/v2\/types\/post"}],"author":[{"embeddable":true,"href":"https:\/\/www.aarquiteta.com.br\/blog\/wp-json\/wp\/v2\/users\/102"}],"replies":[{"embeddable":true,"href":"https:\/\/www.aarquiteta.com.br\/blog\/wp-json\/wp\/v2\/comments?post=105500"}],"version-history":[{"count":0,"href":"https:\/\/www.aarquiteta.com.br\/blog\/wp-json\/wp\/v2\/posts\/105500\/revisions"}],"wp:featuredmedia":[{"embeddable":true,"href":"https:\/\/www.aarquiteta.com.br\/blog\/wp-json\/wp\/v2\/media\/105497"}],"wp:attachment":[{"href":"https:\/\/www.aarquiteta.com.br\/blog\/wp-json\/wp\/v2\/media?parent=105500"}],"wp:term":[{"taxonomy":"category","embeddable":true,"href":"https:\/\/www.aarquiteta.com.br\/blog\/wp-json\/wp\/v2\/categories?post=105500"},{"taxonomy":"post_tag","embeddable":true,"href":"https:\/\/www.aarquiteta.com.br\/blog\/wp-json\/wp\/v2\/tags?post=105500"}],"curies":[{"name":"wp","href":"https:\/\/api.w.org\/{rel}","templated":true}]}}