{"id":105492,"date":"2024-02-03T17:00:10","date_gmt":"2024-02-03T20:00:10","guid":{"rendered":"http:\/\/aarquiteta.com.br\/?p=105492"},"modified":"2024-06-15T09:24:41","modified_gmt":"2024-06-15T12:24:41","slug":"conheca-as-top-5-ideias-para-quintal-com-um-paisagismo-simples","status":"publish","type":"post","link":"https:\/\/www.aarquiteta.com.br\/blog\/conheca-as-top-5-ideias-para-quintal-com-um-paisagismo-simples\/","title":{"rendered":"Conhe\u00e7a as top 5 ideias para quintal com um paisagismo simples."},"content":{"rendered":"<p>Quem disse que para ter um quintal bonito \u00e9 preciso gastar rios de dinheiro? Com um pouco de criatividade e algumas dicas pr\u00e1ticas, voc\u00ea pode transformar seu espa\u00e7o ao ar livre em um verdadeiro o\u00e1sis de tranquilidade e beleza. Vamos explorar algumas ideias simples de paisagismo que v\u00e3o deixar seu quintal com cara de capa de revista:<\/p>\n<ul>\n<li>Criar um jardim vertical para otimizar o espa\u00e7o<\/li>\n<li>Montar um espa\u00e7o de conviv\u00eancia aconchegante<\/li>\n<li>Plantar \u00e1rvores frut\u00edferas para um toque natural e saboroso<\/li>\n<li>Criar um cantinho de relaxamento para desfrutar do ar livre<\/li>\n<li>Montar um espa\u00e7o divertido e seguro para as crian\u00e7as<\/li>\n<\/ul>\n<h3>Crie um jardim vertical<\/h3>\n<figure style=\"width: 1024px\" class=\"wp-caption aligncenter\"><img decoding=\"async\" src=\"https:\/\/www.aarquiteta.com.br\/blog\/wp-content\/uploads\/2024\/01\/Conheca-as-top-5-ideias-para-quintal-com-um-paisagismo-simples.04.jpg\" alt=\"Conhe\u00e7a as top 5 ideias para quintal com um paisagismo simples.\" width=\"1024\" height=\"1024\" title=\"\"><figcaption class=\"wp-caption-text\">Conhe\u00e7a as top 5 ideias para quintal com um paisagismo simples.<\/figcaption><\/figure>\n<p>Quando o espa\u00e7o \u00e9 limitado, o c\u00e9u \u00e9 o limite! Um jardim vertical \u00e9 a solu\u00e7\u00e3o perfeita para quem quer verde sem ocupar muito espa\u00e7o. Al\u00e9m de ser um charme, n\u00e9?<\/p>\n<h3>Escolha as plantas adequadas<\/h3>\n<p>Para come\u00e7ar, escolha plantas que se adaptem bem \u00e0 vida vertical. Suculentas, samambaias e ervas arom\u00e1ticas s\u00e3o \u00f3timas candidatas. Elas s\u00e3o como os moradores ideais de um apartamento compacto: n\u00e3o precisam de muito espa\u00e7o e s\u00e3o super f\u00e1ceis de cuidar.<\/p>\n<h3>Instale um sistema de irriga\u00e7\u00e3o<\/h3>\n<style id=\"wp_carousel_dynamic_css104058\">.sp-wp-carousel-free-id-104058.wpcf-fancybox-wrapper .fancybox-bg{background: #0b0b0b;opacity: 0.8;}.sp-wp-carousel-free-id-104058.wpcf-fancybox-wrapper .fancybox-navigation .fancybox-button .wpcp-fancybox-nav-arrow i {color: #ccc;}.sp-wp-carousel-free-id-104058.wpcf-fancybox-wrapper .fancybox-navigation .fancybox-button .wpcp-fancybox-nav-arrow i:hover {color: #fff;}.sp-wp-carousel-free-id-104058.wpcf-fancybox-wrapper .fancybox-navigation .fancybox-button {background: #1e1e1e;}.sp-wp-carousel-free-id-104058.wpcf-fancybox-wrapper .fancybox-navigation .fancybox-button:hover {background: #1e1e1e;}#sp-wp-carousel-free-id-104058 .wpcp-swiper-dots {margin: 40px 0px 0px 0px;}.wpcp-wrapper-104058 .swiper-wrapper .swiper-slide-kenburn, .wpcp-wrapper-104058 .swiper-wrapper, .wpcp-wrapper-104058 .wpcpro-row{align-items: center;}#sp-wp-carousel-free-id-104058 .wpcp-single-item {box-shadow: 0px 0px 0px 0px #dddddd;transition: all .3s;margin: 0px;}#sp-wp-carousel-free-id-104058.swiper-flip .wpcp-single-item{margin: 0!important;}#sp-wp-carousel-free-id-104058 .wpcp-single-item:hover {box-shadow: 0px 0px 0px 0px #dddddd;}#sp-wp-carousel-free-id-104058.sp-wpcp-104058 .wpcp-single-item {border: 1px solid #dddddd;}#sp-wp-carousel-free-id-104058.sp-wpcp-104058 .swiper-button-prev,#sp-wp-carousel-free-id-104058.sp-wpcp-104058 .swiper-button-next,#sp-wp-carousel-free-id-104058.sp-wpcp-104058 .swiper-button-prev:hover,#sp-wp-carousel-free-id-104058.sp-wpcp-104058 .swiper-button-next:hover {background: none;border: none;font-size: 30px;}#sp-wp-carousel-free-id-104058.sp-wpcp-104058 .swiper-button-prev i,#sp-wp-carousel-free-id-104058.sp-wpcp-104058 .swiper-button-next i {color: #aaa;}#sp-wp-carousel-free-id-104058.sp-wpcp-104058 .swiper-button-prev i:hover,#sp-wp-carousel-free-id-104058.sp-wpcp-104058 .swiper-button-next i:hover {color: #178087;}#sp-wp-carousel-free-id-104058.sp-wpcp-104058 .wpcp-swiper-dots .swiper-pagination-bullet {background-color: #cccccc;}#sp-wp-carousel-free-id-104058.sp-wpcp-104058 .wpcp-swiper-dots .swiper-pagination-bullet.swiper-pagination-bullet-active {background-color: #178087;} #sp-wp-carousel-free-id-104058.sp-wpcp-104058.wpcp-image-carousel .wpcp-single-item:hover img, #sp-wp-carousel-free-id-104058.sp-wpcp-104058.wpcp-post-carousel .wpcp-single-item:hover img, #sp-wp-carousel-free-id-104058.sp-wpcp-104058.wpcp-product-carousel .wpcp-single-item:hover img{-webkit-transform: scale(1.2);-moz-transform: scale(1.2);transform: scale(1.2);}#sp-wp-carousel-free-id-104058 .wpcpro-row>[class*=\"wpcpro-col-\"] { padding: 0 10px; padding-bottom: 20px;} #sp-wp-carousel-free-id-104058 .swiper-slide .single-item-fade:not(:last-child) { margin-right: 20px;}@media (min-width: 480px) { .wpcpro-row .wpcpro-col-sm-1 { flex: 0 0 100%; max-width: 100%; } .wpcpro-row .wpcpro-col-sm-2 { flex: 0 0 50%; max-width: 50%; } .wpcpro-row .wpcpro-col-sm-2-5 { flex: 0 0 75%; max-width: 75%; } .wpcpro-row .wpcpro-col-sm-3 { flex: 0 0 33.333%; max-width: 33.333%; } .wpcpro-row .wpcpro-col-sm-4 { flex: 0 0 25%; max-width: 25%; } .wpcpro-row .wpcpro-col-sm-5 { flex: 0 0 20%; max-width: 20%; } .wpcpro-row .wpcpro-col-sm-6 { flex: 0 0 16.66666666666667%; max-width: 16.66666666666667%; } .wpcpro-row .wpcpro-col-sm-7 { flex: 0 0 14.28571428%; max-width: 14.28571428%; } .wpcpro-row .wpcpro-col-sm-8 { flex: 0 0 12.5%; max-width: 12.5%; } } @media (max-width: 480px) { .wpcpro-row .wpcpro-col-xs-1 { flex: 0 0 100%; max-width: 100%; } .wpcpro-row .wpcpro-col-xs-2 { flex: 0 0 50%; max-width: 50%; } .wpcpro-row .wpcpro-col-xs-3 { flex: 0 0 33.222%; max-width: 33.222%; } .wpcpro-row .wpcpro-col-xs-4 { flex: 0 0 25%; max-width: 25%; } .wpcpro-row .wpcpro-col-xs-5 { flex: 0 0 20%; max-width: 20%; } .wpcpro-row .wpcpro-col-xs-6 { flex: 0 0 16.6667%; max-width: 16.6667%; } .wpcpro-row .wpcpro-col-xs-7 { flex: 0 0 14.28571428%; max-width: 14.28571428%; } .wpcpro-row .wpcpro-col-xs-8 { flex: 0 0 12.5%; max-width: 12.5%; } } @media (min-width: 736px) { .wpcpro-row .wpcpro-col-md-1 { flex: 0 0 100%; max-width: 100%; } .wpcpro-row .wpcpro-col-md-2 { flex: 0 0 50%; max-width: 50%; } .wpcpro-row .wpcpro-col-md-2-5 { flex: 0 0 75%; max-width: 75%; } .wpcpro-row .wpcpro-col-md-3 { flex: 0 0 33.333%; max-width: 33.333%; } .wpcpro-row .wpcpro-col-md-4 { flex: 0 0 25%; max-width: 25%; } .wpcpro-row .wpcpro-col-md-5 { flex: 0 0 20%; max-width: 20%; } .wpcpro-row .wpcpro-col-md-6 { flex: 0 0 16.66666666666667%; max-width: 16.66666666666667%; } .wpcpro-row .wpcpro-col-md-7 { flex: 0 0 14.28571428%; max-width: 14.28571428%; } .wpcpro-row .wpcpro-col-md-8 { flex: 0 0 12.5%; max-width: 12.5%; } } @media (min-width: 980px) { .wpcpro-row .wpcpro-col-lg-1 { flex: 0 0 100%; max-width: 100%; } .wpcpro-row .wpcpro-col-lg-2 { flex: 0 0 50%; max-width: 50%; } .wpcpro-row .wpcpro-col-lg-3 { flex: 0 0 33.222%; max-width: 33.222%; } .wpcpro-row .wpcpro-col-lg-4 { flex: 0 0 25%; max-width: 25%; } .wpcpro-row .wpcpro-col-lg-5 { flex: 0 0 20%; max-width: 20%; } .wpcpro-row .wpcpro-col-lg-6 { flex: 0 0 16.6667%; max-width: 16.6667%; } .wpcpro-row .wpcpro-col-lg-7 { flex: 0 0 14.28571428%; max-width: 14.28571428%; } .wpcpro-row .wpcpro-col-lg-8 { flex: 0 0 12.5%; max-width: 12.5%; } } @media (min-width: 1200px) { .wpcpro-row .wpcpro-col-xl-1 { flex: 0 0 100%; max-width: 100%; } .wpcpro-row .wpcpro-col-xl-2 { flex: 0 0 50%; max-width: 50%; } .wpcpro-row .wpcpro-col-xl-3 { flex: 0 0 33.22222222%; max-width: 33.22222222%; } .wpcpro-row .wpcpro-col-xl-4 { flex: 0 0 25%; max-width: 25%; } .wpcpro-row .wpcpro-col-xl-5 { flex: 0 0 20%; max-width: 20%; } .wpcpro-row .wpcpro-col-xl-6 { flex: 0 0 16.66667%; max-width: 16.66667%; } .wpcpro-row .wpcpro-col-xl-7 { flex: 0 0 14.28571428%; max-width: 14.28571428%; } .wpcpro-row .wpcpro-col-xl-8 { flex: 0 0 12.5%; max-width: 12.5%; } }<\/style><div class=\"wpcp-carousel-wrapper wpcp-wrapper-104058\">\n\t<div id=\"wpcp-preloader-104058\" class=\"wpcp-carousel-preloader\"><img decoding=\"async\" src=\"https:\/\/www.aarquiteta.com.br\/blog\/wp-content\/plugins\/wp-carousel-free\/public\/css\/spinner.svg\" alt=\"Preloader Image\" title=\"\"><\/div>\t<div class=\"wpcp-carousel-content-wrapper\">\n\t<div id=\"sp-wp-carousel-free-id-104058\" class=\"wpcp-carousel-section sp-wpcp-104058  nav-vertical-center wpcp-image-carousel wpcp-preloader wpcp-standard\" data-swiper='{ &quot;pagination_type&quot;: &quot;dots&quot;,&quot;accessibility&quot;:true, &quot;spaceBetween&quot;:20, &quot;arrows&quot;:false, &quot;freeMode&quot;: false, &quot;autoplay&quot;:true, &quot;effect&quot;: &quot;&quot;, &quot;centerMode&quot;: false, &quot;autoplaySpeed&quot;:3000, &quot;dots&quot;:true, &quot;infinite&quot;:true, &quot;speed&quot;:600, &quot;pauseOnHover&quot;:true,\n\t\t\t&quot;slidesToShow&quot;:{&quot;lg_desktop&quot;:5, &quot;desktop&quot;: 4, &quot;laptop&quot;: 3, &quot;tablet&quot;: 2, &quot;mobile&quot;: 1}, &quot;responsive&quot;:{&quot;desktop&quot;:1200, &quot;laptop&quot;: 980, &quot;tablet&quot;: 736, &quot;mobile&quot;: 480}, &quot;rtl&quot;:false, &quot;lazyLoad&quot;: &quot;false&quot;, &quot;swipe&quot;: true, &quot;draggable&quot;: true, &quot;swipeToSlide&quot;:false }' dir=\"ltr\">\n\t\t<div class=\"swiper-wrapper\">\n\t\t<div class=\"swiper-slide\">\n\t<div class=\"wpcp-single-item\">\n\t\t\t<a class=\"wcp-light-box\" data-buttons='[\"close\"]' data-wpc_url='https:\/\/www.aarquiteta.com.br\/blog\/wp-content\/uploads\/2024\/01\/casa-em-terreno-estreito01.jpg' href=\"https:\/\/www.aarquiteta.com.br\/blog\/wp-content\/uploads\/2024\/01\/casa-em-terreno-estreito01.jpg\" data-fancybox=\"wpcp_view\">\n\t\t<figure>\n\t\t\t<img decoding=\"async\" class=\"skip-lazy\" src=\"https:\/\/www.aarquiteta.com.br\/blog\/wp-content\/uploads\/2024\/01\/casa-em-terreno-estreito01.jpg\" alt=\"casa em terreno estreito\" width=\"1024\" height=\"1024\" title=\"\">\t\t<\/figure>\n\t<\/a>\n\t\t<\/div>\n<\/div>\n\t<div class=\"swiper-slide\">\n\t<div class=\"wpcp-single-item\">\n\t\t\t<a class=\"wcp-light-box\" data-buttons='[\"close\"]' data-wpc_url='https:\/\/www.aarquiteta.com.br\/blog\/wp-content\/uploads\/2023\/12\/designer-inovador-transforma-materias-primas-casa-ultramoderna02.jpg' href=\"https:\/\/www.aarquiteta.com.br\/blog\/wp-content\/uploads\/2023\/12\/designer-inovador-transforma-materias-primas-casa-ultramoderna02.jpg\" data-fancybox=\"wpcp_view\">\n\t\t<figure>\n\t\t\t<img decoding=\"async\" class=\"skip-lazy\" src=\"https:\/\/www.aarquiteta.com.br\/blog\/wp-content\/uploads\/2023\/12\/designer-inovador-transforma-materias-primas-casa-ultramoderna02.jpg\" alt=\"designer-inovador-transforma-materias-primas-casa-ultramoderna\" width=\"1024\" height=\"1024\" title=\"\">\t\t<\/figure>\n\t<\/a>\n\t\t<\/div>\n<\/div>\n\t<div class=\"swiper-slide\">\n\t<div class=\"wpcp-single-item\">\n\t\t\t<a class=\"wcp-light-box\" data-buttons='[\"close\"]' data-wpc_url='https:\/\/www.aarquiteta.com.br\/blog\/wp-content\/uploads\/2023\/12\/fachadas-de-casas-simples04.jpg' href=\"https:\/\/www.aarquiteta.com.br\/blog\/wp-content\/uploads\/2023\/12\/fachadas-de-casas-simples04.jpg\" data-fancybox=\"wpcp_view\">\n\t\t<figure>\n\t\t\t<img decoding=\"async\" class=\"skip-lazy\" src=\"https:\/\/www.aarquiteta.com.br\/blog\/wp-content\/uploads\/2023\/12\/fachadas-de-casas-simples04.jpg\" alt=\"fachadas de casas simples\" width=\"1024\" height=\"1024\" title=\"\">\t\t<\/figure>\n\t<\/a>\n\t\t<\/div>\n<\/div>\n\t<div class=\"swiper-slide\">\n\t<div class=\"wpcp-single-item\">\n\t\t\t<a class=\"wcp-light-box\" data-buttons='[\"close\"]' data-wpc_url='https:\/\/www.aarquiteta.com.br\/blog\/wp-content\/uploads\/2023\/12\/fachadas-de-casas-simples01.jpg' href=\"https:\/\/www.aarquiteta.com.br\/blog\/wp-content\/uploads\/2023\/12\/fachadas-de-casas-simples01.jpg\" data-fancybox=\"wpcp_view\">\n\t\t<figure>\n\t\t\t<img decoding=\"async\" class=\"skip-lazy\" src=\"https:\/\/www.aarquiteta.com.br\/blog\/wp-content\/uploads\/2023\/12\/fachadas-de-casas-simples01.jpg\" alt=\"fachadas de casas simples\" width=\"1024\" height=\"1024\" title=\"\">\t\t<\/figure>\n\t<\/a>\n\t\t<\/div>\n<\/div>\n\t<div class=\"swiper-slide\">\n\t<div class=\"wpcp-single-item\">\n\t\t\t<a class=\"wcp-light-box\" data-buttons='[\"close\"]' data-wpc_url='https:\/\/www.aarquiteta.com.br\/blog\/wp-content\/uploads\/2023\/12\/Casas-pre-fabricadas-custos-e-vantagens-para-sua-obra04.jpg' href=\"https:\/\/www.aarquiteta.com.br\/blog\/wp-content\/uploads\/2023\/12\/Casas-pre-fabricadas-custos-e-vantagens-para-sua-obra04.jpg\" data-fancybox=\"wpcp_view\">\n\t\t<figure>\n\t\t\t<img decoding=\"async\" class=\"skip-lazy\" src=\"https:\/\/www.aarquiteta.com.br\/blog\/wp-content\/uploads\/2023\/12\/Casas-pre-fabricadas-custos-e-vantagens-para-sua-obra04.jpg\" alt=\"Casas pr\u00e9-fabricadas: custos e vantagens para sua obra\" width=\"1024\" height=\"1024\" title=\"\">\t\t<\/figure>\n\t<\/a>\n\t\t<\/div>\n<\/div>\n\t<div class=\"swiper-slide\">\n\t<div class=\"wpcp-single-item\">\n\t\t\t<a class=\"wcp-light-box\" data-buttons='[\"close\"]' data-wpc_url='https:\/\/www.aarquiteta.com.br\/blog\/wp-content\/uploads\/2023\/11\/como-aumentar-o-valor-da-sua-casa01.jpg' href=\"https:\/\/www.aarquiteta.com.br\/blog\/wp-content\/uploads\/2023\/11\/como-aumentar-o-valor-da-sua-casa01.jpg\" data-fancybox=\"wpcp_view\">\n\t\t<figure>\n\t\t\t<img decoding=\"async\" class=\"skip-lazy\" src=\"https:\/\/www.aarquiteta.com.br\/blog\/wp-content\/uploads\/2023\/11\/como-aumentar-o-valor-da-sua-casa01.jpg\" alt=\"como aumentar o valor da sua casa\" width=\"1024\" height=\"1024\" title=\"\">\t\t<\/figure>\n\t<\/a>\n\t\t<\/div>\n<\/div>\n\t<div class=\"swiper-slide\">\n\t<div class=\"wpcp-single-item\">\n\t\t\t<a class=\"wcp-light-box\" data-buttons='[\"close\"]' data-wpc_url='https:\/\/www.aarquiteta.com.br\/blog\/wp-content\/uploads\/2023\/11\/casa-de-fazenda03.jpg' href=\"https:\/\/www.aarquiteta.com.br\/blog\/wp-content\/uploads\/2023\/11\/casa-de-fazenda03.jpg\" data-fancybox=\"wpcp_view\">\n\t\t<figure>\n\t\t\t<img decoding=\"async\" class=\"skip-lazy\" src=\"https:\/\/www.aarquiteta.com.br\/blog\/wp-content\/uploads\/2023\/11\/casa-de-fazenda03.jpg\" alt=\"casa de fazenda\" width=\"1024\" height=\"1024\" title=\"\">\t\t<\/figure>\n\t<\/a>\n\t\t<\/div>\n<\/div>\n\t<div class=\"swiper-slide\">\n\t<div class=\"wpcp-single-item\">\n\t\t\t<a class=\"wcp-light-box\" data-buttons='[\"close\"]' data-wpc_url='https:\/\/www.aarquiteta.com.br\/blog\/wp-content\/uploads\/2023\/11\/arquitetura-sustentvel-dicas-para-criar-uma-casa-container-modernarumt.jpg' href=\"https:\/\/www.aarquiteta.com.br\/blog\/wp-content\/uploads\/2023\/11\/arquitetura-sustentvel-dicas-para-criar-uma-casa-container-modernarumt.jpg\" data-fancybox=\"wpcp_view\">\n\t\t<figure>\n\t\t\t<img decoding=\"async\" class=\"skip-lazy\" src=\"https:\/\/www.aarquiteta.com.br\/blog\/wp-content\/uploads\/2023\/11\/arquitetura-sustentvel-dicas-para-criar-uma-casa-container-modernarumt.jpg\" alt=\"Arquitetura Sustentvel Dicas para Criar uma Casa Container Moderna\" width=\"1024\" height=\"768\" title=\"\">\t\t<\/figure>\n\t<\/a>\n\t\t<\/div>\n<\/div>\n\t<div class=\"swiper-slide\">\n\t<div class=\"wpcp-single-item\">\n\t\t\t<a class=\"wcp-light-box\" data-buttons='[\"close\"]' data-wpc_url='https:\/\/www.aarquiteta.com.br\/blog\/wp-content\/uploads\/2023\/11\/modelos-de-casa02.jpg' href=\"https:\/\/www.aarquiteta.com.br\/blog\/wp-content\/uploads\/2023\/11\/modelos-de-casa02.jpg\" data-fancybox=\"wpcp_view\">\n\t\t<figure>\n\t\t\t<img decoding=\"async\" class=\"skip-lazy\" src=\"https:\/\/www.aarquiteta.com.br\/blog\/wp-content\/uploads\/2023\/11\/modelos-de-casa02.jpg\" alt=\"modelos de casa\" width=\"1024\" height=\"1024\" title=\"\">\t\t<\/figure>\n\t<\/a>\n\t\t<\/div>\n<\/div>\n\t<div class=\"swiper-slide\">\n\t<div class=\"wpcp-single-item\">\n\t\t\t<a class=\"wcp-light-box\" data-buttons='[\"close\"]' data-wpc_url='https:\/\/www.aarquiteta.com.br\/blog\/wp-content\/uploads\/2023\/11\/casa-simples-arrumada01.jpg' href=\"https:\/\/www.aarquiteta.com.br\/blog\/wp-content\/uploads\/2023\/11\/casa-simples-arrumada01.jpg\" data-fancybox=\"wpcp_view\">\n\t\t<figure>\n\t\t\t<img decoding=\"async\" class=\"skip-lazy\" src=\"https:\/\/www.aarquiteta.com.br\/blog\/wp-content\/uploads\/2023\/11\/casa-simples-arrumada01.jpg\" alt=\"casa simples arrumada\" width=\"1024\" height=\"1024\" title=\"\">\t\t<\/figure>\n\t<\/a>\n\t\t<\/div>\n<\/div>\n\t<div class=\"swiper-slide\">\n\t<div class=\"wpcp-single-item\">\n\t\t\t<a class=\"wcp-light-box\" data-buttons='[\"close\"]' data-wpc_url='https:\/\/www.aarquiteta.com.br\/blog\/wp-content\/uploads\/2023\/11\/modelos-de-casa04.jpg' href=\"https:\/\/www.aarquiteta.com.br\/blog\/wp-content\/uploads\/2023\/11\/modelos-de-casa04.jpg\" data-fancybox=\"wpcp_view\">\n\t\t<figure>\n\t\t\t<img decoding=\"async\" class=\"skip-lazy\" src=\"https:\/\/www.aarquiteta.com.br\/blog\/wp-content\/uploads\/2023\/11\/modelos-de-casa04.jpg\" alt=\"modelos de casa\" width=\"1024\" height=\"1024\" title=\"\">\t\t<\/figure>\n\t<\/a>\n\t\t<\/div>\n<\/div>\n\t<div class=\"swiper-slide\">\n\t<div class=\"wpcp-single-item\">\n\t\t\t<a class=\"wcp-light-box\" data-buttons='[\"close\"]' data-wpc_url='https:\/\/www.aarquiteta.com.br\/blog\/wp-content\/uploads\/2023\/10\/muros-modernos-ecologicos5-dicas-para-usar-na-fachada-da-sua-casa.02.jpg' href=\"https:\/\/www.aarquiteta.com.br\/blog\/wp-content\/uploads\/2023\/10\/muros-modernos-ecologicos5-dicas-para-usar-na-fachada-da-sua-casa.02.jpg\" data-fancybox=\"wpcp_view\">\n\t\t<figure>\n\t\t\t<img decoding=\"async\" class=\"skip-lazy\" src=\"https:\/\/www.aarquiteta.com.br\/blog\/wp-content\/uploads\/2023\/10\/muros-modernos-ecologicos5-dicas-para-usar-na-fachada-da-sua-casa.02.jpg\" alt=\"muros modernos ecol\u00f3gicos:5 dicas para usar na fachada da sua casa.\" width=\"1024\" height=\"1024\" title=\"\">\t\t<\/figure>\n\t<\/a>\n\t\t<\/div>\n<\/div>\n\t<div class=\"swiper-slide\">\n\t<div class=\"wpcp-single-item\">\n\t\t\t<a class=\"wcp-light-box\" data-buttons='[\"close\"]' data-wpc_url='https:\/\/www.aarquiteta.com.br\/blog\/wp-content\/uploads\/2023\/10\/casa-na-arvore-moderna.jpg' href=\"https:\/\/www.aarquiteta.com.br\/blog\/wp-content\/uploads\/2023\/10\/casa-na-arvore-moderna.jpg\" data-fancybox=\"wpcp_view\">\n\t\t<figure>\n\t\t\t<img decoding=\"async\" class=\"skip-lazy\" src=\"https:\/\/www.aarquiteta.com.br\/blog\/wp-content\/uploads\/2023\/10\/casa-na-arvore-moderna.jpg\" alt=\"Integra\u00e7\u00e3o com a Natureza: Os Melhores Projetos de Casas em \u00c1reas Verdes!\" width=\"1200\" height=\"800\" title=\"\">\t\t<\/figure>\n\t<\/a>\n\t\t<\/div>\n<\/div>\n\t<div class=\"swiper-slide\">\n\t<div class=\"wpcp-single-item\">\n\t\t\t<a class=\"wcp-light-box\" data-buttons='[\"close\"]' data-wpc_url='https:\/\/www.aarquiteta.com.br\/blog\/wp-content\/uploads\/2023\/10\/casas-pre-fabricadas02.jpg' href=\"https:\/\/www.aarquiteta.com.br\/blog\/wp-content\/uploads\/2023\/10\/casas-pre-fabricadas02.jpg\" data-fancybox=\"wpcp_view\">\n\t\t<figure>\n\t\t\t<img decoding=\"async\" class=\"skip-lazy\" src=\"https:\/\/www.aarquiteta.com.br\/blog\/wp-content\/uploads\/2023\/10\/casas-pre-fabricadas02.jpg\" alt=\"casas pr\u00e9 fabricadas\" width=\"1024\" height=\"1024\" title=\"\">\t\t<\/figure>\n\t<\/a>\n\t\t<\/div>\n<\/div>\n\t<div class=\"swiper-slide\">\n\t<div class=\"wpcp-single-item\">\n\t\t\t<a class=\"wcp-light-box\" data-buttons='[\"close\"]' data-wpc_url='https:\/\/www.aarquiteta.com.br\/blog\/wp-content\/uploads\/2023\/10\/muros-de-casas01.jpg' href=\"https:\/\/www.aarquiteta.com.br\/blog\/wp-content\/uploads\/2023\/10\/muros-de-casas01.jpg\" data-fancybox=\"wpcp_view\">\n\t\t<figure>\n\t\t\t<img decoding=\"async\" class=\"skip-lazy\" src=\"https:\/\/www.aarquiteta.com.br\/blog\/wp-content\/uploads\/2023\/10\/muros-de-casas01.jpg\" alt=\"Muros de Casas: Ideias Criativas para Transformar a Apar\u00eancia de sua Resid\u00eancia.\" width=\"1024\" height=\"1024\" title=\"\">\t\t<\/figure>\n\t<\/a>\n\t\t<\/div>\n<\/div>\n\t\t\t<\/div>\n\t\t\t\t\t<div class=\"wpcp-swiper-dots swiper-pagination\"><\/div>\n\t\t\t\t<!-- If we need navigation buttons -->\n\t\t\t<\/div>\n\t<\/div>\n<\/div>\n\n<p>Um sistema de irriga\u00e7\u00e3o por gotejamento \u00e9 como ter um concierge para suas plantas. Ele cuida da rega para voc\u00ea, garantindo que suas verdinhas estejam sempre hidratadas e felizes.<\/p>\n<h3>Utilize estruturas verticais<\/h3>\n<p>Prateleiras, treli\u00e7as ou pain\u00e9is perfurados podem ser seus melhores amigos na hora de montar o jardim vertical. Eles s\u00e3o como um bom suporte de vida para as plantas, mantendo tudo organizado e no lugar.<\/p>\n<h3>Monte um espa\u00e7o de conviv\u00eancia<\/h3>\n<p>Um quintal que convida para um bom bate-papo ou um churrasco de domingo \u00e9 tudo de bom, n\u00e3o \u00e9 mesmo?<\/p>\n<h3>Crie uma \u00e1rea de estar<\/h3>\n<figure style=\"width: 1024px\" class=\"wp-caption aligncenter\"><img decoding=\"async\" src=\"https:\/\/www.aarquiteta.com.br\/blog\/wp-content\/uploads\/2024\/01\/Conheca-as-top-5-ideias-para-quintal-com-um-paisagismo-simples.02.jpg\" alt=\"Conhe\u00e7a as top 5 ideias para quintal com um paisagismo simples.\" width=\"1024\" height=\"1024\" title=\"\"><figcaption class=\"wp-caption-text\">Conhe\u00e7a as top 5 ideias para quintal com um paisagismo simples.<\/figcaption><\/figure>\n<p>Coloque alguns m\u00f3veis confort\u00e1veis, como cadeiras e uma mesa, e voc\u00ea ter\u00e1 o cen\u00e1rio perfeito para receber amigos e fam\u00edlia. \u00c9 como a sala de estar, s\u00f3 que ao ar livre!<\/p>\n<h3>Adicione elementos de decora\u00e7\u00e3o<\/h3>\n<p>Almofadas coloridas, velas e lanternas podem dar aquele toque especial. \u00c9 como colocar um colar bonito para completar o look do seu quintal.<\/p>\n<h3>Instale uma churrasqueira ou fog\u00e3o a lenha<\/h3>\n<figure style=\"width: 1024px\" class=\"wp-caption aligncenter\"><img decoding=\"async\" src=\"https:\/\/www.aarquiteta.com.br\/blog\/wp-content\/uploads\/2024\/01\/Conheca-as-top-5-ideias-para-quintal-com-um-paisagismo-simples.01.jpg\" alt=\"Conhe\u00e7a as top 5 ideias para quintal com um paisagismo simples.\" width=\"1024\" height=\"1024\" title=\"\"><figcaption class=\"wp-caption-text\">Conhe\u00e7a as top 5 ideias para quintal com um paisagismo simples.<\/figcaption><\/figure>\n<p>Com uma churrasqueira ou um fog\u00e3o a lenha, seu quintal vira sin\u00f4nimo de festa. \u00c9 o upgrade perfeito para quem ama uma boa gastronomia ao ar livre.<\/p>\n<h3>Plante \u00e1rvores frut\u00edferas<\/h3>\n<p>\u00c1rvores frut\u00edferas s\u00e3o como presentes que continuam dando. Elas embelezam o ambiente e ainda oferecem um lanchinho natural de vez em quando.<\/p>\n<h3>Escolha \u00e1rvores adequadas ao clima<\/h3>\n<figure style=\"width: 1024px\" class=\"wp-caption aligncenter\"><img decoding=\"async\" src=\"https:\/\/www.aarquiteta.com.br\/blog\/wp-content\/uploads\/2024\/01\/Conheca-as-top-5-ideias-para-quintal-com-um-paisagismo-simples.03.jpg\" alt=\"Conhe\u00e7a as top 5 ideias para quintal com um paisagismo simples.\" width=\"1024\" height=\"1024\" title=\"\"><figcaption class=\"wp-caption-text\">Conhe\u00e7a as top 5 ideias para quintal com um paisagismo simples.<\/figcaption><\/figure>\n<p>Antes de sair plantando, \u00e9 importante escolher \u00e1rvores que se deem bem com o clima da sua regi\u00e3o. \u00c9 como escolher a roupa certa para o clima: voc\u00ea n\u00e3o usaria casaco de inverno na praia, certo?<\/p>\n<h3>Crie um pomar em vasos<\/h3>\n<p>Se o espa\u00e7o for pequeno, que tal um pomar em vasos? \u00c9 uma maneira pr\u00e1tica de cultivar suas pr\u00f3prias frutas sem precisar de um pomar inteiro.<\/p>\n<h3>Aproveite os frutos colhidos<\/h3>\n<p>Depois de plantar e cuidar, nada como saborear as frutas do seu pr\u00f3prio quintal. \u00c9 a recompensa doce pelo seu trabalho!<\/p>\n<h3>Crie um cantinho de relaxamento<\/h3>\n<p>Todo mundo precisa de um lugar para recarregar as energias, e seu quintal pode ser esse ref\u00fagio.<\/p>\n<h3>Instale uma rede ou balan\u00e7o<\/h3>\n<p>Uma rede ou um balan\u00e7o s\u00e3o o convite perfeito para uma soneca ao ar livre ou para se perder em um bom livro.<\/p>\n<h3>Coloque cadeiras confort\u00e1veis<\/h3>\n<p>Cadeiras confort\u00e1veis s\u00e3o essenciais para criar um cantinho de relaxamento. \u00c9 como ter um abra\u00e7o acolhedor esperando por voc\u00ea ao ar livre.<\/p>\n<h3>Adicione plantas arom\u00e1ticas<\/h3>\n<p>Plantas como lavanda e alecrim n\u00e3o s\u00f3 s\u00e3o bonitas, mas tamb\u00e9m exalam um perfume que ajuda a relaxar. \u00c9 como um spa natural no seu quintal.<\/p>\n<h3>Monte um espa\u00e7o para crian\u00e7as<\/h3>\n<p>Se voc\u00ea tem crian\u00e7as, sabe como \u00e9 importante ter um espa\u00e7o onde elas possam brincar e gastar energia.<\/p>\n<h3>Instale um playground<\/h3>\n<p>Um pequeno playground com escorregador e balan\u00e7os pode ser o para\u00edso das brincadeiras para os pequenos.<\/p>\n<h3>Crie uma \u00e1rea para brincadeiras<\/h3>\n<p>Uma caixa de areia ou uma pequena piscina de pl\u00e1stico s\u00e3o op\u00e7\u00f5es simples que garantem horas de divers\u00e3o.<\/p>\n<h3>Adicione elementos l\u00fadicos<\/h3>\n<p>Detalhes como uma lousa ao ar livre ou uma casinha de brinquedo podem fazer toda a diferen\u00e7a. \u00c9 como ter um parque de divers\u00f5es no quintal de casa.<\/p>\n<h3>Conclus\u00e3o<\/h3>\n<p>Com essas ideias, seu quintal pode se transformar em um espa\u00e7o multifuncional que oferece beleza, divers\u00e3o e tranquilidade. E o melhor de tudo: sem precisar de um or\u00e7amento gigantesco. Agora \u00e9 s\u00f3 colocar a m\u00e3o na massa e curtir o seu pedacinho de para\u00edso particular!<\/p>\n<h3>Perguntas Frequentes<\/h3>\n<p><strong>1. Como posso garantir que meu jardim vertical fique sempre bonito e saud\u00e1vel?<\/strong><\/p>\n<p>Escolha plantas resistentes e adequadas ao clima, e n\u00e3o se esque\u00e7a de um bom sistema de irriga\u00e7\u00e3o. Ah, e claro, um pouco de amor e carinho sempre ajuda!<\/p>\n<p><strong>2. Quais s\u00e3o as melhores op\u00e7\u00f5es de m\u00f3veis para um espa\u00e7o de conviv\u00eancia ao ar livre?<\/strong><\/p>\n<p>Opte por m\u00f3veis resistentes ao clima, como madeira tratada ou metal com pintura eletrost\u00e1tica. E para o conforto, n\u00e3o economize nas almofadas!<\/p>\n<p><strong>3. Como posso fazer meu quintal ser mais atraente para as crian\u00e7as?<\/strong><\/p>\n<p>Crie um espa\u00e7o seguro e estimulante, com brinquedos e atividades que desafiem a imagina\u00e7\u00e3o. E lembre-se: o quintal tamb\u00e9m pode ser educativo, ensinando sobre natureza e responsabilidade.<\/p>\n<blockquote><p><em>Curiosidade: Voc\u00ea sabia que o paisagismo n\u00e3o s\u00f3 embeleza, mas tamb\u00e9m pode aumentar o valor do seu im\u00f3vel? \u00c9 como dar um upgrade no seu lar e ainda investir no futuro!<\/em><\/p><\/blockquote>\n<p>&nbsp;<\/p>\n","protected":false},"excerpt":{"rendered":"<p>Conhe\u00e7a as top 5 ideias para quintal com um paisagismo simples.<\/p>\n","protected":false},"author":102,"featured_media":105489,"comment_status":"closed","ping_status":"closed","sticky":false,"template":"","format":"standard","meta":{"footnotes":""},"categories":[10005,35330],"tags":[],"class_list":["post-105492","post","type-post","status-publish","format-standard","has-post-thumbnail","category-casa-e-jardim","category-quintal"],"_wp_attached_file":null,"_wp_attachment_metadata":null,"_wp_attachment_context":null,"_wp_attachment_is_custom_header":null,"geo_longitude":null,"geo_public":null,"geo_latitude":null,"_publicize_done_external":null,"_wpas_done_3897181":null,"publicize_twitter_user":null,"_wpas_done_3897175":null,"_wpas_skip_3897181":null,"_wpas_skip_3897175":null,"_wpas_skip_3924723":null,"_wpas_mess":null,"_wpas_done_3924723":null,"wps_subtitle":"","_links":{"self":[{"href":"https:\/\/www.aarquiteta.com.br\/blog\/wp-json\/wp\/v2\/posts\/105492","targetHints":{"allow":["GET"]}}],"collection":[{"href":"https:\/\/www.aarquiteta.com.br\/blog\/wp-json\/wp\/v2\/posts"}],"about":[{"href":"https:\/\/www.aarquiteta.com.br\/blog\/wp-json\/wp\/v2\/types\/post"}],"author":[{"embeddable":true,"href":"https:\/\/www.aarquiteta.com.br\/blog\/wp-json\/wp\/v2\/users\/102"}],"replies":[{"embeddable":true,"href":"https:\/\/www.aarquiteta.com.br\/blog\/wp-json\/wp\/v2\/comments?post=105492"}],"version-history":[{"count":0,"href":"https:\/\/www.aarquiteta.com.br\/blog\/wp-json\/wp\/v2\/posts\/105492\/revisions"}],"wp:featuredmedia":[{"embeddable":true,"href":"https:\/\/www.aarquiteta.com.br\/blog\/wp-json\/wp\/v2\/media\/105489"}],"wp:attachment":[{"href":"https:\/\/www.aarquiteta.com.br\/blog\/wp-json\/wp\/v2\/media?parent=105492"}],"wp:term":[{"taxonomy":"category","embeddable":true,"href":"https:\/\/www.aarquiteta.com.br\/blog\/wp-json\/wp\/v2\/categories?post=105492"},{"taxonomy":"post_tag","embeddable":true,"href":"https:\/\/www.aarquiteta.com.br\/blog\/wp-json\/wp\/v2\/tags?post=105492"}],"curies":[{"name":"wp","href":"https:\/\/api.w.org\/{rel}","templated":true}]}}