{"id":105434,"date":"2024-01-29T17:15:29","date_gmt":"2024-01-29T20:15:29","guid":{"rendered":"http:\/\/aarquiteta.com.br\/?p=105434"},"modified":"2024-01-29T17:15:29","modified_gmt":"2024-01-29T20:15:29","slug":"tv-na-parede","status":"publish","type":"post","link":"https:\/\/www.aarquiteta.com.br\/blog\/tv-na-parede\/","title":{"rendered":"TV na Parede: 5 Sugest\u00f5es para Integrar Tecnologia e Decora\u00e7\u00e3o"},"content":{"rendered":"<p>Colocar uma TV na parede virou quase que uma tend\u00eancia de decora\u00e7\u00e3o e praticidade nos lares modernos. Al\u00e9m de dar aquele toque de cinema em casa, a gente ganha mais espa\u00e7o e ainda pode evitar aqueles acidentes com pets ou crian\u00e7as que adoram uma arte. Mas ser\u00e1 que \u00e9 s\u00f3 pendurar a TV e pronto? Calma l\u00e1, que tem mais coisa envolvida nesse processo. Vamos mergulhar nesse mundo das TVs penduradas e descobrir todos os truques e cuidados para deixar a sala de estar com cara de capa de revista!<\/p>\n<h3>Benef\u00edcios de ter uma TV na parede<\/h3>\n<figure style=\"width: 1024px\" class=\"wp-caption aligncenter\"><img decoding=\"async\" src=\"https:\/\/www.aarquiteta.com.br\/blog\/wp-content\/uploads\/2024\/01\/tv-na-parede04.jpg\" alt=\"tv na parede\" width=\"1024\" height=\"1024\" title=\"\"><figcaption class=\"wp-caption-text\">tv na parede<\/figcaption><\/figure>\n<ul>\n<li><strong>Economia de espa\u00e7o:<\/strong> Sem aquele m\u00f3vel grand\u00e3o, sobra mais lugar para a gente se esparramar no tapete.<\/li>\n<li><strong>Melhor \u00e2ngulo de vis\u00e3o:<\/strong> Nada de torcicolo, d\u00e1 para ajustar a altura ideal para maratonar s\u00e9ries.<\/li>\n<li><strong>Est\u00e9tica aprimorada:<\/strong> A sala fica com um visual mais limpo e moderno, sem fios e aparelhos \u00e0 mostra.<\/li>\n<li><strong>Maior seguran\u00e7a:<\/strong> Menos chance da TV virar brinquedo de pet ou ser derrubada por acidente.<\/li>\n<li><strong>F\u00e1cil instala\u00e7\u00e3o:<\/strong> Com o suporte certo e uma furadeira, a gente resolve isso rapidinho.<\/li>\n<li><strong>Melhor experi\u00eancia de entretenimento:<\/strong> Com a TV no lugar certo, \u00e9 s\u00f3 pipoca e divers\u00e3o.<\/li>\n<\/ul>\n<h3>Como instalar uma TV na parede<\/h3>\n<ol>\n<li>Escolha o local adequado, pensando na luz e no espa\u00e7o.<\/li>\n<li>Verifique se a parede aguenta o tranco, ningu\u00e9m quer uma TV no ch\u00e3o.<\/li>\n<li>Use suportes de parede que sejam o par perfeito para sua TV.<\/li>\n<li>Conecte os cabos antes de pendurar, para n\u00e3o ter que fazer malabarismo depois.<\/li>\n<li>Ajuste o \u00e2ngulo para n\u00e3o ter que assistir TV de lado.<\/li>\n<li>Teste tudo antes de sentar no sof\u00e1, melhor prevenir do que perder o in\u00edcio do filme.<\/li>\n<\/ol>\n<h3>Cuidados ao instalar uma TV na parede<\/h3>\n<p>TV na Parede: 5 Sugest\u00f5es para Integrar Tecnologia e Decora\u00e7\u00e3o<br \/>\n<style id=\"wp_carousel_dynamic_css104049\">.sp-wp-carousel-free-id-104049.wpcf-fancybox-wrapper .fancybox-bg{background: #0b0b0b;opacity: 0.8;}.sp-wp-carousel-free-id-104049.wpcf-fancybox-wrapper .fancybox-navigation .fancybox-button .wpcp-fancybox-nav-arrow i {color: #ccc;}.sp-wp-carousel-free-id-104049.wpcf-fancybox-wrapper .fancybox-navigation .fancybox-button .wpcp-fancybox-nav-arrow i:hover {color: #fff;}.sp-wp-carousel-free-id-104049.wpcf-fancybox-wrapper .fancybox-navigation .fancybox-button {background: #1e1e1e;}.sp-wp-carousel-free-id-104049.wpcf-fancybox-wrapper .fancybox-navigation .fancybox-button:hover {background: #1e1e1e;}#sp-wp-carousel-free-id-104049 .wpcp-swiper-dots {margin: 40px 0px 0px 0px;}.wpcp-wrapper-104049 .swiper-wrapper .swiper-slide-kenburn, .wpcp-wrapper-104049 .swiper-wrapper, .wpcp-wrapper-104049 .wpcpro-row{align-items: center;}#sp-wp-carousel-free-id-104049 .wpcp-single-item {box-shadow: 0px 0px 0px 0px #dddddd;transition: all .3s;margin: 0px;}#sp-wp-carousel-free-id-104049.swiper-flip .wpcp-single-item{margin: 0!important;}#sp-wp-carousel-free-id-104049 .wpcp-single-item:hover {box-shadow: 0px 0px 0px 0px #dddddd;}#sp-wp-carousel-free-id-104049.sp-wpcp-104049 .wpcp-single-item {border: 1px solid #dddddd;}#sp-wp-carousel-free-id-104049.sp-wpcp-104049 .swiper-button-prev,#sp-wp-carousel-free-id-104049.sp-wpcp-104049 .swiper-button-next,#sp-wp-carousel-free-id-104049.sp-wpcp-104049 .swiper-button-prev:hover,#sp-wp-carousel-free-id-104049.sp-wpcp-104049 .swiper-button-next:hover {background: none;border: none;font-size: 30px;}#sp-wp-carousel-free-id-104049.sp-wpcp-104049 .swiper-button-prev i,#sp-wp-carousel-free-id-104049.sp-wpcp-104049 .swiper-button-next i {color: #aaa;}#sp-wp-carousel-free-id-104049.sp-wpcp-104049 .swiper-button-prev i:hover,#sp-wp-carousel-free-id-104049.sp-wpcp-104049 .swiper-button-next i:hover {color: #178087;}#sp-wp-carousel-free-id-104049.sp-wpcp-104049 .wpcp-swiper-dots .swiper-pagination-bullet {background-color: #cccccc;}#sp-wp-carousel-free-id-104049.sp-wpcp-104049 .wpcp-swiper-dots .swiper-pagination-bullet.swiper-pagination-bullet-active {background-color: #178087;} #sp-wp-carousel-free-id-104049.sp-wpcp-104049.wpcp-image-carousel .wpcp-single-item:hover img, #sp-wp-carousel-free-id-104049.sp-wpcp-104049.wpcp-post-carousel .wpcp-single-item:hover img, #sp-wp-carousel-free-id-104049.sp-wpcp-104049.wpcp-product-carousel .wpcp-single-item:hover img{-webkit-transform: scale(1.2);-moz-transform: scale(1.2);transform: scale(1.2);}#sp-wp-carousel-free-id-104049 .wpcpro-row>[class*=\"wpcpro-col-\"] { padding: 0 10px; padding-bottom: 20px;} #sp-wp-carousel-free-id-104049 .swiper-slide .single-item-fade:not(:last-child) { margin-right: 20px;}@media (min-width: 480px) { .wpcpro-row .wpcpro-col-sm-1 { flex: 0 0 100%; max-width: 100%; } .wpcpro-row .wpcpro-col-sm-2 { flex: 0 0 50%; max-width: 50%; } .wpcpro-row .wpcpro-col-sm-2-5 { flex: 0 0 75%; max-width: 75%; } .wpcpro-row .wpcpro-col-sm-3 { flex: 0 0 33.333%; max-width: 33.333%; } .wpcpro-row .wpcpro-col-sm-4 { flex: 0 0 25%; max-width: 25%; } .wpcpro-row .wpcpro-col-sm-5 { flex: 0 0 20%; max-width: 20%; } .wpcpro-row .wpcpro-col-sm-6 { flex: 0 0 16.66666666666667%; max-width: 16.66666666666667%; } .wpcpro-row .wpcpro-col-sm-7 { flex: 0 0 14.28571428%; max-width: 14.28571428%; } .wpcpro-row .wpcpro-col-sm-8 { flex: 0 0 12.5%; max-width: 12.5%; } } @media (max-width: 480px) { .wpcpro-row .wpcpro-col-xs-1 { flex: 0 0 100%; max-width: 100%; } .wpcpro-row .wpcpro-col-xs-2 { flex: 0 0 50%; max-width: 50%; } .wpcpro-row .wpcpro-col-xs-3 { flex: 0 0 33.222%; max-width: 33.222%; } .wpcpro-row .wpcpro-col-xs-4 { flex: 0 0 25%; max-width: 25%; } .wpcpro-row .wpcpro-col-xs-5 { flex: 0 0 20%; max-width: 20%; } .wpcpro-row .wpcpro-col-xs-6 { flex: 0 0 16.6667%; max-width: 16.6667%; } .wpcpro-row .wpcpro-col-xs-7 { flex: 0 0 14.28571428%; max-width: 14.28571428%; } .wpcpro-row .wpcpro-col-xs-8 { flex: 0 0 12.5%; max-width: 12.5%; } } @media (min-width: 736px) { .wpcpro-row .wpcpro-col-md-1 { flex: 0 0 100%; max-width: 100%; } .wpcpro-row .wpcpro-col-md-2 { flex: 0 0 50%; max-width: 50%; } .wpcpro-row .wpcpro-col-md-2-5 { flex: 0 0 75%; max-width: 75%; } .wpcpro-row .wpcpro-col-md-3 { flex: 0 0 33.333%; max-width: 33.333%; } .wpcpro-row .wpcpro-col-md-4 { flex: 0 0 25%; max-width: 25%; } .wpcpro-row .wpcpro-col-md-5 { flex: 0 0 20%; max-width: 20%; } .wpcpro-row .wpcpro-col-md-6 { flex: 0 0 16.66666666666667%; max-width: 16.66666666666667%; } .wpcpro-row .wpcpro-col-md-7 { flex: 0 0 14.28571428%; max-width: 14.28571428%; } .wpcpro-row .wpcpro-col-md-8 { flex: 0 0 12.5%; max-width: 12.5%; } } @media (min-width: 980px) { .wpcpro-row .wpcpro-col-lg-1 { flex: 0 0 100%; max-width: 100%; } .wpcpro-row .wpcpro-col-lg-2 { flex: 0 0 50%; max-width: 50%; } .wpcpro-row .wpcpro-col-lg-3 { flex: 0 0 33.222%; max-width: 33.222%; } .wpcpro-row .wpcpro-col-lg-4 { flex: 0 0 25%; max-width: 25%; } .wpcpro-row .wpcpro-col-lg-5 { flex: 0 0 20%; max-width: 20%; } .wpcpro-row .wpcpro-col-lg-6 { flex: 0 0 16.6667%; max-width: 16.6667%; } .wpcpro-row .wpcpro-col-lg-7 { flex: 0 0 14.28571428%; max-width: 14.28571428%; } .wpcpro-row .wpcpro-col-lg-8 { flex: 0 0 12.5%; max-width: 12.5%; } } @media (min-width: 1200px) { .wpcpro-row .wpcpro-col-xl-1 { flex: 0 0 100%; max-width: 100%; } .wpcpro-row .wpcpro-col-xl-2 { flex: 0 0 50%; max-width: 50%; } .wpcpro-row .wpcpro-col-xl-3 { flex: 0 0 33.22222222%; max-width: 33.22222222%; } .wpcpro-row .wpcpro-col-xl-4 { flex: 0 0 25%; max-width: 25%; } .wpcpro-row .wpcpro-col-xl-5 { flex: 0 0 20%; max-width: 20%; } .wpcpro-row .wpcpro-col-xl-6 { flex: 0 0 16.66667%; max-width: 16.66667%; } .wpcpro-row .wpcpro-col-xl-7 { flex: 0 0 14.28571428%; max-width: 14.28571428%; } .wpcpro-row .wpcpro-col-xl-8 { flex: 0 0 12.5%; max-width: 12.5%; } }<\/style><div class=\"wpcp-carousel-wrapper wpcp-wrapper-104049\">\n\t<div id=\"wpcp-preloader-104049\" class=\"wpcp-carousel-preloader\"><img decoding=\"async\" src=\"https:\/\/www.aarquiteta.com.br\/blog\/wp-content\/plugins\/wp-carousel-free\/public\/css\/spinner.svg\" alt=\"Preloader Image\" title=\"\"><\/div>\t<div class=\"wpcp-carousel-content-wrapper\">\n\t<div id=\"sp-wp-carousel-free-id-104049\" class=\"wpcp-carousel-section sp-wpcp-104049  nav-vertical-center wpcp-image-carousel wpcp-preloader wpcp-standard\" data-swiper='{ &quot;pagination_type&quot;: &quot;dots&quot;,&quot;accessibility&quot;:true, &quot;spaceBetween&quot;:20, &quot;arrows&quot;:false, &quot;freeMode&quot;: false, &quot;autoplay&quot;:true, &quot;effect&quot;: &quot;&quot;, &quot;centerMode&quot;: false, &quot;autoplaySpeed&quot;:3000, &quot;dots&quot;:true, &quot;infinite&quot;:true, &quot;speed&quot;:600, &quot;pauseOnHover&quot;:true,\n\t\t\t&quot;slidesToShow&quot;:{&quot;lg_desktop&quot;:5, &quot;desktop&quot;: 4, &quot;laptop&quot;: 3, &quot;tablet&quot;: 2, &quot;mobile&quot;: 1}, &quot;responsive&quot;:{&quot;desktop&quot;:1200, &quot;laptop&quot;: 980, &quot;tablet&quot;: 736, &quot;mobile&quot;: 480}, &quot;rtl&quot;:false, &quot;lazyLoad&quot;: &quot;false&quot;, &quot;swipe&quot;: true, &quot;draggable&quot;: true, &quot;swipeToSlide&quot;:false }' dir=\"ltr\">\n\t\t<div class=\"swiper-wrapper\">\n\t\t<div class=\"swiper-slide\">\n\t<div class=\"wpcp-single-item\">\n\t\t\t<a class=\"wcp-light-box\" data-buttons='[\"close\"]' data-wpc_url='https:\/\/www.aarquiteta.com.br\/blog\/wp-content\/uploads\/2023\/12\/transformacao-incrivel-parede-poucos-minutos-tecnica-inovadora01.jpg' href=\"https:\/\/www.aarquiteta.com.br\/blog\/wp-content\/uploads\/2023\/12\/transformacao-incrivel-parede-poucos-minutos-tecnica-inovadora01.jpg\" data-fancybox=\"wpcp_view\">\n\t\t<figure>\n\t\t\t<img decoding=\"async\" class=\"skip-lazy\" src=\"https:\/\/www.aarquiteta.com.br\/blog\/wp-content\/uploads\/2023\/12\/transformacao-incrivel-parede-poucos-minutos-tecnica-inovadora01.jpg\" alt=\"transformacao-incrivel-parede-poucos-minutos-tecnica-inovadora\" width=\"1024\" height=\"1024\" title=\"\">\t\t<\/figure>\n\t<\/a>\n\t\t<\/div>\n<\/div>\n\t<div class=\"swiper-slide\">\n\t<div class=\"wpcp-single-item\">\n\t\t\t<a class=\"wcp-light-box\" data-buttons='[\"close\"]' data-wpc_url='https:\/\/www.aarquiteta.com.br\/blog\/wp-content\/uploads\/2023\/12\/nichos-de-parede03.jpg' href=\"https:\/\/www.aarquiteta.com.br\/blog\/wp-content\/uploads\/2023\/12\/nichos-de-parede03.jpg\" data-fancybox=\"wpcp_view\">\n\t\t<figure>\n\t\t\t<img decoding=\"async\" class=\"skip-lazy\" src=\"https:\/\/www.aarquiteta.com.br\/blog\/wp-content\/uploads\/2023\/12\/nichos-de-parede03.jpg\" alt=\"nichos de parede\" width=\"1024\" height=\"1024\" title=\"\">\t\t<\/figure>\n\t<\/a>\n\t\t<\/div>\n<\/div>\n\t<div class=\"swiper-slide\">\n\t<div class=\"wpcp-single-item\">\n\t\t\t<a class=\"wcp-light-box\" data-buttons='[\"close\"]' data-wpc_url='https:\/\/www.aarquiteta.com.br\/blog\/wp-content\/uploads\/2023\/12\/nichos-de-parede02.jpg' href=\"https:\/\/www.aarquiteta.com.br\/blog\/wp-content\/uploads\/2023\/12\/nichos-de-parede02.jpg\" data-fancybox=\"wpcp_view\">\n\t\t<figure>\n\t\t\t<img decoding=\"async\" class=\"skip-lazy\" src=\"https:\/\/www.aarquiteta.com.br\/blog\/wp-content\/uploads\/2023\/12\/nichos-de-parede02.jpg\" alt=\"nichos de parede\" width=\"1024\" height=\"1024\" title=\"\">\t\t<\/figure>\n\t<\/a>\n\t\t<\/div>\n<\/div>\n\t<div class=\"swiper-slide\">\n\t<div class=\"wpcp-single-item\">\n\t\t\t<a class=\"wcp-light-box\" data-buttons='[\"close\"]' data-wpc_url='https:\/\/www.aarquiteta.com.br\/blog\/wp-content\/uploads\/2023\/12\/nichos-de-parede01.jpg' href=\"https:\/\/www.aarquiteta.com.br\/blog\/wp-content\/uploads\/2023\/12\/nichos-de-parede01.jpg\" data-fancybox=\"wpcp_view\">\n\t\t<figure>\n\t\t\t<img decoding=\"async\" class=\"skip-lazy\" src=\"https:\/\/www.aarquiteta.com.br\/blog\/wp-content\/uploads\/2023\/12\/nichos-de-parede01.jpg\" alt=\"nichos de parede\" width=\"1024\" height=\"1024\" title=\"\">\t\t<\/figure>\n\t<\/a>\n\t\t<\/div>\n<\/div>\n\t<div class=\"swiper-slide\">\n\t<div class=\"wpcp-single-item\">\n\t\t\t<a class=\"wcp-light-box\" data-buttons='[\"close\"]' data-wpc_url='https:\/\/www.aarquiteta.com.br\/blog\/wp-content\/uploads\/2023\/11\/decoracao-de-parede-da-sala03.jpg' href=\"https:\/\/www.aarquiteta.com.br\/blog\/wp-content\/uploads\/2023\/11\/decoracao-de-parede-da-sala03.jpg\" data-fancybox=\"wpcp_view\">\n\t\t<figure>\n\t\t\t<img decoding=\"async\" class=\"skip-lazy\" src=\"https:\/\/www.aarquiteta.com.br\/blog\/wp-content\/uploads\/2023\/11\/decoracao-de-parede-da-sala03.jpg\" alt=\"decora\u00e7\u00e3o de parede da sala\" width=\"1024\" height=\"1024\" title=\"\">\t\t<\/figure>\n\t<\/a>\n\t\t<\/div>\n<\/div>\n\t<div class=\"swiper-slide\">\n\t<div class=\"wpcp-single-item\">\n\t\t\t<a class=\"wcp-light-box\" data-buttons='[\"close\"]' data-wpc_url='https:\/\/www.aarquiteta.com.br\/blog\/wp-content\/uploads\/2023\/12\/como-pintar-parede01.jpg' href=\"https:\/\/www.aarquiteta.com.br\/blog\/wp-content\/uploads\/2023\/12\/como-pintar-parede01.jpg\" data-fancybox=\"wpcp_view\">\n\t\t<figure>\n\t\t\t<img decoding=\"async\" class=\"skip-lazy\" src=\"https:\/\/www.aarquiteta.com.br\/blog\/wp-content\/uploads\/2023\/12\/como-pintar-parede01.jpg\" alt=\"como pintar parede\" width=\"1024\" height=\"1024\" title=\"\">\t\t<\/figure>\n\t<\/a>\n\t\t<\/div>\n<\/div>\n\t<div class=\"swiper-slide\">\n\t<div class=\"wpcp-single-item\">\n\t\t\t<a class=\"wcp-light-box\" data-buttons='[\"close\"]' data-wpc_url='https:\/\/www.aarquiteta.com.br\/blog\/wp-content\/uploads\/2023\/12\/como-pintar-parede02.jpg' href=\"https:\/\/www.aarquiteta.com.br\/blog\/wp-content\/uploads\/2023\/12\/como-pintar-parede02.jpg\" data-fancybox=\"wpcp_view\">\n\t\t<figure>\n\t\t\t<img decoding=\"async\" class=\"skip-lazy\" src=\"https:\/\/www.aarquiteta.com.br\/blog\/wp-content\/uploads\/2023\/12\/como-pintar-parede02.jpg\" alt=\"como pintar parede\" width=\"1024\" height=\"1024\" title=\"\">\t\t<\/figure>\n\t<\/a>\n\t\t<\/div>\n<\/div>\n\t<div class=\"swiper-slide\">\n\t<div class=\"wpcp-single-item\">\n\t\t\t<a class=\"wcp-light-box\" data-buttons='[\"close\"]' data-wpc_url='https:\/\/www.aarquiteta.com.br\/blog\/wp-content\/uploads\/2023\/11\/decoracao-de-parede-da-sala02.jpg' href=\"https:\/\/www.aarquiteta.com.br\/blog\/wp-content\/uploads\/2023\/11\/decoracao-de-parede-da-sala02.jpg\" data-fancybox=\"wpcp_view\">\n\t\t<figure>\n\t\t\t<img decoding=\"async\" class=\"skip-lazy\" src=\"https:\/\/www.aarquiteta.com.br\/blog\/wp-content\/uploads\/2023\/11\/decoracao-de-parede-da-sala02.jpg\" alt=\"decora\u00e7\u00e3o de parede da sala\" width=\"1024\" height=\"1024\" title=\"\">\t\t<\/figure>\n\t<\/a>\n\t\t<\/div>\n<\/div>\n\t<div class=\"swiper-slide\">\n\t<div class=\"wpcp-single-item\">\n\t\t\t<a class=\"wcp-light-box\" data-buttons='[\"close\"]' data-wpc_url='https:\/\/www.aarquiteta.com.br\/blog\/wp-content\/uploads\/2023\/11\/decoracao-de-parede-da-sala01.jpg' href=\"https:\/\/www.aarquiteta.com.br\/blog\/wp-content\/uploads\/2023\/11\/decoracao-de-parede-da-sala01.jpg\" data-fancybox=\"wpcp_view\">\n\t\t<figure>\n\t\t\t<img decoding=\"async\" class=\"skip-lazy\" src=\"https:\/\/www.aarquiteta.com.br\/blog\/wp-content\/uploads\/2023\/11\/decoracao-de-parede-da-sala01.jpg\" alt=\"decora\u00e7\u00e3o de parede da sala\" width=\"1024\" height=\"1024\" title=\"\">\t\t<\/figure>\n\t<\/a>\n\t\t<\/div>\n<\/div>\n\t<div class=\"swiper-slide\">\n\t<div class=\"wpcp-single-item\">\n\t\t\t<a class=\"wcp-light-box\" data-buttons='[\"close\"]' data-wpc_url='https:\/\/www.aarquiteta.com.br\/blog\/wp-content\/uploads\/2023\/11\/5-dicas-para-decorar-as-paredes-da-sua-casa02.jpg' href=\"https:\/\/www.aarquiteta.com.br\/blog\/wp-content\/uploads\/2023\/11\/5-dicas-para-decorar-as-paredes-da-sua-casa02.jpg\" data-fancybox=\"wpcp_view\">\n\t\t<figure>\n\t\t\t<img decoding=\"async\" class=\"skip-lazy\" src=\"https:\/\/www.aarquiteta.com.br\/blog\/wp-content\/uploads\/2023\/11\/5-dicas-para-decorar-as-paredes-da-sua-casa02.jpg\" alt=\"5 dicas para decorar as paredes da sua casa\" width=\"1024\" height=\"1024\" title=\"\">\t\t<\/figure>\n\t<\/a>\n\t\t<\/div>\n<\/div>\n\t<div class=\"swiper-slide\">\n\t<div class=\"wpcp-single-item\">\n\t\t\t<a class=\"wcp-light-box\" data-buttons='[\"close\"]' data-wpc_url='https:\/\/www.aarquiteta.com.br\/blog\/wp-content\/uploads\/2023\/11\/revestimento-de-parede-externa04.jpg' href=\"https:\/\/www.aarquiteta.com.br\/blog\/wp-content\/uploads\/2023\/11\/revestimento-de-parede-externa04.jpg\" data-fancybox=\"wpcp_view\">\n\t\t<figure>\n\t\t\t<img decoding=\"async\" class=\"skip-lazy\" src=\"https:\/\/www.aarquiteta.com.br\/blog\/wp-content\/uploads\/2023\/11\/revestimento-de-parede-externa04.jpg\" alt=\"revestimento de parede externa\" width=\"1024\" height=\"1024\" title=\"\">\t\t<\/figure>\n\t<\/a>\n\t\t<\/div>\n<\/div>\n\t<div class=\"swiper-slide\">\n\t<div class=\"wpcp-single-item\">\n\t\t\t<a class=\"wcp-light-box\" data-buttons='[\"close\"]' data-wpc_url='https:\/\/www.aarquiteta.com.br\/blog\/wp-content\/uploads\/2023\/11\/revestimento-de-parede-externa03.jpg' href=\"https:\/\/www.aarquiteta.com.br\/blog\/wp-content\/uploads\/2023\/11\/revestimento-de-parede-externa03.jpg\" data-fancybox=\"wpcp_view\">\n\t\t<figure>\n\t\t\t<img decoding=\"async\" class=\"skip-lazy\" src=\"https:\/\/www.aarquiteta.com.br\/blog\/wp-content\/uploads\/2023\/11\/revestimento-de-parede-externa03.jpg\" alt=\"revestimento de parede externa\" width=\"1024\" height=\"1024\" title=\"\">\t\t<\/figure>\n\t<\/a>\n\t\t<\/div>\n<\/div>\n\t<div class=\"swiper-slide\">\n\t<div class=\"wpcp-single-item\">\n\t\t\t<a class=\"wcp-light-box\" data-buttons='[\"close\"]' data-wpc_url='https:\/\/www.aarquiteta.com.br\/blog\/wp-content\/uploads\/2023\/11\/revestimento-de-parede-externa01.jpg' href=\"https:\/\/www.aarquiteta.com.br\/blog\/wp-content\/uploads\/2023\/11\/revestimento-de-parede-externa01.jpg\" data-fancybox=\"wpcp_view\">\n\t\t<figure>\n\t\t\t<img decoding=\"async\" class=\"skip-lazy\" src=\"https:\/\/www.aarquiteta.com.br\/blog\/wp-content\/uploads\/2023\/11\/revestimento-de-parede-externa01.jpg\" alt=\"revestimento de parede externa\" width=\"1024\" height=\"1024\" title=\"\">\t\t<\/figure>\n\t<\/a>\n\t\t<\/div>\n<\/div>\n\t<div class=\"swiper-slide\">\n\t<div class=\"wpcp-single-item\">\n\t\t\t<a class=\"wcp-light-box\" data-buttons='[\"close\"]' data-wpc_url='https:\/\/www.aarquiteta.com.br\/blog\/wp-content\/uploads\/2023\/11\/parede-de-tijolo-aparente04.jpg' href=\"https:\/\/www.aarquiteta.com.br\/blog\/wp-content\/uploads\/2023\/11\/parede-de-tijolo-aparente04.jpg\" data-fancybox=\"wpcp_view\">\n\t\t<figure>\n\t\t\t<img decoding=\"async\" class=\"skip-lazy\" src=\"https:\/\/www.aarquiteta.com.br\/blog\/wp-content\/uploads\/2023\/11\/parede-de-tijolo-aparente04.jpg\" alt=\"parede de tijolo aparente\" width=\"1024\" height=\"1024\" title=\"\">\t\t<\/figure>\n\t<\/a>\n\t\t<\/div>\n<\/div>\n\t<div class=\"swiper-slide\">\n\t<div class=\"wpcp-single-item\">\n\t\t\t<a class=\"wcp-light-box\" data-buttons='[\"close\"]' data-wpc_url='https:\/\/www.aarquiteta.com.br\/blog\/wp-content\/uploads\/2023\/11\/do-clssico-ao-moderno-dicas-para-acertar-na-escolha-do-papel-de-parede-para-salavmqa.jpg' href=\"https:\/\/www.aarquiteta.com.br\/blog\/wp-content\/uploads\/2023\/11\/do-clssico-ao-moderno-dicas-para-acertar-na-escolha-do-papel-de-parede-para-salavmqa.jpg\" data-fancybox=\"wpcp_view\">\n\t\t<figure>\n\t\t\t<img decoding=\"async\" class=\"skip-lazy\" src=\"https:\/\/www.aarquiteta.com.br\/blog\/wp-content\/uploads\/2023\/11\/do-clssico-ao-moderno-dicas-para-acertar-na-escolha-do-papel-de-parede-para-salavmqa.jpg\" alt=\"Do Clssico ao Moderno Dicas para Acertar na Escolha do Papel de Parede para Sala\" width=\"1024\" height=\"768\" title=\"\">\t\t<\/figure>\n\t<\/a>\n\t\t<\/div>\n<\/div>\n\t<div class=\"swiper-slide\">\n\t<div class=\"wpcp-single-item\">\n\t\t\t<a class=\"wcp-light-box\" data-buttons='[\"close\"]' data-wpc_url='https:\/\/www.aarquiteta.com.br\/blog\/wp-content\/uploads\/2023\/11\/parede-de-tijolo-aparente01.jpg' href=\"https:\/\/www.aarquiteta.com.br\/blog\/wp-content\/uploads\/2023\/11\/parede-de-tijolo-aparente01.jpg\" data-fancybox=\"wpcp_view\">\n\t\t<figure>\n\t\t\t<img decoding=\"async\" class=\"skip-lazy\" src=\"https:\/\/www.aarquiteta.com.br\/blog\/wp-content\/uploads\/2023\/11\/parede-de-tijolo-aparente01.jpg\" alt=\"parede de tijolo aparente\" width=\"1024\" height=\"1024\" title=\"\">\t\t<\/figure>\n\t<\/a>\n\t\t<\/div>\n<\/div>\n\t<div class=\"swiper-slide\">\n\t<div class=\"wpcp-single-item\">\n\t\t\t<a class=\"wcp-light-box\" data-buttons='[\"close\"]' data-wpc_url='https:\/\/www.aarquiteta.com.br\/blog\/wp-content\/uploads\/2023\/11\/Artesanato-Criativo-7-Tendencias-de-Decoracao-de-Parede-para-2023-que-Vao-Revolucionar-Seu-Espaco03.jpg' href=\"https:\/\/www.aarquiteta.com.br\/blog\/wp-content\/uploads\/2023\/11\/Artesanato-Criativo-7-Tendencias-de-Decoracao-de-Parede-para-2023-que-Vao-Revolucionar-Seu-Espaco03.jpg\" data-fancybox=\"wpcp_view\">\n\t\t<figure>\n\t\t\t<img decoding=\"async\" class=\"skip-lazy\" src=\"https:\/\/www.aarquiteta.com.br\/blog\/wp-content\/uploads\/2023\/11\/Artesanato-Criativo-7-Tendencias-de-Decoracao-de-Parede-para-2023-que-Vao-Revolucionar-Seu-Espaco03.jpg\" alt=\"Artesanato Criativo: 7 Tend\u00eancias de Decora\u00e7\u00e3o de Parede para 2023 que V\u00e3o Revolucionar Seu Espa\u00e7o!\" width=\"1024\" height=\"1024\" title=\"\">\t\t<\/figure>\n\t<\/a>\n\t\t<\/div>\n<\/div>\n\t<div class=\"swiper-slide\">\n\t<div class=\"wpcp-single-item\">\n\t\t\t<a class=\"wcp-light-box\" data-buttons='[\"close\"]' data-wpc_url='https:\/\/www.aarquiteta.com.br\/blog\/wp-content\/uploads\/2023\/11\/como-decorar-a-parede-da-sua-casa-atras-do-sofa01.jpg' href=\"https:\/\/www.aarquiteta.com.br\/blog\/wp-content\/uploads\/2023\/11\/como-decorar-a-parede-da-sua-casa-atras-do-sofa01.jpg\" data-fancybox=\"wpcp_view\">\n\t\t<figure>\n\t\t\t<img decoding=\"async\" class=\"skip-lazy\" src=\"https:\/\/www.aarquiteta.com.br\/blog\/wp-content\/uploads\/2023\/11\/como-decorar-a-parede-da-sua-casa-atras-do-sofa01.jpg\" alt=\"como decorar a parede da sua casa atras do sof\u00e1?\" width=\"1024\" height=\"1024\" title=\"\">\t\t<\/figure>\n\t<\/a>\n\t\t<\/div>\n<\/div>\n\t<div class=\"swiper-slide\">\n\t<div class=\"wpcp-single-item\">\n\t\t\t<a class=\"wcp-light-box\" data-buttons='[\"close\"]' data-wpc_url='https:\/\/www.aarquiteta.com.br\/blog\/wp-content\/uploads\/2023\/11\/floreira-de-parede04.jpg' href=\"https:\/\/www.aarquiteta.com.br\/blog\/wp-content\/uploads\/2023\/11\/floreira-de-parede04.jpg\" data-fancybox=\"wpcp_view\">\n\t\t<figure>\n\t\t\t<img decoding=\"async\" class=\"skip-lazy\" src=\"https:\/\/www.aarquiteta.com.br\/blog\/wp-content\/uploads\/2023\/11\/floreira-de-parede04.jpg\" alt=\"floreira de parede\" width=\"1024\" height=\"1024\" title=\"\">\t\t<\/figure>\n\t<\/a>\n\t\t<\/div>\n<\/div>\n\t\t\t<\/div>\n\t\t\t\t\t<div class=\"wpcp-swiper-dots swiper-pagination\"><\/div>\n\t\t\t\t<!-- If we need navigation buttons -->\n\t\t\t<\/div>\n\t<\/div>\n<\/div>\n\n<ul>\n<li><strong>Contrate um profissional:<\/strong> Se n\u00e3o manja dos paranau\u00eas, melhor chamar quem sabe.<\/li>\n<li><strong>Evite paredes fr\u00e1geis:<\/strong> Drywall pede um cuidado extra e suportes especiais.<\/li>\n<li><strong>Capacidade de peso do suporte:<\/strong> N\u00e3o d\u00e1 para ignorar, a n\u00e3o ser que queira uma TV de ch\u00e3o.<\/li>\n<li><strong>Mantenha longe do calor:<\/strong> TV n\u00e3o \u00e9 amiga do sol nem da churrasqueira.<\/li>\n<li><strong>Evite luz solar direta:<\/strong> Para n\u00e3o ter que assistir TV de \u00f3culos escuros.<\/li>\n<li><strong>Manuten\u00e7\u00e3o \u00e9 chave:<\/strong> Uma olhadinha de vez em quando n\u00e3o faz mal a ningu\u00e9m.<\/li>\n<\/ul>\n<p>E a\u00ed, ficou com alguma d\u00favida? Vamos a algumas <strong>Perguntas Frequentes<\/strong> que podem te ajudar:<\/p>\n<h3>Posso usar qualquer tipo de suporte para minha TV?<\/h3>\n<p>N\u00e3o \u00e9 bem assim. Cada TV tem seu par ideal de suporte, que depende do tamanho e do peso dela. \u00c9 como sapato, tem que ser do tamanho certo para n\u00e3o ter problema.<\/p>\n<h3>Se minha TV for muito grande, ainda posso coloc\u00e1-la na parede?<\/h3>\n<p>Com certeza! S\u00f3 precisa de um suporte mais robusto e uma parede que aguente o peso. \u00c9 como carregar um elefante, tem que ter estrutura para isso.<\/p>\n<h3>Quanto tempo leva para instalar uma TV na parede?<\/h3>\n<figure style=\"width: 1024px\" class=\"wp-caption aligncenter\"><img decoding=\"async\" src=\"https:\/\/www.aarquiteta.com.br\/blog\/wp-content\/uploads\/2024\/01\/tv-na-parede02.jpg\" alt=\"tv na parede\" width=\"1024\" height=\"1024\" title=\"\"><figcaption class=\"wp-caption-text\">tv na parede<\/figcaption><\/figure>\n<p>Depende da sua habilidade e do suporte. Se for um ninja da furadeira, rapidinho t\u00e1 feito. Mas se for mais do tipo &#8220;fa\u00e7o amanh\u00e3&#8221;, pode levar um tempinho.<\/p>\n<p>Para finalizar, lembre-se que uma TV na parede pode ser o centro das aten\u00e7\u00f5es na sua sala, mas n\u00e3o precisa ser um bicho de sete cabe\u00e7as para instalar. Com os cuidados certos e um pouco de paci\u00eancia, voc\u00ea transforma sua sala num cinema particular. E olha s\u00f3, voc\u00ea sabia que a primeira TV de parede foi instalada antes mesmo de inventarem o controle remoto? Imagina s\u00f3, a pessoa tinha que levantar do sof\u00e1 para mudar de canal! Ainda bem que evolu\u00edmos, n\u00e9?<\/p>\n<p>&nbsp;<\/p>\n<figure style=\"width: 1024px\" class=\"wp-caption aligncenter\"><img decoding=\"async\" src=\"https:\/\/www.aarquiteta.com.br\/blog\/wp-content\/uploads\/2024\/01\/tv-na-parede01.jpg\" alt=\"tv na parede\" width=\"1024\" height=\"1024\" title=\"\"><figcaption class=\"wp-caption-text\">tv na parede<\/figcaption><\/figure>\n<figure style=\"width: 1024px\" class=\"wp-caption aligncenter\"><img decoding=\"async\" src=\"https:\/\/www.aarquiteta.com.br\/blog\/wp-content\/uploads\/2024\/01\/tv-na-parede03.jpg\" alt=\"tv na parede\" width=\"1024\" height=\"1024\" title=\"\"><figcaption class=\"wp-caption-text\">tv na parede<\/figcaption><\/figure>\n<p style=\"text-align: center;\">[amazon table=&#8221;90709&#8243;]\n","protected":false},"excerpt":{"rendered":"<p>Quer uma tv na parede de tirar o f\u00f4lego? Descubra inspira\u00e7\u00f5es aqui!<\/p>\n","protected":false},"author":102,"featured_media":105431,"comment_status":"closed","ping_status":"closed","sticky":false,"template":"","format":"standard","meta":{"footnotes":""},"categories":[1484],"tags":[],"class_list":["post-105434","post","type-post","status-publish","format-standard","has-post-thumbnail","category-decoracao"],"_wp_attached_file":null,"_wp_attachment_metadata":null,"_wp_attachment_context":null,"_wp_attachment_is_custom_header":null,"geo_longitude":null,"geo_public":null,"geo_latitude":null,"_publicize_done_external":null,"_wpas_done_3897181":null,"publicize_twitter_user":null,"_wpas_done_3897175":null,"_wpas_skip_3897181":null,"_wpas_skip_3897175":null,"_wpas_skip_3924723":null,"_wpas_mess":null,"_wpas_done_3924723":null,"wps_subtitle":"","_links":{"self":[{"href":"https:\/\/www.aarquiteta.com.br\/blog\/wp-json\/wp\/v2\/posts\/105434","targetHints":{"allow":["GET"]}}],"collection":[{"href":"https:\/\/www.aarquiteta.com.br\/blog\/wp-json\/wp\/v2\/posts"}],"about":[{"href":"https:\/\/www.aarquiteta.com.br\/blog\/wp-json\/wp\/v2\/types\/post"}],"author":[{"embeddable":true,"href":"https:\/\/www.aarquiteta.com.br\/blog\/wp-json\/wp\/v2\/users\/102"}],"replies":[{"embeddable":true,"href":"https:\/\/www.aarquiteta.com.br\/blog\/wp-json\/wp\/v2\/comments?post=105434"}],"version-history":[{"count":0,"href":"https:\/\/www.aarquiteta.com.br\/blog\/wp-json\/wp\/v2\/posts\/105434\/revisions"}],"wp:featuredmedia":[{"embeddable":true,"href":"https:\/\/www.aarquiteta.com.br\/blog\/wp-json\/wp\/v2\/media\/105431"}],"wp:attachment":[{"href":"https:\/\/www.aarquiteta.com.br\/blog\/wp-json\/wp\/v2\/media?parent=105434"}],"wp:term":[{"taxonomy":"category","embeddable":true,"href":"https:\/\/www.aarquiteta.com.br\/blog\/wp-json\/wp\/v2\/categories?post=105434"},{"taxonomy":"post_tag","embeddable":true,"href":"https:\/\/www.aarquiteta.com.br\/blog\/wp-json\/wp\/v2\/tags?post=105434"}],"curies":[{"name":"wp","href":"https:\/\/api.w.org\/{rel}","templated":true}]}}