{"id":105409,"date":"2024-01-29T13:20:47","date_gmt":"2024-01-29T16:20:47","guid":{"rendered":"http:\/\/aarquiteta.com.br\/transformando-terreno-7x17-em-casa-geminada\/"},"modified":"2024-01-29T13:20:47","modified_gmt":"2024-01-29T16:20:47","slug":"transformando-terreno-7x17-em-casa-geminada","status":"publish","type":"post","link":"https:\/\/www.aarquiteta.com.br\/blog\/transformando-terreno-7x17-em-casa-geminada\/","title":{"rendered":"Transformando um terreno 7 x 17 em uma casa geminada de 75 m\u00b2. Inspire-se nesta jornada criativa."},"content":{"rendered":"<p>Ol\u00e1, amantes de arquitetura e decora\u00e7\u00e3o! Hoje eu trouxe um <b>tesouro<\/b> escondido em meio a tijolos e cimento: um tour pela obra de uma casa geminada de 75 m\u00b2, fincada num terreno de 7&#215;17 metros. Mas n\u00e3o se engane pelo tamanho, pois aqui cada cent\u00edmetro \u00e9 um universo de possibilidades. Vamos desbravar juntos cada canto dessa constru\u00e7\u00e3o que, apesar de pequena, \u00e9 gigante em criatividade e otimiza\u00e7\u00e3o de espa\u00e7o.<\/p>\n<p>Prepare-se para uma verdadeira <b>viagem<\/b> pelo potencial de um terreno de esquina, onde duas geminadas se erguem com personalidades distintas: uma com telhado aparente e outra com platibanda, prontas para receber um revestimento que vai deixar a vizinhan\u00e7a de queixo ca\u00eddo. E n\u00e3o \u00e9 s\u00f3 a fachada que promete surpresas; por dentro, cada ambiente foi pensado para ser um quebra-cabe\u00e7a perfeito de funcionalidade e estilo.<\/p>\n<figure style=\"width: 1024px\" class=\"wp-caption aligncenter\"><img decoding=\"async\" src=\"https:\/\/www.aarquiteta.com.br\/blog\/wp-content\/uploads\/2024\/01\/transformando-terreno-7x17-em-casa-geminada01.jpg\" alt=\"Transformando um terreno 7 x 17 em uma casa geminada de 75 m\u00b2. Inspire-se nesta jornada criativa.\" width=\"1024\" height=\"1024\" title=\"\"><figcaption class=\"wp-caption-text\">Transformando um terreno 7 x 17 em uma casa geminada de 75 m\u00b2. Inspire-se nesta jornada criativa.<\/figcaption><\/figure>\n<p>Ent\u00e3o, se voc\u00ea \u00e9 daqueles que adora ver como um espa\u00e7o pode ser transformado, ou se est\u00e1 buscando inspira\u00e7\u00e3o para o seu pr\u00f3prio cantinho, n\u00e3o pode perder esse v\u00eddeo. Vou te mostrar desde a garagem multifuncional at\u00e9 a su\u00edte com espa\u00e7o para um closet dos sonhos. E no final, ainda tem um <b>presente<\/b>: a planta da casa, para voc\u00ea espiar cada detalhe e medida. Vem comigo nessa aventura arquitet\u00f4nica!<\/p>\n<h3><b>N\u00e3o perca mais tempo e assista agora como tudo isso \u00e9 feito no v\u00eddeo abaixo!<\/b><\/h3>\n<p>Caso seja necess\u00e1rio, ative as legendas em Portugu\u00eas Brasil, nas configura\u00e7\u00f5es do v\u00eddeo e aproveite!<\/p>\n<p><div class=\"youtube-embed\" data-video_id=\"5VF7RvzmIzs\"><iframe title=\"TOUR na OBRA | CASA GEMINADA de 75 m\u00b2 | Terreno Pequeno 7 x 17\" width=\"696\" height=\"392\" src=\"https:\/\/www.youtube.com\/embed\/5VF7RvzmIzs?feature=oembed&#038;enablejsapi=1\" frameborder=\"0\" allow=\"accelerometer; autoplay; clipboard-write; encrypted-media; gyroscope; picture-in-picture; web-share\" allowfullscreen><\/iframe><\/div>\n<\/p>\n<p>Espero que tenha encontrado o v\u00eddeo informativo e enriquecedor. <\/p>\n<p>Se gostou do conte\u00fado, n\u00e3o deixe de deslizar para baixo e explorar mais dicas e insights valiosos como este. <\/p>\n<p>Estamos sempre aqui para oferecer informa\u00e7\u00f5es \u00fateis e inspiradoras para voc\u00ea!<\/p>\n<figure style=\"width: 1024px\" class=\"wp-caption aligncenter\"><img decoding=\"async\" src=\"https:\/\/www.aarquiteta.com.br\/blog\/wp-content\/uploads\/2024\/01\/transformando-terreno-7x17-em-casa-geminada02.jpg\" alt=\"Transformando um terreno 7 x 17 em uma casa geminada de 75 m\u00b2. Inspire-se nesta jornada criativa.\" width=\"1024\" height=\"1024\" title=\"\"><figcaption class=\"wp-caption-text\">Transformando um terreno 7 x 17 em uma casa geminada de 75 m\u00b2. Inspire-se nesta jornada criativa.<\/figcaption><\/figure>\n","protected":false},"excerpt":{"rendered":"<p>Descubra os caminhos e as li\u00e7\u00f5es desta jornada criativa para transformar um terreno 7 x 17 em uma casa geminada de 75 m\u00b2. Deixe-se inspirar pelas indica\u00e7\u00f5es, aprendizados e orienta\u00e7\u00f5es deste projeto transformador.<\/p>\n","protected":false},"author":102,"featured_media":105407,"comment_status":"closed","ping_status":"closed","sticky":false,"template":"","format":"standard","meta":{"footnotes":""},"categories":[1507,1484],"tags":[],"class_list":["post-105409","post","type-post","status-publish","format-standard","has-post-thumbnail","category-arquitetura","category-decoracao"],"_wp_attached_file":null,"_wp_attachment_metadata":null,"_wp_attachment_context":null,"_wp_attachment_is_custom_header":null,"geo_longitude":null,"geo_public":null,"geo_latitude":null,"_publicize_done_external":null,"_wpas_done_3897181":null,"publicize_twitter_user":null,"_wpas_done_3897175":null,"_wpas_skip_3897181":null,"_wpas_skip_3897175":null,"_wpas_skip_3924723":null,"_wpas_mess":null,"_wpas_done_3924723":null,"wps_subtitle":"","_links":{"self":[{"href":"https:\/\/www.aarquiteta.com.br\/blog\/wp-json\/wp\/v2\/posts\/105409","targetHints":{"allow":["GET"]}}],"collection":[{"href":"https:\/\/www.aarquiteta.com.br\/blog\/wp-json\/wp\/v2\/posts"}],"about":[{"href":"https:\/\/www.aarquiteta.com.br\/blog\/wp-json\/wp\/v2\/types\/post"}],"author":[{"embeddable":true,"href":"https:\/\/www.aarquiteta.com.br\/blog\/wp-json\/wp\/v2\/users\/102"}],"replies":[{"embeddable":true,"href":"https:\/\/www.aarquiteta.com.br\/blog\/wp-json\/wp\/v2\/comments?post=105409"}],"version-history":[{"count":0,"href":"https:\/\/www.aarquiteta.com.br\/blog\/wp-json\/wp\/v2\/posts\/105409\/revisions"}],"wp:featuredmedia":[{"embeddable":true,"href":"https:\/\/www.aarquiteta.com.br\/blog\/wp-json\/wp\/v2\/media\/105407"}],"wp:attachment":[{"href":"https:\/\/www.aarquiteta.com.br\/blog\/wp-json\/wp\/v2\/media?parent=105409"}],"wp:term":[{"taxonomy":"category","embeddable":true,"href":"https:\/\/www.aarquiteta.com.br\/blog\/wp-json\/wp\/v2\/categories?post=105409"},{"taxonomy":"post_tag","embeddable":true,"href":"https:\/\/www.aarquiteta.com.br\/blog\/wp-json\/wp\/v2\/tags?post=105409"}],"curies":[{"name":"wp","href":"https:\/\/api.w.org\/{rel}","templated":true}]}}