{"id":105399,"date":"2024-01-29T10:17:34","date_gmt":"2024-01-29T13:17:34","guid":{"rendered":"http:\/\/aarquiteta.com.br\/transforme-seu-espaco-cantinho-cafe-economico-dicas-criativas\/"},"modified":"2024-01-29T10:17:34","modified_gmt":"2024-01-29T13:17:34","slug":"transforme-seu-espaco-cantinho-cafe-economico-dicas-criativas","status":"publish","type":"post","link":"https:\/\/www.aarquiteta.com.br\/blog\/transforme-seu-espaco-cantinho-cafe-economico-dicas-criativas\/","title":{"rendered":"Transforme seu espa\u00e7o em um cantinho do caf\u00e9 econ\u00f4mico com dicas criativas dos seguidores."},"content":{"rendered":"<p>Ol\u00e1, pessoal! Sabe aquele cantinho da casa que tem o poder de despertar nossos sentidos e dar aquele \u00e2nimo logo cedo? Pois \u00e9, estou falando do <b>cantinho do caf\u00e9<\/b>, um verdadeiro o\u00e1sis de prazer e aconchego em meio \u00e0 correria do dia a dia. E se eu te disser que d\u00e1 para montar um desses sem precisar gastar uma fortuna? Pois \u00e9, peguei umas dicas valiosas e ideias criativas das seguidoras do Organize sem Frescuras e vou compartilhar tudinho com voc\u00eas!<\/p>\n<p>Imagine transformar uma c\u00f3moda antiga ou uma mesinha esquecida em um espa\u00e7o super charmoso para suas x\u00edcaras e caf\u00e9s. Ou quem sabe dar uma nova vida \u00e0quela bancada da cozinha com um toque de organiza\u00e7\u00e3o e estilo? Pois \u00e9, <b>as possibilidades s\u00e3o infinitas<\/b> e eu estou aqui para provar que com um pouquinho de criatividade e algumas inspira\u00e7\u00f5es, seu cantinho do caf\u00e9 pode ser a nova sensa\u00e7\u00e3o da casa!<\/p>\n<figure style=\"width: 1024px\" class=\"wp-caption aligncenter\"><img decoding=\"async\" src=\"https:\/\/www.aarquiteta.com.br\/blog\/wp-content\/uploads\/2024\/01\/transforme-seu-espaco-cantinho-cafe-economico-dicas-criativas01.jpg\" alt=\"Transforme seu espa\u00e7o em um cantinho do caf\u00e9 econ\u00f4mico com dicas criativas dos seguidores.\" width=\"1024\" height=\"1024\" title=\"\"><figcaption class=\"wp-caption-text\">Transforme seu espa\u00e7o em um cantinho do caf\u00e9 econ\u00f4mico com dicas criativas dos seguidores.<\/figcaption><\/figure>\n<p>No v\u00eddeo que voc\u00ea vai conferir logo mais, prepare-se para mergulhar em um mundo onde as c\u00e1psulas de caf\u00e9 encontram seu lugar perfeito, as x\u00edcaras se penduram com gra\u00e7a e at\u00e9 uma antiga m\u00e1quina de costura ganha novo prop\u00f3sito. Vou te mostrar que n\u00e3o \u00e9 preciso muito espa\u00e7o, nem um or\u00e7amento gigante, s\u00f3 um pouco de imagina\u00e7\u00e3o e vontade de fazer acontecer. Ent\u00e3o, <b>se prepare para se inspirar<\/b> e quem sabe at\u00e9 mostrar o seu pr\u00f3prio cantinho do caf\u00e9 para a gente depois, hein? Vamos nessa!<\/p>\n<h3><b>N\u00e3o perca mais tempo e assista agora como tudo isso \u00e9 feito no v\u00eddeo abaixo!<\/b><\/h3>\n<p>Caso seja necess\u00e1rio, ative as legendas em Portugu\u00eas Brasil, nas configura\u00e7\u00f5es do v\u00eddeo e aproveite!<\/p>\n<p><div class=\"youtube-embed\" data-video_id=\"TYj2DkzNSuo\"><iframe title=\"COMO FAZER UM CANTINHO DO CAF\u00c9 GASTANDO POUCO- IDEIA DOS SEGUIDORES| Organize sem Frescuras!\" width=\"696\" height=\"392\" src=\"https:\/\/www.youtube.com\/embed\/TYj2DkzNSuo?feature=oembed&#038;enablejsapi=1\" frameborder=\"0\" allow=\"accelerometer; autoplay; clipboard-write; encrypted-media; gyroscope; picture-in-picture; web-share\" allowfullscreen><\/iframe><\/div>\n<\/p>\n<p>Espero que tenha encontrado o v\u00eddeo informativo e enriquecedor. <\/p>\n<p>Se gostou do conte\u00fado, n\u00e3o deixe de deslizar para baixo e explorar mais dicas e insights valiosos como este. <\/p>\n<p>Estamos sempre aqui para oferecer informa\u00e7\u00f5es \u00fateis e inspiradoras para voc\u00ea!<\/p>\n<figure style=\"width: 1024px\" class=\"wp-caption aligncenter\"><img decoding=\"async\" src=\"https:\/\/www.aarquiteta.com.br\/blog\/wp-content\/uploads\/2024\/01\/transforme-seu-espaco-cantinho-cafe-economico-dicas-criativas02.jpg\" alt=\"Transforme seu espa\u00e7o em um cantinho do caf\u00e9 econ\u00f4mico com dicas criativas dos seguidores.\" width=\"1024\" height=\"1024\" title=\"\"><figcaption class=\"wp-caption-text\">Transforme seu espa\u00e7o em um cantinho do caf\u00e9 econ\u00f4mico com dicas criativas dos seguidores.<\/figcaption><\/figure>\n","protected":false},"excerpt":{"rendered":"<p>Descubra um cantinho do caf\u00e9 econ\u00f4mico em nosso espa\u00e7o cheio de ensinamentos, instru\u00e7\u00f5es e sugest\u00f5es criativas dos seguidores. Aprenda novas maneiras de economizar e se surpreenda com as li\u00e7\u00f5es valiosas compartilhadas. Venha conferir!<\/p>\n","protected":false},"author":102,"featured_media":105397,"comment_status":"closed","ping_status":"closed","sticky":false,"template":"","format":"standard","meta":{"footnotes":""},"categories":[10005,19112,19106],"tags":[],"class_list":["post-105399","post","type-post","status-publish","format-standard","has-post-thumbnail","category-casa-e-jardim","category-diy","category-organizacao-e-armazenamento"],"_wp_attached_file":null,"_wp_attachment_metadata":null,"_wp_attachment_context":null,"_wp_attachment_is_custom_header":null,"geo_longitude":null,"geo_public":null,"geo_latitude":null,"_publicize_done_external":null,"_wpas_done_3897181":null,"publicize_twitter_user":null,"_wpas_done_3897175":null,"_wpas_skip_3897181":null,"_wpas_skip_3897175":null,"_wpas_skip_3924723":null,"_wpas_mess":null,"_wpas_done_3924723":null,"wps_subtitle":"","_links":{"self":[{"href":"https:\/\/www.aarquiteta.com.br\/blog\/wp-json\/wp\/v2\/posts\/105399","targetHints":{"allow":["GET"]}}],"collection":[{"href":"https:\/\/www.aarquiteta.com.br\/blog\/wp-json\/wp\/v2\/posts"}],"about":[{"href":"https:\/\/www.aarquiteta.com.br\/blog\/wp-json\/wp\/v2\/types\/post"}],"author":[{"embeddable":true,"href":"https:\/\/www.aarquiteta.com.br\/blog\/wp-json\/wp\/v2\/users\/102"}],"replies":[{"embeddable":true,"href":"https:\/\/www.aarquiteta.com.br\/blog\/wp-json\/wp\/v2\/comments?post=105399"}],"version-history":[{"count":0,"href":"https:\/\/www.aarquiteta.com.br\/blog\/wp-json\/wp\/v2\/posts\/105399\/revisions"}],"wp:featuredmedia":[{"embeddable":true,"href":"https:\/\/www.aarquiteta.com.br\/blog\/wp-json\/wp\/v2\/media\/105397"}],"wp:attachment":[{"href":"https:\/\/www.aarquiteta.com.br\/blog\/wp-json\/wp\/v2\/media?parent=105399"}],"wp:term":[{"taxonomy":"category","embeddable":true,"href":"https:\/\/www.aarquiteta.com.br\/blog\/wp-json\/wp\/v2\/categories?post=105399"},{"taxonomy":"post_tag","embeddable":true,"href":"https:\/\/www.aarquiteta.com.br\/blog\/wp-json\/wp\/v2\/tags?post=105399"}],"curies":[{"name":"wp","href":"https:\/\/api.w.org\/{rel}","templated":true}]}}