{"id":105210,"date":"2024-01-24T14:20:57","date_gmt":"2024-01-24T17:20:57","guid":{"rendered":"http:\/\/aarquiteta.com.br\/jardins-urbanos-em-cidades-brasileiras\/"},"modified":"2024-01-24T14:20:57","modified_gmt":"2024-01-24T17:20:57","slug":"jardins-urbanos-em-cidades-brasileiras","status":"publish","type":"post","link":"https:\/\/www.aarquiteta.com.br\/blog\/jardins-urbanos-em-cidades-brasileiras\/","title":{"rendered":"Jardins urbanos em cidades brasileiras: A tend\u00eancia atual para a sustentabilidade e revitaliza\u00e7\u00e3o de espa\u00e7os verdes. Desvendando os segredos dos 5 projetos mais inovadores. Descubra como transformar sua cidade!"},"content":{"rendered":"<h3>O que s\u00e3o jardins urbanos<\/h3>\n<p>Quando falamos em <b>jardins urbanos<\/b>, estamos nos referindo a pequenos o\u00e1sis em meio ao concreto das cidades. S\u00e3o espa\u00e7os dedicados ao cultivo de plantas, flores e at\u00e9 mesmo hortali\u00e7as e frutas, que podem estar localizados em terra\u00e7os, varandas, p\u00e1tios internos ou at\u00e9 mesmo em \u00e1reas p\u00fablicas. A ideia \u00e9 trazer um pedacinho da natureza para perto de n\u00f3s, moradores da selva de pedra.<\/p>\n<h3>Benef\u00edcios dos jardins urbanos<\/h3>\n<p>Os benef\u00edcios dos jardins urbanos s\u00e3o in\u00fameros. Eles n\u00e3o s\u00f3 embelezam e d\u00e3o vida aos espa\u00e7os, como tamb\u00e9m contribuem para a <b>melhoria da qualidade do ar<\/b>, redu\u00e7\u00e3o do efeito de ilhas de calor e at\u00e9 mesmo para o bem-estar psicol\u00f3gico dos indiv\u00edduos. Al\u00e9m disso, jardins comest\u00edveis podem ser uma fonte de alimentos frescos e saud\u00e1veis.<\/p>\n<h3>Tipos de jardins urbanos<\/h3>\n<figure style=\"width: 1024px\" class=\"wp-caption aligncenter\"><img decoding=\"async\" src=\"https:\/\/www.aarquiteta.com.br\/blog\/wp-content\/uploads\/2024\/01\/Jardins-urbanos-em-cidades-brasileiras-02.jpg\" alt=\" Jardins urbanos em cidades brasileiras \" width=\"1024\" height=\"1024\" title=\"\"><figcaption class=\"wp-caption-text\">Jardins urbanos em cidades brasileiras<\/figcaption><\/figure>\n<p>Existem diversos tipos de jardins urbanos, cada um com suas particularidades. Podemos ter jardins verticais, que s\u00e3o perfeitos para espa\u00e7os reduzidos; hortas comunit\u00e1rias, que fortalecem o senso de comunidade; e at\u00e9 jardins de polinizadores, que ajudam a preservar abelhas e outros insetos essenciais para o equil\u00edbrio ecol\u00f3gico.<\/p>\n<h3>Como criar um jardim urbano<\/h3>\n<p>Criar um jardim urbano pode parecer uma tarefa complexa, mas com algumas dicas, tudo fica mais f\u00e1cil. Primeiro, \u00e9 essencial escolher o local adequado, considerando a <b>luz solar<\/b> e a prote\u00e7\u00e3o contra ventos fortes. Depois, \u00e9 hora de selecionar as plantas que se adaptam melhor ao ambiente e ao clima local. E claro, n\u00e3o podemos esquecer da manuten\u00e7\u00e3o regular para garantir que o jardim flores\u00e7a.<\/p>\n<h3>Plantas ideais para jardins urbanos<\/h3>\n<p>Escolher as plantas certas \u00e9 crucial para o sucesso do jardim urbano. Algumas das mais recomendadas s\u00e3o as suculentas, que requerem pouca \u00e1gua, e as ervas arom\u00e1ticas, que al\u00e9m de perfumarem o ambiente, podem ser usadas na culin\u00e1ria. Plantas nativas tamb\u00e9m s\u00e3o uma \u00f3tima escolha, pois j\u00e1 est\u00e3o adaptadas ao clima e contribuem para a biodiversidade local.<\/p>\n<h3>Cuidados necess\u00e1rios com os jardins urbanos<\/h3>\n<p>Para manter um jardim urbano saud\u00e1vel, alguns cuidados s\u00e3o essenciais. A rega deve ser adequada ao tipo de planta, e a aduba\u00e7\u00e3o peri\u00f3dica \u00e9 importante para fornecer os nutrientes necess\u00e1rios. Al\u00e9m disso, \u00e9 preciso estar atento ao controle de pragas e doen\u00e7as, que podem se espalhar rapidamente em ambientes urbanos.<\/p>\n<h3>Exemplos de jardins urbanos em cidades brasileiras<\/h3>\n<p>O Brasil, com sua vasta diversidade clim\u00e1tica, oferece exemplos incr\u00edveis de jardins urbanos. Em S\u00e3o Paulo, por exemplo, o Minhoc\u00e3o aos finais de semana se transforma em um espa\u00e7o de lazer com \u00e1reas verdes. J\u00e1 no Rio de Janeiro, a Laje do Michael Jackson \u00e9 um exemplo de como a comunidade pode se apropriar de espa\u00e7os para criar \u00e1reas verdes.<\/p>\n<h3>Iniciativas governamentais para incentivar os jardins urbanos<\/h3>\n<p>Algumas iniciativas governamentais t\u00eam surgido para incentivar a cria\u00e7\u00e3o de jardins urbanos. Programas de incentivo \u00e0 agricultura urbana, por exemplo, oferecem suporte t\u00e9cnico e at\u00e9 mesmo financiamento para quem deseja transformar \u00e1reas ociosas em espa\u00e7os verdes produtivos.<\/p>\n<h2>Conclus\u00e3o<\/h2>\n<p>Os jardins urbanos s\u00e3o verdadeiros tesouros em nossas cidades. Eles n\u00e3o s\u00f3 trazem beleza e tranquilidade, mas tamb\u00e9m desempenham um papel importante na sustentabilidade e na qualidade de vida urbana. Ao criar esses espa\u00e7os, estamos investindo em um futuro mais verde e saud\u00e1vel para todos.<\/p>\n<h3>Perguntas Frequentes<\/h3>\n<h3>Quais s\u00e3o as melhores plantas para jardins urbanos com pouca luz?<\/h3>\n<p>Para jardins urbanos com pouca luz, as melhores op\u00e7\u00f5es s\u00e3o plantas como a Zamioculca, o L\u00edrio-da-paz e a Samambaia. Essas esp\u00e9cies se adaptam bem a ambientes internos e n\u00e3o necessitam de muita exposi\u00e7\u00e3o solar direta.<\/p>\n<h3>Como posso participar de uma horta comunit\u00e1ria na minha cidade?<\/h3>\n<p>Para participar de uma horta comunit\u00e1ria, o primeiro passo \u00e9 entrar em contato com a administra\u00e7\u00e3o local ou com grupos de jardinagem urbana. Muitas vezes, essas hortas s\u00e3o iniciativas de moradores, e novos volunt\u00e1rios s\u00e3o sempre bem-vindos.<\/p>\n<h3>\u00c9 poss\u00edvel ter um jardim urbano em apartamento?<\/h3>\n<p>Sim, \u00e9 totalmente poss\u00edvel ter um jardim urbano em apartamento. Jardins verticais e vasos adaptados s\u00e3o \u00f3timas op\u00e7\u00f5es para quem tem espa\u00e7o limitado. O importante \u00e9 garantir a quantidade adequada de luz e cuidar bem das plantas escolhidas.<\/p>\n","protected":false},"excerpt":{"rendered":"<p>Descubra as melhores maneiras de transformar sua cidade com ensinamentos dos 5 projetos mais inovadores de jardins urbanos no Brasil. Aprenda as instru\u00e7\u00f5es e indica\u00e7\u00f5es para a sustentabilidade e revitaliza\u00e7\u00e3o de espa\u00e7os verdes.<\/p>\n","protected":false},"author":102,"featured_media":105209,"comment_status":"closed","ping_status":"closed","sticky":false,"template":"","format":"standard","meta":{"footnotes":""},"categories":[1484,19112,19108],"tags":[],"class_list":["post-105210","post","type-post","status-publish","format-standard","has-post-thumbnail","category-decoracao","category-diy","category-festas-e-confraternizacoes"],"_wp_attached_file":null,"_wp_attachment_metadata":null,"_wp_attachment_context":null,"_wp_attachment_is_custom_header":null,"geo_longitude":null,"geo_public":null,"geo_latitude":null,"_publicize_done_external":null,"_wpas_done_3897181":null,"publicize_twitter_user":null,"_wpas_done_3897175":null,"_wpas_skip_3897181":null,"_wpas_skip_3897175":null,"_wpas_skip_3924723":null,"_wpas_mess":null,"_wpas_done_3924723":null,"wps_subtitle":"","_links":{"self":[{"href":"https:\/\/www.aarquiteta.com.br\/blog\/wp-json\/wp\/v2\/posts\/105210","targetHints":{"allow":["GET"]}}],"collection":[{"href":"https:\/\/www.aarquiteta.com.br\/blog\/wp-json\/wp\/v2\/posts"}],"about":[{"href":"https:\/\/www.aarquiteta.com.br\/blog\/wp-json\/wp\/v2\/types\/post"}],"author":[{"embeddable":true,"href":"https:\/\/www.aarquiteta.com.br\/blog\/wp-json\/wp\/v2\/users\/102"}],"replies":[{"embeddable":true,"href":"https:\/\/www.aarquiteta.com.br\/blog\/wp-json\/wp\/v2\/comments?post=105210"}],"version-history":[{"count":0,"href":"https:\/\/www.aarquiteta.com.br\/blog\/wp-json\/wp\/v2\/posts\/105210\/revisions"}],"wp:featuredmedia":[{"embeddable":true,"href":"https:\/\/www.aarquiteta.com.br\/blog\/wp-json\/wp\/v2\/media\/105209"}],"wp:attachment":[{"href":"https:\/\/www.aarquiteta.com.br\/blog\/wp-json\/wp\/v2\/media?parent=105210"}],"wp:term":[{"taxonomy":"category","embeddable":true,"href":"https:\/\/www.aarquiteta.com.br\/blog\/wp-json\/wp\/v2\/categories?post=105210"},{"taxonomy":"post_tag","embeddable":true,"href":"https:\/\/www.aarquiteta.com.br\/blog\/wp-json\/wp\/v2\/tags?post=105210"}],"curies":[{"name":"wp","href":"https:\/\/api.w.org\/{rel}","templated":true}]}}