{"id":105116,"date":"2024-01-26T06:15:25","date_gmt":"2024-01-26T09:15:25","guid":{"rendered":"http:\/\/aarquiteta.com.br\/?p=105116"},"modified":"2024-01-24T11:06:42","modified_gmt":"2024-01-24T14:06:42","slug":"porta-para-cozinha","status":"publish","type":"post","link":"https:\/\/www.aarquiteta.com.br\/blog\/porta-para-cozinha\/","title":{"rendered":"Porta para Cozinha: 5 Modelos para Separar Ambientes com Estilo"},"content":{"rendered":"<p>Escolher a porta certa para a cozinha \u00e9 mais do que uma quest\u00e3o de est\u00e9tica; \u00e9 uma decis\u00e3o que afeta a funcionalidade, a seguran\u00e7a e o conforto do ambiente. Vamos explorar os diferentes tipos de portas dispon\u00edveis e o que considerar para fazer a escolha perfeita para o seu lar. Prepare-se para abrir a porta das possibilidades!<\/p>\n<ul>\n<li>Conhe\u00e7a os diferentes materiais e estilos de portas para cozinha.<\/li>\n<li>Descubra os fatores cruciais para uma escolha acertada.<\/li>\n<li>Aprenda sobre os cuidados e manuten\u00e7\u00e3o para garantir a durabilidade da sua porta.<\/li>\n<\/ul>\n<h3>1.1 Portas de madeira<\/h3>\n<figure style=\"width: 1024px\" class=\"wp-caption aligncenter\"><img decoding=\"async\" src=\"https:\/\/www.aarquiteta.com.br\/blog\/wp-content\/uploads\/2024\/01\/porta-para-cozinha04.jpg\" alt=\"porta para cozinha\" width=\"1024\" height=\"1024\" title=\"\"><figcaption class=\"wp-caption-text\">porta para cozinha<\/figcaption><\/figure>\n<p>Ah, a madeira! Cl\u00e1ssica e aconchegante, as portas de madeira trazem um charme r\u00fastico ou sofisticado, dependendo do acabamento. Mas lembre-se, a madeira pede um cuidado especial contra umidade e pragas, t\u00e1?<\/p>\n<h3>1.2 Portas de vidro<\/h3>\n<p>Quer dar uma sensa\u00e7\u00e3o de amplitude e muita luz natural? Vai de vidro! S\u00f3 n\u00e3o esque\u00e7a que a privacidade pode ficar um pouco comprometida, e a limpeza&#8230; bem, prepare o limpa-vidros!<\/p>\n<h3>1.3 Portas de alum\u00ednio<\/h3>\n<style id=\"wp_carousel_dynamic_css102759\">.sp-wp-carousel-free-id-102759.wpcf-fancybox-wrapper .fancybox-bg{background: #0b0b0b;opacity: 0.8;}.sp-wp-carousel-free-id-102759.wpcf-fancybox-wrapper .fancybox-navigation .fancybox-button .wpcp-fancybox-nav-arrow i {color: #ccc;}.sp-wp-carousel-free-id-102759.wpcf-fancybox-wrapper .fancybox-navigation .fancybox-button .wpcp-fancybox-nav-arrow i:hover {color: #fff;}.sp-wp-carousel-free-id-102759.wpcf-fancybox-wrapper .fancybox-navigation .fancybox-button {background: #1e1e1e;}.sp-wp-carousel-free-id-102759.wpcf-fancybox-wrapper .fancybox-navigation .fancybox-button:hover {background: #1e1e1e;}#sp-wp-carousel-free-id-102759 .wpcp-swiper-dots {margin: 40px 0px 0px 0px;}.wpcp-wrapper-102759 .swiper-wrapper .swiper-slide-kenburn, .wpcp-wrapper-102759 .swiper-wrapper, .wpcp-wrapper-102759 .wpcpro-row{align-items: center;}#sp-wp-carousel-free-id-102759 .wpcp-single-item {box-shadow: 0px 0px 0px 0px #dddddd;transition: all .3s;margin: 0px;}#sp-wp-carousel-free-id-102759.swiper-flip .wpcp-single-item{margin: 0!important;}#sp-wp-carousel-free-id-102759 .wpcp-single-item:hover {box-shadow: 0px 0px 0px 0px #dddddd;}#sp-wp-carousel-free-id-102759.sp-wpcp-102759 .wpcp-single-item {border: 1px solid #dddddd;}#sp-wp-carousel-free-id-102759.sp-wpcp-102759 .swiper-button-prev,#sp-wp-carousel-free-id-102759.sp-wpcp-102759 .swiper-button-next,#sp-wp-carousel-free-id-102759.sp-wpcp-102759 .swiper-button-prev:hover,#sp-wp-carousel-free-id-102759.sp-wpcp-102759 .swiper-button-next:hover {background: none;border: none;font-size: 30px;}#sp-wp-carousel-free-id-102759.sp-wpcp-102759 .swiper-button-prev i,#sp-wp-carousel-free-id-102759.sp-wpcp-102759 .swiper-button-next i {color: #aaa;}#sp-wp-carousel-free-id-102759.sp-wpcp-102759 .swiper-button-prev i:hover,#sp-wp-carousel-free-id-102759.sp-wpcp-102759 .swiper-button-next i:hover {color: #178087;}#sp-wp-carousel-free-id-102759.sp-wpcp-102759 .wpcp-swiper-dots .swiper-pagination-bullet {background-color: #cccccc;}#sp-wp-carousel-free-id-102759.sp-wpcp-102759 .wpcp-swiper-dots .swiper-pagination-bullet.swiper-pagination-bullet-active {background-color: #178087;} #sp-wp-carousel-free-id-102759.sp-wpcp-102759.wpcp-image-carousel .wpcp-single-item:hover img, #sp-wp-carousel-free-id-102759.sp-wpcp-102759.wpcp-post-carousel .wpcp-single-item:hover img, #sp-wp-carousel-free-id-102759.sp-wpcp-102759.wpcp-product-carousel .wpcp-single-item:hover img{-webkit-transform: scale(1.2);-moz-transform: scale(1.2);transform: scale(1.2);}#sp-wp-carousel-free-id-102759 .wpcpro-row>[class*=\"wpcpro-col-\"] { padding: 0 10px; padding-bottom: 20px;} #sp-wp-carousel-free-id-102759 .swiper-slide .single-item-fade:not(:last-child) { margin-right: 20px;}@media (min-width: 480px) { .wpcpro-row .wpcpro-col-sm-1 { flex: 0 0 100%; max-width: 100%; } .wpcpro-row .wpcpro-col-sm-2 { flex: 0 0 50%; max-width: 50%; } .wpcpro-row .wpcpro-col-sm-2-5 { flex: 0 0 75%; max-width: 75%; } .wpcpro-row .wpcpro-col-sm-3 { flex: 0 0 33.333%; max-width: 33.333%; } .wpcpro-row .wpcpro-col-sm-4 { flex: 0 0 25%; max-width: 25%; } .wpcpro-row .wpcpro-col-sm-5 { flex: 0 0 20%; max-width: 20%; } .wpcpro-row .wpcpro-col-sm-6 { flex: 0 0 16.66666666666667%; max-width: 16.66666666666667%; } .wpcpro-row .wpcpro-col-sm-7 { flex: 0 0 14.28571428%; max-width: 14.28571428%; } .wpcpro-row .wpcpro-col-sm-8 { flex: 0 0 12.5%; max-width: 12.5%; } } @media (max-width: 480px) { .wpcpro-row .wpcpro-col-xs-1 { flex: 0 0 100%; max-width: 100%; } .wpcpro-row .wpcpro-col-xs-2 { flex: 0 0 50%; max-width: 50%; } .wpcpro-row .wpcpro-col-xs-3 { flex: 0 0 33.222%; max-width: 33.222%; } .wpcpro-row .wpcpro-col-xs-4 { flex: 0 0 25%; max-width: 25%; } .wpcpro-row .wpcpro-col-xs-5 { flex: 0 0 20%; max-width: 20%; } .wpcpro-row .wpcpro-col-xs-6 { flex: 0 0 16.6667%; max-width: 16.6667%; } .wpcpro-row .wpcpro-col-xs-7 { flex: 0 0 14.28571428%; max-width: 14.28571428%; } .wpcpro-row .wpcpro-col-xs-8 { flex: 0 0 12.5%; max-width: 12.5%; } } @media (min-width: 736px) { .wpcpro-row .wpcpro-col-md-1 { flex: 0 0 100%; max-width: 100%; } .wpcpro-row .wpcpro-col-md-2 { flex: 0 0 50%; max-width: 50%; } .wpcpro-row .wpcpro-col-md-2-5 { flex: 0 0 75%; max-width: 75%; } .wpcpro-row .wpcpro-col-md-3 { flex: 0 0 33.333%; max-width: 33.333%; } .wpcpro-row .wpcpro-col-md-4 { flex: 0 0 25%; max-width: 25%; } .wpcpro-row .wpcpro-col-md-5 { flex: 0 0 20%; max-width: 20%; } .wpcpro-row .wpcpro-col-md-6 { flex: 0 0 16.66666666666667%; max-width: 16.66666666666667%; } .wpcpro-row .wpcpro-col-md-7 { flex: 0 0 14.28571428%; max-width: 14.28571428%; } .wpcpro-row .wpcpro-col-md-8 { flex: 0 0 12.5%; max-width: 12.5%; } } @media (min-width: 980px) { .wpcpro-row .wpcpro-col-lg-1 { flex: 0 0 100%; max-width: 100%; } .wpcpro-row .wpcpro-col-lg-2 { flex: 0 0 50%; max-width: 50%; } .wpcpro-row .wpcpro-col-lg-3 { flex: 0 0 33.222%; max-width: 33.222%; } .wpcpro-row .wpcpro-col-lg-4 { flex: 0 0 25%; max-width: 25%; } .wpcpro-row .wpcpro-col-lg-5 { flex: 0 0 20%; max-width: 20%; } .wpcpro-row .wpcpro-col-lg-6 { flex: 0 0 16.6667%; max-width: 16.6667%; } .wpcpro-row .wpcpro-col-lg-7 { flex: 0 0 14.28571428%; max-width: 14.28571428%; } .wpcpro-row .wpcpro-col-lg-8 { flex: 0 0 12.5%; max-width: 12.5%; } } @media (min-width: 1200px) { .wpcpro-row .wpcpro-col-xl-1 { flex: 0 0 100%; max-width: 100%; } .wpcpro-row .wpcpro-col-xl-2 { flex: 0 0 50%; max-width: 50%; } .wpcpro-row .wpcpro-col-xl-3 { flex: 0 0 33.22222222%; max-width: 33.22222222%; } .wpcpro-row .wpcpro-col-xl-4 { flex: 0 0 25%; max-width: 25%; } .wpcpro-row .wpcpro-col-xl-5 { flex: 0 0 20%; max-width: 20%; } .wpcpro-row .wpcpro-col-xl-6 { flex: 0 0 16.66667%; max-width: 16.66667%; } .wpcpro-row .wpcpro-col-xl-7 { flex: 0 0 14.28571428%; max-width: 14.28571428%; } .wpcpro-row .wpcpro-col-xl-8 { flex: 0 0 12.5%; max-width: 12.5%; } }<\/style><div class=\"wpcp-carousel-wrapper wpcp-wrapper-102759\">\n\t<div id=\"wpcp-preloader-102759\" class=\"wpcp-carousel-preloader\"><img decoding=\"async\" src=\"https:\/\/www.aarquiteta.com.br\/blog\/wp-content\/plugins\/wp-carousel-free\/public\/css\/spinner.svg\" alt=\"Preloader Image\" title=\"\"><\/div>\t<div class=\"wpcp-carousel-content-wrapper\">\n\t<div id=\"sp-wp-carousel-free-id-102759\" class=\"wpcp-carousel-section sp-wpcp-102759  nav-vertical-center wpcp-image-carousel wpcp-preloader wpcp-standard\" data-swiper='{ &quot;pagination_type&quot;: &quot;dots&quot;,&quot;accessibility&quot;:true, &quot;spaceBetween&quot;:20, &quot;arrows&quot;:false, &quot;freeMode&quot;: false, &quot;autoplay&quot;:true, &quot;effect&quot;: &quot;&quot;, &quot;centerMode&quot;: false, &quot;autoplaySpeed&quot;:3000, &quot;dots&quot;:true, &quot;infinite&quot;:true, &quot;speed&quot;:600, &quot;pauseOnHover&quot;:true,\n\t\t\t&quot;slidesToShow&quot;:{&quot;lg_desktop&quot;:5, &quot;desktop&quot;: 4, &quot;laptop&quot;: 3, &quot;tablet&quot;: 2, &quot;mobile&quot;: 1}, &quot;responsive&quot;:{&quot;desktop&quot;:1200, &quot;laptop&quot;: 980, &quot;tablet&quot;: 736, &quot;mobile&quot;: 480}, &quot;rtl&quot;:false, &quot;lazyLoad&quot;: &quot;false&quot;, &quot;swipe&quot;: true, &quot;draggable&quot;: true, &quot;swipeToSlide&quot;:false }' dir=\"ltr\">\n\t\t<div class=\"swiper-wrapper\">\n\t\t<div class=\"swiper-slide\">\n\t<div class=\"wpcp-single-item\">\n\t\t\t<a class=\"wcp-light-box\" data-buttons='[\"close\"]' data-wpc_url='https:\/\/www.aarquiteta.com.br\/blog\/wp-content\/uploads\/2023\/12\/Otimizando-Cozinhas-Pequenas-Projetos-Funcionais-e-Modernos-01.jpg' href=\"https:\/\/www.aarquiteta.com.br\/blog\/wp-content\/uploads\/2023\/12\/Otimizando-Cozinhas-Pequenas-Projetos-Funcionais-e-Modernos-01.jpg\" data-fancybox=\"wpcp_view\">\n\t\t<figure>\n\t\t\t<img decoding=\"async\" class=\"skip-lazy\" src=\"https:\/\/www.aarquiteta.com.br\/blog\/wp-content\/uploads\/2023\/12\/Otimizando-Cozinhas-Pequenas-Projetos-Funcionais-e-Modernos-01.jpg\" alt=\"Otimizando Cozinhas Pequenas: Projetos Funcionais e Modernos\" width=\"1024\" height=\"1024\" title=\"\">\t\t<\/figure>\n\t<\/a>\n\t\t<\/div>\n<\/div>\n\t<div class=\"swiper-slide\">\n\t<div class=\"wpcp-single-item\">\n\t\t\t<a class=\"wcp-light-box\" data-buttons='[\"close\"]' data-wpc_url='https:\/\/www.aarquiteta.com.br\/blog\/wp-content\/uploads\/2023\/12\/Otimizando-Cozinhas-Pequenas-Projetos-Funcionais-e-Modernos-04.jpg' href=\"https:\/\/www.aarquiteta.com.br\/blog\/wp-content\/uploads\/2023\/12\/Otimizando-Cozinhas-Pequenas-Projetos-Funcionais-e-Modernos-04.jpg\" data-fancybox=\"wpcp_view\">\n\t\t<figure>\n\t\t\t<img decoding=\"async\" class=\"skip-lazy\" src=\"https:\/\/www.aarquiteta.com.br\/blog\/wp-content\/uploads\/2023\/12\/Otimizando-Cozinhas-Pequenas-Projetos-Funcionais-e-Modernos-04.jpg\" alt=\"Otimizando Cozinhas Pequenas: Projetos Funcionais e Modernos\" width=\"1024\" height=\"1024\" title=\"\">\t\t<\/figure>\n\t<\/a>\n\t\t<\/div>\n<\/div>\n\t<div class=\"swiper-slide\">\n\t<div class=\"wpcp-single-item\">\n\t\t\t<a class=\"wcp-light-box\" data-buttons='[\"close\"]' data-wpc_url='https:\/\/www.aarquiteta.com.br\/blog\/wp-content\/uploads\/2023\/11\/pendentes-para-cozinha01.jpg' href=\"https:\/\/www.aarquiteta.com.br\/blog\/wp-content\/uploads\/2023\/11\/pendentes-para-cozinha01.jpg\" data-fancybox=\"wpcp_view\">\n\t\t<figure>\n\t\t\t<img decoding=\"async\" class=\"skip-lazy\" src=\"https:\/\/www.aarquiteta.com.br\/blog\/wp-content\/uploads\/2023\/11\/pendentes-para-cozinha01.jpg\" alt=\"pendentes para cozinha\" width=\"1024\" height=\"1024\" title=\"\">\t\t<\/figure>\n\t<\/a>\n\t\t<\/div>\n<\/div>\n\t<div class=\"swiper-slide\">\n\t<div class=\"wpcp-single-item\">\n\t\t\t<a class=\"wcp-light-box\" data-buttons='[\"close\"]' data-wpc_url='https:\/\/www.aarquiteta.com.br\/blog\/wp-content\/uploads\/2023\/11\/5-dicas-para-decorar-a-parede-da-sua-cozinha04.jpg' href=\"https:\/\/www.aarquiteta.com.br\/blog\/wp-content\/uploads\/2023\/11\/5-dicas-para-decorar-a-parede-da-sua-cozinha04.jpg\" data-fancybox=\"wpcp_view\">\n\t\t<figure>\n\t\t\t<img decoding=\"async\" class=\"skip-lazy\" src=\"https:\/\/www.aarquiteta.com.br\/blog\/wp-content\/uploads\/2023\/11\/5-dicas-para-decorar-a-parede-da-sua-cozinha04.jpg\" alt=\"5 dicas para decorar a parede da sua cozinha\" width=\"1024\" height=\"1024\" title=\"\">\t\t<\/figure>\n\t<\/a>\n\t\t<\/div>\n<\/div>\n\t<div class=\"swiper-slide\">\n\t<div class=\"wpcp-single-item\">\n\t\t\t<a class=\"wcp-light-box\" data-buttons='[\"close\"]' data-wpc_url='https:\/\/www.aarquiteta.com.br\/blog\/wp-content\/uploads\/2023\/11\/bancada-para-cozinha-pequena-01.jpg' href=\"https:\/\/www.aarquiteta.com.br\/blog\/wp-content\/uploads\/2023\/11\/bancada-para-cozinha-pequena-01.jpg\" data-fancybox=\"wpcp_view\">\n\t\t<figure>\n\t\t\t<img decoding=\"async\" class=\"skip-lazy\" src=\"https:\/\/www.aarquiteta.com.br\/blog\/wp-content\/uploads\/2023\/11\/bancada-para-cozinha-pequena-01.jpg\" alt=\"bancada para cozinha pequena\" width=\"1024\" height=\"1024\" title=\"\">\t\t<\/figure>\n\t<\/a>\n\t\t<\/div>\n<\/div>\n\t<div class=\"swiper-slide\">\n\t<div class=\"wpcp-single-item\">\n\t\t\t<a class=\"wcp-light-box\" data-buttons='[\"close\"]' data-wpc_url='https:\/\/www.aarquiteta.com.br\/blog\/wp-content\/uploads\/2023\/11\/cozinha-americana-7-ideias-para-criar-um-espao-simples-e-funcional6oot.jpg' href=\"https:\/\/www.aarquiteta.com.br\/blog\/wp-content\/uploads\/2023\/11\/cozinha-americana-7-ideias-para-criar-um-espao-simples-e-funcional6oot.jpg\" data-fancybox=\"wpcp_view\">\n\t\t<figure>\n\t\t\t<img decoding=\"async\" class=\"skip-lazy\" src=\"https:\/\/www.aarquiteta.com.br\/blog\/wp-content\/uploads\/2023\/11\/cozinha-americana-7-ideias-para-criar-um-espao-simples-e-funcional6oot.jpg\" alt=\"Cozinha Americana 7 Ideias para Criar um Espao Simples e Funcional\" width=\"1024\" height=\"768\" title=\"\">\t\t<\/figure>\n\t<\/a>\n\t\t<\/div>\n<\/div>\n\t<div class=\"swiper-slide\">\n\t<div class=\"wpcp-single-item\">\n\t\t\t<a class=\"wcp-light-box\" data-buttons='[\"close\"]' data-wpc_url='https:\/\/www.aarquiteta.com.br\/blog\/wp-content\/uploads\/2023\/11\/pastilhas-para-cozinha04.jpg' href=\"https:\/\/www.aarquiteta.com.br\/blog\/wp-content\/uploads\/2023\/11\/pastilhas-para-cozinha04.jpg\" data-fancybox=\"wpcp_view\">\n\t\t<figure>\n\t\t\t<img decoding=\"async\" class=\"skip-lazy\" src=\"https:\/\/www.aarquiteta.com.br\/blog\/wp-content\/uploads\/2023\/11\/pastilhas-para-cozinha04.jpg\" alt=\"pastilhas para cozinha\" width=\"1024\" height=\"1024\" title=\"\">\t\t<\/figure>\n\t<\/a>\n\t\t<\/div>\n<\/div>\n\t<div class=\"swiper-slide\">\n\t<div class=\"wpcp-single-item\">\n\t\t\t<a class=\"wcp-light-box\" data-buttons='[\"close\"]' data-wpc_url='https:\/\/www.aarquiteta.com.br\/blog\/wp-content\/uploads\/2023\/10\/cozinha-rosa04.jpg' href=\"https:\/\/www.aarquiteta.com.br\/blog\/wp-content\/uploads\/2023\/10\/cozinha-rosa04.jpg\" data-fancybox=\"wpcp_view\">\n\t\t<figure>\n\t\t\t<img decoding=\"async\" class=\"skip-lazy\" src=\"https:\/\/www.aarquiteta.com.br\/blog\/wp-content\/uploads\/2023\/10\/cozinha-rosa04.jpg\" alt=\"cozinha rosa\" width=\"1024\" height=\"1024\" title=\"\">\t\t<\/figure>\n\t<\/a>\n\t\t<\/div>\n<\/div>\n\t<div class=\"swiper-slide\">\n\t<div class=\"wpcp-single-item\">\n\t\t\t<a class=\"wcp-light-box\" data-buttons='[\"close\"]' data-wpc_url='https:\/\/www.aarquiteta.com.br\/blog\/wp-content\/uploads\/2023\/10\/cozinha-rosa01.jpg' href=\"https:\/\/www.aarquiteta.com.br\/blog\/wp-content\/uploads\/2023\/10\/cozinha-rosa01.jpg\" data-fancybox=\"wpcp_view\">\n\t\t<figure>\n\t\t\t<img decoding=\"async\" class=\"skip-lazy\" src=\"https:\/\/www.aarquiteta.com.br\/blog\/wp-content\/uploads\/2023\/10\/cozinha-rosa01.jpg\" alt=\"**Inspire-se com a Cozinha Rosa: Dicas para Criar um Ambiente Charmoso e Aconchegante**\" width=\"1024\" height=\"1024\" title=\"\">\t\t<\/figure>\n\t<\/a>\n\t\t<\/div>\n<\/div>\n\t<div class=\"swiper-slide\">\n\t<div class=\"wpcp-single-item\">\n\t\t\t<a class=\"wcp-light-box\" data-buttons='[\"close\"]' data-wpc_url='https:\/\/www.aarquiteta.com.br\/blog\/wp-content\/uploads\/2023\/10\/cozinha-em-l02.jpg' href=\"https:\/\/www.aarquiteta.com.br\/blog\/wp-content\/uploads\/2023\/10\/cozinha-em-l02.jpg\" data-fancybox=\"wpcp_view\">\n\t\t<figure>\n\t\t\t<img decoding=\"async\" class=\"skip-lazy\" src=\"https:\/\/www.aarquiteta.com.br\/blog\/wp-content\/uploads\/2023\/10\/cozinha-em-l02.jpg\" alt=\"cozinha em l\" width=\"1024\" height=\"1024\" title=\"\">\t\t<\/figure>\n\t<\/a>\n\t\t<\/div>\n<\/div>\n\t<div class=\"swiper-slide\">\n\t<div class=\"wpcp-single-item\">\n\t\t\t<a class=\"wcp-light-box\" data-buttons='[\"close\"]' data-wpc_url='https:\/\/www.aarquiteta.com.br\/blog\/wp-content\/uploads\/2023\/10\/cozinha-modulada01.jpg' href=\"https:\/\/www.aarquiteta.com.br\/blog\/wp-content\/uploads\/2023\/10\/cozinha-modulada01.jpg\" data-fancybox=\"wpcp_view\">\n\t\t<figure>\n\t\t\t<img decoding=\"async\" class=\"skip-lazy\" src=\"https:\/\/www.aarquiteta.com.br\/blog\/wp-content\/uploads\/2023\/10\/cozinha-modulada01.jpg\" alt=\"cozinha modulada\" width=\"1024\" height=\"1024\" title=\"\">\t\t<\/figure>\n\t<\/a>\n\t\t<\/div>\n<\/div>\n\t<div class=\"swiper-slide\">\n\t<div class=\"wpcp-single-item\">\n\t\t\t<a class=\"wcp-light-box\" data-buttons='[\"close\"]' data-wpc_url='https:\/\/www.aarquiteta.com.br\/blog\/wp-content\/uploads\/2023\/10\/cozinha-modulada03.jpg' href=\"https:\/\/www.aarquiteta.com.br\/blog\/wp-content\/uploads\/2023\/10\/cozinha-modulada03.jpg\" data-fancybox=\"wpcp_view\">\n\t\t<figure>\n\t\t\t<img decoding=\"async\" class=\"skip-lazy\" src=\"https:\/\/www.aarquiteta.com.br\/blog\/wp-content\/uploads\/2023\/10\/cozinha-modulada03.jpg\" alt=\"cozinha modulada\" width=\"1024\" height=\"1024\" title=\"\">\t\t<\/figure>\n\t<\/a>\n\t\t<\/div>\n<\/div>\n\t<div class=\"swiper-slide\">\n\t<div class=\"wpcp-single-item\">\n\t\t\t<a class=\"wcp-light-box\" data-buttons='[\"close\"]' data-wpc_url='https:\/\/www.aarquiteta.com.br\/blog\/wp-content\/uploads\/2023\/10\/cozinha-planejada-com-ilha02.jpg' href=\"https:\/\/www.aarquiteta.com.br\/blog\/wp-content\/uploads\/2023\/10\/cozinha-planejada-com-ilha02.jpg\" data-fancybox=\"wpcp_view\">\n\t\t<figure>\n\t\t\t<img decoding=\"async\" class=\"skip-lazy\" src=\"https:\/\/www.aarquiteta.com.br\/blog\/wp-content\/uploads\/2023\/10\/cozinha-planejada-com-ilha02.jpg\" alt=\"cozinha planejada com ilha\" width=\"1024\" height=\"1024\" title=\"\">\t\t<\/figure>\n\t<\/a>\n\t\t<\/div>\n<\/div>\n\t<div class=\"swiper-slide\">\n\t<div class=\"wpcp-single-item\">\n\t\t\t<a class=\"wcp-light-box\" data-buttons='[\"close\"]' data-wpc_url='https:\/\/www.aarquiteta.com.br\/blog\/wp-content\/uploads\/2023\/09\/balcao-de-cozinha-bem-decorada.png' href=\"https:\/\/www.aarquiteta.com.br\/blog\/wp-content\/uploads\/2023\/09\/balcao-de-cozinha-bem-decorada.png\" data-fancybox=\"wpcp_view\">\n\t\t<figure>\n\t\t\t<img decoding=\"async\" class=\"skip-lazy\" src=\"https:\/\/www.aarquiteta.com.br\/blog\/wp-content\/uploads\/2023\/09\/balcao-de-cozinha-bem-decorada.png\" alt=\"balcao de cozinha bem decorada\" width=\"1024\" height=\"1024\" title=\"\">\t\t<\/figure>\n\t<\/a>\n\t\t<\/div>\n<\/div>\n\t<div class=\"swiper-slide\">\n\t<div class=\"wpcp-single-item\">\n\t\t\t<a class=\"wcp-light-box\" data-buttons='[\"close\"]' data-wpc_url='https:\/\/www.aarquiteta.com.br\/blog\/wp-content\/uploads\/2023\/08\/Cozinha-Pequena-5-Estrategias-para-Aproveitar-Cada-Centimetro.png' href=\"https:\/\/www.aarquiteta.com.br\/blog\/wp-content\/uploads\/2023\/08\/Cozinha-Pequena-5-Estrategias-para-Aproveitar-Cada-Centimetro.png\" data-fancybox=\"wpcp_view\">\n\t\t<figure>\n\t\t\t<img decoding=\"async\" class=\"skip-lazy\" src=\"https:\/\/www.aarquiteta.com.br\/blog\/wp-content\/uploads\/2023\/08\/Cozinha-Pequena-5-Estrategias-para-Aproveitar-Cada-Centimetro.png\" alt=\"Cozinha Pequena 5 Estrat\u00e9gias para Aproveitar Cada Cent\u00edmetro\" width=\"1024\" height=\"1024\" title=\"\">\t\t<\/figure>\n\t<\/a>\n\t\t<\/div>\n<\/div>\n\t<div class=\"swiper-slide\">\n\t<div class=\"wpcp-single-item\">\n\t\t\t<a class=\"wcp-light-box\" data-buttons='[\"close\"]' data-wpc_url='https:\/\/www.aarquiteta.com.br\/blog\/wp-content\/uploads\/2023\/07\/cores-para-parede-da-cozinha-1.png' href=\"https:\/\/www.aarquiteta.com.br\/blog\/wp-content\/uploads\/2023\/07\/cores-para-parede-da-cozinha-1.png\" data-fancybox=\"wpcp_view\">\n\t\t<figure>\n\t\t\t<img decoding=\"async\" class=\"skip-lazy\" src=\"https:\/\/www.aarquiteta.com.br\/blog\/wp-content\/uploads\/2023\/07\/cores-para-parede-da-cozinha-1.png\" alt=\"cores para parede da cozinha\" width=\"1024\" height=\"1024\" title=\"\">\t\t<\/figure>\n\t<\/a>\n\t\t<\/div>\n<\/div>\n\t<div class=\"swiper-slide\">\n\t<div class=\"wpcp-single-item\">\n\t\t\t<a class=\"wcp-light-box\" data-buttons='[\"close\"]' data-wpc_url='https:\/\/www.aarquiteta.com.br\/blog\/wp-content\/uploads\/2022\/12\/armario-de-cozinha-de-parede-1.jpg' href=\"https:\/\/www.aarquiteta.com.br\/blog\/wp-content\/uploads\/2022\/12\/armario-de-cozinha-de-parede-1.jpg\" data-fancybox=\"wpcp_view\">\n\t\t<figure>\n\t\t\t<img decoding=\"async\" class=\"skip-lazy\" src=\"https:\/\/www.aarquiteta.com.br\/blog\/wp-content\/uploads\/2022\/12\/armario-de-cozinha-de-parede-1.jpg\" alt=\"\" width=\"1000\" height=\"776\" title=\"\">\t\t<\/figure>\n\t<\/a>\n\t\t<\/div>\n<\/div>\n\t<div class=\"swiper-slide\">\n\t<div class=\"wpcp-single-item\">\n\t\t\t<a class=\"wcp-light-box\" data-buttons='[\"close\"]' data-wpc_url='https:\/\/www.aarquiteta.com.br\/blog\/wp-content\/uploads\/2023\/07\/como-decorar-sua-cozinha-no-estilo-mediterraneocu14.jpg-GX6I.jpg' href=\"https:\/\/www.aarquiteta.com.br\/blog\/wp-content\/uploads\/2023\/07\/como-decorar-sua-cozinha-no-estilo-mediterraneocu14.jpg-GX6I.jpg\" data-fancybox=\"wpcp_view\">\n\t\t<figure>\n\t\t\t<img decoding=\"async\" class=\"skip-lazy\" src=\"https:\/\/www.aarquiteta.com.br\/blog\/wp-content\/uploads\/2023\/07\/como-decorar-sua-cozinha-no-estilo-mediterraneocu14.jpg-GX6I.jpg\" alt=\"como-decorar-sua-cozinha-no-estilo-mediterraneocu14.jpg-GX6I\" width=\"900\" height=\"620\" title=\"\">\t\t<\/figure>\n\t<\/a>\n\t\t<\/div>\n<\/div>\n\t<div class=\"swiper-slide\">\n\t<div class=\"wpcp-single-item\">\n\t\t\t<a class=\"wcp-light-box\" data-buttons='[\"close\"]' data-wpc_url='https:\/\/www.aarquiteta.com.br\/blog\/wp-content\/uploads\/2023\/06\/Cozinha-pequena-de-apartamento-planejada-2.png' href=\"https:\/\/www.aarquiteta.com.br\/blog\/wp-content\/uploads\/2023\/06\/Cozinha-pequena-de-apartamento-planejada-2.png\" data-fancybox=\"wpcp_view\">\n\t\t<figure>\n\t\t\t<img decoding=\"async\" class=\"skip-lazy\" src=\"https:\/\/www.aarquiteta.com.br\/blog\/wp-content\/uploads\/2023\/06\/Cozinha-pequena-de-apartamento-planejada-2.png\" alt=\"Cozinha pequena de apartamento planejada\" width=\"1024\" height=\"1024\" title=\"\">\t\t<\/figure>\n\t<\/a>\n\t\t<\/div>\n<\/div>\n\t<div class=\"swiper-slide\">\n\t<div class=\"wpcp-single-item\">\n\t\t\t<a class=\"wcp-light-box\" data-buttons='[\"close\"]' data-wpc_url='https:\/\/www.aarquiteta.com.br\/blog\/wp-content\/uploads\/2023\/05\/Cozinha-Pequena-com-Balcao.jpg' href=\"https:\/\/www.aarquiteta.com.br\/blog\/wp-content\/uploads\/2023\/05\/Cozinha-Pequena-com-Balcao.jpg\" data-fancybox=\"wpcp_view\">\n\t\t<figure>\n\t\t\t<img decoding=\"async\" class=\"skip-lazy\" src=\"https:\/\/www.aarquiteta.com.br\/blog\/wp-content\/uploads\/2023\/05\/Cozinha-Pequena-com-Balcao.jpg\" alt=\"Cozinha Pequena com Balc\u00e3o Funcional - 9 Dicas para ganhar cada cent\u00edmetro!\" width=\"1200\" height=\"800\" title=\"\">\t\t<\/figure>\n\t<\/a>\n\t\t<\/div>\n<\/div>\n\t<div class=\"swiper-slide\">\n\t<div class=\"wpcp-single-item\">\n\t\t\t<a class=\"wcp-light-box\" data-buttons='[\"close\"]' data-wpc_url='https:\/\/www.aarquiteta.com.br\/blog\/wp-content\/uploads\/2023\/05\/como-organizar-cozinha-compacta-5.png' href=\"https:\/\/www.aarquiteta.com.br\/blog\/wp-content\/uploads\/2023\/05\/como-organizar-cozinha-compacta-5.png\" data-fancybox=\"wpcp_view\">\n\t\t<figure>\n\t\t\t<img decoding=\"async\" class=\"skip-lazy\" src=\"https:\/\/www.aarquiteta.com.br\/blog\/wp-content\/uploads\/2023\/05\/como-organizar-cozinha-compacta-5.png\" alt=\"12 Truques para manter sua cozinha organizada e visualmente deslumbrante!\" width=\"1456\" height=\"816\" title=\"\">\t\t<\/figure>\n\t<\/a>\n\t\t<\/div>\n<\/div>\n\t<div class=\"swiper-slide\">\n\t<div class=\"wpcp-single-item\">\n\t\t\t<a class=\"wcp-light-box\" data-buttons='[\"close\"]' data-wpc_url='https:\/\/www.aarquiteta.com.br\/blog\/wp-content\/uploads\/2023\/04\/Armarios-de-Cozinha-Cinza-8.jpg' href=\"https:\/\/www.aarquiteta.com.br\/blog\/wp-content\/uploads\/2023\/04\/Armarios-de-Cozinha-Cinza-8.jpg\" data-fancybox=\"wpcp_view\">\n\t\t<figure>\n\t\t\t<img decoding=\"async\" class=\"skip-lazy\" src=\"https:\/\/www.aarquiteta.com.br\/blog\/wp-content\/uploads\/2023\/04\/Armarios-de-Cozinha-Cinza-8.jpg\" alt=\"Arm\u00e1rio de Cozinha Cinza: A Eleg\u00e2ncia que Falta na Sua Casa\" width=\"1200\" height=\"800\" title=\"\">\t\t<\/figure>\n\t<\/a>\n\t\t<\/div>\n<\/div>\n\t<div class=\"swiper-slide\">\n\t<div class=\"wpcp-single-item\">\n\t\t\t<a class=\"wcp-light-box\" data-buttons='[\"close\"]' data-wpc_url='https:\/\/www.aarquiteta.com.br\/blog\/wp-content\/uploads\/2023\/04\/Armarios-de-Cozinha-Cinza-10.jpg' href=\"https:\/\/www.aarquiteta.com.br\/blog\/wp-content\/uploads\/2023\/04\/Armarios-de-Cozinha-Cinza-10.jpg\" data-fancybox=\"wpcp_view\">\n\t\t<figure>\n\t\t\t<img decoding=\"async\" class=\"skip-lazy\" src=\"https:\/\/www.aarquiteta.com.br\/blog\/wp-content\/uploads\/2023\/04\/Armarios-de-Cozinha-Cinza-10.jpg\" alt=\"Arm\u00e1rio de Cozinha Cinza: A Eleg\u00e2ncia que Falta na Sua Casa\" width=\"1200\" height=\"800\" title=\"\">\t\t<\/figure>\n\t<\/a>\n\t\t<\/div>\n<\/div>\n\t\t\t<\/div>\n\t\t\t\t\t<div class=\"wpcp-swiper-dots swiper-pagination\"><\/div>\n\t\t\t\t<!-- If we need navigation buttons -->\n\t\t\t<\/div>\n\t<\/div>\n<\/div>\n\n<p>Leveza e resist\u00eancia definem as portas de alum\u00ednio. S\u00e3o \u00f3timas para quem n\u00e3o quer dor de cabe\u00e7a com ferrugem ou deteriora\u00e7\u00e3o. E ainda tem um qu\u00ea de modernidade, n\u00e9?<\/p>\n<h3>1.4 Portas de a\u00e7o<\/h3>\n<p>Quer seguran\u00e7a? A\u00e7o \u00e9 a palavra! Al\u00e9m de serem duronas, as portas de a\u00e7o t\u00eam um visual que imp\u00f5e respeito. S\u00f3 cuidado para n\u00e3o transformar a cozinha numa fortaleza.<\/p>\n<h3>1.5 Portas de PVC<\/h3>\n<p>Pr\u00e1ticas e econ\u00f4micas, as portas de PVC s\u00e3o f\u00e1ceis de limpar e resistem bem \u00e0 umidade. Uma escolha inteligente para quem quer funcionalidade sem gastar muito.<\/p>\n<h3>1.6 Portas de acr\u00edlico<\/h3>\n<figure style=\"width: 1024px\" class=\"wp-caption aligncenter\"><img decoding=\"async\" src=\"https:\/\/www.aarquiteta.com.br\/blog\/wp-content\/uploads\/2024\/01\/porta-para-cozinha02.jpg\" alt=\"porta para cozinha\" width=\"1024\" height=\"1024\" title=\"\"><figcaption class=\"wp-caption-text\">porta para cozinha<\/figcaption><\/figure>\n<p>Para quem gosta de inovar, as portas de acr\u00edlico s\u00e3o leves, resistentes e t\u00eam um visual bem moderno. S\u00f3 n\u00e3o v\u00e1 se confundir e tentar passar por ela como se fosse o Super-Homem, combinado?<\/p>\n<h3>2.1 Estilo e design<\/h3>\n<p>O estilo da porta deve conversar com a decora\u00e7\u00e3o da sua cozinha. Voc\u00ea \u00e9 mais minimalista ou adora um detalhe mais cl\u00e1ssico? Escolha uma porta que reflita sua personalidade.<\/p>\n<h3>2.2 Durabilidade e resist\u00eancia<\/h3>\n<figure style=\"width: 1024px\" class=\"wp-caption aligncenter\"><img decoding=\"async\" src=\"https:\/\/www.aarquiteta.com.br\/blog\/wp-content\/uploads\/2024\/01\/porta-para-cozinha01.jpg\" alt=\"porta para cozinha\" width=\"1024\" height=\"1024\" title=\"\"><figcaption class=\"wp-caption-text\">porta para cozinha<\/figcaption><\/figure>\n<p>Cozinha \u00e9 lugar de movimento, ent\u00e3o escolha uma porta que aguente o tranco do dia a dia. Pense a longo prazo, beleza?<\/p>\n<h3>2.3 Facilidade de limpeza<\/h3>\n<p>Quem cozinha sabe que a bagun\u00e7a \u00e9 inevit\u00e1vel. Uma porta f\u00e1cil de limpar vai ser sua melhor amiga nas horas de faxina.<\/p>\n<h3>2.4 Seguran\u00e7a<\/h3>\n<figure style=\"width: 1024px\" class=\"wp-caption aligncenter\"><img decoding=\"async\" src=\"https:\/\/www.aarquiteta.com.br\/blog\/wp-content\/uploads\/2024\/01\/porta-para-cozinha03.jpg\" alt=\"porta para cozinha\" width=\"1024\" height=\"1024\" title=\"\"><figcaption class=\"wp-caption-text\">porta para cozinha<\/figcaption><\/figure>\n<p>Seguran\u00e7a nunca \u00e9 demais, principalmente na cozinha, onde acidentes podem acontecer. Portas com vidro temperado ou fechaduras refor\u00e7adas podem ser uma boa pedida.<\/p>\n<h3>2.5 Isolamento t\u00e9rmico e ac\u00fastico<\/h3>\n<p>Se voc\u00ea n\u00e3o quer que o cheiro do alho frito invada a sala, ou que o barulho da batedeira atrapalhe o filme, pense no isolamento t\u00e9rmico e ac\u00fastico da porta.<\/p>\n<h3>2.6 Pre\u00e7o<\/h3>\n<p>O bolso tamb\u00e9m manda, n\u00e9? Equilibre suas necessidades com o quanto est\u00e1 disposto a investir. \u00c0s vezes, vale a pena gastar um pouco mais agora para n\u00e3o ter dor de cabe\u00e7a depois.<\/p>\n<h3>3.1 Limpeza regular<\/h3>\n<p>Mantenha sua porta sempre limpinha! Uma rotina de limpeza evita que a sujeira se acumule e que sua porta perca o charme.<\/p>\n<h3>3.2 Lubrifica\u00e7\u00e3o das dobradi\u00e7as<\/h3>\n<p style=\"text-align: center;\">[amazon table=&#8221;90636&#8243;]\n<p>Ningu\u00e9m merece porta rangendo! Uma gotinha de \u00f3leo nas dobradi\u00e7as de vez em quando faz milagres.<\/p>\n<h3>3.3 Reparo de danos<\/h3>\n<p>Deu ruim? N\u00e3o deixe para depois. Consertar pequenos danos imediatamente pode evitar problemas maiores e mais caros no futuro.<\/p>\n<blockquote><p>Voc\u00ea sabia que a cor da porta pode influenciar no seu humor? Dizem que cores vibrantes trazem energia, enquanto tons mais suaves s\u00e3o relaxantes. Ent\u00e3o, que tal uma porta amarela para come\u00e7ar o dia com o p\u00e9 direito?<\/p><\/blockquote>\n<p>&nbsp;<\/p>\n<h3>Perguntas Frequentes<\/h3>\n<ol>\n<li><strong>Qual \u00e9 o melhor material para uma porta de cozinha?<\/strong>Depende do seu estilo de vida e do que voc\u00ea valoriza. Se quer durabilidade, vai de a\u00e7o ou alum\u00ednio. Se busca um visual aconchegante, madeira \u00e9 uma \u00f3tima escolha. Agora, se a economia \u00e9 prioridade, considere o PVC.<\/li>\n<li><strong>Como escolher o tamanho adequado para a porta da minha cozinha?<\/strong>Me\u00e7a o espa\u00e7o dispon\u00edvel e considere a circula\u00e7\u00e3o. Uma porta muito grande pode atrapalhar, e uma muito pequena pode n\u00e3o ser pr\u00e1tica. E lembre-se: na d\u00favida, consulte um profissional!<\/li>\n<li><strong>Quais s\u00e3o os principais cuidados para manter a porta da cozinha em bom estado?<\/strong>Limpeza \u00e9 fundamental. Al\u00e9m disso, fique de olho nas dobradi\u00e7as e fechaduras, e se aparecer algum arranh\u00e3o ou dano, corre para arrumar!<\/li>\n<\/ol>\n<p>Em resumo, a escolha da porta para a cozinha \u00e9 uma combina\u00e7\u00e3o de gosto pessoal, funcionalidade e or\u00e7amento. N\u00e3o tenha pressa, afinal, uma boa escolha pode fazer toda a diferen\u00e7a no seu dia a dia.<\/p>\n","protected":false},"excerpt":{"rendered":"<p>Explore dicas imperd\u00edveis para uma porta para cozinha deslumbrante. N\u00e3o perca!<\/p>\n","protected":false},"author":102,"featured_media":105113,"comment_status":"closed","ping_status":"closed","sticky":false,"template":"","format":"standard","meta":{"footnotes":""},"categories":[1484],"tags":[],"class_list":["post-105116","post","type-post","status-publish","format-standard","has-post-thumbnail","category-decoracao"],"_wp_attached_file":null,"_wp_attachment_metadata":null,"_wp_attachment_context":null,"_wp_attachment_is_custom_header":null,"geo_longitude":null,"geo_public":null,"geo_latitude":null,"_publicize_done_external":null,"_wpas_done_3897181":null,"publicize_twitter_user":null,"_wpas_done_3897175":null,"_wpas_skip_3897181":null,"_wpas_skip_3897175":null,"_wpas_skip_3924723":null,"_wpas_mess":null,"_wpas_done_3924723":null,"wps_subtitle":"","_links":{"self":[{"href":"https:\/\/www.aarquiteta.com.br\/blog\/wp-json\/wp\/v2\/posts\/105116","targetHints":{"allow":["GET"]}}],"collection":[{"href":"https:\/\/www.aarquiteta.com.br\/blog\/wp-json\/wp\/v2\/posts"}],"about":[{"href":"https:\/\/www.aarquiteta.com.br\/blog\/wp-json\/wp\/v2\/types\/post"}],"author":[{"embeddable":true,"href":"https:\/\/www.aarquiteta.com.br\/blog\/wp-json\/wp\/v2\/users\/102"}],"replies":[{"embeddable":true,"href":"https:\/\/www.aarquiteta.com.br\/blog\/wp-json\/wp\/v2\/comments?post=105116"}],"version-history":[{"count":0,"href":"https:\/\/www.aarquiteta.com.br\/blog\/wp-json\/wp\/v2\/posts\/105116\/revisions"}],"wp:featuredmedia":[{"embeddable":true,"href":"https:\/\/www.aarquiteta.com.br\/blog\/wp-json\/wp\/v2\/media\/105113"}],"wp:attachment":[{"href":"https:\/\/www.aarquiteta.com.br\/blog\/wp-json\/wp\/v2\/media?parent=105116"}],"wp:term":[{"taxonomy":"category","embeddable":true,"href":"https:\/\/www.aarquiteta.com.br\/blog\/wp-json\/wp\/v2\/categories?post=105116"},{"taxonomy":"post_tag","embeddable":true,"href":"https:\/\/www.aarquiteta.com.br\/blog\/wp-json\/wp\/v2\/tags?post=105116"}],"curies":[{"name":"wp","href":"https:\/\/api.w.org\/{rel}","templated":true}]}}