{"id":105111,"date":"2025-04-04T18:00:47","date_gmt":"2025-04-04T21:00:47","guid":{"rendered":"http:\/\/aarquiteta.com.br\/?p=105111"},"modified":"2025-04-04T16:10:14","modified_gmt":"2025-04-04T19:10:14","slug":"moveis-para-jardim","status":"publish","type":"post","link":"https:\/\/www.aarquiteta.com.br\/blog\/moveis-para-jardim\/","title":{"rendered":"Guia Definitivo para Escolher M\u00f3veis para Jardim: Dicas para Beleza, Conforto e Durabilidade"},"content":{"rendered":"<p class=\"\" data-start=\"245\" data-end=\"551\">Transformar seu <a href=\"https:\/\/www.aarquiteta.com.br\/blog\/casa-e-jardim\/\" class=\"ilj-generated-link\">jardim<\/a> em um cantinho especial come\u00e7a pela escolha dos m\u00f3veis certos. Neste guia, voc\u00ea encontrar\u00e1 dicas essenciais para selecionar pe\u00e7as que embelezam o ambiente ao ar livre, s\u00e3o pr\u00e1ticas, duradouras e refletem seu estilo. Preparado para descobrir como valorizar cada detalhe do seu espa\u00e7o?<\/p><h2 class=\"\" data-start=\"553\" data-end=\"612\">1. Crit\u00e9rios Essenciais para Escolher M\u00f3veis para Jardim<\/h2><figure style=\"width: 1024px\" class=\"wp-caption aligncenter\"><img decoding=\"async\" src=\"https:\/\/www.aarquiteta.com.br\/blog\/wp-content\/uploads\/2024\/01\/moveis-para-jardim04.jpg\" alt=\"m\u00f3veis para jardim\" width=\"1024\" height=\"1024\" title=\"\"><figcaption class=\"wp-caption-text\"><a href=\"https:\/\/www.aarquiteta.com.br\/blog\/home-decor\/moveis\/\" class=\"ilj-generated-link\">m\u00f3veis<\/a> para jardim<\/figcaption><\/figure><h3 class=\"\" data-start=\"614\" data-end=\"640\">1.1. Tamanho do Espa\u00e7o<\/h3><p class=\"\" data-start=\"642\" data-end=\"897\">Antes de tudo, me\u00e7a seu jardim. Um espa\u00e7o compacto exige m\u00f3veis menores e mais funcionais, enquanto \u00e1reas amplas permitem conjuntos mais elaborados. Adaptar os m\u00f3veis ao tamanho do ambiente \u00e9 fundamental para criar uma atmosfera harmoniosa e sem exageros.<\/p><h3 class=\"\" data-start=\"899\" data-end=\"923\">1.2. Estilo e Design<\/h3><p class=\"\" data-start=\"925\" data-end=\"1167\">Seu jardim deve refletir sua personalidade! Opte por m\u00f3veis que combinem com o estilo que voc\u00ea deseja, seja <a href=\"https:\/\/www.aarquiteta.com.br\/blog\/decoracao\/estilos-de-decoracao-de-interiores\/estilo-rustico-na-decoracao-de-interiores\/\" class=\"ilj-generated-link\">r\u00fastico<\/a>, moderno ou um mix \u00fanico. Al\u00e9m da est\u00e9tica, \u00e9 importante que o design seja funcional, proporcionando praticidade no dia a dia.<\/p><h3 class=\"\" data-start=\"1169\" data-end=\"1201\">1.3. Material e Durabilidade<\/h3><p class=\"\" data-start=\"1203\" data-end=\"1542\">Considere as condi\u00e7\u00f5es clim\u00e1ticas da sua regi\u00e3o ao escolher o material dos m\u00f3veis. Alum\u00ednio, <a href=\"https:\/\/www.aarquiteta.com.br\/blog\/?s=MADEIRA\">madeira<\/a> e rattan sint\u00e9tico s\u00e3o op\u00e7\u00f5es populares, cada uma com suas vantagens. M\u00f3veis de qualidade garantem durabilidade, permitindo que voc\u00ea aproveite o espa\u00e7o por muitos anos, assim como plantar uma \u00e1rvore que frutifica temporada ap\u00f3s temporada.<\/p><figure style=\"width: 1024px\" class=\"wp-caption aligncenter\"><img decoding=\"async\" src=\"https:\/\/www.aarquiteta.com.br\/blog\/wp-content\/uploads\/2024\/01\/moveis-para-jardim02.jpg\" alt=\"m\u00f3veis para jardim\" width=\"1024\" height=\"1024\" title=\"\"><figcaption class=\"wp-caption-text\">m\u00f3veis para jardim<\/figcaption><\/figure><h3 class=\"\" data-start=\"1544\" data-end=\"1561\">1.4. Conforto<\/h3><p class=\"\" data-start=\"1563\" data-end=\"1826\">Conforto \u00e9 imprescind\u00edvel para aproveitar momentos ao ar livre. Se o objetivo \u00e9 relaxar e aproveitar o ambiente, escolha m\u00f3veis que convidem ao descanso. Sof\u00e1s, poltronas e <a href=\"https:\/\/www.aarquiteta.com.br\/blog\/home-decor\/moveis\/mesas-e-cadeiras\/\" class=\"ilj-generated-link\">cadeiras<\/a> de balan\u00e7o, por exemplo, podem transformar seu jardim em um ref\u00fagio aconchegante.<\/p><h3 class=\"\" data-start=\"1828\" data-end=\"1861\">1.5. Facilidade de Manuten\u00e7\u00e3o<\/h3><p class=\"\" data-start=\"1863\" data-end=\"2046\">M\u00f3veis para jardim devem ser pr\u00e1ticos tamb\u00e9m na manuten\u00e7\u00e3o. Opte por pe\u00e7as que exijam poucos cuidados, permitindo que voc\u00ea aproveite seu espa\u00e7o sem perder tempo com limpezas intensas.<\/p><figure style=\"width: 1024px\" class=\"wp-caption aligncenter\"><img decoding=\"async\" src=\"https:\/\/www.aarquiteta.com.br\/blog\/wp-content\/uploads\/2024\/01\/moveis-para-jardim01.jpg\" alt=\"m\u00f3veis para jardim\" width=\"1024\" height=\"1024\" title=\"\"><figcaption class=\"wp-caption-text\">m\u00f3veis para jardim<\/figcaption><\/figure><h2 class=\"\" data-start=\"2048\" data-end=\"2099\">2. Tipos de M\u00f3veis para Jardim e Suas Aplica\u00e7\u00f5es<\/h2><h3 class=\"\" data-start=\"2101\" data-end=\"2138\">2.1. Conjuntos de Mesa e Cadeiras<\/h3><p class=\"\" data-start=\"2140\" data-end=\"2375\">Ideais para almo\u00e7os de domingo ou caf\u00e9s ao ar livre, os conjuntos de mesa e cadeiras est\u00e3o dispon\u00edveis em diversas op\u00e7\u00f5es, desde os mais simples at\u00e9 os sofisticados com ombrelones, proporcionando versatilidade para diferentes ocasi\u00f5es.<\/p><h3 class=\"\" data-start=\"2377\" data-end=\"2412\">2.2. Sof\u00e1s e Poltronas Externos<\/h3><p class=\"\" data-start=\"2414\" data-end=\"2634\">Perfeitos para criar um cantinho de leitura ou relaxamento, esses m\u00f3veis oferecem conforto e estilo. Com almofadas coloridas, o ambiente ganha vida e personalidade, convidando voc\u00ea a passar horas desfrutando do ar livre.<\/p><h3 class=\"\" data-start=\"2636\" data-end=\"2661\">2.3. Espregui\u00e7adeiras<\/h3><p class=\"\" data-start=\"2663\" data-end=\"2828\">Se o seu objetivo \u00e9 aproveitar o sol, as espregui\u00e7adeiras s\u00e3o essenciais. Elas proporcionam o cen\u00e1rio ideal para um bronzeado relaxante ou uma soneca sob o c\u00e9u azul.<\/p><h3 class=\"\" data-start=\"2830\" data-end=\"2877\">2.4. Bancos, Balan\u00e7os e Cadeiras de Balan\u00e7o<\/h3><p class=\"\" data-start=\"2879\" data-end=\"3072\">Bancos e balan\u00e7os trazem um toque cl\u00e1ssico e nost\u00e1lgico ao jardim. As cadeiras de balan\u00e7o, al\u00e9m de oferecerem conforto, adicionam charme ao ambiente, fazendo com que cada momento seja especial.<\/p><h3 class=\"\" data-start=\"3074\" data-end=\"3109\">2.5. Mesas de Centro e Laterais<\/h3><p class=\"\" data-start=\"3111\" data-end=\"3276\">Essenciais para apoiar um suco gelado ou um livro, as mesas de centro e laterais combinam funcionalidade e estilo, completando a decora\u00e7\u00e3o do seu espa\u00e7o ao ar livre.<\/p><figure style=\"width: 1024px\" class=\"wp-caption aligncenter\"><img decoding=\"async\" src=\"https:\/\/www.aarquiteta.com.br\/blog\/wp-content\/uploads\/2024\/01\/moveis-para-jardim03.jpg\" alt=\"m\u00f3veis para jardim\" width=\"1024\" height=\"1024\" title=\"\"><figcaption class=\"wp-caption-text\">m\u00f3veis para jardim<\/figcaption><\/figure><h2 class=\"\" data-start=\"3278\" data-end=\"3328\">3. Cuidados e Manuten\u00e7\u00e3o dos M\u00f3veis para Jardim<\/h2><h3 class=\"\" data-start=\"3330\" data-end=\"3354\">3.1. Limpeza Regular<\/h3><p class=\"\" data-start=\"3356\" data-end=\"3525\">Uma limpeza semanal mant\u00e9m os m\u00f3veis bonitos e prolonga sua vida \u00fatil. Dedique alguns minutos para remover sujeira e res\u00edduos, garantindo um ambiente sempre convidativo.<\/p><h3 class=\"\" data-start=\"3527\" data-end=\"3563\">3.2. Prote\u00e7\u00e3o Contra Intemp\u00e9ries<\/h3><p class=\"\" data-start=\"3565\" data-end=\"3768\">Utilize coberturas, vernizes e capas protetoras para preservar os m\u00f3veis dos efeitos do sol, chuva e outras condi\u00e7\u00f5es clim\u00e1ticas. Essa pr\u00e1tica protege os materiais e mant\u00e9m seu jardim sempre bem cuidado.<\/p><h3 class=\"\" data-start=\"3770\" data-end=\"3801\">3.3. Armazenamento Adequado<\/h3><p class=\"\" data-start=\"3803\" data-end=\"4023\">Durante per\u00edodos de clima mais rigoroso ou em momentos de viagem, guarde os m\u00f3veis em locais secos e protegidos. Essa a\u00e7\u00e3o garante que eles estejam em perfeitas condi\u00e7\u00f5es para o pr\u00f3ximo uso, preservando seu investimento.<\/p><h2 class=\"\" data-start=\"4025\" data-end=\"4064\">Curiosidade sobre Jardins Hist\u00f3ricos<\/h2><p class=\"\" data-start=\"4066\" data-end=\"4288\">Voc\u00ea sabia que o jardim mais antigo do mundo foi descoberto em Pompeia, datando de cerca de 2.000 anos? Imagine como os m\u00f3veis e a decora\u00e7\u00e3o influenciavam a experi\u00eancia de desfrutar de um espa\u00e7o ao ar livre na antiguidade!<\/p><h2 class=\"\" data-start=\"4290\" data-end=\"4302\">Conclus\u00e3o<\/h2><p class=\"\" data-start=\"4304\" data-end=\"4671\">Escolher os m\u00f3veis ideais para o jardim \u00e9 uma tarefa que une praticidade, estilo e durabilidade. Ao considerar o tamanho do espa\u00e7o, o design, o material, o conforto e a manuten\u00e7\u00e3o, voc\u00ea garante que seu cantinho especial seja perfeito para relaxar e aproveitar bons momentos. Explore as dicas apresentadas e transforme seu jardim em um ambiente encantador e funcional.<\/p>","protected":false},"excerpt":{"rendered":"<p>Explore dicas imperd\u00edveis para uma m\u00f3veis para jardim deslumbrante. N\u00e3o perca!<\/p>\n","protected":false},"author":102,"featured_media":105108,"comment_status":"closed","ping_status":"closed","sticky":false,"template":"","format":"standard","meta":{"footnotes":""},"categories":[1484],"tags":[],"class_list":["post-105111","post","type-post","status-publish","format-standard","has-post-thumbnail","category-decoracao"],"_wp_attached_file":null,"_wp_attachment_metadata":null,"_wp_attachment_context":null,"_wp_attachment_is_custom_header":null,"geo_longitude":null,"geo_public":null,"geo_latitude":null,"_publicize_done_external":null,"_wpas_done_3897181":null,"publicize_twitter_user":null,"_wpas_done_3897175":null,"_wpas_skip_3897181":null,"_wpas_skip_3897175":null,"_wpas_skip_3924723":null,"_wpas_mess":null,"_wpas_done_3924723":null,"wps_subtitle":"","_links":{"self":[{"href":"https:\/\/www.aarquiteta.com.br\/blog\/wp-json\/wp\/v2\/posts\/105111","targetHints":{"allow":["GET"]}}],"collection":[{"href":"https:\/\/www.aarquiteta.com.br\/blog\/wp-json\/wp\/v2\/posts"}],"about":[{"href":"https:\/\/www.aarquiteta.com.br\/blog\/wp-json\/wp\/v2\/types\/post"}],"author":[{"embeddable":true,"href":"https:\/\/www.aarquiteta.com.br\/blog\/wp-json\/wp\/v2\/users\/102"}],"replies":[{"embeddable":true,"href":"https:\/\/www.aarquiteta.com.br\/blog\/wp-json\/wp\/v2\/comments?post=105111"}],"version-history":[{"count":0,"href":"https:\/\/www.aarquiteta.com.br\/blog\/wp-json\/wp\/v2\/posts\/105111\/revisions"}],"wp:featuredmedia":[{"embeddable":true,"href":"https:\/\/www.aarquiteta.com.br\/blog\/wp-json\/wp\/v2\/media\/105108"}],"wp:attachment":[{"href":"https:\/\/www.aarquiteta.com.br\/blog\/wp-json\/wp\/v2\/media?parent=105111"}],"wp:term":[{"taxonomy":"category","embeddable":true,"href":"https:\/\/www.aarquiteta.com.br\/blog\/wp-json\/wp\/v2\/categories?post=105111"},{"taxonomy":"post_tag","embeddable":true,"href":"https:\/\/www.aarquiteta.com.br\/blog\/wp-json\/wp\/v2\/tags?post=105111"}],"curies":[{"name":"wp","href":"https:\/\/api.w.org\/{rel}","templated":true}]}}