{"id":105082,"date":"2024-01-23T10:33:30","date_gmt":"2024-01-23T13:33:30","guid":{"rendered":"http:\/\/aarquiteta.com.br\/transformar-sala-decoracoes-sofisticadas-mercado-livre\/"},"modified":"2024-01-23T10:33:30","modified_gmt":"2024-01-23T13:33:30","slug":"transformar-sala-decoracoes-sofisticadas-mercado-livre","status":"publish","type":"post","link":"https:\/\/www.aarquiteta.com.br\/blog\/transformar-sala-decoracoes-sofisticadas-mercado-livre\/","title":{"rendered":"Transforme sua sala com decora\u00e7\u00f5es sofisticadas do Mercado Livre. Aprenda como montar ambientes incr\u00edveis."},"content":{"rendered":"<p>Quem disse que para ter uma sala de estar que \u00e9 puro luxo e sofistica\u00e7\u00e3o precisa esvaziar o bolso? Hoje, eu, Carol Expl\u00edcita, vou te mostrar que \u00e9 poss\u00edvel criar um ambiente chique e aconchegante usando apenas pe\u00e7as do Mercado Livre. Vou te levar numa jornada de decora\u00e7\u00e3o que mistura o minimalismo escandinavo com o toque oriental do japandi, e o melhor: sem precisar vender um rim para isso. Preparado para transformar sua sala em um verdadeiro o\u00e1sis de bom gosto?<\/p>\n<p>Imagine um <b>sof\u00e1 modulado<\/b> que parece abra\u00e7ar o ambiente, quadros que contam hist\u00f3rias em preto e branco, e lumin\u00e1rias que parecem dan\u00e7ar no ar. Vou te apresentar op\u00e7\u00f5es que v\u00e3o desde um sof\u00e1 gigante de tr\u00eas metros at\u00e9 uma mesinha lateral que \u00e9 pura simpatia. E n\u00e3o para por a\u00ed: temos tapetes que s\u00e3o um carinho nos p\u00e9s, mantas que convidam para um cochilo e, claro, aquela plantinha que traz vida e um sopro de natureza para dentro de casa. Tudo isso com pre\u00e7os que v\u00e3o te fazer abrir um sorriso mais largo que o sof\u00e1 escolhido!<\/p>\n<figure style=\"width: 1024px\" class=\"wp-caption aligncenter\"><img decoding=\"async\" src=\"https:\/\/www.aarquiteta.com.br\/blog\/wp-content\/uploads\/2024\/01\/transformar-sala-decoracoes-sofisticadas-mercado-livre01.jpg\" alt=\"Transforme sua sala com decora\u00e7\u00f5es sofisticadas do Mercado Livre. Aprenda como montar ambientes incr\u00edveis.\" width=\"1024\" height=\"1024\" title=\"\"><figcaption class=\"wp-caption-text\">Transforme sua sala com decora\u00e7\u00f5es sofisticadas do Mercado Livre. Aprenda como montar ambientes incr\u00edveis.<\/figcaption><\/figure>\n<p>Ent\u00e3o, se voc\u00ea est\u00e1 curioso para ver como essa m\u00e1gica acontece, fique ligado no v\u00eddeo completo que est\u00e1 te esperando no final deste artigo. Vou detalhar cada escolha, cada pe\u00e7a, e mostrar o antes e depois que vai fazer voc\u00ea se apaixonar por cada cantinho dessa sala. E o melhor: vou revelar o <b>valor total<\/b> dessa transforma\u00e7\u00e3o que promete ser mais acess\u00edvel do que voc\u00ea imagina. Ser\u00e1 que voc\u00ea vai achar caro ou barato? Vem comigo descobrir!<\/p>\n<h3><b>N\u00e3o perca mais tempo e assista agora como tudo isso \u00e9 feito no v\u00eddeo abaixo!<\/b><\/h3>\n<p>Caso seja necess\u00e1rio, ative as legendas em Portugu\u00eas Brasil, nas configura\u00e7\u00f5es do v\u00eddeo e aproveite!<\/p>\n<div class=\"youtube-embed\" data-video_id=\"PAi7OurLaU8\"><iframe title=\"Sala CHIQUE s\u00f3 com Decora\u00e7\u00f5es do MERCADO LIVRE | MONTANDO AMBIENTES #51\" width=\"696\" height=\"392\" src=\"https:\/\/www.youtube.com\/embed\/PAi7OurLaU8?feature=oembed&#038;enablejsapi=1\" frameborder=\"0\" allow=\"accelerometer; autoplay; clipboard-write; encrypted-media; gyroscope; picture-in-picture; web-share\" allowfullscreen><\/iframe><\/div>\n<p>Espero que tenha encontrado o v\u00eddeo informativo e enriquecedor. <\/p>\n<p>Se gostou do conte\u00fado, n\u00e3o deixe de deslizar para baixo e explorar mais dicas e insights valiosos como este. <\/p>\n<p>Estamos sempre aqui para oferecer informa\u00e7\u00f5es \u00fateis e inspiradoras para voc\u00ea!<\/p>\n<figure style=\"width: 1024px\" class=\"wp-caption aligncenter\"><img decoding=\"async\" src=\"https:\/\/www.aarquiteta.com.br\/blog\/wp-content\/uploads\/2024\/01\/transformar-sala-decoracoes-sofisticadas-mercado-livre02.jpg\" alt=\"Transforme sua sala com decora\u00e7\u00f5es sofisticadas do Mercado Livre. Aprenda como montar ambientes incr\u00edveis.\" width=\"1024\" height=\"1024\" title=\"\"><figcaption class=\"wp-caption-text\">Transforme sua sala com decora\u00e7\u00f5es sofisticadas do Mercado Livre. Aprenda como montar ambientes incr\u00edveis.<\/figcaption><\/figure>\n","protected":false},"excerpt":{"rendered":"<p>Aprenda como transformar sua sala com decora\u00e7\u00f5es sofisticadas do Mercado Livre. Encontre instru\u00e7\u00f5es e sugest\u00f5es para montar ambientes incr\u00edveis e aprender a dar um toque especial ao seu espa\u00e7o. Com as li\u00e7\u00f5es e orienta\u00e7\u00f5es certas, voc\u00ea ser\u00e1 capaz de criar um ambiente \u00fanico e elegante.<\/p>\n","protected":false},"author":102,"featured_media":105080,"comment_status":"closed","ping_status":"closed","sticky":false,"template":"","format":"standard","meta":{"footnotes":""},"categories":[1507,1484],"tags":[],"class_list":["post-105082","post","type-post","status-publish","format-standard","has-post-thumbnail","category-arquitetura","category-decoracao"],"_wp_attached_file":null,"_wp_attachment_metadata":null,"_wp_attachment_context":null,"_wp_attachment_is_custom_header":null,"geo_longitude":null,"geo_public":null,"geo_latitude":null,"_publicize_done_external":null,"_wpas_done_3897181":null,"publicize_twitter_user":null,"_wpas_done_3897175":null,"_wpas_skip_3897181":null,"_wpas_skip_3897175":null,"_wpas_skip_3924723":null,"_wpas_mess":null,"_wpas_done_3924723":null,"wps_subtitle":"","_links":{"self":[{"href":"https:\/\/www.aarquiteta.com.br\/blog\/wp-json\/wp\/v2\/posts\/105082","targetHints":{"allow":["GET"]}}],"collection":[{"href":"https:\/\/www.aarquiteta.com.br\/blog\/wp-json\/wp\/v2\/posts"}],"about":[{"href":"https:\/\/www.aarquiteta.com.br\/blog\/wp-json\/wp\/v2\/types\/post"}],"author":[{"embeddable":true,"href":"https:\/\/www.aarquiteta.com.br\/blog\/wp-json\/wp\/v2\/users\/102"}],"replies":[{"embeddable":true,"href":"https:\/\/www.aarquiteta.com.br\/blog\/wp-json\/wp\/v2\/comments?post=105082"}],"version-history":[{"count":0,"href":"https:\/\/www.aarquiteta.com.br\/blog\/wp-json\/wp\/v2\/posts\/105082\/revisions"}],"wp:featuredmedia":[{"embeddable":true,"href":"https:\/\/www.aarquiteta.com.br\/blog\/wp-json\/wp\/v2\/media\/105080"}],"wp:attachment":[{"href":"https:\/\/www.aarquiteta.com.br\/blog\/wp-json\/wp\/v2\/media?parent=105082"}],"wp:term":[{"taxonomy":"category","embeddable":true,"href":"https:\/\/www.aarquiteta.com.br\/blog\/wp-json\/wp\/v2\/categories?post=105082"},{"taxonomy":"post_tag","embeddable":true,"href":"https:\/\/www.aarquiteta.com.br\/blog\/wp-json\/wp\/v2\/tags?post=105082"}],"curies":[{"name":"wp","href":"https:\/\/api.w.org\/{rel}","templated":true}]}}