{"id":105068,"date":"2024-01-23T10:42:21","date_gmt":"2024-01-23T13:42:21","guid":{"rendered":"http:\/\/aarquiteta.com.br\/?p=105068"},"modified":"2024-07-03T16:13:31","modified_gmt":"2024-07-03T19:13:31","slug":"espelho-quadrado","status":"publish","type":"post","link":"https:\/\/www.aarquiteta.com.br\/blog\/espelho-quadrado\/","title":{"rendered":"Espelho Quadrado: 5 Dicas Para Decorar e Ampliar Seus Ambientes."},"content":{"rendered":"<p>Quando se trata de decorar a nossa casa, cada detalhe conta, n\u00e3o \u00e9 mesmo? E um desses detalhes, que pode fazer toda a diferen\u00e7a, \u00e9 o espelho quadrado. Al\u00e9m de ser um objeto funcional, ele tem o poder de transformar ambientes, trazendo estilo, eleg\u00e2ncia e a sensa\u00e7\u00e3o de amplitude. Vamos explorar juntos como esse elemento pode ser um verdadeiro jogo de cintura na decora\u00e7\u00e3o!<\/p>\n<ul>\n<li><strong>Estilo e eleg\u00e2ncia:<\/strong> Um toque de sofistica\u00e7\u00e3o que combina com diversos ambientes.<\/li>\n<li><strong>Versatilidade na decora\u00e7\u00e3o:<\/strong> Se encaixa em diferentes estilos, do cl\u00e1ssico ao moderno.<\/li>\n<li><strong>Amplia\u00e7\u00e3o de espa\u00e7os:<\/strong> A ilus\u00e3o de \u00f3tica que faz o espa\u00e7o parecer maior.<\/li>\n<\/ul>\n<h3>1. Estilo e eleg\u00e2ncia<\/h3>\n<figure style=\"width: 1024px\" class=\"wp-caption aligncenter\"><img decoding=\"async\" src=\"https:\/\/www.aarquiteta.com.br\/blog\/wp-content\/uploads\/2024\/01\/espelho-quadrado04.jpg\" alt=\"espelho quadrado\" width=\"1024\" height=\"1024\" title=\"\"><figcaption class=\"wp-caption-text\">espelho quadrado<\/figcaption><\/figure>\n<p>Um espelho quadrado \u00e9 como aquele blazer preto b\u00e1sico que nunca sai de moda: sempre cai bem. Ele adiciona um toque de refinamento sem esfor\u00e7o, seja qual for o c\u00f4modo. E o melhor de tudo \u00e9 que ele reflete n\u00e3o s\u00f3 a nossa imagem, mas tamb\u00e9m a nossa personalidade na decora\u00e7\u00e3o.<\/p>\n<h3>2. Versatilidade na decora\u00e7\u00e3o<\/h3>\n<p>Se tem uma coisa que o espelho quadrado sabe fazer \u00e9 se adaptar. Ele pode ser o centro das aten\u00e7\u00f5es ou aquele coadjuvante que faz toda a diferen\u00e7a. E n\u00e3o importa se a sua casa tem uma pegada mais retr\u00f4 ou futurista, ele vai se encaixar como uma luva.<\/p>\n<h3>3. Amplia\u00e7\u00e3o de espa\u00e7os<\/h3>\n<style id=\"wp_carousel_dynamic_css104045\">.sp-wp-carousel-free-id-104045.wpcf-fancybox-wrapper .fancybox-bg{background: #0b0b0b;opacity: 0.8;}.sp-wp-carousel-free-id-104045.wpcf-fancybox-wrapper .fancybox-navigation .fancybox-button .wpcp-fancybox-nav-arrow i {color: #ccc;}.sp-wp-carousel-free-id-104045.wpcf-fancybox-wrapper .fancybox-navigation .fancybox-button .wpcp-fancybox-nav-arrow i:hover {color: #fff;}.sp-wp-carousel-free-id-104045.wpcf-fancybox-wrapper .fancybox-navigation .fancybox-button {background: #1e1e1e;}.sp-wp-carousel-free-id-104045.wpcf-fancybox-wrapper .fancybox-navigation .fancybox-button:hover {background: #1e1e1e;}#sp-wp-carousel-free-id-104045 .wpcp-swiper-dots {margin: 40px 0px 0px 0px;}.wpcp-wrapper-104045 .swiper-wrapper .swiper-slide-kenburn, .wpcp-wrapper-104045 .swiper-wrapper, .wpcp-wrapper-104045 .wpcpro-row{align-items: center;}#sp-wp-carousel-free-id-104045 .wpcp-single-item {box-shadow: 0px 0px 0px 0px #dddddd;transition: all .3s;margin: 0px;}#sp-wp-carousel-free-id-104045.swiper-flip .wpcp-single-item{margin: 0!important;}#sp-wp-carousel-free-id-104045 .wpcp-single-item:hover {box-shadow: 0px 0px 0px 0px #dddddd;}#sp-wp-carousel-free-id-104045.sp-wpcp-104045 .wpcp-single-item {border: 1px solid #dddddd;}#sp-wp-carousel-free-id-104045.sp-wpcp-104045 .swiper-button-prev,#sp-wp-carousel-free-id-104045.sp-wpcp-104045 .swiper-button-next,#sp-wp-carousel-free-id-104045.sp-wpcp-104045 .swiper-button-prev:hover,#sp-wp-carousel-free-id-104045.sp-wpcp-104045 .swiper-button-next:hover {background: none;border: none;font-size: 30px;}#sp-wp-carousel-free-id-104045.sp-wpcp-104045 .swiper-button-prev i,#sp-wp-carousel-free-id-104045.sp-wpcp-104045 .swiper-button-next i {color: #aaa;}#sp-wp-carousel-free-id-104045.sp-wpcp-104045 .swiper-button-prev i:hover,#sp-wp-carousel-free-id-104045.sp-wpcp-104045 .swiper-button-next i:hover {color: #178087;}#sp-wp-carousel-free-id-104045.sp-wpcp-104045 .wpcp-swiper-dots .swiper-pagination-bullet {background-color: #cccccc;}#sp-wp-carousel-free-id-104045.sp-wpcp-104045 .wpcp-swiper-dots .swiper-pagination-bullet.swiper-pagination-bullet-active {background-color: #178087;} #sp-wp-carousel-free-id-104045.sp-wpcp-104045.wpcp-image-carousel .wpcp-single-item:hover img, #sp-wp-carousel-free-id-104045.sp-wpcp-104045.wpcp-post-carousel .wpcp-single-item:hover img, #sp-wp-carousel-free-id-104045.sp-wpcp-104045.wpcp-product-carousel .wpcp-single-item:hover img{-webkit-transform: scale(1.2);-moz-transform: scale(1.2);transform: scale(1.2);}#sp-wp-carousel-free-id-104045 .wpcpro-row>[class*=\"wpcpro-col-\"] { padding: 0 10px; padding-bottom: 20px;} #sp-wp-carousel-free-id-104045 .swiper-slide .single-item-fade:not(:last-child) { margin-right: 20px;}@media (min-width: 480px) { .wpcpro-row .wpcpro-col-sm-1 { flex: 0 0 100%; max-width: 100%; } .wpcpro-row .wpcpro-col-sm-2 { flex: 0 0 50%; max-width: 50%; } .wpcpro-row .wpcpro-col-sm-2-5 { flex: 0 0 75%; max-width: 75%; } .wpcpro-row .wpcpro-col-sm-3 { flex: 0 0 33.333%; max-width: 33.333%; } .wpcpro-row .wpcpro-col-sm-4 { flex: 0 0 25%; max-width: 25%; } .wpcpro-row .wpcpro-col-sm-5 { flex: 0 0 20%; max-width: 20%; } .wpcpro-row .wpcpro-col-sm-6 { flex: 0 0 16.66666666666667%; max-width: 16.66666666666667%; } .wpcpro-row .wpcpro-col-sm-7 { flex: 0 0 14.28571428%; max-width: 14.28571428%; } .wpcpro-row .wpcpro-col-sm-8 { flex: 0 0 12.5%; max-width: 12.5%; } } @media (max-width: 480px) { .wpcpro-row .wpcpro-col-xs-1 { flex: 0 0 100%; max-width: 100%; } .wpcpro-row .wpcpro-col-xs-2 { flex: 0 0 50%; max-width: 50%; } .wpcpro-row .wpcpro-col-xs-3 { flex: 0 0 33.222%; max-width: 33.222%; } .wpcpro-row .wpcpro-col-xs-4 { flex: 0 0 25%; max-width: 25%; } .wpcpro-row .wpcpro-col-xs-5 { flex: 0 0 20%; max-width: 20%; } .wpcpro-row .wpcpro-col-xs-6 { flex: 0 0 16.6667%; max-width: 16.6667%; } .wpcpro-row .wpcpro-col-xs-7 { flex: 0 0 14.28571428%; max-width: 14.28571428%; } .wpcpro-row .wpcpro-col-xs-8 { flex: 0 0 12.5%; max-width: 12.5%; } } @media (min-width: 736px) { .wpcpro-row .wpcpro-col-md-1 { flex: 0 0 100%; max-width: 100%; } .wpcpro-row .wpcpro-col-md-2 { flex: 0 0 50%; max-width: 50%; } .wpcpro-row .wpcpro-col-md-2-5 { flex: 0 0 75%; max-width: 75%; } .wpcpro-row .wpcpro-col-md-3 { flex: 0 0 33.333%; max-width: 33.333%; } .wpcpro-row .wpcpro-col-md-4 { flex: 0 0 25%; max-width: 25%; } .wpcpro-row .wpcpro-col-md-5 { flex: 0 0 20%; max-width: 20%; } .wpcpro-row .wpcpro-col-md-6 { flex: 0 0 16.66666666666667%; max-width: 16.66666666666667%; } .wpcpro-row .wpcpro-col-md-7 { flex: 0 0 14.28571428%; max-width: 14.28571428%; } .wpcpro-row .wpcpro-col-md-8 { flex: 0 0 12.5%; max-width: 12.5%; } } @media (min-width: 980px) { .wpcpro-row .wpcpro-col-lg-1 { flex: 0 0 100%; max-width: 100%; } .wpcpro-row .wpcpro-col-lg-2 { flex: 0 0 50%; max-width: 50%; } .wpcpro-row .wpcpro-col-lg-3 { flex: 0 0 33.222%; max-width: 33.222%; } .wpcpro-row .wpcpro-col-lg-4 { flex: 0 0 25%; max-width: 25%; } .wpcpro-row .wpcpro-col-lg-5 { flex: 0 0 20%; max-width: 20%; } .wpcpro-row .wpcpro-col-lg-6 { flex: 0 0 16.6667%; max-width: 16.6667%; } .wpcpro-row .wpcpro-col-lg-7 { flex: 0 0 14.28571428%; max-width: 14.28571428%; } .wpcpro-row .wpcpro-col-lg-8 { flex: 0 0 12.5%; max-width: 12.5%; } } @media (min-width: 1200px) { .wpcpro-row .wpcpro-col-xl-1 { flex: 0 0 100%; max-width: 100%; } .wpcpro-row .wpcpro-col-xl-2 { flex: 0 0 50%; max-width: 50%; } .wpcpro-row .wpcpro-col-xl-3 { flex: 0 0 33.22222222%; max-width: 33.22222222%; } .wpcpro-row .wpcpro-col-xl-4 { flex: 0 0 25%; max-width: 25%; } .wpcpro-row .wpcpro-col-xl-5 { flex: 0 0 20%; max-width: 20%; } .wpcpro-row .wpcpro-col-xl-6 { flex: 0 0 16.66667%; max-width: 16.66667%; } .wpcpro-row .wpcpro-col-xl-7 { flex: 0 0 14.28571428%; max-width: 14.28571428%; } .wpcpro-row .wpcpro-col-xl-8 { flex: 0 0 12.5%; max-width: 12.5%; } }<\/style><div class=\"wpcp-carousel-wrapper wpcp-wrapper-104045\">\n\t<div id=\"wpcp-preloader-104045\" class=\"wpcp-carousel-preloader\"><img decoding=\"async\" src=\"https:\/\/www.aarquiteta.com.br\/blog\/wp-content\/plugins\/wp-carousel-free\/public\/css\/spinner.svg\" alt=\"Preloader Image\" title=\"\"><\/div>\t<div class=\"wpcp-carousel-content-wrapper\">\n\t<div id=\"sp-wp-carousel-free-id-104045\" class=\"wpcp-carousel-section sp-wpcp-104045  nav-vertical-center wpcp-image-carousel wpcp-preloader wpcp-standard\" data-swiper='{ &quot;pagination_type&quot;: &quot;dots&quot;,&quot;accessibility&quot;:true, &quot;spaceBetween&quot;:20, &quot;arrows&quot;:false, &quot;freeMode&quot;: false, &quot;autoplay&quot;:true, &quot;effect&quot;: &quot;&quot;, &quot;centerMode&quot;: false, &quot;autoplaySpeed&quot;:3000, &quot;dots&quot;:true, &quot;infinite&quot;:true, &quot;speed&quot;:600, &quot;pauseOnHover&quot;:true,\n\t\t\t&quot;slidesToShow&quot;:{&quot;lg_desktop&quot;:5, &quot;desktop&quot;: 4, &quot;laptop&quot;: 3, &quot;tablet&quot;: 2, &quot;mobile&quot;: 1}, &quot;responsive&quot;:{&quot;desktop&quot;:1200, &quot;laptop&quot;: 980, &quot;tablet&quot;: 736, &quot;mobile&quot;: 480}, &quot;rtl&quot;:false, &quot;lazyLoad&quot;: &quot;false&quot;, &quot;swipe&quot;: true, &quot;draggable&quot;: true, &quot;swipeToSlide&quot;:false }' dir=\"ltr\">\n\t\t<div class=\"swiper-wrapper\">\n\t\t<div class=\"swiper-slide\">\n\t<div class=\"wpcp-single-item\">\n\t\t\t<a class=\"wcp-light-box\" data-buttons='[\"close\"]' data-wpc_url='https:\/\/www.aarquiteta.com.br\/blog\/wp-content\/uploads\/2023\/12\/5-Itens-de-Decoracao-que-Viraram-Icones-em-Filmes-Famosos02.jpg' href=\"https:\/\/www.aarquiteta.com.br\/blog\/wp-content\/uploads\/2023\/12\/5-Itens-de-Decoracao-que-Viraram-Icones-em-Filmes-Famosos02.jpg\" data-fancybox=\"wpcp_view\">\n\t\t<figure>\n\t\t\t<img decoding=\"async\" class=\"skip-lazy\" src=\"https:\/\/www.aarquiteta.com.br\/blog\/wp-content\/uploads\/2023\/12\/5-Itens-de-Decoracao-que-Viraram-Icones-em-Filmes-Famosos02.jpg\" alt=\"5 Itens de Decora\u00e7\u00e3o que Viraram \u00cdcones em Filmes Famosos\" width=\"1024\" height=\"1024\" title=\"\">\t\t<\/figure>\n\t<\/a>\n\t\t<\/div>\n<\/div>\n\t<div class=\"swiper-slide\">\n\t<div class=\"wpcp-single-item\">\n\t\t\t<a class=\"wcp-light-box\" data-buttons='[\"close\"]' data-wpc_url='https:\/\/www.aarquiteta.com.br\/blog\/wp-content\/uploads\/2023\/12\/5-Itens-de-Decoracao-que-Viraram-Icones-em-Filmes-Famosos01.jpg' href=\"https:\/\/www.aarquiteta.com.br\/blog\/wp-content\/uploads\/2023\/12\/5-Itens-de-Decoracao-que-Viraram-Icones-em-Filmes-Famosos01.jpg\" data-fancybox=\"wpcp_view\">\n\t\t<figure>\n\t\t\t<img decoding=\"async\" class=\"skip-lazy\" src=\"https:\/\/www.aarquiteta.com.br\/blog\/wp-content\/uploads\/2023\/12\/5-Itens-de-Decoracao-que-Viraram-Icones-em-Filmes-Famosos01.jpg\" alt=\"5 Itens de Decora\u00e7\u00e3o que Viraram \u00cdcones em Filmes Famosos\" width=\"1024\" height=\"1024\" title=\"\">\t\t<\/figure>\n\t<\/a>\n\t\t<\/div>\n<\/div>\n\t<div class=\"swiper-slide\">\n\t<div class=\"wpcp-single-item\">\n\t\t\t<a class=\"wcp-light-box\" data-buttons='[\"close\"]' data-wpc_url='https:\/\/www.aarquiteta.com.br\/blog\/wp-content\/uploads\/2023\/12\/5-Itens-de-Decoracao-que-Viraram-Icones-em-Filmes-Famosos04.jpg' href=\"https:\/\/www.aarquiteta.com.br\/blog\/wp-content\/uploads\/2023\/12\/5-Itens-de-Decoracao-que-Viraram-Icones-em-Filmes-Famosos04.jpg\" data-fancybox=\"wpcp_view\">\n\t\t<figure>\n\t\t\t<img decoding=\"async\" class=\"skip-lazy\" src=\"https:\/\/www.aarquiteta.com.br\/blog\/wp-content\/uploads\/2023\/12\/5-Itens-de-Decoracao-que-Viraram-Icones-em-Filmes-Famosos04.jpg\" alt=\"5 Itens de Decora\u00e7\u00e3o que Viraram \u00cdcones em Filmes Famosos\" width=\"1024\" height=\"1024\" title=\"\">\t\t<\/figure>\n\t<\/a>\n\t\t<\/div>\n<\/div>\n\t<div class=\"swiper-slide\">\n\t<div class=\"wpcp-single-item\">\n\t\t\t<a class=\"wcp-light-box\" data-buttons='[\"close\"]' data-wpc_url='https:\/\/www.aarquiteta.com.br\/blog\/wp-content\/uploads\/2023\/12\/5-Itens-de-Decoracao-que-Viraram-Icones-em-Filmes-Famosos03.jpg' href=\"https:\/\/www.aarquiteta.com.br\/blog\/wp-content\/uploads\/2023\/12\/5-Itens-de-Decoracao-que-Viraram-Icones-em-Filmes-Famosos03.jpg\" data-fancybox=\"wpcp_view\">\n\t\t<figure>\n\t\t\t<img decoding=\"async\" class=\"skip-lazy\" src=\"https:\/\/www.aarquiteta.com.br\/blog\/wp-content\/uploads\/2023\/12\/5-Itens-de-Decoracao-que-Viraram-Icones-em-Filmes-Famosos03.jpg\" alt=\"5 Itens de Decora\u00e7\u00e3o que Viraram \u00cdcones em Filmes Famosos\" width=\"1024\" height=\"1024\" title=\"\">\t\t<\/figure>\n\t<\/a>\n\t\t<\/div>\n<\/div>\n\t<div class=\"swiper-slide\">\n\t<div class=\"wpcp-single-item\">\n\t\t\t<a class=\"wcp-light-box\" data-buttons='[\"close\"]' data-wpc_url='https:\/\/www.aarquiteta.com.br\/blog\/wp-content\/uploads\/2023\/12\/5-dicas-de-decoracao-para-mini-salas04.jpg' href=\"https:\/\/www.aarquiteta.com.br\/blog\/wp-content\/uploads\/2023\/12\/5-dicas-de-decoracao-para-mini-salas04.jpg\" data-fancybox=\"wpcp_view\">\n\t\t<figure>\n\t\t\t<img decoding=\"async\" class=\"skip-lazy\" src=\"https:\/\/www.aarquiteta.com.br\/blog\/wp-content\/uploads\/2023\/12\/5-dicas-de-decoracao-para-mini-salas04.jpg\" alt=\"5 dicas de decora\u00e7\u00e3o para mini salas\" width=\"1024\" height=\"1024\" title=\"\">\t\t<\/figure>\n\t<\/a>\n\t\t<\/div>\n<\/div>\n\t<div class=\"swiper-slide\">\n\t<div class=\"wpcp-single-item\">\n\t\t\t<a class=\"wcp-light-box\" data-buttons='[\"close\"]' data-wpc_url='https:\/\/www.aarquiteta.com.br\/blog\/wp-content\/uploads\/2023\/12\/5-dicas-de-decoracao-para-mini-salas03.jpg' href=\"https:\/\/www.aarquiteta.com.br\/blog\/wp-content\/uploads\/2023\/12\/5-dicas-de-decoracao-para-mini-salas03.jpg\" data-fancybox=\"wpcp_view\">\n\t\t<figure>\n\t\t\t<img decoding=\"async\" class=\"skip-lazy\" src=\"https:\/\/www.aarquiteta.com.br\/blog\/wp-content\/uploads\/2023\/12\/5-dicas-de-decoracao-para-mini-salas03.jpg\" alt=\"5 dicas de decora\u00e7\u00e3o para mini salas\" width=\"1024\" height=\"1024\" title=\"\">\t\t<\/figure>\n\t<\/a>\n\t\t<\/div>\n<\/div>\n\t<div class=\"swiper-slide\">\n\t<div class=\"wpcp-single-item\">\n\t\t\t<a class=\"wcp-light-box\" data-buttons='[\"close\"]' data-wpc_url='https:\/\/www.aarquiteta.com.br\/blog\/wp-content\/uploads\/2023\/12\/5-dicas-de-decoracao-para-mini-salas02.jpg' href=\"https:\/\/www.aarquiteta.com.br\/blog\/wp-content\/uploads\/2023\/12\/5-dicas-de-decoracao-para-mini-salas02.jpg\" data-fancybox=\"wpcp_view\">\n\t\t<figure>\n\t\t\t<img decoding=\"async\" class=\"skip-lazy\" src=\"https:\/\/www.aarquiteta.com.br\/blog\/wp-content\/uploads\/2023\/12\/5-dicas-de-decoracao-para-mini-salas02.jpg\" alt=\"5 dicas de decora\u00e7\u00e3o para mini salas\" width=\"1024\" height=\"1024\" title=\"\">\t\t<\/figure>\n\t<\/a>\n\t\t<\/div>\n<\/div>\n\t<div class=\"swiper-slide\">\n\t<div class=\"wpcp-single-item\">\n\t\t\t<a class=\"wcp-light-box\" data-buttons='[\"close\"]' data-wpc_url='https:\/\/www.aarquiteta.com.br\/blog\/wp-content\/uploads\/2023\/12\/5-dicas-de-decoracao-para-mini-salas01.jpg' href=\"https:\/\/www.aarquiteta.com.br\/blog\/wp-content\/uploads\/2023\/12\/5-dicas-de-decoracao-para-mini-salas01.jpg\" data-fancybox=\"wpcp_view\">\n\t\t<figure>\n\t\t\t<img decoding=\"async\" class=\"skip-lazy\" src=\"https:\/\/www.aarquiteta.com.br\/blog\/wp-content\/uploads\/2023\/12\/5-dicas-de-decoracao-para-mini-salas01.jpg\" alt=\"5 dicas de decora\u00e7\u00e3o para mini salas\" width=\"1024\" height=\"1024\" title=\"\">\t\t<\/figure>\n\t<\/a>\n\t\t<\/div>\n<\/div>\n\t<div class=\"swiper-slide\">\n\t<div class=\"wpcp-single-item\">\n\t\t\t<a class=\"wcp-light-box\" data-buttons='[\"close\"]' data-wpc_url='https:\/\/www.aarquiteta.com.br\/blog\/wp-content\/uploads\/2023\/12\/5-dicas-de-Como-Modernizar-a-Decoracao-e-Evitar-Elementos-que-Envelhecem-sua-Casa-2.jpg' href=\"https:\/\/www.aarquiteta.com.br\/blog\/wp-content\/uploads\/2023\/12\/5-dicas-de-Como-Modernizar-a-Decoracao-e-Evitar-Elementos-que-Envelhecem-sua-Casa-2.jpg\" data-fancybox=\"wpcp_view\">\n\t\t<figure>\n\t\t\t<img decoding=\"async\" class=\"skip-lazy\" src=\"https:\/\/www.aarquiteta.com.br\/blog\/wp-content\/uploads\/2023\/12\/5-dicas-de-Como-Modernizar-a-Decoracao-e-Evitar-Elementos-que-Envelhecem-sua-Casa-2.jpg\" alt=\"5 dicas de Como Modernizar a Decora\u00e7\u00e3o e Evitar Elementos que Envelhecem sua Casa\" width=\"1024\" height=\"1024\" title=\"\">\t\t<\/figure>\n\t<\/a>\n\t\t<\/div>\n<\/div>\n\t<div class=\"swiper-slide\">\n\t<div class=\"wpcp-single-item\">\n\t\t\t<a class=\"wcp-light-box\" data-buttons='[\"close\"]' data-wpc_url='https:\/\/www.aarquiteta.com.br\/blog\/wp-content\/uploads\/2023\/12\/5-dicas-de-Como-Modernizar-a-Decoracao-e-Evitar-Elementos-que-Envelhecem-sua-Casa-3.jpg' href=\"https:\/\/www.aarquiteta.com.br\/blog\/wp-content\/uploads\/2023\/12\/5-dicas-de-Como-Modernizar-a-Decoracao-e-Evitar-Elementos-que-Envelhecem-sua-Casa-3.jpg\" data-fancybox=\"wpcp_view\">\n\t\t<figure>\n\t\t\t<img decoding=\"async\" class=\"skip-lazy\" src=\"https:\/\/www.aarquiteta.com.br\/blog\/wp-content\/uploads\/2023\/12\/5-dicas-de-Como-Modernizar-a-Decoracao-e-Evitar-Elementos-que-Envelhecem-sua-Casa-3.jpg\" alt=\"5 dicas de Como Modernizar a Decora\u00e7\u00e3o e Evitar Elementos que Envelhecem sua Casa\" width=\"1024\" height=\"1024\" title=\"\">\t\t<\/figure>\n\t<\/a>\n\t\t<\/div>\n<\/div>\n\t<div class=\"swiper-slide\">\n\t<div class=\"wpcp-single-item\">\n\t\t\t<a class=\"wcp-light-box\" data-buttons='[\"close\"]' data-wpc_url='https:\/\/www.aarquiteta.com.br\/blog\/wp-content\/uploads\/2023\/12\/10-Erros-Comuns-de-Decoracao-que-Voce-Deve-Evitar-em-Sua-Casa.jpg' href=\"https:\/\/www.aarquiteta.com.br\/blog\/wp-content\/uploads\/2023\/12\/10-Erros-Comuns-de-Decoracao-que-Voce-Deve-Evitar-em-Sua-Casa.jpg\" data-fancybox=\"wpcp_view\">\n\t\t<figure>\n\t\t\t<img decoding=\"async\" class=\"skip-lazy\" src=\"https:\/\/www.aarquiteta.com.br\/blog\/wp-content\/uploads\/2023\/12\/10-Erros-Comuns-de-Decoracao-que-Voce-Deve-Evitar-em-Sua-Casa.jpg\" alt=\"10 Erros Comuns de Decora\u00e7\u00e3o que Voc\u00ea Deve Evitar em Sua Casa\" width=\"1024\" height=\"1024\" title=\"\">\t\t<\/figure>\n\t<\/a>\n\t\t<\/div>\n<\/div>\n\t<div class=\"swiper-slide\">\n\t<div class=\"wpcp-single-item\">\n\t\t\t<a class=\"wcp-light-box\" data-buttons='[\"close\"]' data-wpc_url='https:\/\/www.aarquiteta.com.br\/blog\/wp-content\/uploads\/2023\/12\/Transforme-Sua-Casa-com-Elegancia-10-Dicas-Incriveis-para-uma-Decoracao-Chique-e-Economica.jpg' href=\"https:\/\/www.aarquiteta.com.br\/blog\/wp-content\/uploads\/2023\/12\/Transforme-Sua-Casa-com-Elegancia-10-Dicas-Incriveis-para-uma-Decoracao-Chique-e-Economica.jpg\" data-fancybox=\"wpcp_view\">\n\t\t<figure>\n\t\t\t<img decoding=\"async\" class=\"skip-lazy\" src=\"https:\/\/www.aarquiteta.com.br\/blog\/wp-content\/uploads\/2023\/12\/Transforme-Sua-Casa-com-Elegancia-10-Dicas-Incriveis-para-uma-Decoracao-Chique-e-Economica.jpg\" alt=\"Transforme Sua Casa com Eleg\u00e2ncia 10 Dicas Incr\u00edveis para uma Decora\u00e7\u00e3o Chique e Econ\u00f4mica\" width=\"1024\" height=\"1024\" title=\"\">\t\t<\/figure>\n\t<\/a>\n\t\t<\/div>\n<\/div>\n\t<div class=\"swiper-slide\">\n\t<div class=\"wpcp-single-item\">\n\t\t\t<a class=\"wcp-light-box\" data-buttons='[\"close\"]' data-wpc_url='https:\/\/www.aarquiteta.com.br\/blog\/wp-content\/uploads\/2023\/12\/decoracaoa-chique-1.jpg' href=\"https:\/\/www.aarquiteta.com.br\/blog\/wp-content\/uploads\/2023\/12\/decoracaoa-chique-1.jpg\" data-fancybox=\"wpcp_view\">\n\t\t<figure>\n\t\t\t<img decoding=\"async\" class=\"skip-lazy\" src=\"https:\/\/www.aarquiteta.com.br\/blog\/wp-content\/uploads\/2023\/12\/decoracaoa-chique-1.jpg\" alt=\"Transforme Sua Casa com Eleg\u00e2ncia 10 Dicas Incr\u00edveis para uma Decora\u00e7\u00e3o Chique e Econ\u00f4mica\" width=\"923\" height=\"928\" title=\"\">\t\t<\/figure>\n\t<\/a>\n\t\t<\/div>\n<\/div>\n\t<div class=\"swiper-slide\">\n\t<div class=\"wpcp-single-item\">\n\t\t\t<a class=\"wcp-light-box\" data-buttons='[\"close\"]' data-wpc_url='https:\/\/www.aarquiteta.com.br\/blog\/wp-content\/uploads\/2023\/12\/Decoracao-Desatualizada-10-Itens-que-Voce-Deve-Evitar-para-Manter-sua-Casa-Moderna-e-Atraente-2.jpg' href=\"https:\/\/www.aarquiteta.com.br\/blog\/wp-content\/uploads\/2023\/12\/Decoracao-Desatualizada-10-Itens-que-Voce-Deve-Evitar-para-Manter-sua-Casa-Moderna-e-Atraente-2.jpg\" data-fancybox=\"wpcp_view\">\n\t\t<figure>\n\t\t\t<img decoding=\"async\" class=\"skip-lazy\" src=\"https:\/\/www.aarquiteta.com.br\/blog\/wp-content\/uploads\/2023\/12\/Decoracao-Desatualizada-10-Itens-que-Voce-Deve-Evitar-para-Manter-sua-Casa-Moderna-e-Atraente-2.jpg\" alt=\"Decora\u00e7\u00e3o Desatualizada 10 Itens que Voc\u00ea Deve Evitar para Manter sua Casa Moderna e Atraente\" width=\"925\" height=\"925\" title=\"\">\t\t<\/figure>\n\t<\/a>\n\t\t<\/div>\n<\/div>\n\t<div class=\"swiper-slide\">\n\t<div class=\"wpcp-single-item\">\n\t\t\t<a class=\"wcp-light-box\" data-buttons='[\"close\"]' data-wpc_url='https:\/\/www.aarquiteta.com.br\/blog\/wp-content\/uploads\/2023\/12\/Decoracao-Desatualizada-10-Itens-que-Voce-Deve-Evitar-para-Manter-sua-Casa-Moderna-e-Atraente-1.jpg' href=\"https:\/\/www.aarquiteta.com.br\/blog\/wp-content\/uploads\/2023\/12\/Decoracao-Desatualizada-10-Itens-que-Voce-Deve-Evitar-para-Manter-sua-Casa-Moderna-e-Atraente-1.jpg\" data-fancybox=\"wpcp_view\">\n\t\t<figure>\n\t\t\t<img decoding=\"async\" class=\"skip-lazy\" src=\"https:\/\/www.aarquiteta.com.br\/blog\/wp-content\/uploads\/2023\/12\/Decoracao-Desatualizada-10-Itens-que-Voce-Deve-Evitar-para-Manter-sua-Casa-Moderna-e-Atraente-1.jpg\" alt=\"Decora\u00e7\u00e3o Desatualizada 10 Itens que Voc\u00ea Deve Evitar para Manter sua Casa Moderna e Atraente\" width=\"1024\" height=\"1024\" title=\"\">\t\t<\/figure>\n\t<\/a>\n\t\t<\/div>\n<\/div>\n\t<div class=\"swiper-slide\">\n\t<div class=\"wpcp-single-item\">\n\t\t\t<a class=\"wcp-light-box\" data-buttons='[\"close\"]' data-wpc_url='https:\/\/www.aarquiteta.com.br\/blog\/wp-content\/uploads\/2023\/11\/principais-tendencias-de-decoracao-para-2024-02.jpg' href=\"https:\/\/www.aarquiteta.com.br\/blog\/wp-content\/uploads\/2023\/11\/principais-tendencias-de-decoracao-para-2024-02.jpg\" data-fancybox=\"wpcp_view\">\n\t\t<figure>\n\t\t\t<img decoding=\"async\" class=\"skip-lazy\" src=\"https:\/\/www.aarquiteta.com.br\/blog\/wp-content\/uploads\/2023\/11\/principais-tendencias-de-decoracao-para-2024-02.jpg\" alt=\"principais tendencias de decora\u00e7\u00e3o para 2024\" width=\"920\" height=\"920\" title=\"\">\t\t<\/figure>\n\t<\/a>\n\t\t<\/div>\n<\/div>\n\t\t\t<\/div>\n\t\t\t\t\t<div class=\"wpcp-swiper-dots swiper-pagination\"><\/div>\n\t\t\t\t<!-- If we need navigation buttons -->\n\t\t\t<\/div>\n\t<\/div>\n<\/div>\n\n<p>Sabe aquele truque de m\u00e1gica que faz algo pequeno parecer grande? Pois \u00e9, o espelho quadrado faz isso com os espa\u00e7os. Colocar um desses em um c\u00f4modo \u00e9 como dizer &#8220;abracadabra&#8221; e ver o ambiente se expandir diante dos seus olhos.<\/p>\n<h3>4. Espelho quadrado para banheiros<\/h3>\n<p>No banheiro, o espelho quadrado \u00e9 quase um item de primeira necessidade. Al\u00e9m de ser super \u00fatil na hora de fazer a barba ou a maquiagem, ele d\u00e1 um up no estilo do ambiente. E se o espa\u00e7o for pequeno, ele ajuda a dar aquela sensa\u00e7\u00e3o de que voc\u00ea pode respirar mais aliviado.<\/p>\n<h3>5. Espelho quadrado para salas de estar<\/h3>\n<p>Na sala de estar, o espelho quadrado pode ser aquele amigo que faz seu espa\u00e7o parecer mais convidativo. Ele reflete a luz, d\u00e1 uma sensa\u00e7\u00e3o de profundidade e ainda pode mostrar aos seus convidados que voc\u00ea tem bom gosto.<\/p>\n<h3>6. Espelho quadrado para quartos<\/h3>\n<figure style=\"width: 1024px\" class=\"wp-caption aligncenter\"><img decoding=\"async\" src=\"https:\/\/www.aarquiteta.com.br\/blog\/wp-content\/uploads\/2024\/01\/espelho-quadrado02.jpg\" alt=\"espelho quadrado\" width=\"1024\" height=\"1024\" title=\"\"><figcaption class=\"wp-caption-text\">espelho quadrado<\/figcaption><\/figure>\n<p>No quarto, o espelho quadrado pode ser tanto um aliado na hora de escolher o look do dia quanto um elemento que traz mais luminosidade e amplitude. \u00c9 como ter um assistente pessoal que ainda trabalha na decora\u00e7\u00e3o.<\/p>\n<h3>7. Espelho quadrado com moldura<\/h3>\n<p>Um espelho quadrado com moldura \u00e9 como uma obra de arte: chama aten\u00e7\u00e3o e pode ser o ponto focal do ambiente. A moldura pode ser simples ou trabalhada, mas sempre adiciona um charme extra.<\/p>\n<h3>8. Espelho quadrado sem moldura<\/h3>\n<figure style=\"width: 1024px\" class=\"wp-caption aligncenter\"><img decoding=\"async\" src=\"https:\/\/www.aarquiteta.com.br\/blog\/wp-content\/uploads\/2024\/01\/espelho-quadrado01.jpg\" alt=\"espelho quadrado\" width=\"1024\" height=\"1024\" title=\"\"><figcaption class=\"wp-caption-text\">espelho quadrado<\/figcaption><\/figure>\n<p>Para os amantes do minimalismo, o espelho quadrado sem moldura \u00e9 um prato cheio. Ele \u00e9 discreto, moderno e d\u00e1 aquela sensa\u00e7\u00e3o de &#8220;menos \u00e9 mais&#8221; na decora\u00e7\u00e3o.<\/p>\n<h3>9. Espelho quadrado com ilumina\u00e7\u00e3o embutida<\/h3>\n<p>Um espelho quadrado com ilumina\u00e7\u00e3o embutida \u00e9 como ter um mini est\u00fadio em casa. Ele \u00e9 perfeito para garantir que a maquiagem ou o barbear estejam impec\u00e1veis, al\u00e9m de criar um ambiente super aconchegante.<\/p>\n<h3>10. Como limpar um espelho quadrado?<\/h3>\n<figure style=\"width: 1024px\" class=\"wp-caption aligncenter\"><img decoding=\"async\" src=\"https:\/\/www.aarquiteta.com.br\/blog\/wp-content\/uploads\/2024\/01\/espelho-quadrado03.jpg\" alt=\"espelho quadrado\" width=\"1024\" height=\"1024\" title=\"\"><figcaption class=\"wp-caption-text\">espelho quadrado<\/figcaption><\/figure>\n<p>Manter um espelho quadrado brilhando \u00e9 mais f\u00e1cil do que parece. Basta um pano macio, um pouco de \u00e1gua e vinagre, e voil\u00e0! Seu espelho estar\u00e1 como novo, pronto para refletir todas as boas energias da sua casa.<\/p>\n<h3>11. Onde comprar um espelho quadrado?<\/h3>\n<p>Hoje em dia, encontrar um espelho quadrado para chamar de seu \u00e9 moleza. Tem de tudo quanto \u00e9 tipo e pre\u00e7o em lojas de decora\u00e7\u00e3o, home centers e at\u00e9 na internet. \u00c9 s\u00f3 escolher o que mais combina com voc\u00ea e seu bolso.<\/p>\n<h3>12. Quais s\u00e3o os tamanhos dispon\u00edveis de espelho quadrado?<\/h3>\n<p>Os tamanhos de espelho quadrado variam tanto quanto os gostos pessoais. Tem pequeno, m\u00e9dio, grande e at\u00e9 tamanho gigante para quem quer causar impacto. O importante \u00e9 encontrar um que se ajuste ao seu espa\u00e7o e \u00e0s suas necessidades.<\/p>\n[amazon table=&#8221;88357&#8243;]\n<blockquote><p>Voc\u00ea sabia que os espelhos s\u00e3o usados na decora\u00e7\u00e3o desde o per\u00edodo romano? Eles acreditavam que os espelhos tinham o poder de capturar a alma das pessoas. Bom, hoje em dia a gente s\u00f3 quer mesmo \u00e9 capturar bons momentos e ampliar a beleza dos nossos lares, n\u00e3o \u00e9 verdade?<\/p><\/blockquote>\n<h3>Perguntas Frequentes<\/h3>\n<p><strong>1. Qual \u00e9 o melhor local para colocar um espelho quadrado em um banheiro pequeno?<\/strong><\/p>\n<p>Olha, o segredo \u00e9 coloc\u00e1-lo em frente \u00e0 porta ou acima da pia. Assim, ele vai refletir a luz e dar aquela sensa\u00e7\u00e3o de que o banheiro cresceu um pouquinho.<\/p>\n<p><strong>2. \u00c9 poss\u00edvel personalizar a moldura de um espelho quadrado?<\/strong><\/p>\n<p>Com certeza! Personalizar a moldura \u00e9 como dar um aut\u00f3grafo na decora\u00e7\u00e3o da sua casa. Voc\u00ea pode escolher a cor, o material e at\u00e9 o estilo que mais combina com o seu cantinho.<\/p>\n<p><strong>3. Quais s\u00e3o as vantagens de um espelho quadrado com ilumina\u00e7\u00e3o embutida?<\/strong><\/p>\n<p>Al\u00e9m de deixar o ambiente mais acolhedor, ele \u00e9 \u00f3timo para n\u00e3o errar na hora de se arrumar. \u00c9 como ter um holofote pessoal que destaca o que voc\u00ea tem de melhor!<\/p>\n<p>Em resumo, o espelho quadrado \u00e9 aquele amigo vers\u00e1til que todo mundo gostaria de ter em casa. Ele n\u00e3o s\u00f3 decora, mas tamb\u00e9m amplia, ilumina e traz estilo para qualquer ambiente. E o melhor de tudo \u00e9 que ele combina com praticamente tudo, ent\u00e3o n\u00e3o tem erro. Agora que voc\u00ea j\u00e1 sabe tudo sobre espelhos quadrados, que tal dar uma olhada ao redor e imaginar onde um desses poderia brilhar na sua casa?<\/p>\n<p style=\"text-align: center;\">\n","protected":false},"excerpt":{"rendered":"<p>Explore dicas imperd\u00edveis para uma espelho quadrado deslumbrante. N\u00e3o perca!<\/p>\n","protected":false},"author":102,"featured_media":105065,"comment_status":"closed","ping_status":"closed","sticky":false,"template":"","format":"standard","meta":{"footnotes":""},"categories":[1484,35400],"tags":[],"class_list":["post-105068","post","type-post","status-publish","format-standard","has-post-thumbnail","category-decoracao","category-espelhos-e-molduras"],"_wp_attached_file":null,"_wp_attachment_metadata":null,"_wp_attachment_context":null,"_wp_attachment_is_custom_header":null,"geo_longitude":null,"geo_public":null,"geo_latitude":null,"_publicize_done_external":null,"_wpas_done_3897181":null,"publicize_twitter_user":null,"_wpas_done_3897175":null,"_wpas_skip_3897181":null,"_wpas_skip_3897175":null,"_wpas_skip_3924723":null,"_wpas_mess":null,"_wpas_done_3924723":null,"wps_subtitle":"","_links":{"self":[{"href":"https:\/\/www.aarquiteta.com.br\/blog\/wp-json\/wp\/v2\/posts\/105068","targetHints":{"allow":["GET"]}}],"collection":[{"href":"https:\/\/www.aarquiteta.com.br\/blog\/wp-json\/wp\/v2\/posts"}],"about":[{"href":"https:\/\/www.aarquiteta.com.br\/blog\/wp-json\/wp\/v2\/types\/post"}],"author":[{"embeddable":true,"href":"https:\/\/www.aarquiteta.com.br\/blog\/wp-json\/wp\/v2\/users\/102"}],"replies":[{"embeddable":true,"href":"https:\/\/www.aarquiteta.com.br\/blog\/wp-json\/wp\/v2\/comments?post=105068"}],"version-history":[{"count":0,"href":"https:\/\/www.aarquiteta.com.br\/blog\/wp-json\/wp\/v2\/posts\/105068\/revisions"}],"wp:featuredmedia":[{"embeddable":true,"href":"https:\/\/www.aarquiteta.com.br\/blog\/wp-json\/wp\/v2\/media\/105065"}],"wp:attachment":[{"href":"https:\/\/www.aarquiteta.com.br\/blog\/wp-json\/wp\/v2\/media?parent=105068"}],"wp:term":[{"taxonomy":"category","embeddable":true,"href":"https:\/\/www.aarquiteta.com.br\/blog\/wp-json\/wp\/v2\/categories?post=105068"},{"taxonomy":"post_tag","embeddable":true,"href":"https:\/\/www.aarquiteta.com.br\/blog\/wp-json\/wp\/v2\/tags?post=105068"}],"curies":[{"name":"wp","href":"https:\/\/api.w.org\/{rel}","templated":true}]}}