{"id":104778,"date":"2024-01-15T15:15:47","date_gmt":"2024-01-15T18:15:47","guid":{"rendered":"http:\/\/aarquiteta.com.br\/transforma-loft-14sqm-obra-prima-milano\/"},"modified":"2024-01-15T15:15:47","modified_gmt":"2024-01-15T18:15:47","slug":"transforma-loft-14sqm-obra-prima-milano","status":"publish","type":"post","link":"https:\/\/www.aarquiteta.com.br\/blog\/transforma-loft-14sqm-obra-prima-milano\/","title":{"rendered":"Transforma Micro Loft de 14sqm\/150sqft em uma obra-prima Milano no s\u00e9culo XIX com t\u00e9cnica inovadora."},"content":{"rendered":"<p>Imagina s\u00f3, um ap\u00ea que \u00e9 quase um quebra-cabe\u00e7a de t\u00e3o compacto, mas que esbanja charme e funcionalidade. Estou falando de um <b>micro loft milanes<\/b> que \u00e9 um verdadeiro o\u00e1sis de criatividade em meio \u00e0 efervesc\u00eancia estudantil de Mil\u00e3o. Com seus singelos 14 metros quadrados, esse espa\u00e7o \u00e9 uma aula de como aproveitar cada cent\u00edmetro quadrado sem perder o estilo.<\/p>\n<p>Esse cantinho foi pensado para ser um lar para estudantes, que, vamos combinar, passam mais tempo na biblioteca do que em casa. Mas, oh, quando voltam, \u00e9 para um lugar que \u00e9 puro aconchego e praticidade. A cozinha, que mais parece um arm\u00e1rio de t\u00e3o compacta, tem tudo que um futuro mestre ou doutor precisa para fazer aquela comidinha r\u00e1pida entre uma pesquisa e outra. E o <b>design inspirado no mundo dos iates<\/b> com um toque de alfaiataria? \u00c9 de cair o queixo!<\/p>\n<figure style=\"width: 1024px\" class=\"wp-caption aligncenter\"><img decoding=\"async\" src=\"https:\/\/www.aarquiteta.com.br\/blog\/wp-content\/uploads\/2024\/01\/transforma-loft-14sqm-obra-prima-milano01.jpg\" alt=\"Transforma Micro Loft de 14sqm\/150sqft em uma obra-prima Milano no s\u00e9culo XIX com t\u00e9cnica inovadora.\" width=\"1024\" height=\"1024\" title=\"\"><figcaption class=\"wp-caption-text\">Transforma Micro Loft de 14sqm\/150sqft em uma obra-prima Milano no s\u00e9culo XIX com t\u00e9cnica inovadora.<\/figcaption><\/figure>\n<p>E n\u00e3o para por a\u00ed, n\u00e3o! O ap\u00ea tem segredos que s\u00f3 vendo para crer, como uma escada flutuante que parece dan\u00e7ar no ar e leva ao cantinho de descanso, onde os sonhos acontecem (literalmente). E o melhor: tudo isso foi pensado seguindo um <b>conceito sustent\u00e1vel<\/b>, porque, n\u00e9, o planeta agradece. Curioso para ver como \u00e9 poss\u00edvel viver grande em um espa\u00e7o pequeno? Ent\u00e3o, mergulha nesse v\u00eddeo que \u00e9 pura inspira\u00e7\u00e3o!<\/p>\n<h3><b>N\u00e3o perca mais tempo e assista agora como tudo isso \u00e9 feito no v\u00eddeo abaixo!<\/b><\/h3>\n<p>Caso seja necess\u00e1rio, ative as legendas em Portugu\u00eas Brasil, nas configura\u00e7\u00f5es do v\u00eddeo e aproveite!<\/p>\n<div class=\"youtube-embed\" data-video_id=\"UcwuYD0of14\"><iframe title=\"NEVER TOO SMALL 1800&#039;s Milanese Micro Loft Apartment - 14sqm\/150sqft\" width=\"696\" height=\"392\" src=\"https:\/\/www.youtube.com\/embed\/UcwuYD0of14?feature=oembed&#038;enablejsapi=1\" frameborder=\"0\" allow=\"accelerometer; autoplay; clipboard-write; encrypted-media; gyroscope; picture-in-picture; web-share\" allowfullscreen><\/iframe><\/div>\n<p>Espero que tenha encontrado o v\u00eddeo informativo e enriquecedor. <\/p>\n<p>Se gostou do conte\u00fado, n\u00e3o deixe de deslizar para baixo e explorar mais dicas e insights valiosos como este. <\/p>\n<p>Estamos sempre aqui para oferecer informa\u00e7\u00f5es \u00fateis e inspiradoras para voc\u00ea!<\/p>\n<figure style=\"width: 1024px\" class=\"wp-caption aligncenter\"><img decoding=\"async\" src=\"https:\/\/www.aarquiteta.com.br\/blog\/wp-content\/uploads\/2024\/01\/transforma-loft-14sqm-obra-prima-milano02.jpg\" alt=\"Transforma Micro Loft de 14sqm\/150sqft em uma obra-prima Milano no s\u00e9culo XIX com t\u00e9cnica inovadora.\" width=\"1024\" height=\"1024\" title=\"\"><figcaption class=\"wp-caption-text\">Transforma Micro Loft de 14sqm\/150sqft em uma obra-prima Milano no s\u00e9culo XIX com t\u00e9cnica inovadora.<\/figcaption><\/figure>\n","protected":false},"excerpt":{"rendered":"<p>Descubra as instru\u00e7\u00f5es inovadoras para transformar um Micro Loft de 14sqm\/150sqft em uma obra-prima digna da eleg\u00e2ncia do s\u00e9culo XIX em Milano. Aprenda com as li\u00e7\u00f5es dos mestres e siga os caminhos indicados para criar um espa\u00e7o de tirar o f\u00f4lego, utilizando t\u00e9cnicas revolucion\u00e1rias.<\/p>\n","protected":false},"author":102,"featured_media":104776,"comment_status":"closed","ping_status":"closed","sticky":false,"template":"","format":"standard","meta":{"footnotes":""},"categories":[1507,1484],"tags":[],"class_list":["post-104778","post","type-post","status-publish","format-standard","has-post-thumbnail","category-arquitetura","category-decoracao"],"_wp_attached_file":null,"_wp_attachment_metadata":null,"_wp_attachment_context":null,"_wp_attachment_is_custom_header":null,"geo_longitude":null,"geo_public":null,"geo_latitude":null,"_publicize_done_external":null,"_wpas_done_3897181":null,"publicize_twitter_user":null,"_wpas_done_3897175":null,"_wpas_skip_3897181":null,"_wpas_skip_3897175":null,"_wpas_skip_3924723":null,"_wpas_mess":null,"_wpas_done_3924723":null,"wps_subtitle":"","_links":{"self":[{"href":"https:\/\/www.aarquiteta.com.br\/blog\/wp-json\/wp\/v2\/posts\/104778","targetHints":{"allow":["GET"]}}],"collection":[{"href":"https:\/\/www.aarquiteta.com.br\/blog\/wp-json\/wp\/v2\/posts"}],"about":[{"href":"https:\/\/www.aarquiteta.com.br\/blog\/wp-json\/wp\/v2\/types\/post"}],"author":[{"embeddable":true,"href":"https:\/\/www.aarquiteta.com.br\/blog\/wp-json\/wp\/v2\/users\/102"}],"replies":[{"embeddable":true,"href":"https:\/\/www.aarquiteta.com.br\/blog\/wp-json\/wp\/v2\/comments?post=104778"}],"version-history":[{"count":0,"href":"https:\/\/www.aarquiteta.com.br\/blog\/wp-json\/wp\/v2\/posts\/104778\/revisions"}],"wp:featuredmedia":[{"embeddable":true,"href":"https:\/\/www.aarquiteta.com.br\/blog\/wp-json\/wp\/v2\/media\/104776"}],"wp:attachment":[{"href":"https:\/\/www.aarquiteta.com.br\/blog\/wp-json\/wp\/v2\/media?parent=104778"}],"wp:term":[{"taxonomy":"category","embeddable":true,"href":"https:\/\/www.aarquiteta.com.br\/blog\/wp-json\/wp\/v2\/categories?post=104778"},{"taxonomy":"post_tag","embeddable":true,"href":"https:\/\/www.aarquiteta.com.br\/blog\/wp-json\/wp\/v2\/tags?post=104778"}],"curies":[{"name":"wp","href":"https:\/\/api.w.org\/{rel}","templated":true}]}}