{"id":104577,"date":"2024-01-12T19:55:40","date_gmt":"2024-01-12T22:55:40","guid":{"rendered":"http:\/\/aarquiteta.com.br\/?p=104577"},"modified":"2024-01-12T19:55:40","modified_gmt":"2024-01-12T22:55:40","slug":"descubra-como-uma-mini-casa-com-3-metros-de-frente-consegue-ser-um-lar-encantador","status":"publish","type":"post","link":"https:\/\/www.aarquiteta.com.br\/blog\/descubra-como-uma-mini-casa-com-3-metros-de-frente-consegue-ser-um-lar-encantador\/","title":{"rendered":"Descubra como uma mini-casa com 3 metros de frente consegue ser um lar encantador."},"content":{"rendered":"<p>Imagina s\u00f3, largar tudo e se mandar para uma cidadezinha pacata, com praia por perto e ainda por cima, numa casinha que \u00e9 um charme s\u00f3. Pois \u00e9, hoje eu vou te levar numa viagem incr\u00edvel por uma <b>mini-casa<\/b> em M\u00e9rida, Yucat\u00e1n, que \u00e9 a defini\u00e7\u00e3o perfeita de &#8220;pequenina mas com tudo no lugar&#8221;. Com seus modestos 2.9 metros de frente, essa resid\u00eancia \u00e9 um verdadeiro quebra-cabe\u00e7a de espa\u00e7os bem aproveitados, incluindo quarto, escrit\u00f3rio, dois banheiros e at\u00e9 uma piscina na terraza. Tudo isso, acredite se quiser, em um terreno que j\u00e1 foi lar de v\u00e1rios neg\u00f3cios e que agora abriga sonhos e aventuras de um casal jovem e destemido.<\/p>\n<p>Se voc\u00ea acha que tamanho \u00e9 documento, essa casinha vai te fazer pensar duas vezes. Com uma garagem que avisa quando parar e um corredor que te puxa para dentro como um im\u00e3, cada cantinho aqui tem uma hist\u00f3ria pra contar. E n\u00e3o \u00e9 s\u00f3 isso, a casa \u00e9 um verdadeiro <b>labirinto de surpresas<\/b>, com uma cozinha que se encaixa no espa\u00e7o como uma luva e um comedor que parece dan\u00e7ar conforme a m\u00fasica do espa\u00e7o, se esticando para acomodar uma boa turma para jantar. E se voc\u00ea acha que j\u00e1 viu de tudo, espera at\u00e9 ver a sala de estar que \u00e9 pura magia e o p\u00e1tio que esconde uma piscina como quem n\u00e3o quer nada.<\/p>\n<figure style=\"width: 1024px\" class=\"wp-caption aligncenter\"><img decoding=\"async\" src=\"https:\/\/www.aarquiteta.com.br\/blog\/wp-content\/uploads\/2024\/01\/mostra-transforma-mini-casa-lar-encantador01.jpg\" alt=\"Mostra incr\u00edvel: Transforma mini-casa em um lar encantador.\" width=\"1024\" height=\"1024\" title=\"\"><figcaption class=\"wp-caption-text\">Mostra incr\u00edvel: Transforma mini-casa em um lar encantador.<\/figcaption><\/figure>\n<p>Subindo as escadas, que mais parecem ter sa\u00eddo de um conto de fadas, a gente encontra um ref\u00fagio que \u00e9 puro aconchego. A su\u00edte principal, com seu banheiro espa\u00e7oso e um closet que \u00e9 um mimo, \u00e9 um convite para sonhar acordado. E se voc\u00ea \u00e9 daqueles que adora um bom mist\u00e9rio, essa casa tem segredos escondidos at\u00e9 atr\u00e1s do muro! Ent\u00e3o, se voc\u00ea t\u00e1 curioso pra saber como \u00e9 que se faz para transformar um espa\u00e7o t\u00e3o compacto em um lar de dar inveja, <b>acompanhe o v\u00eddeo completo<\/b> que est\u00e1 logo ali embaixo, no final do artigo. Vem comigo que eu te garanto: essa \u00e9 uma viagem que voc\u00ea n\u00e3o vai querer perder!<\/p>\n<h3><b>N\u00e3o perca mais tempo e assista agora como tudo isso \u00e9 feito no v\u00eddeo abaixo!<\/b><\/h3>\n<p>Caso seja necess\u00e1rio, ative as legendas em Portugu\u00eas Brasil, nas configura\u00e7\u00f5es do v\u00eddeo e aproveite!<\/p>\n<div class=\"youtube-embed\" data-video_id=\"jO3X9RPIx2o\"><iframe title=\"MINI-CASA de 2.9 m con MUEBLES a ESCALA!! ADAPTADOS a los ESPACIOS. En M\u00e9rida, YUCAT\u00c1N\" width=\"696\" height=\"392\" src=\"https:\/\/www.youtube.com\/embed\/jO3X9RPIx2o?feature=oembed&#038;enablejsapi=1\" frameborder=\"0\" allow=\"accelerometer; autoplay; clipboard-write; encrypted-media; gyroscope; picture-in-picture; web-share\" allowfullscreen><\/iframe><\/div>\n<p>Espero que tenha encontrado o v\u00eddeo informativo e enriquecedor.<\/p>\n<p>Se gostou do conte\u00fado, n\u00e3o deixe de deslizar para baixo e explorar mais dicas e insights valiosos como este.<\/p>\n<p>Estamos sempre aqui para oferecer informa\u00e7\u00f5es \u00fateis e inspiradoras para voc\u00ea!<\/p>\n<figure style=\"width: 1024px\" class=\"wp-caption aligncenter\"><img decoding=\"async\" src=\"https:\/\/www.aarquiteta.com.br\/blog\/wp-content\/uploads\/2024\/01\/mostra-transforma-mini-casa-lar-encantador02.jpg\" alt=\"Mostra incr\u00edvel: Transforma mini-casa em um lar encantador.\" width=\"1024\" height=\"1024\" title=\"\"><figcaption class=\"wp-caption-text\">Mostra incr\u00edvel: Transforma mini-casa em um lar encantador.<\/figcaption><\/figure>\n","protected":false},"excerpt":{"rendered":"<p>Descubra os segredos e ensinamentos para transformar uma mini-casa em um verdadeiro ref\u00fagio encantador. Aprenda com nossas instru\u00e7\u00f5es e sugest\u00f5es de caminhos para criar um lar acolhedor e cheio de personalidade.<\/p>\n","protected":false},"author":102,"featured_media":104575,"comment_status":"closed","ping_status":"closed","sticky":false,"template":"","format":"standard","meta":{"footnotes":""},"categories":[1507,1484],"tags":[],"class_list":["post-104577","post","type-post","status-publish","format-standard","has-post-thumbnail","category-arquitetura","category-decoracao"],"_wp_attached_file":null,"_wp_attachment_metadata":null,"_wp_attachment_context":null,"_wp_attachment_is_custom_header":null,"geo_longitude":null,"geo_public":null,"geo_latitude":null,"_publicize_done_external":null,"_wpas_done_3897181":null,"publicize_twitter_user":null,"_wpas_done_3897175":null,"_wpas_skip_3897181":null,"_wpas_skip_3897175":null,"_wpas_skip_3924723":null,"_wpas_mess":null,"_wpas_done_3924723":null,"wps_subtitle":"","_links":{"self":[{"href":"https:\/\/www.aarquiteta.com.br\/blog\/wp-json\/wp\/v2\/posts\/104577","targetHints":{"allow":["GET"]}}],"collection":[{"href":"https:\/\/www.aarquiteta.com.br\/blog\/wp-json\/wp\/v2\/posts"}],"about":[{"href":"https:\/\/www.aarquiteta.com.br\/blog\/wp-json\/wp\/v2\/types\/post"}],"author":[{"embeddable":true,"href":"https:\/\/www.aarquiteta.com.br\/blog\/wp-json\/wp\/v2\/users\/102"}],"replies":[{"embeddable":true,"href":"https:\/\/www.aarquiteta.com.br\/blog\/wp-json\/wp\/v2\/comments?post=104577"}],"version-history":[{"count":0,"href":"https:\/\/www.aarquiteta.com.br\/blog\/wp-json\/wp\/v2\/posts\/104577\/revisions"}],"wp:featuredmedia":[{"embeddable":true,"href":"https:\/\/www.aarquiteta.com.br\/blog\/wp-json\/wp\/v2\/media\/104575"}],"wp:attachment":[{"href":"https:\/\/www.aarquiteta.com.br\/blog\/wp-json\/wp\/v2\/media?parent=104577"}],"wp:term":[{"taxonomy":"category","embeddable":true,"href":"https:\/\/www.aarquiteta.com.br\/blog\/wp-json\/wp\/v2\/categories?post=104577"},{"taxonomy":"post_tag","embeddable":true,"href":"https:\/\/www.aarquiteta.com.br\/blog\/wp-json\/wp\/v2\/tags?post=104577"}],"curies":[{"name":"wp","href":"https:\/\/api.w.org\/{rel}","templated":true}]}}