{"id":104572,"date":"2024-01-12T18:13:27","date_gmt":"2024-01-12T21:13:27","guid":{"rendered":"http:\/\/aarquiteta.com.br\/projeto-surpreendente-transforma-casa-pequena\/"},"modified":"2024-01-12T18:13:27","modified_gmt":"2024-01-12T21:13:27","slug":"projeto-surpreendente-transforma-casa-pequena","status":"publish","type":"post","link":"https:\/\/www.aarquiteta.com.br\/blog\/projeto-surpreendente-transforma-casa-pequena\/","title":{"rendered":"Projeto surpreendente: Transforma casa pequena de 2&#215;9 metros em solu\u00e7\u00e3o de moradia moderna e criativa."},"content":{"rendered":"<p>Quem disse que tamanho \u00e9 documento nunca viu o que d\u00e1 pra fazer com um espacinho de <b>2&#215;9 metros<\/b>. Pois \u00e9, meus caros, hoje eu vou mostrar que a criatividade e o bom uso do espa\u00e7o podem transformar um terreno estreito numa casinha que \u00e9 um verdadeiro charme. E n\u00e3o \u00e9 qualquer charme, n\u00e3o! \u00c9 daqueles que fazem a gente suspirar e pensar &#8220;quem me dera ter uma casinha assim&#8221;.<\/p>\n<p>Prepare-se para embarcar numa jornada onde cada cent\u00edmetro \u00e9 aproveitado com uma maestria que faria qualquer arquiteto tirar o chap\u00e9u. Vou te levar por um tour que come\u00e7a na sala, passa pela cozinha, desvenda o mist\u00e9rio de um banheiro em espa\u00e7o reduzido e ainda te mostra um quarto que \u00e9 puro aconchego. E o melhor de tudo: sem precisar de escada, porque aqui \u00e9 tudo t\u00e9rreo, meu bem!<\/p>\n<figure style=\"width: 1024px\" class=\"wp-caption aligncenter\"><img decoding=\"async\" src=\"https:\/\/www.aarquiteta.com.br\/blog\/wp-content\/uploads\/2024\/01\/projeto-surpreendente-transforma-casa-pequena01.jpg\" alt=\"Projeto surpreendente: Transforma casa pequena de 2x9 metros em solu\u00e7\u00e3o de moradia moderna e criativa.\" width=\"1024\" height=\"1024\" title=\"\"><figcaption class=\"wp-caption-text\">Projeto surpreendente: Transforma casa pequena de 2&#215;9 metros em solu\u00e7\u00e3o de moradia moderna e criativa.<\/figcaption><\/figure>\n<p>Ent\u00e3o, se voc\u00ea est\u00e1 a\u00ed do outro lado da tela pensando que sua vida precisa de um upgrade ou que seu terreninho merece uma casinha nova, cola comigo que eu vou te mostrar que \u00e9 poss\u00edvel, sim, fazer muito com pouco. E quando eu digo pouco, \u00e9 pouco mesmo, viu? Mas o resultado, ah, esse \u00e9 de encher os olhos! Vem comigo que no final deste artigo tem o v\u00eddeo completo, e voc\u00ea n\u00e3o vai querer perder por nada!<\/p>\n<h3><b>N\u00e3o perca mais tempo e assista agora como tudo isso \u00e9 feito no v\u00eddeo abaixo!<\/b><\/h3>\n<p>Caso seja necess\u00e1rio, ative as legendas em Portugu\u00eas Brasil, nas configura\u00e7\u00f5es do v\u00eddeo e aproveite!<\/p>\n<div class=\"youtube-embed\" data-video_id=\"q6pzgd3DZy4\"><iframe title=\"Projeto de Casa Pequena 2 x 9 metros - Casa de baixo custo\/ Solu\u00e7\u00e3o de moradia- House Project 2X9 m\" width=\"696\" height=\"392\" src=\"https:\/\/www.youtube.com\/embed\/q6pzgd3DZy4?feature=oembed&#038;enablejsapi=1\" frameborder=\"0\" allow=\"accelerometer; autoplay; clipboard-write; encrypted-media; gyroscope; picture-in-picture; web-share\" allowfullscreen><\/iframe><\/div>\n<p>Espero que tenha encontrado o v\u00eddeo informativo e enriquecedor. <\/p>\n<p>Se gostou do conte\u00fado, n\u00e3o deixe de deslizar para baixo e explorar mais dicas e insights valiosos como este. <\/p>\n<p>Estamos sempre aqui para oferecer informa\u00e7\u00f5es \u00fateis e inspiradoras para voc\u00ea!<\/p>\n<figure style=\"width: 1024px\" class=\"wp-caption aligncenter\"><img decoding=\"async\" src=\"https:\/\/www.aarquiteta.com.br\/blog\/wp-content\/uploads\/2024\/01\/projeto-surpreendente-transforma-casa-pequena02.jpg\" alt=\"Projeto surpreendente: Transforma casa pequena de 2x9 metros em solu\u00e7\u00e3o de moradia moderna e criativa.\" width=\"1024\" height=\"1024\" title=\"\"><figcaption class=\"wp-caption-text\">Projeto surpreendente: Transforma casa pequena de 2&#215;9 metros em solu\u00e7\u00e3o de moradia moderna e criativa.<\/figcaption><\/figure>\n","protected":false},"excerpt":{"rendered":"<p>Transforme uma casa pequena de 2&#215;9 metros em uma solu\u00e7\u00e3o de moradia moderna e criativa &#8211; aprenda com nossas li\u00e7\u00f5es, orienta\u00e7\u00f5es e indica\u00e7\u00f5es para criar seu pr\u00f3prio lar surpreendente!<\/p>\n","protected":false},"author":102,"featured_media":104570,"comment_status":"closed","ping_status":"closed","sticky":false,"template":"","format":"standard","meta":{"footnotes":""},"categories":[1507,1484],"tags":[],"class_list":["post-104572","post","type-post","status-publish","format-standard","has-post-thumbnail","category-arquitetura","category-decoracao"],"_wp_attached_file":null,"_wp_attachment_metadata":null,"_wp_attachment_context":null,"_wp_attachment_is_custom_header":null,"geo_longitude":null,"geo_public":null,"geo_latitude":null,"_publicize_done_external":null,"_wpas_done_3897181":null,"publicize_twitter_user":null,"_wpas_done_3897175":null,"_wpas_skip_3897181":null,"_wpas_skip_3897175":null,"_wpas_skip_3924723":null,"_wpas_mess":null,"_wpas_done_3924723":null,"wps_subtitle":"","_links":{"self":[{"href":"https:\/\/www.aarquiteta.com.br\/blog\/wp-json\/wp\/v2\/posts\/104572","targetHints":{"allow":["GET"]}}],"collection":[{"href":"https:\/\/www.aarquiteta.com.br\/blog\/wp-json\/wp\/v2\/posts"}],"about":[{"href":"https:\/\/www.aarquiteta.com.br\/blog\/wp-json\/wp\/v2\/types\/post"}],"author":[{"embeddable":true,"href":"https:\/\/www.aarquiteta.com.br\/blog\/wp-json\/wp\/v2\/users\/102"}],"replies":[{"embeddable":true,"href":"https:\/\/www.aarquiteta.com.br\/blog\/wp-json\/wp\/v2\/comments?post=104572"}],"version-history":[{"count":0,"href":"https:\/\/www.aarquiteta.com.br\/blog\/wp-json\/wp\/v2\/posts\/104572\/revisions"}],"wp:featuredmedia":[{"embeddable":true,"href":"https:\/\/www.aarquiteta.com.br\/blog\/wp-json\/wp\/v2\/media\/104570"}],"wp:attachment":[{"href":"https:\/\/www.aarquiteta.com.br\/blog\/wp-json\/wp\/v2\/media?parent=104572"}],"wp:term":[{"taxonomy":"category","embeddable":true,"href":"https:\/\/www.aarquiteta.com.br\/blog\/wp-json\/wp\/v2\/categories?post=104572"},{"taxonomy":"post_tag","embeddable":true,"href":"https:\/\/www.aarquiteta.com.br\/blog\/wp-json\/wp\/v2\/tags?post=104572"}],"curies":[{"name":"wp","href":"https:\/\/api.w.org\/{rel}","templated":true}]}}