{"id":104554,"date":"2024-01-12T14:06:06","date_gmt":"2024-01-12T17:06:06","guid":{"rendered":"http:\/\/aarquiteta.com.br\/transformar-mini-casa-duplex-imperdivel\/"},"modified":"2024-01-12T14:06:06","modified_gmt":"2024-01-12T17:06:06","slug":"transformar-mini-casa-duplex-imperdivel","status":"publish","type":"post","link":"https:\/\/www.aarquiteta.com.br\/blog\/transformar-mini-casa-duplex-imperdivel\/","title":{"rendered":"Conhe\u00e7a a incr\u00edvel t\u00e9cnica inovadora de transformar uma MINI CASA em um duplex de 3,40 x 10. Imperd\u00edvel!"},"content":{"rendered":"<p>Ol\u00e1, pessoal! Hoje eu trouxe uma novidade que vai fazer voc\u00eas repensarem tudo sobre morar em espa\u00e7os compactos. Imaginem uma <b>mini casa duplex<\/b> que, apesar do tamanho, \u00e9 um verdadeiro gigante em funcionalidade e estilo. Estou falando de uma casa com medidas de 3,40 x 10 metros, que mais parece um quebra-cabe\u00e7a onde cada pe\u00e7a se encaixa perfeitamente, criando um lar aconchegante e super pr\u00e1tico.<\/p>\n<p>Preparem-se para embarcar numa tour onde cada cent\u00edmetro \u00e9 aproveitado com maestria. Vou mostrar como \u00e9 poss\u00edvel ter um <b>espa\u00e7o gourmet<\/b> logo na entrada, uma sala que \u00e9 um verdadeiro convite ao descanso e ainda uma cozinha que, apesar de compacta, tem tudo ao alcance das m\u00e3os &#8211; at\u00e9 o botij\u00e3o de g\u00e1s ganhou um cantinho especial! E n\u00e3o para por a\u00ed, temos tamb\u00e9m uma \u00e1rea de servi\u00e7o funcional e um lavabo que \u00e9 puro charme.<\/p>\n<figure style=\"width: 1024px\" class=\"wp-caption aligncenter\"><img decoding=\"async\" src=\"https:\/\/www.aarquiteta.com.br\/blog\/wp-content\/uploads\/2024\/01\/transformar-mini-casa-duplex-imperdivel01.jpg\" alt=\"Conhe\u00e7a a incr\u00edvel t\u00e9cnica inovadora de transformar uma MINI CASA em um duplex de 3,40 x 10. Imperd\u00edvel!\" width=\"1024\" height=\"1024\" title=\"\"><figcaption class=\"wp-caption-text\">Conhe\u00e7a a incr\u00edvel t\u00e9cnica inovadora de transformar uma MINI CASA em um duplex de 3,40 x 10. Imperd\u00edvel!<\/figcaption><\/figure>\n<p>Subindo as escadas, voc\u00eas v\u00e3o se deparar com um cantinho do caf\u00e9 que \u00e9 pura poesia e quartos que s\u00e3o verdadeiros ref\u00fagios urbanos. E a cereja do bolo? Uma su\u00edte que \u00e9 um verdadeiro abra\u00e7o ao final do dia. Tudo isso regado a muita luz natural e uma ventila\u00e7\u00e3o que vai fazer voc\u00eas esquecerem que est\u00e3o dentro de uma mini casa. Curiosos para ver como essa maravilha arquitet\u00f4nica se desdobra? Ent\u00e3o, n\u00e3o percam o v\u00eddeo completo que est\u00e1 logo ali embaixo, esperando por voc\u00eas!<\/p>\n<h3><b>N\u00e3o perca mais tempo e assista agora como tudo isso \u00e9 feito no v\u00eddeo abaixo!<\/b><\/h3>\n<p>Caso seja necess\u00e1rio, ative as legendas em Portugu\u00eas Brasil, nas configura\u00e7\u00f5es do v\u00eddeo e aproveite!<\/p>\n<div class=\"youtube-embed\" data-video_id=\"dmUOaf91Kfc\"><iframe title=\"MINI CASA COM 3,40 x 10 TIPO DUPLEX? ESSA VOC\u00ca N\u00c3O PODE PERDER...\" width=\"696\" height=\"392\" src=\"https:\/\/www.youtube.com\/embed\/dmUOaf91Kfc?feature=oembed&#038;enablejsapi=1\" frameborder=\"0\" allow=\"accelerometer; autoplay; clipboard-write; encrypted-media; gyroscope; picture-in-picture; web-share\" allowfullscreen><\/iframe><\/div>\n<p>Espero que tenha encontrado o v\u00eddeo informativo e enriquecedor. <\/p>\n<p>Se gostou do conte\u00fado, n\u00e3o deixe de deslizar para baixo e explorar mais dicas e insights valiosos como este. <\/p>\n<p>Estamos sempre aqui para oferecer informa\u00e7\u00f5es \u00fateis e inspiradoras para voc\u00ea!<\/p>\n<figure style=\"width: 1024px\" class=\"wp-caption aligncenter\"><img decoding=\"async\" src=\"https:\/\/www.aarquiteta.com.br\/blog\/wp-content\/uploads\/2024\/01\/transformar-mini-casa-duplex-imperdivel02.jpg\" alt=\"Conhe\u00e7a a incr\u00edvel t\u00e9cnica inovadora de transformar uma MINI CASA em um duplex de 3,40 x 10. Imperd\u00edvel!\" width=\"1024\" height=\"1024\" title=\"\"><figcaption class=\"wp-caption-text\">Conhe\u00e7a a incr\u00edvel t\u00e9cnica inovadora de transformar uma MINI CASA em um duplex de 3,40 x 10. Imperd\u00edvel!<\/figcaption><\/figure>\n","protected":false},"excerpt":{"rendered":"<p>Aprenda uma t\u00e9cnica inovadora e incr\u00edvel para transformar uma MINI CASA em um duplex com apenas 3,40 x 10. N\u00e3o perca a oportunidade de descobrir os ensinamentos e as sugest\u00f5es que v\u00e3o te guiar nesse processo de aprendizado e transforma\u00e7\u00e3o.<\/p>\n","protected":false},"author":102,"featured_media":104552,"comment_status":"closed","ping_status":"closed","sticky":false,"template":"","format":"standard","meta":{"footnotes":""},"categories":[1507,1484],"tags":[],"class_list":["post-104554","post","type-post","status-publish","format-standard","has-post-thumbnail","category-arquitetura","category-decoracao"],"_wp_attached_file":null,"_wp_attachment_metadata":null,"_wp_attachment_context":null,"_wp_attachment_is_custom_header":null,"geo_longitude":null,"geo_public":null,"geo_latitude":null,"_publicize_done_external":null,"_wpas_done_3897181":null,"publicize_twitter_user":null,"_wpas_done_3897175":null,"_wpas_skip_3897181":null,"_wpas_skip_3897175":null,"_wpas_skip_3924723":null,"_wpas_mess":null,"_wpas_done_3924723":null,"wps_subtitle":"","_links":{"self":[{"href":"https:\/\/www.aarquiteta.com.br\/blog\/wp-json\/wp\/v2\/posts\/104554","targetHints":{"allow":["GET"]}}],"collection":[{"href":"https:\/\/www.aarquiteta.com.br\/blog\/wp-json\/wp\/v2\/posts"}],"about":[{"href":"https:\/\/www.aarquiteta.com.br\/blog\/wp-json\/wp\/v2\/types\/post"}],"author":[{"embeddable":true,"href":"https:\/\/www.aarquiteta.com.br\/blog\/wp-json\/wp\/v2\/users\/102"}],"replies":[{"embeddable":true,"href":"https:\/\/www.aarquiteta.com.br\/blog\/wp-json\/wp\/v2\/comments?post=104554"}],"version-history":[{"count":0,"href":"https:\/\/www.aarquiteta.com.br\/blog\/wp-json\/wp\/v2\/posts\/104554\/revisions"}],"wp:featuredmedia":[{"embeddable":true,"href":"https:\/\/www.aarquiteta.com.br\/blog\/wp-json\/wp\/v2\/media\/104552"}],"wp:attachment":[{"href":"https:\/\/www.aarquiteta.com.br\/blog\/wp-json\/wp\/v2\/media?parent=104554"}],"wp:term":[{"taxonomy":"category","embeddable":true,"href":"https:\/\/www.aarquiteta.com.br\/blog\/wp-json\/wp\/v2\/categories?post=104554"},{"taxonomy":"post_tag","embeddable":true,"href":"https:\/\/www.aarquiteta.com.br\/blog\/wp-json\/wp\/v2\/tags?post=104554"}],"curies":[{"name":"wp","href":"https:\/\/api.w.org\/{rel}","templated":true}]}}