{"id":104455,"date":"2024-03-06T08:05:00","date_gmt":"2024-03-06T11:05:00","guid":{"rendered":"http:\/\/aarquiteta.com.br\/?p=104455"},"modified":"2024-03-06T08:05:00","modified_gmt":"2024-03-06T11:05:00","slug":"como-cuidar-da-planta-lavanda","status":"publish","type":"post","link":"https:\/\/www.aarquiteta.com.br\/blog\/como-cuidar-da-planta-lavanda\/","title":{"rendered":"Como Cuidar da Planta Lavanda e Desfrutar de Seu Aroma Relaxante"},"content":{"rendered":"<p><body><\/p>\n<p>Ol\u00e1, pessoal! Hoje vamos falar sobre como cuidar da lavanda, essa planta t\u00e3o querida e arom\u00e1tica que, com os cuidados certos, pode transformar qualquer jardim com suas flores lindas e cheirosas. Vou compartilhar com voc\u00eas dicas valiosas para garantir que sua lavanda cres\u00e7a saud\u00e1vel e nos brinde com um florescimento abundante. Ent\u00e3o, vamos l\u00e1?<\/p>\n<ul>\n<li><strong>Luz solar:<\/strong> A lavanda adora um bom banho de sol!<\/li>\n<li><strong>Solo:<\/strong> Um solo bem drenado \u00e9 fundamental para evitar que as ra\u00edzes fiquem encharcadas.<\/li>\n<li><strong>Rega:<\/strong> Menos \u00e9 mais quando se trata de regar a lavanda.<\/li>\n<li><strong>Aduba\u00e7\u00e3o:<\/strong> Um toque de nutrientes no momento certo faz toda a diferen\u00e7a.<\/li>\n<\/ul>\n<h3>Escolhendo o local ideal<\/h3>\n<figure style=\"width: 1024px\" class=\"wp-caption aligncenter\"><img decoding=\"async\" src=\"https:\/\/www.aarquiteta.com.br\/blog\/wp-content\/uploads\/2024\/01\/como-cuidar-da-planta-lavanda04.jpg\" alt=\"como cuidar da planta lavanda\" width=\"1024\" height=\"1024\" title=\"\"><figcaption class=\"wp-caption-text\">como cuidar da planta lavanda<\/figcaption><\/figure>\n<h3>Luz solar<\/h3>\n<p>Se tem uma coisa que a lavanda ama de paix\u00e3o \u00e9 o sol. Ela precisa de, pelo menos, 6 horas de sol direto por dia para ficar feliz da vida. Ent\u00e3o, escolha um cantinho bem iluminado para ela.<\/p>\n<h3>Solo<\/h3>\n<figure style=\"width: 1024px\" class=\"wp-caption aligncenter\"><img decoding=\"async\" src=\"https:\/\/www.aarquiteta.com.br\/blog\/wp-content\/uploads\/2024\/01\/como-cuidar-da-planta-lavanda03.jpg\" alt=\"como cuidar da planta lavanda\" width=\"1024\" height=\"1024\" title=\"\"><figcaption class=\"wp-caption-text\">como cuidar da planta lavanda<\/figcaption><\/figure>\n<p>O solo ideal para a lavanda \u00e9 aquele bem aerado e com boa drenagem. Ela n\u00e3o gosta de &#8220;p\u00e9 molhado&#8221;, ent\u00e3o nada de solo compactado, hein?<\/p>\n<h3>Drenagem<\/h3>\n<p>Para garantir que a \u00e1gua n\u00e3o fique acumulada, uma dica \u00e9 plantar a lavanda em uma eleva\u00e7\u00e3o ou em vasos. Assim, voc\u00ea evita que ela sofra com o excesso de umidade.<\/p>\n<h3>Plantando a lavanda<\/h3>\n<h3>\u00c9poca de plantio<\/h3>\n<figure style=\"width: 1024px\" class=\"wp-caption aligncenter\"><img decoding=\"async\" src=\"https:\/\/www.aarquiteta.com.br\/blog\/wp-content\/uploads\/2024\/01\/como-cuidar-da-planta-lavanda02.jpg\" alt=\"como cuidar da planta lavanda\" width=\"1024\" height=\"1024\" title=\"\"><figcaption class=\"wp-caption-text\">como cuidar da planta lavanda<\/figcaption><\/figure>\n<p>A melhor \u00e9poca para plantar lavanda \u00e9 na primavera, quando o solo j\u00e1 est\u00e1 aquecido. Isso d\u00e1 tempo para ela se estabelecer antes do inverno chegar.<\/p>\n<h3>Preparando o solo<\/h3>\n<p>Antes de plantar, misture um pouco de areia ou pedrinhas no solo para melhorar a drenagem. A lavanda agradece!<\/p>\n<h3>Espa\u00e7amento<\/h3>\n<figure style=\"width: 1024px\" class=\"wp-caption aligncenter\"><img decoding=\"async\" src=\"https:\/\/www.aarquiteta.com.br\/blog\/wp-content\/uploads\/2024\/01\/como-cuidar-da-planta-lavanda01.jpg\" alt=\"como cuidar da planta lavanda\" width=\"1024\" height=\"1024\" title=\"\"><figcaption class=\"wp-caption-text\">como cuidar da planta lavanda<\/figcaption><\/figure>\n<p>Respeite o espa\u00e7o pessoal da lavanda! Deixe um espa\u00e7o de 30 a 40 cm entre cada planta para que elas possam crescer livremente.<\/p>\n<h3>Regando a lavanda<\/h3>\n<h3>Frequ\u00eancia de rega<\/h3>\n<p>Quando o assunto \u00e9 rega, a lavanda \u00e9 bem desapegada. Ela precisa de pouca \u00e1gua, ent\u00e3o regue apenas quando o solo estiver seco ao toque.<\/p>\n<h3>Quantidade de \u00e1gua<\/h3>\n<p>Seja moderado na quantidade de \u00e1gua. Um copinho j\u00e1 \u00e9 suficiente para deix\u00e1-la satisfeita.<\/p>\n<h3>Evitando o excesso de \u00e1gua<\/h3>\n<p>Evite regar a lavanda em dias nublados ou chuvosos. Ela n\u00e3o \u00e9 muito f\u00e3 de umidade excessiva.<\/p>\n<h3>Aduba\u00e7\u00e3o<\/h3>\n<h3>Fertilizantes recomendados<\/h3>\n<p style=\"text-align: center;\">[amazon table=&#8221;90132&#8243;]\n<p>Uma aduba\u00e7\u00e3o leve no in\u00edcio da primavera com um fertilizante org\u00e2nico de libera\u00e7\u00e3o lenta \u00e9 o suficiente para a lavanda.<\/p>\n<h3>Frequ\u00eancia<\/h3>\n<p>Adube a lavanda uma vez por ano, e ela estar\u00e1 mais do que satisfeita com essa aten\u00e7\u00e3o.<\/p>\n<h3>Perguntas Frequentes<\/h3>\n<p><strong>Posso plantar lavanda em apartamento?<\/strong><\/p>\n<p>Com certeza! Desde que voc\u00ea tenha um local que receba bastante luz solar, a lavanda pode ser uma \u00f3tima companheira de apartamento.<\/p>\n<p><strong>Como saber se estou regando a lavanda corretamente?<\/strong><\/p>\n<p>Se as folhas estiverem verdes e firmes, voc\u00ea est\u00e1 no caminho certo. Se elas come\u00e7arem a amarelar ou murchar, pode ser um sinal de que voc\u00ea est\u00e1 exagerando na \u00e1gua.<\/p>\n<p><strong>Quando devo podar minha lavanda?<\/strong><\/p>\n<p>O ideal \u00e9 podar ap\u00f3s o florescimento, para estimular o crescimento de novos ramos e manter a planta saud\u00e1vel e bonita.<\/p>\n<p>Para encerrar, lembrem-se de que cuidar de plantas \u00e9 um ato de amor e paci\u00eancia. E uma curiosidade: voc\u00ea sabia que a lavanda \u00e9 usada h\u00e1 s\u00e9culos n\u00e3o s\u00f3 por sua beleza e aroma, mas tamb\u00e9m por suas propriedades calmantes e medicinais? Pois \u00e9, al\u00e9m de embelezar o jardim, ela pode ser uma verdadeira aliada do nosso bem-estar. Cuide bem da sua lavanda e ela com certeza retribuir\u00e1 com muitas flores e momentos de paz. At\u00e9 a pr\u00f3xima!<\/p>\n<p><\/body><\/p>\n","protected":false},"excerpt":{"rendered":"<p>Mergulhe na beleza e nuances de como cuidar da planta lavanda. Tudo para um jardim perfeito!<\/p>\n","protected":false},"author":102,"featured_media":104452,"comment_status":"closed","ping_status":"closed","sticky":false,"template":"","format":"standard","meta":{"footnotes":""},"categories":[10005,9612],"tags":[35163],"class_list":["post-104455","post","type-post","status-publish","format-standard","has-post-thumbnail","category-casa-e-jardim","category-jardinagem","tag-cultivo-de-como-cuidar-da-planta-lavanda-como-cuidar-da-planta-lavanda"],"_wp_attached_file":null,"_wp_attachment_metadata":null,"_wp_attachment_context":null,"_wp_attachment_is_custom_header":null,"geo_longitude":null,"geo_public":null,"geo_latitude":null,"_publicize_done_external":null,"_wpas_done_3897181":null,"publicize_twitter_user":null,"_wpas_done_3897175":null,"_wpas_skip_3897181":null,"_wpas_skip_3897175":null,"_wpas_skip_3924723":null,"_wpas_mess":null,"_wpas_done_3924723":null,"wps_subtitle":"","_links":{"self":[{"href":"https:\/\/www.aarquiteta.com.br\/blog\/wp-json\/wp\/v2\/posts\/104455","targetHints":{"allow":["GET"]}}],"collection":[{"href":"https:\/\/www.aarquiteta.com.br\/blog\/wp-json\/wp\/v2\/posts"}],"about":[{"href":"https:\/\/www.aarquiteta.com.br\/blog\/wp-json\/wp\/v2\/types\/post"}],"author":[{"embeddable":true,"href":"https:\/\/www.aarquiteta.com.br\/blog\/wp-json\/wp\/v2\/users\/102"}],"replies":[{"embeddable":true,"href":"https:\/\/www.aarquiteta.com.br\/blog\/wp-json\/wp\/v2\/comments?post=104455"}],"version-history":[{"count":0,"href":"https:\/\/www.aarquiteta.com.br\/blog\/wp-json\/wp\/v2\/posts\/104455\/revisions"}],"wp:featuredmedia":[{"embeddable":true,"href":"https:\/\/www.aarquiteta.com.br\/blog\/wp-json\/wp\/v2\/media\/104452"}],"wp:attachment":[{"href":"https:\/\/www.aarquiteta.com.br\/blog\/wp-json\/wp\/v2\/media?parent=104455"}],"wp:term":[{"taxonomy":"category","embeddable":true,"href":"https:\/\/www.aarquiteta.com.br\/blog\/wp-json\/wp\/v2\/categories?post=104455"},{"taxonomy":"post_tag","embeddable":true,"href":"https:\/\/www.aarquiteta.com.br\/blog\/wp-json\/wp\/v2\/tags?post=104455"}],"curies":[{"name":"wp","href":"https:\/\/api.w.org\/{rel}","templated":true}]}}