{"id":104446,"date":"2024-01-19T18:00:54","date_gmt":"2024-01-19T21:00:54","guid":{"rendered":"http:\/\/aarquiteta.com.br\/?p=104446"},"modified":"2024-01-19T17:24:14","modified_gmt":"2024-01-19T20:24:14","slug":"cabeceira-de-casal","status":"publish","type":"post","link":"https:\/\/www.aarquiteta.com.br\/blog\/cabeceira-de-casal\/","title":{"rendered":"Cabeceira De Casal: 5 Ideias Para Transformar O Visual Do Seu Quarto."},"content":{"rendered":"<p>Quando se trata de decorar o quarto, a cabeceira de casal n\u00e3o \u00e9 apenas um mero acess\u00f3rio; ela \u00e9 a cereja do bolo, o toque final que pode transformar completamente a atmosfera do ambiente. Vamos explorar juntos como escolher a cabeceira perfeita, combin\u00e1-la com o restante da decora\u00e7\u00e3o, e cuidar dela para que continue sendo o destaque do nosso ref\u00fagio particular. Preparados para mergulhar no mundo das cabeceiras e descobrir como elas podem fazer toda a diferen\u00e7a no nosso cantinho especial?<\/p>\n<ul>\n<li>A escolha da cabeceira ideal envolve considerar estilo, tamanho, material e cores.<\/li>\n<li>Combinar a cabeceira com o restante do quarto exige aten\u00e7\u00e3o \u00e0s cores, materiais e estilo geral de decora\u00e7\u00e3o.<\/li>\n<li>Manter a cabeceira em bom estado requer limpeza adequada e prote\u00e7\u00e3o contra danos.<\/li>\n<li>Al\u00e9m de sua fun\u00e7\u00e3o est\u00e9tica, a cabeceira oferece conforto, apoio e prote\u00e7\u00e3o para a parede.<\/li>\n<\/ul>\n<h3>1.1 Estilo da cabeceira<\/h3>\n<figure style=\"width: 1024px\" class=\"wp-caption aligncenter\"><img decoding=\"async\" src=\"https:\/\/www.aarquiteta.com.br\/blog\/wp-content\/uploads\/2024\/01\/cabeceira-de-casal04.jpg\" alt=\"cabeceira de casal\" width=\"1024\" height=\"1024\" title=\"\"><figcaption class=\"wp-caption-text\">cabeceira de casal<\/figcaption><\/figure>\n<p>Escolher o estilo da cabeceira \u00e9 como encontrar o par perfeito de sapatos para um look impec\u00e1vel. Voc\u00ea prefere um estilo cl\u00e1ssico, com capiton\u00ea e tecidos nobres, ou algo mais moderno e minimalista? Talvez uma vibe r\u00fastica com madeira de demoli\u00e7\u00e3o? O importante \u00e9 que a cabeceira converse com a sua personalidade e o clima que voc\u00ea deseja criar no quarto.<\/p>\n<h3>1.2 Tamanho da cabeceira<\/h3>\n<p>O tamanho da cabeceira \u00e9 uma quest\u00e3o de propor\u00e7\u00e3o. Uma cabeceira muito pequena pode parecer perdida, enquanto uma muito grande pode sobrecarregar o espa\u00e7o. Me\u00e7a sua cama e as dimens\u00f5es do quarto para garantir que a cabeceira esteja em harmonia com o ambiente.<\/p>\n<h3>1.3 Material da cabeceira<\/h3>\n<style id=\"wp_carousel_dynamic_css102741\">.sp-wp-carousel-free-id-102741.wpcf-fancybox-wrapper .fancybox-bg{background: #0b0b0b;opacity: 0.8;}.sp-wp-carousel-free-id-102741.wpcf-fancybox-wrapper .fancybox-navigation .fancybox-button .wpcp-fancybox-nav-arrow i {color: #ccc;}.sp-wp-carousel-free-id-102741.wpcf-fancybox-wrapper .fancybox-navigation .fancybox-button .wpcp-fancybox-nav-arrow i:hover {color: #fff;}.sp-wp-carousel-free-id-102741.wpcf-fancybox-wrapper .fancybox-navigation .fancybox-button {background: #1e1e1e;}.sp-wp-carousel-free-id-102741.wpcf-fancybox-wrapper .fancybox-navigation .fancybox-button:hover {background: #1e1e1e;}#sp-wp-carousel-free-id-102741 .wpcp-swiper-dots {margin: 40px 0px 0px 0px;}.wpcp-wrapper-102741 .swiper-wrapper .swiper-slide-kenburn, .wpcp-wrapper-102741 .swiper-wrapper, .wpcp-wrapper-102741 .wpcpro-row{align-items: center;}#sp-wp-carousel-free-id-102741 .wpcp-single-item {box-shadow: 0px 0px 0px 0px #dddddd;transition: all .3s;margin: 0px;}#sp-wp-carousel-free-id-102741.swiper-flip .wpcp-single-item{margin: 0!important;}#sp-wp-carousel-free-id-102741 .wpcp-single-item:hover {box-shadow: 0px 0px 0px 0px #dddddd;}#sp-wp-carousel-free-id-102741.sp-wpcp-102741 .wpcp-single-item {border: 1px solid #dddddd;}#sp-wp-carousel-free-id-102741.sp-wpcp-102741 .swiper-button-prev,#sp-wp-carousel-free-id-102741.sp-wpcp-102741 .swiper-button-next,#sp-wp-carousel-free-id-102741.sp-wpcp-102741 .swiper-button-prev:hover,#sp-wp-carousel-free-id-102741.sp-wpcp-102741 .swiper-button-next:hover {background: none;border: none;font-size: 30px;}#sp-wp-carousel-free-id-102741.sp-wpcp-102741 .swiper-button-prev i,#sp-wp-carousel-free-id-102741.sp-wpcp-102741 .swiper-button-next i {color: #aaa;}#sp-wp-carousel-free-id-102741.sp-wpcp-102741 .swiper-button-prev i:hover,#sp-wp-carousel-free-id-102741.sp-wpcp-102741 .swiper-button-next i:hover {color: #178087;}#sp-wp-carousel-free-id-102741.sp-wpcp-102741 .wpcp-swiper-dots .swiper-pagination-bullet {background-color: #cccccc;}#sp-wp-carousel-free-id-102741.sp-wpcp-102741 .wpcp-swiper-dots .swiper-pagination-bullet.swiper-pagination-bullet-active {background-color: #178087;} #sp-wp-carousel-free-id-102741.sp-wpcp-102741.wpcp-image-carousel .wpcp-single-item:hover img, #sp-wp-carousel-free-id-102741.sp-wpcp-102741.wpcp-post-carousel .wpcp-single-item:hover img, #sp-wp-carousel-free-id-102741.sp-wpcp-102741.wpcp-product-carousel .wpcp-single-item:hover img{-webkit-transform: scale(1.2);-moz-transform: scale(1.2);transform: scale(1.2);}#sp-wp-carousel-free-id-102741 .wpcpro-row>[class*=\"wpcpro-col-\"] { padding: 0 10px; padding-bottom: 20px;} #sp-wp-carousel-free-id-102741 .swiper-slide .single-item-fade:not(:last-child) { margin-right: 20px;}@media (min-width: 480px) { .wpcpro-row .wpcpro-col-sm-1 { flex: 0 0 100%; max-width: 100%; } .wpcpro-row .wpcpro-col-sm-2 { flex: 0 0 50%; max-width: 50%; } .wpcpro-row .wpcpro-col-sm-2-5 { flex: 0 0 75%; max-width: 75%; } .wpcpro-row .wpcpro-col-sm-3 { flex: 0 0 33.333%; max-width: 33.333%; } .wpcpro-row .wpcpro-col-sm-4 { flex: 0 0 25%; max-width: 25%; } .wpcpro-row .wpcpro-col-sm-5 { flex: 0 0 20%; max-width: 20%; } .wpcpro-row .wpcpro-col-sm-6 { flex: 0 0 16.66666666666667%; max-width: 16.66666666666667%; } .wpcpro-row .wpcpro-col-sm-7 { flex: 0 0 14.28571428%; max-width: 14.28571428%; } .wpcpro-row .wpcpro-col-sm-8 { flex: 0 0 12.5%; max-width: 12.5%; } } @media (max-width: 480px) { .wpcpro-row .wpcpro-col-xs-1 { flex: 0 0 100%; max-width: 100%; } .wpcpro-row .wpcpro-col-xs-2 { flex: 0 0 50%; max-width: 50%; } .wpcpro-row .wpcpro-col-xs-3 { flex: 0 0 33.222%; max-width: 33.222%; } .wpcpro-row .wpcpro-col-xs-4 { flex: 0 0 25%; max-width: 25%; } .wpcpro-row .wpcpro-col-xs-5 { flex: 0 0 20%; max-width: 20%; } .wpcpro-row .wpcpro-col-xs-6 { flex: 0 0 16.6667%; max-width: 16.6667%; } .wpcpro-row .wpcpro-col-xs-7 { flex: 0 0 14.28571428%; max-width: 14.28571428%; } .wpcpro-row .wpcpro-col-xs-8 { flex: 0 0 12.5%; max-width: 12.5%; } } @media (min-width: 736px) { .wpcpro-row .wpcpro-col-md-1 { flex: 0 0 100%; max-width: 100%; } .wpcpro-row .wpcpro-col-md-2 { flex: 0 0 50%; max-width: 50%; } .wpcpro-row .wpcpro-col-md-2-5 { flex: 0 0 75%; max-width: 75%; } .wpcpro-row .wpcpro-col-md-3 { flex: 0 0 33.333%; max-width: 33.333%; } .wpcpro-row .wpcpro-col-md-4 { flex: 0 0 25%; max-width: 25%; } .wpcpro-row .wpcpro-col-md-5 { flex: 0 0 20%; max-width: 20%; } .wpcpro-row .wpcpro-col-md-6 { flex: 0 0 16.66666666666667%; max-width: 16.66666666666667%; } .wpcpro-row .wpcpro-col-md-7 { flex: 0 0 14.28571428%; max-width: 14.28571428%; } .wpcpro-row .wpcpro-col-md-8 { flex: 0 0 12.5%; max-width: 12.5%; } } @media (min-width: 980px) { .wpcpro-row .wpcpro-col-lg-1 { flex: 0 0 100%; max-width: 100%; } .wpcpro-row .wpcpro-col-lg-2 { flex: 0 0 50%; max-width: 50%; } .wpcpro-row .wpcpro-col-lg-3 { flex: 0 0 33.222%; max-width: 33.222%; } .wpcpro-row .wpcpro-col-lg-4 { flex: 0 0 25%; max-width: 25%; } .wpcpro-row .wpcpro-col-lg-5 { flex: 0 0 20%; max-width: 20%; } .wpcpro-row .wpcpro-col-lg-6 { flex: 0 0 16.6667%; max-width: 16.6667%; } .wpcpro-row .wpcpro-col-lg-7 { flex: 0 0 14.28571428%; max-width: 14.28571428%; } .wpcpro-row .wpcpro-col-lg-8 { flex: 0 0 12.5%; max-width: 12.5%; } } @media (min-width: 1200px) { .wpcpro-row .wpcpro-col-xl-1 { flex: 0 0 100%; max-width: 100%; } .wpcpro-row .wpcpro-col-xl-2 { flex: 0 0 50%; max-width: 50%; } .wpcpro-row .wpcpro-col-xl-3 { flex: 0 0 33.22222222%; max-width: 33.22222222%; } .wpcpro-row .wpcpro-col-xl-4 { flex: 0 0 25%; max-width: 25%; } .wpcpro-row .wpcpro-col-xl-5 { flex: 0 0 20%; max-width: 20%; } .wpcpro-row .wpcpro-col-xl-6 { flex: 0 0 16.66667%; max-width: 16.66667%; } .wpcpro-row .wpcpro-col-xl-7 { flex: 0 0 14.28571428%; max-width: 14.28571428%; } .wpcpro-row .wpcpro-col-xl-8 { flex: 0 0 12.5%; max-width: 12.5%; } }<\/style><div class=\"wpcp-carousel-wrapper wpcp-wrapper-102741\">\n\t<div id=\"wpcp-preloader-102741\" class=\"wpcp-carousel-preloader\"><img decoding=\"async\" src=\"https:\/\/www.aarquiteta.com.br\/blog\/wp-content\/plugins\/wp-carousel-free\/public\/css\/spinner.svg\" alt=\"Preloader Image\" title=\"\"><\/div>\t<div class=\"wpcp-carousel-content-wrapper\">\n\t<div id=\"sp-wp-carousel-free-id-102741\" class=\"wpcp-carousel-section sp-wpcp-102741  nav-vertical-center wpcp-image-carousel wpcp-preloader wpcp-standard\" data-swiper='{ &quot;pagination_type&quot;: &quot;dots&quot;,&quot;accessibility&quot;:true, &quot;spaceBetween&quot;:20, &quot;arrows&quot;:false, &quot;freeMode&quot;: false, &quot;autoplay&quot;:true, &quot;effect&quot;: &quot;&quot;, &quot;centerMode&quot;: false, &quot;autoplaySpeed&quot;:3000, &quot;dots&quot;:true, &quot;infinite&quot;:true, &quot;speed&quot;:600, &quot;pauseOnHover&quot;:true,\n\t\t\t&quot;slidesToShow&quot;:{&quot;lg_desktop&quot;:5, &quot;desktop&quot;: 4, &quot;laptop&quot;: 3, &quot;tablet&quot;: 2, &quot;mobile&quot;: 1}, &quot;responsive&quot;:{&quot;desktop&quot;:1200, &quot;laptop&quot;: 980, &quot;tablet&quot;: 736, &quot;mobile&quot;: 480}, &quot;rtl&quot;:false, &quot;lazyLoad&quot;: &quot;false&quot;, &quot;swipe&quot;: true, &quot;draggable&quot;: true, &quot;swipeToSlide&quot;:false }' dir=\"ltr\">\n\t\t<div class=\"swiper-wrapper\">\n\t\t<div class=\"swiper-slide\">\n\t<div class=\"wpcp-single-item\">\n\t\t\t<a class=\"wcp-light-box\" data-buttons='[\"close\"]' data-wpc_url='https:\/\/www.aarquiteta.com.br\/blog\/wp-content\/uploads\/2023\/12\/cortina-para-quarto-de-menino01.jpg' href=\"https:\/\/www.aarquiteta.com.br\/blog\/wp-content\/uploads\/2023\/12\/cortina-para-quarto-de-menino01.jpg\" data-fancybox=\"wpcp_view\">\n\t\t<figure>\n\t\t\t<img decoding=\"async\" class=\"skip-lazy\" src=\"https:\/\/www.aarquiteta.com.br\/blog\/wp-content\/uploads\/2023\/12\/cortina-para-quarto-de-menino01.jpg\" alt=\"cortina para quarto de menino\" width=\"1024\" height=\"1024\" title=\"\">\t\t<\/figure>\n\t<\/a>\n\t\t<\/div>\n<\/div>\n\t<div class=\"swiper-slide\">\n\t<div class=\"wpcp-single-item\">\n\t\t\t<a class=\"wcp-light-box\" data-buttons='[\"close\"]' data-wpc_url='https:\/\/www.aarquiteta.com.br\/blog\/wp-content\/uploads\/2023\/12\/cortinas-para-quarto01.jpg' href=\"https:\/\/www.aarquiteta.com.br\/blog\/wp-content\/uploads\/2023\/12\/cortinas-para-quarto01.jpg\" data-fancybox=\"wpcp_view\">\n\t\t<figure>\n\t\t\t<img decoding=\"async\" class=\"skip-lazy\" src=\"https:\/\/www.aarquiteta.com.br\/blog\/wp-content\/uploads\/2023\/12\/cortinas-para-quarto01.jpg\" alt=\"cortinas para quarto\" width=\"1024\" height=\"1024\" title=\"\">\t\t<\/figure>\n\t<\/a>\n\t\t<\/div>\n<\/div>\n\t<div class=\"swiper-slide\">\n\t<div class=\"wpcp-single-item\">\n\t\t\t<a class=\"wcp-light-box\" data-buttons='[\"close\"]' data-wpc_url='https:\/\/www.aarquiteta.com.br\/blog\/wp-content\/uploads\/2023\/11\/cabeceira-de-cama-ripada-4.jpg' href=\"https:\/\/www.aarquiteta.com.br\/blog\/wp-content\/uploads\/2023\/11\/cabeceira-de-cama-ripada-4.jpg\" data-fancybox=\"wpcp_view\">\n\t\t<figure>\n\t\t\t<img decoding=\"async\" class=\"skip-lazy\" src=\"https:\/\/www.aarquiteta.com.br\/blog\/wp-content\/uploads\/2023\/11\/cabeceira-de-cama-ripada-4.jpg\" alt=\"Cabeceira Ripada: 5 Ideias Para Modernizar e Aconchegar Seu Quarto.\" width=\"1200\" height=\"1200\" title=\"\">\t\t<\/figure>\n\t<\/a>\n\t\t<\/div>\n<\/div>\n\t<div class=\"swiper-slide\">\n\t<div class=\"wpcp-single-item\">\n\t\t\t<a class=\"wcp-light-box\" data-buttons='[\"close\"]' data-wpc_url='https:\/\/www.aarquiteta.com.br\/blog\/wp-content\/uploads\/2023\/10\/quarto-de-solteiro-decorado04.jpg' href=\"https:\/\/www.aarquiteta.com.br\/blog\/wp-content\/uploads\/2023\/10\/quarto-de-solteiro-decorado04.jpg\" data-fancybox=\"wpcp_view\">\n\t\t<figure>\n\t\t\t<img decoding=\"async\" class=\"skip-lazy\" src=\"https:\/\/www.aarquiteta.com.br\/blog\/wp-content\/uploads\/2023\/10\/quarto-de-solteiro-decorado04.jpg\" alt=\"quarto de solteiro decorado\" width=\"1024\" height=\"1024\" title=\"\">\t\t<\/figure>\n\t<\/a>\n\t\t<\/div>\n<\/div>\n\t<div class=\"swiper-slide\">\n\t<div class=\"wpcp-single-item\">\n\t\t\t<a class=\"wcp-light-box\" data-buttons='[\"close\"]' data-wpc_url='https:\/\/www.aarquiteta.com.br\/blog\/wp-content\/uploads\/2023\/10\/nichos-para-quarto03.jpg' href=\"https:\/\/www.aarquiteta.com.br\/blog\/wp-content\/uploads\/2023\/10\/nichos-para-quarto03.jpg\" data-fancybox=\"wpcp_view\">\n\t\t<figure>\n\t\t\t<img decoding=\"async\" class=\"skip-lazy\" src=\"https:\/\/www.aarquiteta.com.br\/blog\/wp-content\/uploads\/2023\/10\/nichos-para-quarto03.jpg\" alt=\"nichos para quarto\" width=\"1024\" height=\"1024\" title=\"\">\t\t<\/figure>\n\t<\/a>\n\t\t<\/div>\n<\/div>\n\t<div class=\"swiper-slide\">\n\t<div class=\"wpcp-single-item\">\n\t\t\t<a class=\"wcp-light-box\" data-buttons='[\"close\"]' data-wpc_url='https:\/\/www.aarquiteta.com.br\/blog\/wp-content\/uploads\/2023\/10\/cortina-para-quarto-de-bebe03.jpg' href=\"https:\/\/www.aarquiteta.com.br\/blog\/wp-content\/uploads\/2023\/10\/cortina-para-quarto-de-bebe03.jpg\" data-fancybox=\"wpcp_view\">\n\t\t<figure>\n\t\t\t<img decoding=\"async\" class=\"skip-lazy\" src=\"https:\/\/www.aarquiteta.com.br\/blog\/wp-content\/uploads\/2023\/10\/cortina-para-quarto-de-bebe03.jpg\" alt=\"cortina para quarto de beb\u00ea\" width=\"1024\" height=\"1024\" title=\"\">\t\t<\/figure>\n\t<\/a>\n\t\t<\/div>\n<\/div>\n\t<div class=\"swiper-slide\">\n\t<div class=\"wpcp-single-item\">\n\t\t\t<a class=\"wcp-light-box\" data-buttons='[\"close\"]' data-wpc_url='https:\/\/www.aarquiteta.com.br\/blog\/wp-content\/uploads\/2023\/10\/cortina-para-quarto-de-bebe01.jpg' href=\"https:\/\/www.aarquiteta.com.br\/blog\/wp-content\/uploads\/2023\/10\/cortina-para-quarto-de-bebe01.jpg\" data-fancybox=\"wpcp_view\">\n\t\t<figure>\n\t\t\t<img decoding=\"async\" class=\"skip-lazy\" src=\"https:\/\/www.aarquiteta.com.br\/blog\/wp-content\/uploads\/2023\/10\/cortina-para-quarto-de-bebe01.jpg\" alt=\"*Cortina para Quarto de Beb\u00ea: Encante e Proteja com Estilo*\" width=\"1024\" height=\"1024\" title=\"\">\t\t<\/figure>\n\t<\/a>\n\t\t<\/div>\n<\/div>\n\t<div class=\"swiper-slide\">\n\t<div class=\"wpcp-single-item\">\n\t\t\t<a class=\"wcp-light-box\" data-buttons='[\"close\"]' data-wpc_url='https:\/\/www.aarquiteta.com.br\/blog\/wp-content\/uploads\/2023\/10\/adesivos-de-parede-para-quarto01.jpg' href=\"https:\/\/www.aarquiteta.com.br\/blog\/wp-content\/uploads\/2023\/10\/adesivos-de-parede-para-quarto01.jpg\" data-fancybox=\"wpcp_view\">\n\t\t<figure>\n\t\t\t<img decoding=\"async\" class=\"skip-lazy\" src=\"https:\/\/www.aarquiteta.com.br\/blog\/wp-content\/uploads\/2023\/10\/adesivos-de-parede-para-quarto01.jpg\" alt=\"Descubra as melhores formas de adesivos de parede para quarto\" width=\"1024\" height=\"1024\" title=\"\">\t\t<\/figure>\n\t<\/a>\n\t\t<\/div>\n<\/div>\n\t<div class=\"swiper-slide\">\n\t<div class=\"wpcp-single-item\">\n\t\t\t<a class=\"wcp-light-box\" data-buttons='[\"close\"]' data-wpc_url='https:\/\/www.aarquiteta.com.br\/blog\/wp-content\/uploads\/2023\/10\/ideias-para-decoracao-de-quarto-04.jpg' href=\"https:\/\/www.aarquiteta.com.br\/blog\/wp-content\/uploads\/2023\/10\/ideias-para-decoracao-de-quarto-04.jpg\" data-fancybox=\"wpcp_view\">\n\t\t<figure>\n\t\t\t<img decoding=\"async\" class=\"skip-lazy\" src=\"https:\/\/www.aarquiteta.com.br\/blog\/wp-content\/uploads\/2023\/10\/ideias-para-decoracao-de-quarto-04.jpg\" alt=\"Sugest\u00f5es para decora\u00e7\u00e3o de quarto: encontre as melhores ideias online!\" width=\"1024\" height=\"1024\" title=\"\">\t\t<\/figure>\n\t<\/a>\n\t\t<\/div>\n<\/div>\n\t<div class=\"swiper-slide\">\n\t<div class=\"wpcp-single-item\">\n\t\t\t<a class=\"wcp-light-box\" data-buttons='[\"close\"]' data-wpc_url='https:\/\/www.aarquiteta.com.br\/blog\/wp-content\/uploads\/2023\/09\/Ideias-de-decoracao-para-quarto-pequeno-1.jpg' href=\"https:\/\/www.aarquiteta.com.br\/blog\/wp-content\/uploads\/2023\/09\/Ideias-de-decoracao-para-quarto-pequeno-1.jpg\" data-fancybox=\"wpcp_view\">\n\t\t<figure>\n\t\t\t<img decoding=\"async\" class=\"skip-lazy\" src=\"https:\/\/www.aarquiteta.com.br\/blog\/wp-content\/uploads\/2023\/09\/Ideias-de-decoracao-para-quarto-pequeno-1.jpg\" alt=\"Ideias de decora\u00e7\u00e3o para quarto pequeno\" width=\"1024\" height=\"1024\" title=\"\">\t\t<\/figure>\n\t<\/a>\n\t\t<\/div>\n<\/div>\n\t<div class=\"swiper-slide\">\n\t<div class=\"wpcp-single-item\">\n\t\t\t<a class=\"wcp-light-box\" data-buttons='[\"close\"]' data-wpc_url='https:\/\/www.aarquiteta.com.br\/blog\/wp-content\/uploads\/2023\/09\/ideias-para-decoracao-de-quarto-1.jpg' href=\"https:\/\/www.aarquiteta.com.br\/blog\/wp-content\/uploads\/2023\/09\/ideias-para-decoracao-de-quarto-1.jpg\" data-fancybox=\"wpcp_view\">\n\t\t<figure>\n\t\t\t<img decoding=\"async\" class=\"skip-lazy\" src=\"https:\/\/www.aarquiteta.com.br\/blog\/wp-content\/uploads\/2023\/09\/ideias-para-decoracao-de-quarto-1.jpg\" alt=\"ideias para decora\u00e7\u00e3o de quarto\" width=\"1024\" height=\"1024\" title=\"\">\t\t<\/figure>\n\t<\/a>\n\t\t<\/div>\n<\/div>\n\t<div class=\"swiper-slide\">\n\t<div class=\"wpcp-single-item\">\n\t\t\t<a class=\"wcp-light-box\" data-buttons='[\"close\"]' data-wpc_url='https:\/\/www.aarquiteta.com.br\/blog\/wp-content\/uploads\/2023\/09\/ideias-para-decoracao-de-quarto.jpg' href=\"https:\/\/www.aarquiteta.com.br\/blog\/wp-content\/uploads\/2023\/09\/ideias-para-decoracao-de-quarto.jpg\" data-fancybox=\"wpcp_view\">\n\t\t<figure>\n\t\t\t<img decoding=\"async\" class=\"skip-lazy\" src=\"https:\/\/www.aarquiteta.com.br\/blog\/wp-content\/uploads\/2023\/09\/ideias-para-decoracao-de-quarto.jpg\" alt=\"ideias para decora\u00e7\u00e3o de quarto\" width=\"1024\" height=\"1024\" title=\"\">\t\t<\/figure>\n\t<\/a>\n\t\t<\/div>\n<\/div>\n\t<div class=\"swiper-slide\">\n\t<div class=\"wpcp-single-item\">\n\t\t\t<a class=\"wcp-light-box\" data-buttons='[\"close\"]' data-wpc_url='https:\/\/www.aarquiteta.com.br\/blog\/wp-content\/uploads\/2023\/09\/ideias-decoracao-de-quarto-infantil-masculino-simples-e-barato-2.png' href=\"https:\/\/www.aarquiteta.com.br\/blog\/wp-content\/uploads\/2023\/09\/ideias-decoracao-de-quarto-infantil-masculino-simples-e-barato-2.png\" data-fancybox=\"wpcp_view\">\n\t\t<figure>\n\t\t\t<img decoding=\"async\" class=\"skip-lazy\" src=\"https:\/\/www.aarquiteta.com.br\/blog\/wp-content\/uploads\/2023\/09\/ideias-decoracao-de-quarto-infantil-masculino-simples-e-barato-2.png\" alt=\"ideias decora\u00e7\u00e3o de quarto infantil masculino simples e barato\" width=\"1024\" height=\"1024\" title=\"\">\t\t<\/figure>\n\t<\/a>\n\t\t<\/div>\n<\/div>\n\t<div class=\"swiper-slide\">\n\t<div class=\"wpcp-single-item\">\n\t\t\t<a class=\"wcp-light-box\" data-buttons='[\"close\"]' data-wpc_url='https:\/\/www.aarquiteta.com.br\/blog\/wp-content\/uploads\/2023\/09\/Quarto-Feminino.png' href=\"https:\/\/www.aarquiteta.com.br\/blog\/wp-content\/uploads\/2023\/09\/Quarto-Feminino.png\" data-fancybox=\"wpcp_view\">\n\t\t<figure>\n\t\t\t<img decoding=\"async\" class=\"skip-lazy\" src=\"https:\/\/www.aarquiteta.com.br\/blog\/wp-content\/uploads\/2023\/09\/Quarto-Feminino.png\" alt=\"Transforme seu Quarto Feminino: Ideias Inspiradoras para Uma Decora\u00e7\u00e3o Personalizada\" width=\"1024\" height=\"1024\" title=\"\">\t\t<\/figure>\n\t<\/a>\n\t\t<\/div>\n<\/div>\n\t<div class=\"swiper-slide\">\n\t<div class=\"wpcp-single-item\">\n\t\t\t<a class=\"wcp-light-box\" data-buttons='[\"close\"]' data-wpc_url='https:\/\/www.aarquiteta.com.br\/blog\/wp-content\/uploads\/2023\/08\/5-Estampas-para-Transformar-a-Decoracao-do-Seu-Quarto-1.png' href=\"https:\/\/www.aarquiteta.com.br\/blog\/wp-content\/uploads\/2023\/08\/5-Estampas-para-Transformar-a-Decoracao-do-Seu-Quarto-1.png\" data-fancybox=\"wpcp_view\">\n\t\t<figure>\n\t\t\t<img decoding=\"async\" class=\"skip-lazy\" src=\"https:\/\/www.aarquiteta.com.br\/blog\/wp-content\/uploads\/2023\/08\/5-Estampas-para-Transformar-a-Decoracao-do-Seu-Quarto-1.png\" alt=\"5 Estampas para Transformar a Decora\u00e7\u00e3o do Seu Quarto\" width=\"1024\" height=\"1024\" title=\"\">\t\t<\/figure>\n\t<\/a>\n\t\t<\/div>\n<\/div>\n\t<div class=\"swiper-slide\">\n\t<div class=\"wpcp-single-item\">\n\t\t\t<a class=\"wcp-light-box\" data-buttons='[\"close\"]' data-wpc_url='https:\/\/www.aarquiteta.com.br\/blog\/wp-content\/uploads\/2023\/08\/5-Estampas-para-Transformar-a-Decoracao-do-Seu-Quarto.png' href=\"https:\/\/www.aarquiteta.com.br\/blog\/wp-content\/uploads\/2023\/08\/5-Estampas-para-Transformar-a-Decoracao-do-Seu-Quarto.png\" data-fancybox=\"wpcp_view\">\n\t\t<figure>\n\t\t\t<img decoding=\"async\" class=\"skip-lazy\" src=\"https:\/\/www.aarquiteta.com.br\/blog\/wp-content\/uploads\/2023\/08\/5-Estampas-para-Transformar-a-Decoracao-do-Seu-Quarto.png\" alt=\"5 Estampas para Transformar a Decora\u00e7\u00e3o do Seu Quarto\" width=\"1024\" height=\"1024\" title=\"\">\t\t<\/figure>\n\t<\/a>\n\t\t<\/div>\n<\/div>\n\t<div class=\"swiper-slide\">\n\t<div class=\"wpcp-single-item\">\n\t\t\t<a class=\"wcp-light-box\" data-buttons='[\"close\"]' data-wpc_url='https:\/\/www.aarquiteta.com.br\/blog\/wp-content\/uploads\/2023\/08\/Dicas-de-Decoracao-para-um-Quarto-de-Casal-Aconchegante-1.png' href=\"https:\/\/www.aarquiteta.com.br\/blog\/wp-content\/uploads\/2023\/08\/Dicas-de-Decoracao-para-um-Quarto-de-Casal-Aconchegante-1.png\" data-fancybox=\"wpcp_view\">\n\t\t<figure>\n\t\t\t<img decoding=\"async\" class=\"skip-lazy\" src=\"https:\/\/www.aarquiteta.com.br\/blog\/wp-content\/uploads\/2023\/08\/Dicas-de-Decoracao-para-um-Quarto-de-Casal-Aconchegante-1.png\" alt=\"Dicas de Decora\u00e7\u00e3o para um Quarto de Casal Aconchegante.\" width=\"1024\" height=\"1024\" title=\"\">\t\t<\/figure>\n\t<\/a>\n\t\t<\/div>\n<\/div>\n\t<div class=\"swiper-slide\">\n\t<div class=\"wpcp-single-item\">\n\t\t\t<a class=\"wcp-light-box\" data-buttons='[\"close\"]' data-wpc_url='https:\/\/www.aarquiteta.com.br\/blog\/wp-content\/uploads\/2023\/08\/quarto-de-casal-pequeno-decorado-de-forma-economica-e-funcional.png' href=\"https:\/\/www.aarquiteta.com.br\/blog\/wp-content\/uploads\/2023\/08\/quarto-de-casal-pequeno-decorado-de-forma-economica-e-funcional.png\" data-fancybox=\"wpcp_view\">\n\t\t<figure>\n\t\t\t<img decoding=\"async\" class=\"skip-lazy\" src=\"https:\/\/www.aarquiteta.com.br\/blog\/wp-content\/uploads\/2023\/08\/quarto-de-casal-pequeno-decorado-de-forma-economica-e-funcional.png\" alt=\"Quarto de Casal Pequeno? Descubra Como Decorar Gastando Pouco!\" width=\"1024\" height=\"1024\" title=\"\">\t\t<\/figure>\n\t<\/a>\n\t\t<\/div>\n<\/div>\n\t\t\t<\/div>\n\t\t\t\t\t<div class=\"wpcp-swiper-dots swiper-pagination\"><\/div>\n\t\t\t\t<!-- If we need navigation buttons -->\n\t\t\t<\/div>\n\t<\/div>\n<\/div>\n\n<p>O material da cabeceira \u00e9 o que vai ditar a durabilidade e o conforto. Madeira, metal, tecido, couro&#8230; as op\u00e7\u00f5es s\u00e3o tantas que d\u00e1 para se perder! Mas lembre-se, cada material tem suas vantagens e cuidados espec\u00edficos. Escolha com sabedoria!<\/p>\n<h3>1.4 Cores e padr\u00f5es<\/h3>\n<p>As cores e padr\u00f5es da cabeceira podem ser o ponto alto da decora\u00e7\u00e3o. Quer dar um toque de ousadia? V\u00e1 de estampas vibrantes. Prefere algo mais s\u00f3brio? Tons neutros s\u00e3o a chave. A dica de ouro \u00e9 pensar na cabeceira como uma tela em branco para expressar seu estilo.<\/p>\n<h3>2.1 Cores e estampas<\/h3>\n<p>Na hora de combinar cores e estampas, pense na cabeceira como uma pe\u00e7a de arte. Ela deve complementar as cores j\u00e1 presentes no quarto ou, quem sabe, ser o elemento surpresa que quebra a monotonia. O segredo \u00e9 manter um equil\u00edbrio visual que agrade aos olhos.<\/p>\n<h3>2.2 Materiais e texturas<\/h3>\n<figure style=\"width: 1024px\" class=\"wp-caption aligncenter\"><img decoding=\"async\" src=\"https:\/\/www.aarquiteta.com.br\/blog\/wp-content\/uploads\/2024\/01\/cabeceira-de-casal02.jpg\" alt=\"cabeceira de casal\" width=\"1024\" height=\"1024\" title=\"\"><figcaption class=\"wp-caption-text\">cabeceira de casal<\/figcaption><\/figure>\n<p>Misturar materiais e texturas pode ser o toque mestre na decora\u00e7\u00e3o. Uma cabeceira de veludo em um quarto com elementos de metal pode criar um contraste interessante. Ou talvez uma cabeceira de madeira em um ambiente com tecidos leves traga aconchego. Experimente!<\/p>\n<h3>2.3 Estilo de decora\u00e7\u00e3o<\/h3>\n<p>O estilo de decora\u00e7\u00e3o do quarto \u00e9 o seu guia na escolha da cabeceira. Se o quarto tem uma pegada boho, uma cabeceira de macram\u00ea pode ser incr\u00edvel. Se \u00e9 mais contempor\u00e2neo, linhas retas e design simples s\u00e3o a pedida. Mantenha a coer\u00eancia para um resultado harmonioso.<\/p>\n<h3>3.1 Limpeza adequada<\/h3>\n<figure style=\"width: 1024px\" class=\"wp-caption aligncenter\"><img decoding=\"async\" src=\"https:\/\/www.aarquiteta.com.br\/blog\/wp-content\/uploads\/2024\/01\/cabeceira-de-casal01.jpg\" alt=\"cabeceira de casal\" width=\"1024\" height=\"1024\" title=\"\"><figcaption class=\"wp-caption-text\">cabeceira de casal<\/figcaption><\/figure>\n<p>Manter a cabeceira limpa \u00e9 essencial para sua durabilidade. Use produtos adequados para cada material e n\u00e3o deixe acumular poeira. Uma dica \u00e9 passar o aspirador com um bocal de escova suavemente para n\u00e3o danificar o tecido ou a superf\u00edcie.<\/p>\n<h3>3.2 Prote\u00e7\u00e3o contra danos<\/h3>\n<p>Proteger a cabeceira contra danos \u00e9 como proteger um tesouro. Evite exposi\u00e7\u00e3o direta ao sol para que as cores n\u00e3o desbotem e, se poss\u00edvel, n\u00e3o deixe que animais de estima\u00e7\u00e3o a usem como arranhador ou trampolim.<\/p>\n<h3>3.3 Substitui\u00e7\u00e3o e renova\u00e7\u00e3o<\/h3>\n<figure style=\"width: 1024px\" class=\"wp-caption aligncenter\"><img decoding=\"async\" src=\"https:\/\/www.aarquiteta.com.br\/blog\/wp-content\/uploads\/2024\/01\/cabeceira-de-casal03.jpg\" alt=\"cabeceira de casal\" width=\"1024\" height=\"1024\" title=\"\"><figcaption class=\"wp-caption-text\">cabeceira de casal<\/figcaption><\/figure>\n<p>Com o tempo, pode ser necess\u00e1rio substituir ou renovar a cabeceira. Se o tecido estiver desgastado, que tal uma nova capa? Se a estrutura estiver danificada, talvez seja hora de investir em uma nova. A renova\u00e7\u00e3o \u00e9 uma oportunidade de mudan\u00e7a!<\/p>\n<h3>4.1 Conforto e apoio<\/h3>\n<p>A cabeceira n\u00e3o \u00e9 s\u00f3 para bonito, ela tamb\u00e9m oferece conforto e apoio. Quem nunca se encostou na cabeceira para ler um livro ou navegar no celular? Escolha uma que seja confort\u00e1vel para esses momentos de relaxamento.<\/p>\n<h3>4.2 Prote\u00e7\u00e3o para a parede<\/h3>\n<p>Al\u00e9m de est\u00e9tica, a cabeceira protege a parede de manchas e desgastes. Pense nela como um escudo estiloso que mant\u00e9m a integridade do seu quarto enquanto adiciona charme ao conjunto.<\/p>\n<blockquote><p>Curiosidade: Voc\u00ea sabia que a cabeceira, em tempos antigos, tinha a fun\u00e7\u00e3o de proteger os dorminhocos de correntes de ar frio? Hoje, ela protege nossas paredes e ainda serve como um painel de express\u00e3o pessoal. Quem diria que um peda\u00e7o de mob\u00edlia poderia contar tantas hist\u00f3rias, n\u00e3o \u00e9 mesmo?<\/p><\/blockquote>\n<h3>4.3 Elemento decorativo<\/h3>\n<p>Como um elemento decorativo, a cabeceira tem o poder de definir o tom do quarto. Ela pode ser o destaque ou complementar outros elementos, mas sempre adicionando personalidade e estilo ao seu espa\u00e7o pessoal.<\/p>\n<h3>Perguntas Frequentes<\/h3>\n<p style=\"text-align: center;\">[amazon table=&#8221;83091&#8243;]\n<ol>\n<li><strong>Qual \u00e9 o tamanho ideal para uma cabeceira de casal?<\/strong><br \/>\nO tamanho ideal para uma cabeceira de casal deve ser ligeiramente maior que a largura da cama, garantindo assim propor\u00e7\u00e3o e est\u00e9tica agrad\u00e1veis. Considere tamb\u00e9m a altura do teto e o tamanho do quarto para evitar que a cabeceira domine o espa\u00e7o.<\/li>\n<li><strong>Como escolher uma cabeceira que combine com o estilo do quarto?<\/strong><br \/>\nPara escolher uma cabeceira que combine com o estilo do quarto, observe os m\u00f3veis e acess\u00f3rios existentes. Opte por uma cabeceira que harmonize com as cores e texturas presentes, e que respeite o estilo decorativo predominante, seja ele cl\u00e1ssico, moderno ou ecl\u00e9tico.<\/li>\n<li><strong>\u00c9 poss\u00edvel personalizar a cabeceira de casal?<\/strong><br \/>\nSim, \u00e9 poss\u00edvel personalizar a cabeceira de casal. Muitos fabricantes oferecem op\u00e7\u00f5es de customiza\u00e7\u00e3o, como escolha de tecidos, cores e acabamentos. Al\u00e9m disso, voc\u00ea pode adicionar detalhes DIY, como bot\u00f5es, tachas ou ilumina\u00e7\u00e3o, para torn\u00e1-la \u00fanica.<\/li>\n<\/ol>\n<p>Em resumo, a cabeceira de casal \u00e9 muito mais do que um simples acess\u00f3rio. Ela \u00e9 um elemento chave na decora\u00e7\u00e3o do quarto, oferecendo estilo, conforto e prote\u00e7\u00e3o. Escolher a cabeceira certa pode ser uma jornada divertida e criativa, onde voc\u00ea tem a chance de imprimir um pouco de si mesmo no seu espa\u00e7o mais \u00edntimo. E lembre-se, uma boa cabeceira n\u00e3o \u00e9 apenas aquela que chama aten\u00e7\u00e3o, mas tamb\u00e9m aquela que convida para o descanso e sonhos agrad\u00e1veis.<\/p>\n<p>&nbsp;<\/p>\n","protected":false},"excerpt":{"rendered":"<p>Quer uma cabeceira de casal de tirar o f\u00f4lego? Descubra inspira\u00e7\u00f5es aqui!<\/p>\n","protected":false},"author":102,"featured_media":104443,"comment_status":"closed","ping_status":"closed","sticky":false,"template":"","format":"standard","meta":{"footnotes":""},"categories":[1484],"tags":[],"class_list":["post-104446","post","type-post","status-publish","format-standard","has-post-thumbnail","category-decoracao"],"_wp_attached_file":null,"_wp_attachment_metadata":null,"_wp_attachment_context":null,"_wp_attachment_is_custom_header":null,"geo_longitude":null,"geo_public":null,"geo_latitude":null,"_publicize_done_external":null,"_wpas_done_3897181":null,"publicize_twitter_user":null,"_wpas_done_3897175":null,"_wpas_skip_3897181":null,"_wpas_skip_3897175":null,"_wpas_skip_3924723":null,"_wpas_mess":null,"_wpas_done_3924723":null,"wps_subtitle":"","_links":{"self":[{"href":"https:\/\/www.aarquiteta.com.br\/blog\/wp-json\/wp\/v2\/posts\/104446","targetHints":{"allow":["GET"]}}],"collection":[{"href":"https:\/\/www.aarquiteta.com.br\/blog\/wp-json\/wp\/v2\/posts"}],"about":[{"href":"https:\/\/www.aarquiteta.com.br\/blog\/wp-json\/wp\/v2\/types\/post"}],"author":[{"embeddable":true,"href":"https:\/\/www.aarquiteta.com.br\/blog\/wp-json\/wp\/v2\/users\/102"}],"replies":[{"embeddable":true,"href":"https:\/\/www.aarquiteta.com.br\/blog\/wp-json\/wp\/v2\/comments?post=104446"}],"version-history":[{"count":0,"href":"https:\/\/www.aarquiteta.com.br\/blog\/wp-json\/wp\/v2\/posts\/104446\/revisions"}],"wp:featuredmedia":[{"embeddable":true,"href":"https:\/\/www.aarquiteta.com.br\/blog\/wp-json\/wp\/v2\/media\/104443"}],"wp:attachment":[{"href":"https:\/\/www.aarquiteta.com.br\/blog\/wp-json\/wp\/v2\/media?parent=104446"}],"wp:term":[{"taxonomy":"category","embeddable":true,"href":"https:\/\/www.aarquiteta.com.br\/blog\/wp-json\/wp\/v2\/categories?post=104446"},{"taxonomy":"post_tag","embeddable":true,"href":"https:\/\/www.aarquiteta.com.br\/blog\/wp-json\/wp\/v2\/tags?post=104446"}],"curies":[{"name":"wp","href":"https:\/\/api.w.org\/{rel}","templated":true}]}}