{"id":104398,"date":"2024-01-08T12:00:40","date_gmt":"2024-01-08T15:00:40","guid":{"rendered":"http:\/\/aarquiteta.com.br\/?p=104398"},"modified":"2024-01-08T11:35:18","modified_gmt":"2024-01-08T14:35:18","slug":"como-fazer-kitnet-perfeita","status":"publish","type":"post","link":"https:\/\/www.aarquiteta.com.br\/blog\/como-fazer-kitnet-perfeita\/","title":{"rendered":"Como Fazer KITNET PERFEITA que RENDE MAIS gastando POUCO DINHEIRO?"},"content":{"rendered":"<p>E a\u00ed, galera! Hoje eu trouxe um assunto que \u00e9 um verdadeiro achado para quem t\u00e1 querendo investir sem fazer a carteira chorar. Vou te mostrar o passo a passo de como construir e mobiliar uma <b>kitnet com mezanino estilo loft<\/b> que \u00e9 um verdadeiro doce para os olhos e para o bolso. E o melhor de tudo? Gastando aquela graninha que n\u00e3o faz voc\u00ea passar noites em claro!<\/p>\n<p>Prepare-se para mergulhar nas profundezas de uma funda\u00e7\u00e3o segura e descobrir os segredos de uma estrutura que \u00e9 mais firme que promessa de pol\u00edtico em \u00e9poca de elei\u00e7\u00e3o. Vou te levar em uma viagem pela engenharia reversa, onde cada tijolo tem sua hist\u00f3ria e cada viga sua miss\u00e3o. E n\u00e3o para por a\u00ed: temos uma decora\u00e7\u00e3o de fazer qualquer um se apaixonar, com um toque de praticidade que \u00e9 a cereja do bolo.<\/p>\n<figure style=\"width: 1024px\" class=\"wp-caption aligncenter\"><img decoding=\"async\" src=\"https:\/\/www.aarquiteta.com.br\/blog\/wp-content\/uploads\/2024\/01\/transforme-espaco-compacto-imovel-valorizado-kitnet-loft01.jpg\" alt=\"Transforme seu espa\u00e7o compacto em um im\u00f3vel valorizado e rent\u00e1vel, com uma kitnet estilo loft!\" width=\"1024\" height=\"1024\" title=\"\"><figcaption class=\"wp-caption-text\">Transforme seu espa\u00e7o compacto em um im\u00f3vel valorizado e rent\u00e1vel, com uma kitnet estilo loft!<\/figcaption><\/figure>\n<p>Ent\u00e3o, se voc\u00ea t\u00e1 a fim de saber como fazer essa m\u00e1gica acontecer e transformar um espa\u00e7o compacto em um <b>im\u00f3vel valorizado e rent\u00e1vel<\/b>, cola comigo que no final desse artigo tem o v\u00eddeo completo que \u00e9 puro ouro. Vamos nessa que o assunto \u00e9 bom e o pre\u00e7o \u00e9 melhor ainda!<\/p>\n<h3><b>N\u00e3o perca mais tempo e assista agora como tudo isso \u00e9 feito no v\u00eddeo abaixo!<\/b><\/h3>\n<p>Caso seja necess\u00e1rio, ative as legendas em Portugu\u00eas Brasil, nas configura\u00e7\u00f5es do v\u00eddeo e aproveite!<\/p>\n<div class=\"youtube-embed\" data-video_id=\"DGk8MALpjIQ\"><iframe title=\"Como Fazer KITNET PERFEITA que RENDE MAIS gastando POUCO DINHEIRO\" width=\"696\" height=\"392\" src=\"https:\/\/www.youtube.com\/embed\/DGk8MALpjIQ?feature=oembed&#038;enablejsapi=1\" frameborder=\"0\" allow=\"accelerometer; autoplay; clipboard-write; encrypted-media; gyroscope; picture-in-picture; web-share\" allowfullscreen><\/iframe><\/div>\n<p>Espero que tenha encontrado o v\u00eddeo informativo e enriquecedor.<\/p>\n<p>Se gostou do conte\u00fado, n\u00e3o deixe de deslizar para baixo e explorar mais dicas e insights valiosos como este.<\/p>\n<p>Estamos sempre aqui para oferecer informa\u00e7\u00f5es \u00fateis e inspiradoras para voc\u00ea!<\/p>\n<figure style=\"width: 1024px\" class=\"wp-caption aligncenter\"><img decoding=\"async\" src=\"https:\/\/www.aarquiteta.com.br\/blog\/wp-content\/uploads\/2024\/01\/transforme-espaco-compacto-imovel-valorizado-kitnet-loft02.jpg\" alt=\"Transforme seu espa\u00e7o compacto em um im\u00f3vel valorizado e rent\u00e1vel, com uma kitnet estilo loft!\" width=\"1024\" height=\"1024\" title=\"\"><figcaption class=\"wp-caption-text\">Transforme seu espa\u00e7o compacto em um im\u00f3vel valorizado e rent\u00e1vel, com uma kitnet estilo loft!<\/figcaption><\/figure>\n","protected":false},"excerpt":{"rendered":"<p>Transforme seu espa\u00e7o compacto em um im\u00f3vel valorizado e rent\u00e1vel com as orienta\u00e7\u00f5es e indica\u00e7\u00f5es para criar uma kitnet estilo loft. Aprenda as melhores maneiras de maximizar e aproveitar cada cent\u00edmetro do seu espa\u00e7o, tornando-o um ambiente atraente e funcional. Descubra as li\u00e7\u00f5es e ensinamentos de como transformar sua kitnet em um verdadeiro ref\u00fagio moderno e cheio de estilo. Comece a aplicar as sugest\u00f5es e instru\u00e7\u00f5es hoje mesmo e veja como sua kitnet pode se tornar um investimento lucrativo.<\/p>\n","protected":false},"author":102,"featured_media":104396,"comment_status":"closed","ping_status":"closed","sticky":false,"template":"","format":"standard","meta":{"footnotes":""},"categories":[1507,1484],"tags":[],"class_list":["post-104398","post","type-post","status-publish","format-standard","has-post-thumbnail","category-arquitetura","category-decoracao"],"_wp_attached_file":null,"_wp_attachment_metadata":null,"_wp_attachment_context":null,"_wp_attachment_is_custom_header":null,"geo_longitude":null,"geo_public":null,"geo_latitude":null,"_publicize_done_external":null,"_wpas_done_3897181":null,"publicize_twitter_user":null,"_wpas_done_3897175":null,"_wpas_skip_3897181":null,"_wpas_skip_3897175":null,"_wpas_skip_3924723":null,"_wpas_mess":null,"_wpas_done_3924723":null,"wps_subtitle":"","_links":{"self":[{"href":"https:\/\/www.aarquiteta.com.br\/blog\/wp-json\/wp\/v2\/posts\/104398","targetHints":{"allow":["GET"]}}],"collection":[{"href":"https:\/\/www.aarquiteta.com.br\/blog\/wp-json\/wp\/v2\/posts"}],"about":[{"href":"https:\/\/www.aarquiteta.com.br\/blog\/wp-json\/wp\/v2\/types\/post"}],"author":[{"embeddable":true,"href":"https:\/\/www.aarquiteta.com.br\/blog\/wp-json\/wp\/v2\/users\/102"}],"replies":[{"embeddable":true,"href":"https:\/\/www.aarquiteta.com.br\/blog\/wp-json\/wp\/v2\/comments?post=104398"}],"version-history":[{"count":0,"href":"https:\/\/www.aarquiteta.com.br\/blog\/wp-json\/wp\/v2\/posts\/104398\/revisions"}],"wp:featuredmedia":[{"embeddable":true,"href":"https:\/\/www.aarquiteta.com.br\/blog\/wp-json\/wp\/v2\/media\/104396"}],"wp:attachment":[{"href":"https:\/\/www.aarquiteta.com.br\/blog\/wp-json\/wp\/v2\/media?parent=104398"}],"wp:term":[{"taxonomy":"category","embeddable":true,"href":"https:\/\/www.aarquiteta.com.br\/blog\/wp-json\/wp\/v2\/categories?post=104398"},{"taxonomy":"post_tag","embeddable":true,"href":"https:\/\/www.aarquiteta.com.br\/blog\/wp-json\/wp\/v2\/tags?post=104398"}],"curies":[{"name":"wp","href":"https:\/\/api.w.org\/{rel}","templated":true}]}}