{"id":104341,"date":"2024-01-07T19:12:49","date_gmt":"2024-01-07T22:12:49","guid":{"rendered":"http:\/\/aarquiteta.com.br\/brilhante-transformou-parede-sala-dinamica-inovadora\/"},"modified":"2024-01-07T19:12:49","modified_gmt":"2024-01-07T22:12:49","slug":"brilhante-transformou-parede-sala-dinamica-inovadora","status":"publish","type":"post","link":"https:\/\/www.aarquiteta.com.br\/blog\/brilhante-transformou-parede-sala-dinamica-inovadora\/","title":{"rendered":"&#8220;Veja como uma pessoa brilhante transformou a parede da sala de jantar em minutos. Todos duvidaram dessa t\u00e9cnica inovadora!&#8221;"},"content":{"rendered":"<p>Ol\u00e1, pessoal! Sabe aquela parede da sala de jantar que t\u00e1 mais sem gra\u00e7a que festa de anivers\u00e1rio sem bolo? Pois \u00e9, eu tamb\u00e9m estava nessa at\u00e9 que decidi dar uma repaginada no visual da minha casa. E n\u00e3o \u00e9 que descobri um mundo de possibilidades? Hoje, eu vim aqui compartilhar com voc\u00eas <b>7 ideias incr\u00edveis<\/b> para transformar a parede da sala de jantar em um verdadeiro espet\u00e1culo visual. E olha, tem para todos os gostos e estilos, viu?<\/p>\n<p>Desde uma simples pintura at\u00e9 um jardim vertical que parece ter sa\u00eddo diretamente de um conto de fadas, as op\u00e7\u00f5es s\u00e3o tantas que at\u00e9 me perdi no meio de tanta criatividade. E n\u00e3o pense que \u00e9 s\u00f3 jogar uma corzinha aqui e um quadro ali n\u00e3o, temos estrat\u00e9gias que v\u00e3o fazer sua parede brilhar mais que protagonista de novela das oito. Ent\u00e3o, se voc\u00ea est\u00e1 a\u00ed co\u00e7ando a cabe\u00e7a, sem saber o que fazer com aquela parede que t\u00e1 mais pelada que joelho de mendigo, vem comigo que eu te mostro o caminho das pedras.<\/p>\n<figure style=\"width: 1024px\" class=\"wp-caption aligncenter\"><img decoding=\"async\" src=\"https:\/\/www.aarquiteta.com.br\/blog\/wp-content\/uploads\/2024\/01\/brilhante-transformou-parede-sala-dinamica-inovadora01.jpg\" alt=\"\" width=\"1024\" height=\"1024\" Veja como uma pessoa brilhante transformou parede da sala de jantar em Todos duvidaram dessa  title=\"\"><figcaption class=\"wp-caption-text\">&#8220;Veja como uma pessoa brilhante transformou a parede da sala de jantar em minutos. Todos duvidaram dessa t\u00e9cnica inovadora!&#8221;<\/figcaption><\/figure>\n<p>Prepare-se para uma verdadeira <b>transforma\u00e7\u00e3o<\/b> no seu espa\u00e7o. Vou te levar em uma jornada que vai desde o uso de cores e texturas at\u00e9 a magia dos espelhos que ampliam at\u00e9 a alma. E n\u00e3o se acanhe, porque no final deste artigo tem um v\u00eddeo que vai te dar aquele empurr\u00e3ozinho que faltava para voc\u00ea finalmente tomar coragem e dar um tapa naquele visual que t\u00e1 mais defasado que tecnologia de fita cassete. Vem comigo que \u00e9 sucesso na certa!<\/p>\n<h3><b>N\u00e3o perca mais tempo e assista agora como tudo isso \u00e9 feito no v\u00eddeo abaixo!<\/b><\/h3>\n<p>Caso seja necess\u00e1rio, ative as legendas em Portugu\u00eas Brasil, nas configura\u00e7\u00f5es do v\u00eddeo e aproveite!<\/p>\n<div class=\"youtube-embed\" data-video_id=\"1yY1Nw6dQgE\"><iframe title=\"7 Ideias para a Parede da SALA DE JANTAR\" width=\"696\" height=\"392\" src=\"https:\/\/www.youtube.com\/embed\/1yY1Nw6dQgE?feature=oembed&#038;enablejsapi=1\" frameborder=\"0\" allow=\"accelerometer; autoplay; clipboard-write; encrypted-media; gyroscope; picture-in-picture; web-share\" allowfullscreen><\/iframe><\/div>\n<p>Espero que tenha encontrado o v\u00eddeo informativo e enriquecedor. <\/p>\n<p>Se gostou do conte\u00fado, n\u00e3o deixe de deslizar para baixo e explorar mais dicas e insights valiosos como este. <\/p>\n<p>Estamos sempre aqui para oferecer informa\u00e7\u00f5es \u00fateis e inspiradoras para voc\u00ea!<\/p>\n<figure style=\"width: 1024px\" class=\"wp-caption aligncenter\"><img decoding=\"async\" src=\"https:\/\/www.aarquiteta.com.br\/blog\/wp-content\/uploads\/2024\/01\/brilhante-transformou-parede-sala-dinamica-inovadora02.jpg\" alt=\"\" width=\"1024\" height=\"1024\" Veja como uma pessoa brilhante transformou parede da sala de jantar em Todos duvidaram dessa  title=\"\"><figcaption class=\"wp-caption-text\">&#8220;Veja como uma pessoa brilhante transformou a parede da sala de jantar em minutos. Todos duvidaram dessa t\u00e9cnica inovadora!&#8221;<\/figcaption><\/figure>\n","protected":false},"excerpt":{"rendered":"<p>Descubra as instru\u00e7\u00f5es secretas de um indiv\u00edduo brilhante para transformar rapidamente a parede da sala de jantar. Todos duvidaram dessa t\u00e9cnica inovadora!<\/p>\n","protected":false},"author":102,"featured_media":104339,"comment_status":"closed","ping_status":"closed","sticky":false,"template":"","format":"standard","meta":{"footnotes":""},"categories":[1507,1484],"tags":[],"class_list":["post-104341","post","type-post","status-publish","format-standard","has-post-thumbnail","category-arquitetura","category-decoracao"],"_wp_attached_file":null,"_wp_attachment_metadata":null,"_wp_attachment_context":null,"_wp_attachment_is_custom_header":null,"geo_longitude":null,"geo_public":null,"geo_latitude":null,"_publicize_done_external":null,"_wpas_done_3897181":null,"publicize_twitter_user":null,"_wpas_done_3897175":null,"_wpas_skip_3897181":null,"_wpas_skip_3897175":null,"_wpas_skip_3924723":null,"_wpas_mess":null,"_wpas_done_3924723":null,"wps_subtitle":"","_links":{"self":[{"href":"https:\/\/www.aarquiteta.com.br\/blog\/wp-json\/wp\/v2\/posts\/104341","targetHints":{"allow":["GET"]}}],"collection":[{"href":"https:\/\/www.aarquiteta.com.br\/blog\/wp-json\/wp\/v2\/posts"}],"about":[{"href":"https:\/\/www.aarquiteta.com.br\/blog\/wp-json\/wp\/v2\/types\/post"}],"author":[{"embeddable":true,"href":"https:\/\/www.aarquiteta.com.br\/blog\/wp-json\/wp\/v2\/users\/102"}],"replies":[{"embeddable":true,"href":"https:\/\/www.aarquiteta.com.br\/blog\/wp-json\/wp\/v2\/comments?post=104341"}],"version-history":[{"count":0,"href":"https:\/\/www.aarquiteta.com.br\/blog\/wp-json\/wp\/v2\/posts\/104341\/revisions"}],"wp:featuredmedia":[{"embeddable":true,"href":"https:\/\/www.aarquiteta.com.br\/blog\/wp-json\/wp\/v2\/media\/104339"}],"wp:attachment":[{"href":"https:\/\/www.aarquiteta.com.br\/blog\/wp-json\/wp\/v2\/media?parent=104341"}],"wp:term":[{"taxonomy":"category","embeddable":true,"href":"https:\/\/www.aarquiteta.com.br\/blog\/wp-json\/wp\/v2\/categories?post=104341"},{"taxonomy":"post_tag","embeddable":true,"href":"https:\/\/www.aarquiteta.com.br\/blog\/wp-json\/wp\/v2\/tags?post=104341"}],"curies":[{"name":"wp","href":"https:\/\/api.w.org\/{rel}","templated":true}]}}