{"id":104208,"date":"2024-01-06T09:42:47","date_gmt":"2024-01-06T12:42:47","guid":{"rendered":"http:\/\/aarquiteta.com.br\/?p=104208"},"modified":"2024-06-15T13:14:00","modified_gmt":"2024-06-15T16:14:00","slug":"tendencias-banheiros-2024-refugio-domestico","status":"publish","type":"post","link":"https:\/\/www.aarquiteta.com.br\/blog\/tendencias-banheiros-2024-refugio-domestico\/","title":{"rendered":"Banheiros de 2024: descubra as tend\u00eancias que v\u00e3o transformar o ambiente em um verdadeiro ref\u00fagio dom\u00e9stico."},"content":{"rendered":"<p>Ol\u00e1, pessoal! Hoje eu trouxe um assunto que vai fazer voc\u00ea querer correr para o banheiro \u2013 mas calma, \u00e9 por um bom motivo! Vamos falar sobre as <b>tend\u00eancias de decora\u00e7\u00e3o para banheiros em 2024<\/b>, e acredite, o futuro reserva espa\u00e7os que s\u00e3o verdadeiros ref\u00fagios dom\u00e9sticos. Se voc\u00ea pensa que banheiro \u00e9 s\u00f3 aquele cantinho da casa que a gente usa e pronto, prepare-se para ter sua mente completamente renovada!<\/p>\n<p>Imagine entrar em um banheiro e sentir como se tivesse pisado em uma outra dimens\u00e3o \u2013 uma onde o espa\u00e7o parece se estender infinitamente gra\u00e7as aos <b>revestimentos gigantes<\/b> que vestem pisos e paredes com eleg\u00e2ncia e menos emendas. E n\u00e3o para por a\u00ed! J\u00e1 pensou em tomar um banho com a sensa\u00e7\u00e3o de estar debaixo de uma cachoeira? Pois \u00e9, os chuveiros de teto est\u00e3o chegando com tudo, e o box que se estende at\u00e9 o forro \u00e9 a cereja do bolo para uma experi\u00eancia de banho cinematogr\u00e1fica.<\/p>\n<figure style=\"width: 1024px\" class=\"wp-caption aligncenter\"><img decoding=\"async\" src=\"https:\/\/www.aarquiteta.com.br\/blog\/wp-content\/uploads\/2024\/01\/tendencias-banheiros-2024-refugio-domestico01.jpg\" alt=\"Banheiros de 2024: descubra as tend\u00eancias que v\u00e3o transformar o ambiente em um verdadeiro ref\u00fagio dom\u00e9stico.\" width=\"1024\" height=\"1024\" title=\"\"><figcaption class=\"wp-caption-text\">Banheiros de 2024: descubra as tend\u00eancias que v\u00e3o transformar o ambiente em um verdadeiro ref\u00fagio dom\u00e9stico.<\/figcaption><\/figure>\n<p>Al\u00e9m disso, quem disse que banheiro n\u00e3o pode ser um desfile de moda? Os metais coloridos est\u00e3o roubando a cena e prometem ser os protagonistas da sua decora\u00e7\u00e3o. E para os amantes de um visual mais futurista, as formas geom\u00e9tricas e a paleta de cores vibrantes nos revestimentos v\u00e3o fazer do seu banheiro a nova sensa\u00e7\u00e3o da casa. Curioso para ver como tudo isso se encaixa e transforma o banheiro em um verdadeiro o\u00e1sis particular? Ent\u00e3o n\u00e3o perca o v\u00eddeo completo que est\u00e1 logo ali embaixo, esperando para te surpreender com as <b>imagens das tend\u00eancias de banheiros para 2024<\/b>!<\/p>\n<h3><b>N\u00e3o perca mais tempo e assista agora como tudo isso \u00e9 feito no v\u00eddeo abaixo!<\/b><\/h3>\n<p>Caso seja necess\u00e1rio, ative as legendas em Portugu\u00eas Brasil, nas configura\u00e7\u00f5es do v\u00eddeo e aproveite!<\/p>\n<div class=\"youtube-embed\" data-video_id=\"rYxF8By8OCE\"><iframe title=\"TEND\u00caNCIA DE DECORA\u00c7\u00c3O PARA BANHEIRO | DICAS E TEND\u00caNCIAS DO QUE VAI USAR EM BANHEIROS 2024\" width=\"696\" height=\"392\" src=\"https:\/\/www.youtube.com\/embed\/rYxF8By8OCE?feature=oembed&#038;enablejsapi=1\" frameborder=\"0\" allow=\"accelerometer; autoplay; clipboard-write; encrypted-media; gyroscope; picture-in-picture; web-share\" allowfullscreen><\/iframe><\/div>\n<p>Espero que tenha encontrado o v\u00eddeo informativo e enriquecedor.<\/p>\n<p>Se gostou do conte\u00fado, n\u00e3o deixe de deslizar para baixo e explorar mais dicas e insights valiosos como este.<\/p>\n<p>Estamos sempre aqui para oferecer informa\u00e7\u00f5es \u00fateis e inspiradoras para voc\u00ea!<\/p>\n<figure style=\"width: 1024px\" class=\"wp-caption aligncenter\"><img decoding=\"async\" src=\"https:\/\/www.aarquiteta.com.br\/blog\/wp-content\/uploads\/2024\/01\/tendencias-banheiros-2024-refugio-domestico02.jpg\" alt=\"Banheiros de 2024: descubra as tend\u00eancias que v\u00e3o transformar o ambiente em um verdadeiro ref\u00fagio dom\u00e9stico.\" width=\"1024\" height=\"1024\" title=\"\"><figcaption class=\"wp-caption-text\">Banheiros de 2024: descubra as tend\u00eancias que v\u00e3o transformar o ambiente em um verdadeiro ref\u00fagio dom\u00e9stico.<\/figcaption><\/figure>\n","protected":false},"excerpt":{"rendered":"<p>Descubra as indica\u00e7\u00f5es que v\u00e3o transformar o ambiente do seu banheiro em um verdadeiro ref\u00fagio dom\u00e9stico com as tend\u00eancias de 2024. Aprenda com as li\u00e7\u00f5es e instru\u00e7\u00f5es para criar um espa\u00e7o acolhedor e relaxante.<\/p>\n","protected":false},"author":102,"featured_media":104206,"comment_status":"closed","ping_status":"closed","sticky":false,"template":"","format":"standard","meta":{"footnotes":""},"categories":[1507,1484],"tags":[],"class_list":["post-104208","post","type-post","status-publish","format-standard","has-post-thumbnail","category-arquitetura","category-decoracao"],"_wp_attached_file":null,"_wp_attachment_metadata":null,"_wp_attachment_context":null,"_wp_attachment_is_custom_header":null,"geo_longitude":null,"geo_public":null,"geo_latitude":null,"_publicize_done_external":null,"_wpas_done_3897181":null,"publicize_twitter_user":null,"_wpas_done_3897175":null,"_wpas_skip_3897181":null,"_wpas_skip_3897175":null,"_wpas_skip_3924723":null,"_wpas_mess":null,"_wpas_done_3924723":null,"wps_subtitle":"","_links":{"self":[{"href":"https:\/\/www.aarquiteta.com.br\/blog\/wp-json\/wp\/v2\/posts\/104208","targetHints":{"allow":["GET"]}}],"collection":[{"href":"https:\/\/www.aarquiteta.com.br\/blog\/wp-json\/wp\/v2\/posts"}],"about":[{"href":"https:\/\/www.aarquiteta.com.br\/blog\/wp-json\/wp\/v2\/types\/post"}],"author":[{"embeddable":true,"href":"https:\/\/www.aarquiteta.com.br\/blog\/wp-json\/wp\/v2\/users\/102"}],"replies":[{"embeddable":true,"href":"https:\/\/www.aarquiteta.com.br\/blog\/wp-json\/wp\/v2\/comments?post=104208"}],"version-history":[{"count":0,"href":"https:\/\/www.aarquiteta.com.br\/blog\/wp-json\/wp\/v2\/posts\/104208\/revisions"}],"wp:featuredmedia":[{"embeddable":true,"href":"https:\/\/www.aarquiteta.com.br\/blog\/wp-json\/wp\/v2\/media\/104206"}],"wp:attachment":[{"href":"https:\/\/www.aarquiteta.com.br\/blog\/wp-json\/wp\/v2\/media?parent=104208"}],"wp:term":[{"taxonomy":"category","embeddable":true,"href":"https:\/\/www.aarquiteta.com.br\/blog\/wp-json\/wp\/v2\/categories?post=104208"},{"taxonomy":"post_tag","embeddable":true,"href":"https:\/\/www.aarquiteta.com.br\/blog\/wp-json\/wp\/v2\/tags?post=104208"}],"curies":[{"name":"wp","href":"https:\/\/api.w.org\/{rel}","templated":true}]}}