{"id":104195,"date":"2024-01-22T12:00:36","date_gmt":"2024-01-22T15:00:36","guid":{"rendered":"http:\/\/aarquiteta.com.br\/?p=104195"},"modified":"2024-07-03T14:17:05","modified_gmt":"2024-07-03T17:17:05","slug":"prateleiras-para-cozinha","status":"publish","type":"post","link":"https:\/\/www.aarquiteta.com.br\/blog\/prateleiras-para-cozinha\/","title":{"rendered":"Prateleiras para Cozinha: 5 Dicas para Organizar e Decorar"},"content":{"rendered":"<p>Quem cozinha sabe que um ambiente organizado \u00e9 meio caminho andado para preparar aquele prato especial sem estresse. As prateleiras para cozinha surgem como aliadas nessa miss\u00e3o, oferecendo n\u00e3o s\u00f3 um espa\u00e7o extra para guardar temperos, utens\u00edlios e lou\u00e7as, mas tamb\u00e9m adicionando um toque de estilo ao cora\u00e7\u00e3o da casa. Vamos explorar juntos os benef\u00edcios que elas trazem e como podem transformar a rotina na cozinha.<\/p>\n<ul>\n<li><strong>Aumento do espa\u00e7o de armazenamento:<\/strong> Mais lugar para tudo que voc\u00ea precisa.<\/li>\n<li><strong>Facilidade de acesso aos utens\u00edlios:<\/strong> Tudo \u00e0 m\u00e3o na hora de cozinhar.<\/li>\n<li><strong>Organiza\u00e7\u00e3o e praticidade:<\/strong> Cada coisa em seu lugar, sem complica\u00e7\u00f5es.<\/li>\n<li><strong>Personaliza\u00e7\u00e3o do ambiente:<\/strong> Deixe a cozinha com a sua cara.<\/li>\n<li><strong>Estilo e design:<\/strong> Uma pitada de charme na decora\u00e7\u00e3o.<\/li>\n<li><strong>Versatilidade:<\/strong> Prateleiras se adaptam a qualquer espa\u00e7o.<\/li>\n<li><strong>F\u00e1cil instala\u00e7\u00e3o:<\/strong> Sem quebradeira ou grandes reformas.<\/li>\n<li><strong>Durabilidade:<\/strong> Investimento a longo prazo.<\/li>\n<li><strong>F\u00e1cil limpeza:<\/strong> Manuten\u00e7\u00e3o simples e r\u00e1pida.<\/li>\n<li><strong>Economia de tempo:<\/strong> Menos tempo procurando, mais tempo cozinhando.<\/li>\n<li><strong>Valoriza\u00e7\u00e3o do im\u00f3vel:<\/strong> Uma cozinha bem organizada conta pontos na hora da venda.<\/li>\n<li><strong>Op\u00e7\u00f5es para todos os gostos e necessidades:<\/strong> Do r\u00fastico ao moderno, tem prateleira para todo mundo.<\/li>\n<\/ul>\n<h3>1. Aumento do espa\u00e7o de armazenamento<\/h3>\n<figure style=\"width: 1024px\" class=\"wp-caption aligncenter\"><img decoding=\"async\" src=\"https:\/\/www.aarquiteta.com.br\/blog\/wp-content\/uploads\/2024\/01\/prateleiras-para-cozinha04.jpg\" alt=\"prateleiras para cozinha\" width=\"1024\" height=\"1024\" title=\"\"><figcaption class=\"wp-caption-text\">prateleiras para cozinha<\/figcaption><\/figure>\n<p>Quem nunca se viu em apuros por falta de espa\u00e7o na cozinha que atire a primeira panela! As prateleiras s\u00e3o verdadeiras salvadoras da p\u00e1tria quando o assunto \u00e9 armazenamento. Elas aproveitam as paredes, que muitas vezes s\u00e3o esquecidas, e transformam cada cent\u00edmetro em potencial para guardar seus itens de cozinha.<\/p>\n<h3>2. Facilidade de acesso aos utens\u00edlios<\/h3>\n<p>Sabe aquela sensa\u00e7\u00e3o de ter tudo ao alcance das m\u00e3os? Com as prateleiras, isso \u00e9 poss\u00edvel. Nada de ficar fu\u00e7ando arm\u00e1rios em busca daquela forma de bolo. Tudo fica vis\u00edvel e acess\u00edvel, facilitando o dia a dia e evitando aquela bagun\u00e7a na hora do rush.<\/p>\n<h3>3. Organiza\u00e7\u00e3o e praticidade<\/h3>\n<figure style=\"width: 1024px\" class=\"wp-caption aligncenter\"><img decoding=\"async\" src=\"https:\/\/www.aarquiteta.com.br\/blog\/wp-content\/uploads\/2024\/01\/prateleiras-para-cozinha03.jpg\" alt=\"prateleiras para cozinha\" width=\"1024\" height=\"1024\" title=\"\"><figcaption class=\"wp-caption-text\">prateleiras para cozinha<\/figcaption><\/figure>\n<p>Organizar a cozinha pode ser quase terap\u00eautico, n\u00e3o \u00e9 mesmo? As prateleiras ajudam a manter tudo em ordem, com cada coisa em seu devido lugar. E o melhor: sem complica\u00e7\u00e3o na hora de encontrar o que precisa.<\/p>\n<h3>4. Personaliza\u00e7\u00e3o do ambiente<\/h3>\n<p>A cozinha \u00e9 um reflexo de quem somos. Com as prateleiras, voc\u00ea pode mostrar sua personalidade, escolhendo estilos, cores e disposi\u00e7\u00f5es que falem sobre voc\u00ea e sua fam\u00edlia. \u00c9 a sua chance de deixar a cozinha com a sua assinatura.<\/p>\n<h3>5. Estilo e design<\/h3>\n<p>Al\u00e9m de pr\u00e1ticas, as prateleiras s\u00e3o pe\u00e7as de design que adicionam um toque especial \u00e0 decora\u00e7\u00e3o. Madeira, metal, vidro&#8230; as op\u00e7\u00f5es s\u00e3o infinitas e podem complementar ou criar um ponto de destaque na sua cozinha.<\/p>\n<h3>6. Versatilidade<\/h3>\n<figure style=\"width: 1024px\" class=\"wp-caption aligncenter\"><img decoding=\"async\" src=\"https:\/\/www.aarquiteta.com.br\/blog\/wp-content\/uploads\/2024\/01\/prateleiras-para-cozinha02.jpg\" alt=\"prateleiras para cozinha\" width=\"1024\" height=\"1024\" title=\"\"><figcaption class=\"wp-caption-text\">prateleiras para cozinha<\/figcaption><\/figure>\n<p>Grande, pequena, estreita ou larga, n\u00e3o importa o tamanho da sua cozinha, sempre h\u00e1 uma prateleira que se encaixa perfeitamente. E se mudar de ideia, \u00e9 s\u00f3 rearranjar ou adicionar novas, sem dor de cabe\u00e7a.<\/p>\n<h3>7. F\u00e1cil instala\u00e7\u00e3o<\/h3>\n<p>Esque\u00e7a a ideia de que vai precisar de uma reforma para ter prateleiras novas. A maioria delas \u00e9 f\u00e1cil de instalar, e voc\u00ea mesmo pode fazer isso em um final de semana, sem sujeira ou estresse.<\/p>\n<h3>8. Durabilidade<\/h3>\n<figure style=\"width: 1024px\" class=\"wp-caption aligncenter\"><img decoding=\"async\" src=\"https:\/\/www.aarquiteta.com.br\/blog\/wp-content\/uploads\/2024\/01\/prateleiras-para-cozinha01.jpg\" alt=\"prateleiras para cozinha\" width=\"1024\" height=\"1024\" title=\"\"><figcaption class=\"wp-caption-text\">prateleiras para cozinha<\/figcaption><\/figure>\n<p>Escolhendo o material certo, suas prateleiras v\u00e3o durar anos a fio. \u00c9 um investimento que vale a pena, resistindo ao uso di\u00e1rio e \u00e0 umidade t\u00edpica de cozinhas.<\/p>\n<h3>9. F\u00e1cil limpeza<\/h3>\n<p>Limpar prateleiras \u00e9 simples: um pano \u00famido e, dependendo do material, um produto de limpeza espec\u00edfico. Nada de horas esfregando ou produtos complicados. Praticidade pura!<\/p>\n<h3>10. Economia de tempo<\/h3>\n<p>Com tudo organizado e ao alcance dos olhos, voc\u00ea economiza tempo precioso que seria gasto procurando utens\u00edlios e ingredientes. Mais tempo para o que realmente importa: cozinhar e curtir a comida!<\/p>\n<h3>11. Valoriza\u00e7\u00e3o do im\u00f3vel<\/h3>\n<p>Uma cozinha bem equipada e organizada \u00e9 um ponto alto na hora de vender ou alugar um im\u00f3vel. Prateleiras bem pensadas podem ser o detalhe que faz toda a diferen\u00e7a na percep\u00e7\u00e3o de valor da sua casa.<\/p>\n<h3>12. Op\u00e7\u00f5es para todos os gostos e necessidades<\/h3>\n<p>N\u00e3o importa se voc\u00ea \u00e9 do tipo que adora um estilo minimalista ou se prefere um visual mais r\u00fastico, h\u00e1 prateleiras para todos os gostos. E o melhor: para todas as necessidades, seja para guardar uma cole\u00e7\u00e3o de temperos ou para suportar panelas pesadas.<\/p>\n<h3>Perguntas Frequentes:<\/h3>\n<ol>\n<li><strong>Quais materiais s\u00e3o mais indicados para prateleiras de cozinha?<\/strong>Depende do seu estilo e necessidade. Madeira \u00e9 aconchegante, metal \u00e9 moderno e resistente, e vidro traz leveza. Pense tamb\u00e9m na resist\u00eancia \u00e0 umidade e no peso que v\u00e3o suportar.<\/li>\n<li><strong>Como escolher o tamanho ideal das prateleiras para minha cozinha?<\/strong>Me\u00e7a o espa\u00e7o dispon\u00edvel e considere o que vai armazenar. Lembre-se de deixar um espa\u00e7o livre para n\u00e3o atrapalhar a circula\u00e7\u00e3o e a funcionalidade da cozinha.<\/li>\n<li><strong>\u00c9 poss\u00edvel instalar prateleiras em uma cozinha pequena?<\/strong>Claro que sim! Prateleiras s\u00e3o \u00f3timas para cozinhas compactas, pois aproveitam o espa\u00e7o vertical. Escolha modelos e disposi\u00e7\u00f5es que otimizem o ambiente sem sobrecarreg\u00e1-lo.<\/li>\n<\/ol>\n<p>Em resumo, as prateleiras para cozinha s\u00e3o verdadeiras hero\u00ednas do dia a dia. Elas trazem aquele &#8220;up&#8221; na organiza\u00e7\u00e3o e ainda d\u00e3o um charme extra ao ambiente. E o melhor de tudo \u00e9 que, com tantas op\u00e7\u00f5es dispon\u00edveis, sempre tem uma que \u00e9 a cara da sua cozinha e do seu bolso. Agora, m\u00e3os \u00e0 obra e bora transformar essa cozinha!<\/p>\n<blockquote><p><em>Curiosidade: Voc\u00ea sabia que a disposi\u00e7\u00e3o das prateleiras pode influenciar at\u00e9 no seu humor enquanto cozinha? Uma cozinha harmoniosa e organizada pode ser a receita secreta para um dia mais feliz!<\/em><\/p><\/blockquote>\n","protected":false},"excerpt":{"rendered":"<p>Explore dicas imperd\u00edveis para uma prateleiras para cozinha deslumbrante. N\u00e3o perca!<\/p>\n","protected":false},"author":102,"featured_media":104192,"comment_status":"closed","ping_status":"closed","sticky":false,"template":"","format":"standard","meta":{"footnotes":""},"categories":[35414,1484,35452],"tags":[],"class_list":["post-104195","post","type-post","status-publish","format-standard","has-post-thumbnail","category-acessorios-para-decoracao","category-decoracao","category-prateleiras-e-nichos"],"_wp_attached_file":null,"_wp_attachment_metadata":null,"_wp_attachment_context":null,"_wp_attachment_is_custom_header":null,"geo_longitude":null,"geo_public":null,"geo_latitude":null,"_publicize_done_external":null,"_wpas_done_3897181":null,"publicize_twitter_user":null,"_wpas_done_3897175":null,"_wpas_skip_3897181":null,"_wpas_skip_3897175":null,"_wpas_skip_3924723":null,"_wpas_mess":null,"_wpas_done_3924723":null,"wps_subtitle":"","_links":{"self":[{"href":"https:\/\/www.aarquiteta.com.br\/blog\/wp-json\/wp\/v2\/posts\/104195","targetHints":{"allow":["GET"]}}],"collection":[{"href":"https:\/\/www.aarquiteta.com.br\/blog\/wp-json\/wp\/v2\/posts"}],"about":[{"href":"https:\/\/www.aarquiteta.com.br\/blog\/wp-json\/wp\/v2\/types\/post"}],"author":[{"embeddable":true,"href":"https:\/\/www.aarquiteta.com.br\/blog\/wp-json\/wp\/v2\/users\/102"}],"replies":[{"embeddable":true,"href":"https:\/\/www.aarquiteta.com.br\/blog\/wp-json\/wp\/v2\/comments?post=104195"}],"version-history":[{"count":0,"href":"https:\/\/www.aarquiteta.com.br\/blog\/wp-json\/wp\/v2\/posts\/104195\/revisions"}],"wp:featuredmedia":[{"embeddable":true,"href":"https:\/\/www.aarquiteta.com.br\/blog\/wp-json\/wp\/v2\/media\/104192"}],"wp:attachment":[{"href":"https:\/\/www.aarquiteta.com.br\/blog\/wp-json\/wp\/v2\/media?parent=104195"}],"wp:term":[{"taxonomy":"category","embeddable":true,"href":"https:\/\/www.aarquiteta.com.br\/blog\/wp-json\/wp\/v2\/categories?post=104195"},{"taxonomy":"post_tag","embeddable":true,"href":"https:\/\/www.aarquiteta.com.br\/blog\/wp-json\/wp\/v2\/tags?post=104195"}],"curies":[{"name":"wp","href":"https:\/\/api.w.org\/{rel}","templated":true}]}}