{"id":104018,"date":"2024-01-04T10:32:00","date_gmt":"2024-01-04T13:32:00","guid":{"rendered":"http:\/\/aarquiteta.com.br\/pessoa-inovadora-transforma-pequena-casa-em-minutos\/"},"modified":"2024-01-04T10:32:00","modified_gmt":"2024-01-04T13:32:00","slug":"pessoa-inovadora-transforma-pequena-casa-em-minutos","status":"publish","type":"post","link":"https:\/\/www.aarquiteta.com.br\/blog\/pessoa-inovadora-transforma-pequena-casa-em-minutos\/","title":{"rendered":"Pessoa inovadora transforma pequena casa de 3&#215;7 metros em minutos. Surpreenda-se com a t\u00e9cnica incr\u00edvel!"},"content":{"rendered":"<p>Imagina s\u00f3, uma casinha de 3&#215;7 metros que \u00e9 um verdadeiro charme de aconchego e praticidade. Pois \u00e9, depois do sucesso da nossa casa de 3&#215;9, resolvi encarar o desafio de criar um lar ainda mais compacto, mas sem perder o conforto. E olha, n\u00e3o \u00e9 que deu certo? Vou te levar num tour por essa mini casa que \u00e9 pequena no tamanho, mas gigante em possibilidades. Preparado para se surpreender com cada cantinho bem aproveitado?<\/p>\n<p><b>De cara, a fachada j\u00e1 mostra que estilo e bom gosto n\u00e3o precisam de muito espa\u00e7o<\/b>. E por dentro, ah, por dentro \u00e9 que a m\u00e1gica acontece! Vou te mostrar que em poucos metros quadrados d\u00e1 pra ter uma sala aconchegante, uma cozinha funcional e at\u00e9 um cantinho para o descanso merecido. E o melhor, sem ilus\u00f5es de \u00f3tica: aqui as medidas s\u00e3o reais e voc\u00ea vai poder imaginar direitinho como seria viver nesse espa\u00e7o.<\/p>\n<figure style=\"width: 1024px\" class=\"wp-caption aligncenter\"><img decoding=\"async\" src=\"https:\/\/www.aarquiteta.com.br\/blog\/wp-content\/uploads\/2024\/01\/pessoa-inovadora-transforma-pequena-casa-em-minutos01.jpg\" alt=\"Pessoa inovadora transforma pequena casa de 3x7 metros em minutos. Surpreenda-se com a t\u00e9cnica incr\u00edvel!\" width=\"1024\" height=\"1024\" title=\"\"><figcaption class=\"wp-caption-text\">Pessoa inovadora transforma pequena casa de 3&#215;7 metros em minutos. Surpreenda-se com a t\u00e9cnica incr\u00edvel!<\/figcaption><\/figure>\n<p>Ent\u00e3o, se voc\u00ea est\u00e1 curioso para descobrir como otimizar cada cent\u00edmetro de uma mini casa, vem comigo que eu te mostro o que fica, o que n\u00e3o fica e como esse pequeno lar pode ser perfeito para alugar por temporada ou at\u00e9 mesmo para chamar de seu. E ah, antes que eu me esque\u00e7a, o nosso querido Bob e o famoso botij\u00e3o de g\u00e1s&#8230; bem, eles deram uma escapadinha dessa vez, mas quem sabe eles n\u00e3o d\u00e3o o ar da gra\u00e7a no pr\u00f3ximo projeto, n\u00e9? Vamos nessa que o v\u00eddeo completo est\u00e1 te esperando no final do artigo!<\/p>\n<h3><b>N\u00e3o perca mais tempo e assista agora como tudo isso \u00e9 feito no v\u00eddeo abaixo!<\/b><\/h3>\n<p>Caso seja necess\u00e1rio, ative as legendas em Portugu\u00eas Brasil, nas configura\u00e7\u00f5es do v\u00eddeo e aproveite!<\/p>\n<div class=\"youtube-embed\" data-video_id=\"WUvchueHJts\"><iframe title=\"Mini casa 3x7 metros - Pequena, mas bem confort\u00e1vel\/casa decorada\" width=\"696\" height=\"392\" src=\"https:\/\/www.youtube.com\/embed\/WUvchueHJts?feature=oembed&#038;enablejsapi=1\" frameborder=\"0\" allow=\"accelerometer; autoplay; clipboard-write; encrypted-media; gyroscope; picture-in-picture; web-share\" allowfullscreen><\/iframe><\/div>\n<p>Espero que tenha encontrado o v\u00eddeo informativo e enriquecedor. <\/p>\n<p>Se gostou do conte\u00fado, n\u00e3o deixe de deslizar para baixo e explorar mais dicas e insights valiosos como este. <\/p>\n<p>Estamos sempre aqui para oferecer informa\u00e7\u00f5es \u00fateis e inspiradoras para voc\u00ea!<\/p>\n<figure style=\"width: 1024px\" class=\"wp-caption aligncenter\"><img decoding=\"async\" src=\"https:\/\/www.aarquiteta.com.br\/blog\/wp-content\/uploads\/2024\/01\/pessoa-inovadora-transforma-pequena-casa-em-minutos02.jpg\" alt=\"Pessoa inovadora transforma pequena casa de 3x7 metros em minutos. Surpreenda-se com a t\u00e9cnica incr\u00edvel!\" width=\"1024\" height=\"1024\" title=\"\"><figcaption class=\"wp-caption-text\">Pessoa inovadora transforma pequena casa de 3&#215;7 metros em minutos. Surpreenda-se com a t\u00e9cnica incr\u00edvel!<\/figcaption><\/figure>\n","protected":false},"excerpt":{"rendered":"<p>Descubra as instru\u00e7\u00f5es surpreendentes para transformar uma pequena casa de 3&#215;7 metros em minutos! Uma pessoa inovadora revela suas incr\u00edveis t\u00e9cnicas de aprendizado. N\u00e3o perca essa oportunidade de se surpreender!<\/p>\n","protected":false},"author":102,"featured_media":104016,"comment_status":"closed","ping_status":"closed","sticky":false,"template":"","format":"standard","meta":{"footnotes":""},"categories":[1507,1484],"tags":[],"class_list":["post-104018","post","type-post","status-publish","format-standard","has-post-thumbnail","category-arquitetura","category-decoracao"],"_wp_attached_file":null,"_wp_attachment_metadata":null,"_wp_attachment_context":null,"_wp_attachment_is_custom_header":null,"geo_longitude":null,"geo_public":null,"geo_latitude":null,"_publicize_done_external":null,"_wpas_done_3897181":null,"publicize_twitter_user":null,"_wpas_done_3897175":null,"_wpas_skip_3897181":null,"_wpas_skip_3897175":null,"_wpas_skip_3924723":null,"_wpas_mess":null,"_wpas_done_3924723":null,"wps_subtitle":"","_links":{"self":[{"href":"https:\/\/www.aarquiteta.com.br\/blog\/wp-json\/wp\/v2\/posts\/104018","targetHints":{"allow":["GET"]}}],"collection":[{"href":"https:\/\/www.aarquiteta.com.br\/blog\/wp-json\/wp\/v2\/posts"}],"about":[{"href":"https:\/\/www.aarquiteta.com.br\/blog\/wp-json\/wp\/v2\/types\/post"}],"author":[{"embeddable":true,"href":"https:\/\/www.aarquiteta.com.br\/blog\/wp-json\/wp\/v2\/users\/102"}],"replies":[{"embeddable":true,"href":"https:\/\/www.aarquiteta.com.br\/blog\/wp-json\/wp\/v2\/comments?post=104018"}],"version-history":[{"count":0,"href":"https:\/\/www.aarquiteta.com.br\/blog\/wp-json\/wp\/v2\/posts\/104018\/revisions"}],"wp:featuredmedia":[{"embeddable":true,"href":"https:\/\/www.aarquiteta.com.br\/blog\/wp-json\/wp\/v2\/media\/104016"}],"wp:attachment":[{"href":"https:\/\/www.aarquiteta.com.br\/blog\/wp-json\/wp\/v2\/media?parent=104018"}],"wp:term":[{"taxonomy":"category","embeddable":true,"href":"https:\/\/www.aarquiteta.com.br\/blog\/wp-json\/wp\/v2\/categories?post=104018"},{"taxonomy":"post_tag","embeddable":true,"href":"https:\/\/www.aarquiteta.com.br\/blog\/wp-json\/wp\/v2\/tags?post=104018"}],"curies":[{"name":"wp","href":"https:\/\/api.w.org\/{rel}","templated":true}]}}