{"id":103971,"date":"2024-01-03T12:17:13","date_gmt":"2024-01-03T15:17:13","guid":{"rendered":"http:\/\/aarquiteta.com.br\/?p=103971"},"modified":"2024-01-03T12:17:13","modified_gmt":"2024-01-03T15:17:13","slug":"kitnet-16-metros-quadrados","status":"publish","type":"post","link":"https:\/\/www.aarquiteta.com.br\/blog\/kitnet-16-metros-quadrados\/","title":{"rendered":"Descubra como transformar uma kitnet de 16 metros quadrados em um lar confort\u00e1vel."},"content":{"rendered":"<p>Ol\u00e1, meus queridos! Hoje eu trouxe uma p\u00e9rola de ideia que vai fazer voc\u00ea repensar tudo sobre moradia compacta. J\u00e1 pensou em uma <b>kitnet 4&#215;4 metros<\/b> que, apesar de pequenininha, tem uma fachada que \u00e9 puro charme e modernidade? Pois \u00e9, essa belezura \u00e9 o nosso assunto de hoje, e eu vou te mostrar como esse projeto pode ser a solu\u00e7\u00e3o dos seus problemas &#8211; ou o in\u00edcio de uma renda extra com alugu\u00e9is. Ficou curioso? Ent\u00e3o se acomode que a viagem pelo mundo das mini casas est\u00e1 s\u00f3 come\u00e7ando!<\/p>\n<p>Quando a gente pensa em kitnet, logo vem \u00e0 mente aquele espa\u00e7o apertadinho, sem gra\u00e7a, n\u00e9? Mas, oh, surpresa! Aqui eu vou te apresentar um projeto que vai te deixar de queixo ca\u00eddo. Com uma <b>fachada que esbanja estilo<\/b>, essa kitnet tem um jeitinho todo especial de aproveitar cada cantinho. E n\u00e3o \u00e9 s\u00f3 beleza n\u00e3o, viu? Tem funcionalidade de sobra! Janelas estrat\u00e9gicas, uma entrada de ar que \u00e9 um suspiro de inova\u00e7\u00e3o e at\u00e9 um cantinho pro seu pet, se voc\u00ea tiver um. E se n\u00e3o tiver, bom, espa\u00e7o para suas ideias n\u00e3o vai faltar!<\/p>\n<figure style=\"width: 1024px\" class=\"wp-caption aligncenter\"><img decoding=\"async\" src=\"https:\/\/www.aarquiteta.com.br\/blog\/wp-content\/uploads\/2024\/01\/kitnet-16-metros-lar-confortavel.01.jpg\" alt=\"Descubra como uma pessoa transformou uma kitnet de 16 metros em um lar confort\u00e1vel.\" width=\"1024\" height=\"1024\" title=\"\"><figcaption class=\"wp-caption-text\">Descubra como uma pessoa transformou uma kitnet de 16 metros em um lar confort\u00e1vel.<\/figcaption><\/figure>\n<p>Por dentro, a coisa fica ainda mais interessante. Vou te levar num tour pela parte interna, mostrando como \u00e9 poss\u00edvel viver ou alugar um espa\u00e7o de <b>16 metros quadrados<\/b> sem abrir m\u00e3o do conforto. Desde a escolha dos m\u00f3veis at\u00e9 a disposi\u00e7\u00e3o de cada elemento, tudo foi pensado para que voc\u00ea se sinta em um lar de verdade, mesmo que compacto. E n\u00e3o se engane, o tamanho \u00e9 pequeno, mas as possibilidades s\u00e3o gigantes. Preparado para descobrir como essa kitnet pode ser o seu pr\u00f3ximo projeto de vida? Ent\u00e3o, cola comigo que no final tem o v\u00eddeo completo com todos os detalhes que voc\u00ea n\u00e3o vai querer perder!<\/p>\n<h3><b>N\u00e3o perca mais tempo e assista agora como tudo isso \u00e9 feito no v\u00eddeo abaixo!<\/b><\/h3>\n<p>Caso seja necess\u00e1rio, ative as legendas em Portugu\u00eas Brasil, nas configura\u00e7\u00f5es do v\u00eddeo e aproveite!<\/p>\n<div class=\"youtube-embed\" data-video_id=\"B4ckkJfyn6Y\"><iframe title=\"Kitnet 4x4 m com uma fachada moderna (Fa\u00e7a v\u00e1rias para alugar)\" width=\"696\" height=\"392\" src=\"https:\/\/www.youtube.com\/embed\/B4ckkJfyn6Y?feature=oembed&#038;enablejsapi=1\" frameborder=\"0\" allow=\"accelerometer; autoplay; clipboard-write; encrypted-media; gyroscope; picture-in-picture; web-share\" allowfullscreen><\/iframe><\/div>\n<p>Espero que tenha encontrado o v\u00eddeo informativo e enriquecedor.<\/p>\n<p>Se gostou do conte\u00fado, n\u00e3o deixe de deslizar para baixo e explorar mais dicas e insights valiosos como este.<\/p>\n<p>Estamos sempre aqui para oferecer informa\u00e7\u00f5es \u00fateis e inspiradoras para voc\u00ea!<\/p>\n<figure style=\"width: 1024px\" class=\"wp-caption aligncenter\"><img decoding=\"async\" src=\"https:\/\/www.aarquiteta.com.br\/blog\/wp-content\/uploads\/2024\/01\/kitnet-16-metros-lar-confortavel.02.jpg\" alt=\"Descubra como uma pessoa transformou uma kitnet de 16 metros em um lar confort\u00e1vel.\" width=\"1024\" height=\"1024\" title=\"\"><figcaption class=\"wp-caption-text\">Descubra como uma pessoa transformou uma kitnet de 16 metros em um lar confort\u00e1vel.<\/figcaption><\/figure>\n","protected":false},"excerpt":{"rendered":"<p>Descubra os caminhos e ensinamentos de algu\u00e9m que transformou um pequeno espa\u00e7o de 16 metros em um lar confort\u00e1vel.<\/p>\n","protected":false},"author":102,"featured_media":103970,"comment_status":"closed","ping_status":"closed","sticky":false,"template":"","format":"standard","meta":{"footnotes":""},"categories":[1507,1484],"tags":[],"class_list":["post-103971","post","type-post","status-publish","format-standard","has-post-thumbnail","category-arquitetura","category-decoracao"],"_wp_attached_file":null,"_wp_attachment_metadata":null,"_wp_attachment_context":null,"_wp_attachment_is_custom_header":null,"geo_longitude":null,"geo_public":null,"geo_latitude":null,"_publicize_done_external":null,"_wpas_done_3897181":null,"publicize_twitter_user":null,"_wpas_done_3897175":null,"_wpas_skip_3897181":null,"_wpas_skip_3897175":null,"_wpas_skip_3924723":null,"_wpas_mess":null,"_wpas_done_3924723":null,"wps_subtitle":"","_links":{"self":[{"href":"https:\/\/www.aarquiteta.com.br\/blog\/wp-json\/wp\/v2\/posts\/103971","targetHints":{"allow":["GET"]}}],"collection":[{"href":"https:\/\/www.aarquiteta.com.br\/blog\/wp-json\/wp\/v2\/posts"}],"about":[{"href":"https:\/\/www.aarquiteta.com.br\/blog\/wp-json\/wp\/v2\/types\/post"}],"author":[{"embeddable":true,"href":"https:\/\/www.aarquiteta.com.br\/blog\/wp-json\/wp\/v2\/users\/102"}],"replies":[{"embeddable":true,"href":"https:\/\/www.aarquiteta.com.br\/blog\/wp-json\/wp\/v2\/comments?post=103971"}],"version-history":[{"count":0,"href":"https:\/\/www.aarquiteta.com.br\/blog\/wp-json\/wp\/v2\/posts\/103971\/revisions"}],"wp:featuredmedia":[{"embeddable":true,"href":"https:\/\/www.aarquiteta.com.br\/blog\/wp-json\/wp\/v2\/media\/103970"}],"wp:attachment":[{"href":"https:\/\/www.aarquiteta.com.br\/blog\/wp-json\/wp\/v2\/media?parent=103971"}],"wp:term":[{"taxonomy":"category","embeddable":true,"href":"https:\/\/www.aarquiteta.com.br\/blog\/wp-json\/wp\/v2\/categories?post=103971"},{"taxonomy":"post_tag","embeddable":true,"href":"https:\/\/www.aarquiteta.com.br\/blog\/wp-json\/wp\/v2\/tags?post=103971"}],"curies":[{"name":"wp","href":"https:\/\/api.w.org\/{rel}","templated":true}]}}