{"id":103961,"date":"2024-01-03T10:02:54","date_gmt":"2024-01-03T13:02:54","guid":{"rendered":"http:\/\/aarquiteta.com.br\/?p=103961"},"modified":"2024-01-03T10:02:54","modified_gmt":"2024-01-03T13:02:54","slug":"decoracao-dia-reis","status":"publish","type":"post","link":"https:\/\/www.aarquiteta.com.br\/blog\/decoracao-dia-reis\/","title":{"rendered":"Pessoa talentosa transforma decora\u00e7\u00e3o de Dia de Reis em um evento digno de realeza em v\u00eddeo."},"content":{"rendered":"<p>Ol\u00e1, pessoal! Hoje eu vou abrir as portas do meu lar e mostrar um pedacinho muito especial: a <b>decora\u00e7\u00e3o da mesa para o Dia de Reis<\/b>. Sabe, depois de passar 17 anos em Andorra, onde essa data \u00e9 um feriado e tanto, eu trouxe para o meu cantinho essa tradi\u00e7\u00e3o repleta de brilho e significado. E se voc\u00ea acha que o Natal j\u00e1 foi embora, segura essa coroa que eu vou te provar que ainda temos ouro para desfrutar!<\/p>\n<p>Na minha mesa, n\u00e3o vai faltar inspira\u00e7\u00e3o para voc\u00ea que quer dar aquele toque majestoso ao seu Dia de Reis. Vou compartilhar o segredo de como combinar <b>toalhas, caminhos de mesa e lou\u00e7as<\/b> para criar um ambiente digno de realeza. E n\u00e3o para por a\u00ed! Os detalhes fazem toda a diferen\u00e7a: desde os talheres douradinhos at\u00e9 as coroinhas que s\u00e3o a cereja do bolo. Ah, e claro, os presentes dos Reis Magos \u2013 ouro, mirra e incenso \u2013 n\u00e3o v\u00e3o ficar de fora dessa festa.<\/p>\n<figure style=\"width: 1024px\" class=\"wp-caption aligncenter\"><img decoding=\"async\" src=\"https:\/\/www.aarquiteta.com.br\/blog\/wp-content\/uploads\/2024\/01\/pessoa-talentosa-transforma-decoracao-dia-reis-video01.jpg\" alt=\"Pessoa talentosa transforma decora\u00e7\u00e3o de Dia de Reis em um evento digno de realeza em v\u00eddeo.\" width=\"1024\" height=\"1024\" title=\"\"><figcaption class=\"wp-caption-text\">Pessoa talentosa transforma decora\u00e7\u00e3o de Dia de Reis em um evento digno de realeza em v\u00eddeo.<\/figcaption><\/figure>\n<p>Ent\u00e3o, se voc\u00ea quer manter o esp\u00edrito natalino aceso e fechar com chave de ouro essa temporada de festas, vem comigo! Vou te mostrar como a <b>tradi\u00e7\u00e3o<\/b> pode se misturar com a modernidade e criar uma atmosfera que vai deixar at\u00e9 os tr\u00eas Reis Magos com vontade de sentar \u00e0 mesa. Preparado para uma viagem at\u00e9 a minha sala de jantar? No v\u00eddeo completo, voc\u00ea vai ver cada detalhe que faz dessa decora\u00e7\u00e3o algo simplesmente imperd\u00edvel. Vem conferir!<\/p>\n<h3><b>N\u00e3o perca mais tempo e assista agora como tudo isso \u00e9 feito no v\u00eddeo abaixo!<\/b><\/h3>\n<p>Caso seja necess\u00e1rio, ative as legendas em Portugu\u00eas Brasil, nas configura\u00e7\u00f5es do v\u00eddeo e aproveite!<\/p>\n<div class=\"youtube-embed\" data-video_id=\"eBCGJf321AE\"><iframe title=\"Decora\u00e7\u00e3o de mesa para dia de Reis \ud83d\udc51\" width=\"696\" height=\"392\" src=\"https:\/\/www.youtube.com\/embed\/eBCGJf321AE?feature=oembed&#038;enablejsapi=1\" frameborder=\"0\" allow=\"accelerometer; autoplay; clipboard-write; encrypted-media; gyroscope; picture-in-picture; web-share\" allowfullscreen><\/iframe><\/div>\n<p>Espero que tenha encontrado o v\u00eddeo informativo e enriquecedor.<\/p>\n<p>Se gostou do conte\u00fado, n\u00e3o deixe de deslizar para baixo e explorar mais dicas e insights valiosos como este.<\/p>\n<p>Estamos sempre aqui para oferecer informa\u00e7\u00f5es \u00fateis e inspiradoras para voc\u00ea!<\/p>\n<figure style=\"width: 1024px\" class=\"wp-caption aligncenter\"><img decoding=\"async\" src=\"https:\/\/www.aarquiteta.com.br\/blog\/wp-content\/uploads\/2024\/01\/pessoa-talentosa-transforma-decoracao-dia-reis-video02.jpg\" alt=\"Pessoa talentosa transforma decora\u00e7\u00e3o de Dia de Reis em um evento digno de realeza em v\u00eddeo.\" width=\"1024\" height=\"1024\" title=\"\"><figcaption class=\"wp-caption-text\">Pessoa talentosa transforma decora\u00e7\u00e3o de Dia de Reis em um evento digno de realeza em v\u00eddeo.<\/figcaption><\/figure>\n","protected":false},"excerpt":{"rendered":"<p>Venha descobrir as incr\u00edveis habilidades dessa pessoa talentosa que transforma a decora\u00e7\u00e3o de Dia de Reis em um evento digno de realeza! Assista ao v\u00eddeo cheio de surpresas e encante-se com suas cria\u00e7\u00f5es magn\u00edficas. Prepare-se para aprender com suas ensinamentos, instru\u00e7\u00f5es e indica\u00e7\u00f5es de como tornar sua celebra\u00e7\u00e3o ainda mais especial. N\u00e3o perca essa oportunidade de conhecer novos caminhos para aperfei\u00e7oar sua decora\u00e7\u00e3o!<\/p>\n","protected":false},"author":102,"featured_media":103959,"comment_status":"closed","ping_status":"closed","sticky":false,"template":"","format":"standard","meta":{"footnotes":""},"categories":[1484],"tags":[],"class_list":["post-103961","post","type-post","status-publish","format-standard","has-post-thumbnail","category-decoracao"],"_wp_attached_file":null,"_wp_attachment_metadata":null,"_wp_attachment_context":null,"_wp_attachment_is_custom_header":null,"geo_longitude":null,"geo_public":null,"geo_latitude":null,"_publicize_done_external":null,"_wpas_done_3897181":null,"publicize_twitter_user":null,"_wpas_done_3897175":null,"_wpas_skip_3897181":null,"_wpas_skip_3897175":null,"_wpas_skip_3924723":null,"_wpas_mess":null,"_wpas_done_3924723":null,"wps_subtitle":"","_links":{"self":[{"href":"https:\/\/www.aarquiteta.com.br\/blog\/wp-json\/wp\/v2\/posts\/103961","targetHints":{"allow":["GET"]}}],"collection":[{"href":"https:\/\/www.aarquiteta.com.br\/blog\/wp-json\/wp\/v2\/posts"}],"about":[{"href":"https:\/\/www.aarquiteta.com.br\/blog\/wp-json\/wp\/v2\/types\/post"}],"author":[{"embeddable":true,"href":"https:\/\/www.aarquiteta.com.br\/blog\/wp-json\/wp\/v2\/users\/102"}],"replies":[{"embeddable":true,"href":"https:\/\/www.aarquiteta.com.br\/blog\/wp-json\/wp\/v2\/comments?post=103961"}],"version-history":[{"count":0,"href":"https:\/\/www.aarquiteta.com.br\/blog\/wp-json\/wp\/v2\/posts\/103961\/revisions"}],"wp:featuredmedia":[{"embeddable":true,"href":"https:\/\/www.aarquiteta.com.br\/blog\/wp-json\/wp\/v2\/media\/103959"}],"wp:attachment":[{"href":"https:\/\/www.aarquiteta.com.br\/blog\/wp-json\/wp\/v2\/media?parent=103961"}],"wp:term":[{"taxonomy":"category","embeddable":true,"href":"https:\/\/www.aarquiteta.com.br\/blog\/wp-json\/wp\/v2\/categories?post=103961"},{"taxonomy":"post_tag","embeddable":true,"href":"https:\/\/www.aarquiteta.com.br\/blog\/wp-json\/wp\/v2\/tags?post=103961"}],"curies":[{"name":"wp","href":"https:\/\/api.w.org\/{rel}","templated":true}]}}