{"id":103952,"date":"2024-01-10T14:04:57","date_gmt":"2024-01-10T17:04:57","guid":{"rendered":"http:\/\/aarquiteta.com.br\/?p=103952"},"modified":"2024-01-10T14:04:57","modified_gmt":"2024-01-10T17:04:57","slug":"plantas-para-varanda","status":"publish","type":"post","link":"https:\/\/www.aarquiteta.com.br\/blog\/plantas-para-varanda\/","title":{"rendered":"Plantas para Varanda: Dicas para Valorizar e Decorar Seu Espa\u00e7o Externo"},"content":{"rendered":"<p><body><\/p>\n<p>Quem n\u00e3o adora um cantinho verde em casa, n\u00e3o \u00e9 mesmo? E quando se trata da varanda, esse espa\u00e7o pode se transformar em um verdadeiro o\u00e1sis particular. Mas, como escolher as melhores plantas para esse ambiente? Vamos mergulhar juntos nessa aventura bot\u00e2nica e descobrir como tornar nossa varanda um pedacinho mais aconchegante e vivo da nossa casa.<\/p>\n<ul>\n<li>Melhora a qualidade do ar<\/li>\n<li>Cria um ambiente mais agrad\u00e1vel<\/li>\n<li>Ajuda a reduzir o estresse<\/li>\n<li>Estimula a criatividade<\/li>\n<li>Aumenta a sensa\u00e7\u00e3o de bem-estar<\/li>\n<li>Proporciona privacidade<\/li>\n<\/ul>\n<h3>Benef\u00edcios de ter plantas na varanda<\/h3>\n<figure style=\"width: 1024px\" class=\"wp-caption aligncenter\"><img decoding=\"async\" src=\"https:\/\/www.aarquiteta.com.br\/blog\/wp-content\/uploads\/2024\/01\/plantas-para-varanda04.jpg\" alt=\"plantas para varanda\" width=\"1024\" height=\"1024\" title=\"\"><figcaption class=\"wp-caption-text\">plantas para varanda<\/figcaption><\/figure>\n<p>Ter plantas na varanda n\u00e3o \u00e9 s\u00f3 uma quest\u00e3o de est\u00e9tica. \u00c9 um investimento na nossa qualidade de vida. Vamos ver por qu\u00ea:<\/p>\n<h3>Melhora a qualidade do ar<\/h3>\n<p>As plantas s\u00e3o verdadeiras artistas na arte de purificar o ar. Elas absorvem os poluentes e nos presenteiam com oxig\u00eanio fresquinho. \u00c9 como ter um purificador natural em casa!<\/p>\n<h3>Cria um ambiente mais agrad\u00e1vel<\/h3>\n<figure style=\"width: 1024px\" class=\"wp-caption aligncenter\"><img decoding=\"async\" src=\"https:\/\/www.aarquiteta.com.br\/blog\/wp-content\/uploads\/2024\/01\/plantas-para-varanda03.jpg\" alt=\"plantas para varanda\" width=\"1024\" height=\"1024\" title=\"\"><figcaption class=\"wp-caption-text\">plantas para varanda<\/figcaption><\/figure>\n<p>Uma varanda cheia de verde \u00e9 um convite para relaxar. O visual das plantas e o som suave das folhas ao vento t\u00eam o poder de transformar qualquer espa\u00e7o.<\/p>\n<h3>Ajuda a reduzir o estresse<\/h3>\n<p>Depois de um dia corrido, nada como um ref\u00fagio verde para nos ajudar a desacelerar. Cuidar das plantas pode ser uma medita\u00e7\u00e3o ativa, sabia?<\/p>\n<h3>Estimula a criatividade<\/h3>\n<p>Est\u00e1 com bloqueio criativo? D\u00ea uma olhada nas suas plantas! A natureza \u00e9 uma fonte inesgot\u00e1vel de inspira\u00e7\u00e3o.<\/p>\n<h3>Aumenta a sensa\u00e7\u00e3o de bem-estar<\/h3>\n<figure style=\"width: 1024px\" class=\"wp-caption aligncenter\"><img decoding=\"async\" src=\"https:\/\/www.aarquiteta.com.br\/blog\/wp-content\/uploads\/2024\/01\/plantas-para-varanda02.jpg\" alt=\"plantas para varanda\" width=\"1024\" height=\"1024\" title=\"\"><figcaption class=\"wp-caption-text\">plantas para varanda<\/figcaption><\/figure>\n<p>Plantas s\u00e3o sin\u00f4nimo de vida. E ter um pedacinho da natureza por perto nos faz sentir mais vivos e conectados com o mundo.<\/p>\n<h3>Proporciona privacidade<\/h3>\n<p>Al\u00e9m de decorar, as plantas podem criar uma barreira natural, dando aquele toque de privacidade que tanto valorizamos.<\/p>\n<h3>Como escolher as plantas ideais para a varanda<\/h3>\n<figure style=\"width: 1024px\" class=\"wp-caption aligncenter\"><img decoding=\"async\" src=\"https:\/\/www.aarquiteta.com.br\/blog\/wp-content\/uploads\/2024\/01\/plantas-para-varanda01.jpg\" alt=\"plantas para varanda\" width=\"1024\" height=\"1024\" title=\"\"><figcaption class=\"wp-caption-text\">plantas para varanda<\/figcaption><\/figure>\n<p>Escolher as plantas certas para a varanda \u00e9 quase como montar um quebra-cabe\u00e7a. Vamos ver o que considerar para encaixar as pe\u00e7as perfeitamente:<\/p>\n<h3>Avalie a quantidade de luz solar<\/h3>\n<p>Antes de mais nada, observe quanto sol sua varanda recebe. Algumas plantas adoram um banho de sol, enquanto outras preferem a sombra. Conhecer a luminosidade do seu espa\u00e7o \u00e9 o primeiro passo.<\/p>\n<h3>Considere o espa\u00e7o dispon\u00edvel<\/h3>\n<p>N\u00e3o adianta querer um jardim bot\u00e2nico em uma varanda pequena, n\u00e9? Escolha plantas que se encaixem no espa\u00e7o que voc\u00ea tem, sem aperto.<\/p>\n<h3>Pense na manuten\u00e7\u00e3o necess\u00e1ria<\/h3>\n<p>Voc\u00ea \u00e9 daqueles que esquecem at\u00e9 de regar os pr\u00f3prios sonhos? Ent\u00e3o opte por plantas que n\u00e3o demandem muitos cuidados. Cactos e suculentas podem ser seus melhores amigos.<\/p>\n<h3>Escolha plantas que se adaptem ao clima<\/h3>\n<p>Seu lar \u00e9 um forno ou um freezer? Algumas plantas s\u00e3o mais resistentes ao calor ou ao frio. Escolha as que v\u00e3o se sentir em casa no clima da sua regi\u00e3o.<\/p>\n<h3>Opte por plantas que sejam seguras para animais de estima\u00e7\u00e3o<\/h3>\n<p>Se voc\u00ea tem pets, \u00e9 essencial escolher plantas que n\u00e3o sejam t\u00f3xicas para eles. Afinal, queremos que todos aproveitem a varanda em harmonia.<\/p>\n<h3>Perguntas Frequentes<\/h3>\n<p style=\"text-align: center;\">[amazon table=&#8221;88350&#8243;]\n<h3>Quais plantas s\u00e3o indicadas para varandas com pouca luz?<\/h3>\n<p>Para varandas mais sombreadas, plantas como a Zamioculca, o L\u00edrio-da-paz e a Espada-de-S\u00e3o-Jorge s\u00e3o \u00f3timas op\u00e7\u00f5es. Elas n\u00e3o s\u00f3 sobrevivem como prosperam com menos sol.<\/p>\n<h3>Como proteger as plantas da varanda em dias de chuva forte?<\/h3>\n<p>Se a previs\u00e3o \u00e9 de tempestade, o ideal \u00e9 abrigar as plantas mais delicadas em um cantinho protegido. Para as que ficam expostas, certifique-se de que os vasos t\u00eam uma boa drenagem para evitar que as ra\u00edzes fiquem encharcadas.<\/p>\n<h3>\u00c9 poss\u00edvel ter uma horta na varanda?<\/h3>\n<p>Com certeza! Ervas como manjeric\u00e3o, hortel\u00e3 e alecrim s\u00e3o perfeitas para varandas ensolaradas. Al\u00e9m de temperar a comida, v\u00e3o temperar a vida com um toque de verde.<\/p>\n<h3>Conclus\u00e3o<\/h3>\n<p>Ter plantas na varanda \u00e9 mais do que um capricho est\u00e9tico; \u00e9 um estilo de vida. Com as dicas certas, qualquer um pode transformar esse espa\u00e7o em um ref\u00fagio particular, cheio de vida e boas energias. E lembre-se: as plantas s\u00e3o como amigos, quanto mais cuidado e aten\u00e7\u00e3o voc\u00ea der, mais elas v\u00e3o florescer e te surpreender.<\/p>\n<h3>Curiosidade<\/h3>\n<p>Voc\u00ea sabia que algumas plantas podem at\u00e9 mesmo ajudar a repelir insetos? A citronela, por exemplo, \u00e9 conhecida por afastar mosquitos. Al\u00e9m de bonita, ela pode ser sua aliada nos dias de ver\u00e3o!<\/p>\n<p><\/body><\/p>\n","protected":false},"excerpt":{"rendered":"<p>Descubra os encantos e segredos de plantas para varanda. Tudo para um jardim perfeito!<\/p>\n","protected":false},"author":102,"featured_media":103949,"comment_status":"closed","ping_status":"closed","sticky":false,"template":"","format":"standard","meta":{"footnotes":""},"categories":[10005,1484,9612],"tags":[35146],"class_list":["post-103952","post","type-post","status-publish","format-standard","has-post-thumbnail","category-casa-e-jardim","category-decoracao","category-jardinagem","tag-cultivo-de-plantas-para-varanda-plantas-para-varanda"],"_wp_attached_file":null,"_wp_attachment_metadata":null,"_wp_attachment_context":null,"_wp_attachment_is_custom_header":null,"geo_longitude":null,"geo_public":null,"geo_latitude":null,"_publicize_done_external":null,"_wpas_done_3897181":null,"publicize_twitter_user":null,"_wpas_done_3897175":null,"_wpas_skip_3897181":null,"_wpas_skip_3897175":null,"_wpas_skip_3924723":null,"_wpas_mess":null,"_wpas_done_3924723":null,"wps_subtitle":"","_links":{"self":[{"href":"https:\/\/www.aarquiteta.com.br\/blog\/wp-json\/wp\/v2\/posts\/103952","targetHints":{"allow":["GET"]}}],"collection":[{"href":"https:\/\/www.aarquiteta.com.br\/blog\/wp-json\/wp\/v2\/posts"}],"about":[{"href":"https:\/\/www.aarquiteta.com.br\/blog\/wp-json\/wp\/v2\/types\/post"}],"author":[{"embeddable":true,"href":"https:\/\/www.aarquiteta.com.br\/blog\/wp-json\/wp\/v2\/users\/102"}],"replies":[{"embeddable":true,"href":"https:\/\/www.aarquiteta.com.br\/blog\/wp-json\/wp\/v2\/comments?post=103952"}],"version-history":[{"count":0,"href":"https:\/\/www.aarquiteta.com.br\/blog\/wp-json\/wp\/v2\/posts\/103952\/revisions"}],"wp:featuredmedia":[{"embeddable":true,"href":"https:\/\/www.aarquiteta.com.br\/blog\/wp-json\/wp\/v2\/media\/103949"}],"wp:attachment":[{"href":"https:\/\/www.aarquiteta.com.br\/blog\/wp-json\/wp\/v2\/media?parent=103952"}],"wp:term":[{"taxonomy":"category","embeddable":true,"href":"https:\/\/www.aarquiteta.com.br\/blog\/wp-json\/wp\/v2\/categories?post=103952"},{"taxonomy":"post_tag","embeddable":true,"href":"https:\/\/www.aarquiteta.com.br\/blog\/wp-json\/wp\/v2\/tags?post=103952"}],"curies":[{"name":"wp","href":"https:\/\/api.w.org\/{rel}","templated":true}]}}