{"id":103939,"date":"2024-01-02T20:45:46","date_gmt":"2024-01-02T23:45:46","guid":{"rendered":"http:\/\/aarquiteta.com.br\/transformei-sala-estar-refugio-aconchegante\/"},"modified":"2024-01-02T20:45:46","modified_gmt":"2024-01-02T23:45:46","slug":"transformei-sala-estar-refugio-aconchegante","status":"publish","type":"post","link":"https:\/\/www.aarquiteta.com.br\/blog\/transformei-sala-estar-refugio-aconchegante\/","title":{"rendered":"Transformei minha sala de estar em um ref\u00fagio aconchegante. Inovadora organiza\u00e7\u00e3o e decora\u00e7\u00e3o encantam. Todos duvidaram dessa t\u00e9cnica incr\u00edvel."},"content":{"rendered":"<p>Quem a\u00ed n\u00e3o sonha com uma sala de estar que seja um verdadeiro abra\u00e7o quando a gente chega em casa? Pois \u00e9, eu decidi abrir as portas do meu cantinho e mostrar como consegui transformar a minha sala num espa\u00e7o que \u00e9 puro aconchego e, claro, com a minha cara estampada em cada detalhe. E olha, n\u00e3o \u00e9 s\u00f3 de beleza que vive uma sala, n\u00e3o! A <b>organiza\u00e7\u00e3o<\/b> tem um papel chave para manter a harmonia do ambiente. Ent\u00e3o, se voc\u00ea t\u00e1 curioso pra saber como eu fiz essa m\u00e1gica acontecer, cola comigo!<\/p>\n<p>Prepare-se para mergulhar num tour pela minha sala de estar, onde cada cantinho tem uma hist\u00f3ria pra contar. Vou te levar numa viagem pelas prateleiras que guardam desde <b>obras de arte<\/b> at\u00e9 lembran\u00e7as de viagens, passando por um painel de madeira que \u00e9 de tirar o f\u00f4lego. E n\u00e3o para por a\u00ed! Vou revelar os segredinhos de como mantenho tudo em ordem, mesmo com a pequena Alice trazendo o universo l\u00fadico dos brinquedos para o espa\u00e7o. Afinal, uma sala de estar precisa ser pr\u00e1tica para o dia a dia, n\u00e9?<\/p>\n<figure style=\"width: 1024px\" class=\"wp-caption aligncenter\"><img decoding=\"async\" src=\"https:\/\/www.aarquiteta.com.br\/blog\/wp-content\/uploads\/2024\/01\/transformei-sala-estar-refugio-aconchegante01.jpg\" alt=\"Transformei minha sala de estar em um ref\u00fagio aconchegante. Inovadora organiza\u00e7\u00e3o e decora\u00e7\u00e3o encantam. Todos duvidaram dessa t\u00e9cnica incr\u00edvel.\" width=\"1024\" height=\"1024\" title=\"\"><figcaption class=\"wp-caption-text\">Transformei minha sala de estar em um ref\u00fagio aconchegante. Inovadora organiza\u00e7\u00e3o e decora\u00e7\u00e3o encantam. Todos duvidaram dessa t\u00e9cnica incr\u00edvel.<\/figcaption><\/figure>\n<p>Agora, se voc\u00ea \u00e9 daqueles que adora uma boa dica de decora\u00e7\u00e3o e organiza\u00e7\u00e3o, esse v\u00eddeo \u00e9 um prato cheio. Vou mostrar como combinar <b>estilos e cores<\/b> de uma maneira que voc\u00ea nunca viu, e ainda por cima, como fazer tudo isso sem precisar de um ba\u00fa de tesouro. Ent\u00e3o, se voc\u00ea quer transformar sua sala num lugar onde cada detalhe conta uma parte da sua hist\u00f3ria, n\u00e3o perde tempo e confere o v\u00eddeo completo que t\u00e1 logo ali embaixo. Vem comigo que \u00e9 sucesso!<\/p>\n<h3><b>N\u00e3o perca mais tempo e assista agora como tudo isso \u00e9 feito no v\u00eddeo abaixo!<\/b><\/h3>\n<p>Caso seja necess\u00e1rio, ative as legendas em Portugu\u00eas Brasil, nas configura\u00e7\u00f5es do v\u00eddeo e aproveite!<\/p>\n<div class=\"youtube-embed\" data-video_id=\"il_WswiLOX0\"><iframe title=\"DECORA\u00c7\u00c3O E ORGANIZA\u00c7\u00c3O DA MINHA SALA DE ESTAR | Organize sem Frescuras!\" width=\"696\" height=\"392\" src=\"https:\/\/www.youtube.com\/embed\/il_WswiLOX0?feature=oembed&#038;enablejsapi=1\" frameborder=\"0\" allow=\"accelerometer; autoplay; clipboard-write; encrypted-media; gyroscope; picture-in-picture; web-share\" allowfullscreen><\/iframe><\/div>\n<p>Espero que tenha encontrado o v\u00eddeo informativo e enriquecedor. <\/p>\n<p>Se gostou do conte\u00fado, n\u00e3o deixe de deslizar para baixo e explorar mais dicas e insights valiosos como este. <\/p>\n<p>Estamos sempre aqui para oferecer informa\u00e7\u00f5es \u00fateis e inspiradoras para voc\u00ea!<\/p>\n<figure style=\"width: 1024px\" class=\"wp-caption aligncenter\"><img decoding=\"async\" src=\"https:\/\/www.aarquiteta.com.br\/blog\/wp-content\/uploads\/2024\/01\/transformei-sala-estar-refugio-aconchegante02.jpg\" alt=\"Transformei minha sala de estar em um ref\u00fagio aconchegante. Inovadora organiza\u00e7\u00e3o e decora\u00e7\u00e3o encantam. Todos duvidaram dessa t\u00e9cnica incr\u00edvel.\" width=\"1024\" height=\"1024\" title=\"\"><figcaption class=\"wp-caption-text\">Transformei minha sala de estar em um ref\u00fagio aconchegante. Inovadora organiza\u00e7\u00e3o e decora\u00e7\u00e3o encantam. Todos duvidaram dessa t\u00e9cnica incr\u00edvel.<\/figcaption><\/figure>\n","protected":false},"excerpt":{"rendered":"<p>Aprenda com as li\u00e7\u00f5es dessa incr\u00edvel t\u00e9cnica de organiza\u00e7\u00e3o e decora\u00e7\u00e3o e transforme sua sala de estar em um verdadeiro ref\u00fagio aconchegante. Surpreenda-se com as instru\u00e7\u00f5es inovadoras e encante todos ao seu redor. Nem todos acreditaram nesses caminhos, mas agora \u00e9 a sua vez de experimentar.<\/p>\n","protected":false},"author":102,"featured_media":103937,"comment_status":"closed","ping_status":"closed","sticky":false,"template":"","format":"standard","meta":{"footnotes":""},"categories":[10005,19112,19106],"tags":[],"class_list":["post-103939","post","type-post","status-publish","format-standard","has-post-thumbnail","category-casa-e-jardim","category-diy","category-organizacao-e-armazenamento"],"_wp_attached_file":null,"_wp_attachment_metadata":null,"_wp_attachment_context":null,"_wp_attachment_is_custom_header":null,"geo_longitude":null,"geo_public":null,"geo_latitude":null,"_publicize_done_external":null,"_wpas_done_3897181":null,"publicize_twitter_user":null,"_wpas_done_3897175":null,"_wpas_skip_3897181":null,"_wpas_skip_3897175":null,"_wpas_skip_3924723":null,"_wpas_mess":null,"_wpas_done_3924723":null,"wps_subtitle":"","_links":{"self":[{"href":"https:\/\/www.aarquiteta.com.br\/blog\/wp-json\/wp\/v2\/posts\/103939","targetHints":{"allow":["GET"]}}],"collection":[{"href":"https:\/\/www.aarquiteta.com.br\/blog\/wp-json\/wp\/v2\/posts"}],"about":[{"href":"https:\/\/www.aarquiteta.com.br\/blog\/wp-json\/wp\/v2\/types\/post"}],"author":[{"embeddable":true,"href":"https:\/\/www.aarquiteta.com.br\/blog\/wp-json\/wp\/v2\/users\/102"}],"replies":[{"embeddable":true,"href":"https:\/\/www.aarquiteta.com.br\/blog\/wp-json\/wp\/v2\/comments?post=103939"}],"version-history":[{"count":0,"href":"https:\/\/www.aarquiteta.com.br\/blog\/wp-json\/wp\/v2\/posts\/103939\/revisions"}],"wp:featuredmedia":[{"embeddable":true,"href":"https:\/\/www.aarquiteta.com.br\/blog\/wp-json\/wp\/v2\/media\/103937"}],"wp:attachment":[{"href":"https:\/\/www.aarquiteta.com.br\/blog\/wp-json\/wp\/v2\/media?parent=103939"}],"wp:term":[{"taxonomy":"category","embeddable":true,"href":"https:\/\/www.aarquiteta.com.br\/blog\/wp-json\/wp\/v2\/categories?post=103939"},{"taxonomy":"post_tag","embeddable":true,"href":"https:\/\/www.aarquiteta.com.br\/blog\/wp-json\/wp\/v2\/tags?post=103939"}],"curies":[{"name":"wp","href":"https:\/\/api.w.org\/{rel}","templated":true}]}}