{"id":103922,"date":"2024-01-02T17:44:55","date_gmt":"2024-01-02T20:44:55","guid":{"rendered":"http:\/\/aarquiteta.com.br\/?p=103922"},"modified":"2024-01-02T17:49:32","modified_gmt":"2024-01-02T20:49:32","slug":"cursos-gratuitos-mostra-como-transformar-inspiracao-em-projetos-incriveis-em-tempo-recorde","status":"publish","type":"post","link":"https:\/\/www.aarquiteta.com.br\/blog\/cursos-gratuitos-mostra-como-transformar-inspiracao-em-projetos-incriveis-em-tempo-recorde\/","title":{"rendered":"Cursos gratu\u00edtos mostra como transformar inspira\u00e7\u00e3o em projetos incr\u00edveis em tempo recorde!"},"content":{"rendered":"<p>Ol\u00e1, pessoal! Hoje eu trouxe um <b>tesouro<\/b> que vale mais do que planta de edif\u00edcio em terreno de esquina: uma sele\u00e7\u00e3o de <strong>cursos e conte\u00fados gratuitos<\/strong> que s\u00e3o um verdadeiro banquete para os <strong>entusiastas, decoradores ou arquitetos de plant\u00e3o<\/strong>. Se voc\u00ea est\u00e1 com a criatividade mais bloqueada que tr\u00e2nsito em dia de chuva, se prepare, porque o que vem por a\u00ed abrir\u00e1 as comportas da inspira\u00e7\u00e3o!<\/p>\n<p>Imagine poder turbinar o seu repert\u00f3rio sem gastar um tost\u00e3o&#8230; Parece sonho, n\u00e9? Mas eu garanto que \u00e9 mais real que a poeira no capacete de obra. Vou te mostrar que \u00e9 poss\u00edvel encontrar <b>material de qualidade<\/b> que vai desde a hist\u00f3ria da arquitetura at\u00e9 as \u00faltimas tend\u00eancias em sustentabilidade, tudo isso sem precisar passar o cart\u00e3o. \u00c9 o tipo de coisa que a gente n\u00e3o deixa passar nem que a maquete caia!<\/p>\n<figure style=\"width: 1024px\" class=\"wp-caption aligncenter\"><img decoding=\"async\" src=\"https:\/\/www.aarquiteta.com.br\/blog\/wp-content\/uploads\/2024\/01\/arquiteto-talentoso-transformar-inspiracao-projetos-incriveis-tempo-recorde01.jpg\" alt=\"\" width=\"1024\" height=\"1024\" title=\"\"><figcaption class=\"wp-caption-text\">&#8220;Arquiteto talentoso mostra como transformar inspira\u00e7\u00e3o em projetos incr\u00edveis em tempo recorde&#8221;<\/figcaption><\/figure>\n<p>E n\u00e3o \u00e9 s\u00f3 papo de elevador panor\u00e2mico n\u00e3o, viu? No v\u00eddeo que t\u00e1 no final deste artigo, voc\u00ea vai ver com seus pr\u00f3prios olhos uma lista que \u00e9 puro concreto armado de t\u00e3o s\u00f3lida. Ent\u00e3o, se voc\u00ea quer dar um up nos seus projetos e ainda economizar para a pr\u00f3xima r\u00e9gua T, <b>corre l\u00e1<\/b> e confere o v\u00eddeo completo. Afinal, conhecimento nunca \u00e9 demais, ainda mais quando \u00e9 de gra\u00e7a e cabe no bolso do jaleco!<\/p>\n<h3><b>N\u00e3o perca mais tempo e assista agora como tudo isso \u00e9 feito no v\u00eddeo abaixo!<\/b><\/h3>\n<p>Caso seja necess\u00e1rio, ative as legendas em Portugu\u00eas Brasil, nas configura\u00e7\u00f5es do v\u00eddeo e aproveite!<\/p>\n<div class=\"youtube-embed\" data-video_id=\"Of2ttRqVzgk\"><iframe title=\"Cursos e conte\u00fados gratuitos para Arquitetos\" width=\"696\" height=\"392\" src=\"https:\/\/www.youtube.com\/embed\/Of2ttRqVzgk?feature=oembed&#038;enablejsapi=1\" frameborder=\"0\" allow=\"accelerometer; autoplay; clipboard-write; encrypted-media; gyroscope; picture-in-picture; web-share\" allowfullscreen><\/iframe><\/div>\n<p><strong>ACESSE: <a href=\"https:\/\/www.aarquiteta.com.br\/conteudos-gratuitos\/\">https:\/\/www.aarquiteta.com.br\/conteudos-gratuitos\/<\/a><\/strong><\/p>\n<p>Espero que tenha encontrado o v\u00eddeo informativo e enriquecedor.<\/p>\n<p>Se gostou do conte\u00fado, n\u00e3o deixe de deslizar para baixo e explorar mais dicas e insights valiosos como este.<\/p>\n<p>Estamos sempre aqui para oferecer informa\u00e7\u00f5es \u00fateis e inspiradoras para voc\u00ea!<\/p>\n<figure style=\"width: 1024px\" class=\"wp-caption aligncenter\"><img decoding=\"async\" src=\"https:\/\/www.aarquiteta.com.br\/blog\/wp-content\/uploads\/2024\/01\/arquiteto-talentoso-transformar-inspiracao-projetos-incriveis-tempo-recorde02.jpg\" alt=\"\" width=\"1024\" height=\"1024\" title=\"\"><figcaption class=\"wp-caption-text\">&#8220;Arquiteto talentoso mostra como transformar inspira\u00e7\u00e3o em projetos incr\u00edveis em tempo recorde&#8221;<\/figcaption><\/figure>\n<p>&nbsp;<\/p>\n","protected":false},"excerpt":{"rendered":"<p>Arquiteto experiente revela suas instru\u00e7\u00f5es para transformar uma simples inspira\u00e7\u00e3o em projetos impressionantes em um tempo surpreendentemente curto.<\/p>\n","protected":false},"author":102,"featured_media":103920,"comment_status":"closed","ping_status":"closed","sticky":false,"template":"","format":"standard","meta":{"footnotes":""},"categories":[1507,1484],"tags":[],"class_list":["post-103922","post","type-post","status-publish","format-standard","has-post-thumbnail","category-arquitetura","category-decoracao"],"_wp_attached_file":null,"_wp_attachment_metadata":null,"_wp_attachment_context":null,"_wp_attachment_is_custom_header":null,"geo_longitude":null,"geo_public":null,"geo_latitude":null,"_publicize_done_external":null,"_wpas_done_3897181":null,"publicize_twitter_user":null,"_wpas_done_3897175":null,"_wpas_skip_3897181":null,"_wpas_skip_3897175":null,"_wpas_skip_3924723":null,"_wpas_mess":null,"_wpas_done_3924723":null,"wps_subtitle":"","_links":{"self":[{"href":"https:\/\/www.aarquiteta.com.br\/blog\/wp-json\/wp\/v2\/posts\/103922","targetHints":{"allow":["GET"]}}],"collection":[{"href":"https:\/\/www.aarquiteta.com.br\/blog\/wp-json\/wp\/v2\/posts"}],"about":[{"href":"https:\/\/www.aarquiteta.com.br\/blog\/wp-json\/wp\/v2\/types\/post"}],"author":[{"embeddable":true,"href":"https:\/\/www.aarquiteta.com.br\/blog\/wp-json\/wp\/v2\/users\/102"}],"replies":[{"embeddable":true,"href":"https:\/\/www.aarquiteta.com.br\/blog\/wp-json\/wp\/v2\/comments?post=103922"}],"version-history":[{"count":0,"href":"https:\/\/www.aarquiteta.com.br\/blog\/wp-json\/wp\/v2\/posts\/103922\/revisions"}],"wp:featuredmedia":[{"embeddable":true,"href":"https:\/\/www.aarquiteta.com.br\/blog\/wp-json\/wp\/v2\/media\/103920"}],"wp:attachment":[{"href":"https:\/\/www.aarquiteta.com.br\/blog\/wp-json\/wp\/v2\/media?parent=103922"}],"wp:term":[{"taxonomy":"category","embeddable":true,"href":"https:\/\/www.aarquiteta.com.br\/blog\/wp-json\/wp\/v2\/categories?post=103922"},{"taxonomy":"post_tag","embeddable":true,"href":"https:\/\/www.aarquiteta.com.br\/blog\/wp-json\/wp\/v2\/tags?post=103922"}],"curies":[{"name":"wp","href":"https:\/\/api.w.org\/{rel}","templated":true}]}}