{"id":103900,"date":"2024-01-02T11:18:35","date_gmt":"2024-01-02T14:18:35","guid":{"rendered":"http:\/\/aarquiteta.com.br\/dicas-decorar-quarto-europa-transformei-realidade\/"},"modified":"2024-01-02T11:18:35","modified_gmt":"2024-01-02T14:18:35","slug":"dicas-decorar-quarto-europa-transformei-realidade","status":"publish","type":"post","link":"https:\/\/www.aarquiteta.com.br\/blog\/dicas-decorar-quarto-europa-transformei-realidade\/","title":{"rendered":"Viajando pela Europa: Dicas incr\u00edveis para decorar o seu quarto em minutos. Muitos duvidaram de mim, mas transformei cada ideia genial em realidade!"},"content":{"rendered":"<p>Quem nunca se pegou sonhando acordado com a decora\u00e7\u00e3o dos quartos de hotel por onde passou, que atire a primeira almofada! Pois \u00e9, eu sou dessas que n\u00e3o perde a chance de absorver cada detalhezinho, cada truque de estilo, e claro, trazer tudo para o meu cantinho. E n\u00e3o \u00e9 que essa viagem foi um prato cheio para a minha curiosidade decorativa? De Paris a Amsterd\u00e3, passando por Copenhague e outros cantinhos charmosos da Europa, cada hotel foi um flash de inspira\u00e7\u00e3o!<\/p>\n<p>Prepare-se para mergulhar comigo nessa jornada de descobertas, onde cada porta aberta revela um universo de possibilidades para transformar o quarto em um ref\u00fagio pessoal. Vou te contar sobre <b>arandelas que dan\u00e7am na parede<\/b>, <b>cabeceiras que contam hist\u00f3rias<\/b> e at\u00e9 <b>banheiros que parecem sa\u00eddos de um conto de fadas<\/b>. E n\u00e3o pense que esqueci dos detalhes pr\u00e1ticos: tem dica para otimizar espa\u00e7o at\u00e9 onde voc\u00ea nem imagina!<\/p>\n<figure style=\"width: 1024px\" class=\"wp-caption aligncenter\"><img decoding=\"async\" src=\"https:\/\/www.aarquiteta.com.br\/blog\/wp-content\/uploads\/2024\/01\/dicas-decorar-quarto-europa-transformei-realidade01.jpg\" alt=\"Viajando pela Europa: Dicas incr\u00edveis para decorar o seu quarto em minutos. Muitos duvidaram de mim, mas transformei cada ideia genial em realidade!\" width=\"1024\" height=\"1024\" title=\"\"><figcaption class=\"wp-caption-text\">Viajando pela Europa: Dicas incr\u00edveis para decorar o seu quarto em minutos. Muitos duvidaram de mim, mas transformei cada ideia genial em realidade!<\/figcaption><\/figure>\n<p>Ent\u00e3o, se voc\u00ea \u00e9 como eu e adora uma boa espiadinha em decora\u00e7\u00f5es alheias para se inspirar, esse v\u00eddeo \u00e9 imperd\u00edvel. Vou te levar para espiar cada cantinho, cada ideia genial que esses hot\u00e9is escondem e que podem ser o toque que faltava no seu pr\u00f3prio quarto. Vem comigo nessa viagem e descubra como levar um pedacinho de cada lugar para a sua casa!<\/p>\n<h3><b>N\u00e3o perca mais tempo e assista agora como tudo isso \u00e9 feito no v\u00eddeo abaixo!<\/b><\/h3>\n<p>Caso seja necess\u00e1rio, ative as legendas em Portugu\u00eas Brasil, nas configura\u00e7\u00f5es do v\u00eddeo e aproveite!<\/p>\n<div class=\"youtube-embed\" data-video_id=\"UdJWPAUI_uM\"><iframe title=\"DICAS INCR\u00cdVEIS PARA RENOVAR A DECORA\u00c7\u00c3O DO QUARTO #DOMAVIAGEM\" width=\"696\" height=\"392\" src=\"https:\/\/www.youtube.com\/embed\/UdJWPAUI_uM?feature=oembed&#038;enablejsapi=1\" frameborder=\"0\" allow=\"accelerometer; autoplay; clipboard-write; encrypted-media; gyroscope; picture-in-picture; web-share\" allowfullscreen><\/iframe><\/div>\n<p>Espero que tenha encontrado o v\u00eddeo informativo e enriquecedor. <\/p>\n<p>Se gostou do conte\u00fado, n\u00e3o deixe de deslizar para baixo e explorar mais dicas e insights valiosos como este. <\/p>\n<p>Estamos sempre aqui para oferecer informa\u00e7\u00f5es \u00fateis e inspiradoras para voc\u00ea!<\/p>\n<figure style=\"width: 1024px\" class=\"wp-caption aligncenter\"><img decoding=\"async\" src=\"https:\/\/www.aarquiteta.com.br\/blog\/wp-content\/uploads\/2024\/01\/dicas-decorar-quarto-europa-transformei-realidade02.jpg\" alt=\"Viajando pela Europa: Dicas incr\u00edveis para decorar o seu quarto em minutos. Muitos duvidaram de mim, mas transformei cada ideia genial em realidade!\" width=\"1024\" height=\"1024\" title=\"\"><figcaption class=\"wp-caption-text\">Viajando pela Europa: Dicas incr\u00edveis para decorar o seu quarto em minutos. Muitos duvidaram de mim, mas transformei cada ideia genial em realidade!<\/figcaption><\/figure>\n","protected":false},"excerpt":{"rendered":"<p>Descubra ensinamentos surpreendentes para decorar o seu quarto em minutos durante sua viagem pela Europa. Muitos duvidaram de mim, mas transformei cada ideia genial em realidade! Aprenda as instru\u00e7\u00f5es, sugest\u00f5es e caminhos para criar um ambiente de tirar o f\u00f4lego sem precisar de muito tempo.<\/p>\n","protected":false},"author":102,"featured_media":103898,"comment_status":"closed","ping_status":"closed","sticky":false,"template":"","format":"standard","meta":{"footnotes":""},"categories":[1507,1484],"tags":[],"class_list":["post-103900","post","type-post","status-publish","format-standard","has-post-thumbnail","category-arquitetura","category-decoracao"],"_wp_attached_file":null,"_wp_attachment_metadata":null,"_wp_attachment_context":null,"_wp_attachment_is_custom_header":null,"geo_longitude":null,"geo_public":null,"geo_latitude":null,"_publicize_done_external":null,"_wpas_done_3897181":null,"publicize_twitter_user":null,"_wpas_done_3897175":null,"_wpas_skip_3897181":null,"_wpas_skip_3897175":null,"_wpas_skip_3924723":null,"_wpas_mess":null,"_wpas_done_3924723":null,"wps_subtitle":"","_links":{"self":[{"href":"https:\/\/www.aarquiteta.com.br\/blog\/wp-json\/wp\/v2\/posts\/103900","targetHints":{"allow":["GET"]}}],"collection":[{"href":"https:\/\/www.aarquiteta.com.br\/blog\/wp-json\/wp\/v2\/posts"}],"about":[{"href":"https:\/\/www.aarquiteta.com.br\/blog\/wp-json\/wp\/v2\/types\/post"}],"author":[{"embeddable":true,"href":"https:\/\/www.aarquiteta.com.br\/blog\/wp-json\/wp\/v2\/users\/102"}],"replies":[{"embeddable":true,"href":"https:\/\/www.aarquiteta.com.br\/blog\/wp-json\/wp\/v2\/comments?post=103900"}],"version-history":[{"count":0,"href":"https:\/\/www.aarquiteta.com.br\/blog\/wp-json\/wp\/v2\/posts\/103900\/revisions"}],"wp:featuredmedia":[{"embeddable":true,"href":"https:\/\/www.aarquiteta.com.br\/blog\/wp-json\/wp\/v2\/media\/103898"}],"wp:attachment":[{"href":"https:\/\/www.aarquiteta.com.br\/blog\/wp-json\/wp\/v2\/media?parent=103900"}],"wp:term":[{"taxonomy":"category","embeddable":true,"href":"https:\/\/www.aarquiteta.com.br\/blog\/wp-json\/wp\/v2\/categories?post=103900"},{"taxonomy":"post_tag","embeddable":true,"href":"https:\/\/www.aarquiteta.com.br\/blog\/wp-json\/wp\/v2\/tags?post=103900"}],"curies":[{"name":"wp","href":"https:\/\/api.w.org\/{rel}","templated":true}]}}