{"id":103749,"date":"2023-12-31T19:58:25","date_gmt":"2023-12-31T22:58:25","guid":{"rendered":"http:\/\/aarquiteta.com.br\/arquiteto-visionario-transforma-oasis-urbano\/"},"modified":"2023-12-31T19:58:25","modified_gmt":"2023-12-31T22:58:25","slug":"arquiteto-visionario-transforma-oasis-urbano","status":"publish","type":"post","link":"https:\/\/www.aarquiteta.com.br\/blog\/arquiteto-visionario-transforma-oasis-urbano\/","title":{"rendered":"Arquiteto vision\u00e1rio transforma casa em o\u00e1sis urbano com segredos incr\u00edveis."},"content":{"rendered":"<p>Imagine um lar onde o tempo parece dan\u00e7ar ao ritmo das sombras e a luz brinca de esconde-esconde com as folhas. Pois \u00e9, meus caros, hoje eu vou levar voc\u00eas numa <b>viagem sensorial<\/b> pela Cloister House I, uma resid\u00eancia que n\u00e3o \u00e9 s\u00f3 um espa\u00e7o, mas uma verdadeira experi\u00eancia de vida. Com um p\u00e1tio secreto que \u00e9 um o\u00e1sis de tranquilidade, essa casa \u00e9 um abra\u00e7o de concreto e luz, um lugar onde cada canto tem uma hist\u00f3ria para contar.<\/p>\n<p>Andrea Quagliola, junto com seus parceiros de cria\u00e7\u00e3o, nos conduz por um caminho onde a arquitetura e a natureza se entrela\u00e7am em uma <b>dan\u00e7a milenar<\/b>. A Cloister House I, situada no cora\u00e7\u00e3o de Floreat, \u00e9 um ref\u00fagio urbano que desafia o caos da cidade com sua serenidade. A casa \u00e9 um enigma, onde o espa\u00e7o \u00e9 dividido entre o aconchego dos av\u00f3s e o dinamismo dos visitantes, criando um equil\u00edbrio perfeito entre privacidade e conv\u00edvio.<\/p>\n<figure style=\"width: 1024px\" class=\"wp-caption aligncenter\"><img decoding=\"async\" src=\"https:\/\/www.aarquiteta.com.br\/blog\/wp-content\/uploads\/2023\/12\/arquiteto-visionario-transforma-oasis-urbano01.jpg\" alt=\"Arquiteto vision\u00e1rio transforma casa em o\u00e1sis urbano com segredos incr\u00edveis.\" width=\"1024\" height=\"1024\" title=\"\"><figcaption class=\"wp-caption-text\">Arquiteto vision\u00e1rio transforma casa em o\u00e1sis urbano com segredos incr\u00edveis.<\/figcaption><\/figure>\n<p>Prepare-se para ser seduzido pela magia do concreto compactado e da madeira serrada bruta, que juntos tecem uma tape\u00e7aria de texturas e sombras. E n\u00e3o se engane, a sustentabilidade aqui \u00e9 a protagonista, com um design que sussurra ao ouvido do tempo, dizendo que sempre esteve ali. Ent\u00e3o, se voc\u00ea est\u00e1 pronto para deixar a curiosidade tomar conta, d\u00ea o play no v\u00eddeo completo e mergulhe nesse <b>universo arquitet\u00f4nico<\/b> onde cada detalhe \u00e9 um verso na poesia do habitar.<\/p>\n<h3><b>N\u00e3o perca mais tempo e assista agora como tudo isso \u00e9 feito no v\u00eddeo abaixo!<\/b><\/h3>\n<p>Caso seja necess\u00e1rio, ative as legendas em Portugu\u00eas Brasil, nas configura\u00e7\u00f5es do v\u00eddeo e aproveite!<\/p>\n<div class=\"youtube-embed\" data-video_id=\"dImtWUWSkQY\"><iframe title=\"Inside a Family Home Built Around A Secret Garden Courtyard (House Tour)\" width=\"696\" height=\"392\" src=\"https:\/\/www.youtube.com\/embed\/dImtWUWSkQY?feature=oembed&#038;enablejsapi=1\" frameborder=\"0\" allow=\"accelerometer; autoplay; clipboard-write; encrypted-media; gyroscope; picture-in-picture; web-share\" allowfullscreen><\/iframe><\/div>\n<p>Espero que tenha encontrado o v\u00eddeo informativo e enriquecedor. <\/p>\n<p>Se gostou do conte\u00fado, n\u00e3o deixe de deslizar para baixo e explorar mais dicas e insights valiosos como este. <\/p>\n<p>Estamos sempre aqui para oferecer informa\u00e7\u00f5es \u00fateis e inspiradoras para voc\u00ea!<\/p>\n<figure style=\"width: 1024px\" class=\"wp-caption aligncenter\"><img decoding=\"async\" src=\"https:\/\/www.aarquiteta.com.br\/blog\/wp-content\/uploads\/2023\/12\/arquiteto-visionario-transforma-oasis-urbano02.jpg\" alt=\"Arquiteto vision\u00e1rio transforma casa em o\u00e1sis urbano com segredos incr\u00edveis.\" width=\"1024\" height=\"1024\" title=\"\"><figcaption class=\"wp-caption-text\">Arquiteto vision\u00e1rio transforma casa em o\u00e1sis urbano com segredos incr\u00edveis.<\/figcaption><\/figure>\n","protected":false},"excerpt":{"rendered":"<p>Conhe\u00e7a os caminhos surpreendentes desse arquiteto vision\u00e1rio, que transformou uma simples casa em um o\u00e1sis urbano cheio de segredos incr\u00edveis. Aprenda com suas li\u00e7\u00f5es e indica\u00e7\u00f5es sobre como criar espa\u00e7os \u00fanicos e inspiradores.<\/p>\n","protected":false},"author":102,"featured_media":103747,"comment_status":"closed","ping_status":"closed","sticky":false,"template":"","format":"standard","meta":{"footnotes":""},"categories":[1507,1484],"tags":[],"class_list":["post-103749","post","type-post","status-publish","format-standard","has-post-thumbnail","category-arquitetura","category-decoracao"],"_wp_attached_file":null,"_wp_attachment_metadata":null,"_wp_attachment_context":null,"_wp_attachment_is_custom_header":null,"geo_longitude":null,"geo_public":null,"geo_latitude":null,"_publicize_done_external":null,"_wpas_done_3897181":null,"publicize_twitter_user":null,"_wpas_done_3897175":null,"_wpas_skip_3897181":null,"_wpas_skip_3897175":null,"_wpas_skip_3924723":null,"_wpas_mess":null,"_wpas_done_3924723":null,"wps_subtitle":"","_links":{"self":[{"href":"https:\/\/www.aarquiteta.com.br\/blog\/wp-json\/wp\/v2\/posts\/103749","targetHints":{"allow":["GET"]}}],"collection":[{"href":"https:\/\/www.aarquiteta.com.br\/blog\/wp-json\/wp\/v2\/posts"}],"about":[{"href":"https:\/\/www.aarquiteta.com.br\/blog\/wp-json\/wp\/v2\/types\/post"}],"author":[{"embeddable":true,"href":"https:\/\/www.aarquiteta.com.br\/blog\/wp-json\/wp\/v2\/users\/102"}],"replies":[{"embeddable":true,"href":"https:\/\/www.aarquiteta.com.br\/blog\/wp-json\/wp\/v2\/comments?post=103749"}],"version-history":[{"count":0,"href":"https:\/\/www.aarquiteta.com.br\/blog\/wp-json\/wp\/v2\/posts\/103749\/revisions"}],"wp:featuredmedia":[{"embeddable":true,"href":"https:\/\/www.aarquiteta.com.br\/blog\/wp-json\/wp\/v2\/media\/103747"}],"wp:attachment":[{"href":"https:\/\/www.aarquiteta.com.br\/blog\/wp-json\/wp\/v2\/media?parent=103749"}],"wp:term":[{"taxonomy":"category","embeddable":true,"href":"https:\/\/www.aarquiteta.com.br\/blog\/wp-json\/wp\/v2\/categories?post=103749"},{"taxonomy":"post_tag","embeddable":true,"href":"https:\/\/www.aarquiteta.com.br\/blog\/wp-json\/wp\/v2\/tags?post=103749"}],"curies":[{"name":"wp","href":"https:\/\/api.w.org\/{rel}","templated":true}]}}